{"id":14676,"date":"2018-08-25T18:13:59","date_gmt":"2018-08-25T16:13:59","guid":{"rendered":"http:\/\/www.altercampagne.net\/?p=14676"},"modified":"2019-07-24T18:56:21","modified_gmt":"2019-07-24T16:56:21","slug":"echappee-belle-allemande-du-21-au-25-aout-2018-freiburg-kaiserstuhl-taubergiessen","status":"publish","type":"post","link":"https:\/\/www.altercampagne.net\/?p=14676","title":{"rendered":"Echapp\u00e9e belle allemande du 21 au 25 ao\u00fbt 2018 : De Freiburg \u00e0 Taubergiessen"},"content":{"rendered":"\n<p><\/p>\n\n\n\n<p>L\u2019\u00e9chapp\u00e9e belle allemande, c\u2019est 8 cyclistes qui ont quitt\u00e9 le grand groupe AlterTour pour aller voir les alternatives de l\u2019autre c\u00f4t\u00e9 du Rhin. Ils n\u2019ont pas \u00e9t\u00e9 d\u00e9\u00e7us\u00a0! Dutti nous raconte <\/p>\n\n\n\n<h4 class=\"wp-block-heading\">21 ao\u00fbt: UNGERSHEIM &#8211; FREIBURG (66 km)<\/h4>\n\n\n\n<p>Nous laissons partir le grand groupe AlterTour afin de faire connaissance au cours d&rsquo;un cercle de parole : chaque participant se pr\u00e9sente et \u00e9voque ses points forts et faibles ainsi que d&rsquo;\u00e9ventuels besoins sp\u00e9ciaux. <\/p>\n\n\n\n<p> Nous prenons la direction de <strong>Fessenheim<\/strong>, et l&rsquo;approche de la centrale, nous voyons de grandes banderoles protestant contre sa fermeture annonc\u00e9e. Au barrage de Fessenheim, il y a une exposition sur diff\u00e9rentes \u00e9nergies. Un homme nous explique la transformation de l&rsquo;\u00e9nergie hydraulique en \u00e9lectricit\u00e9.<\/p>\n\n\n\n<p>Arriv\u00e9s en Allemagne, nous faisons la premi\u00e8re exp\u00e9rience d&rsquo;un magasin  \u00e0 la ferme, nombreux dans cette r\u00e9gion agricole. Un stand de fruits avant la ferme, puis un espace accueillant sur cour et \u00e0 l&rsquo;int\u00e9rieur, plein de produits all\u00e9chants. La fermi\u00e8re prend notre tract avec int\u00e9r\u00eat et nous donne quelques tomates de vari\u00e9t\u00e9s sp\u00e9ciales en plus. <\/p>\n\n\n\n<p>\n\nNous longeons le joli petit massif du Tuniberg, plant\u00e9 en vignes. La plaine est plut\u00f4t agricole. Nous contournons Freiburg par l&rsquo;Ouest, pour aller au camping Am Silbersee (\u00ab\u00a0Au lac argent\u00e9\u00a0\u00bb), les estomacs et poches pleines de pommes vues et ramass\u00e9es par terre en abondance.\n\n<\/p>\n\n\n\n<h4 class=\"wp-block-heading\">22 ao\u00fbt: FREIBURG (33 km)<\/h4>\n\n\n\n<p>Dans la matin\u00e9e, Astrid Mayer de l&rsquo;institut Freiburg Future Lab nous fait visiter l&rsquo;<strong><a rel=\"noreferrer noopener\" aria-label=\"\u00e9coquartier Vauban (s\u2019ouvre dans un nouvel onglet)\" href=\"http:\/\/www.altercampagne.net\/?p=11261\" target=\"_blank\">\u00e9coquartier Vauban<\/a><\/strong> (6000 habitants). C&rsquo;\u00e9tait une friche militaire, transform\u00e9e par et pour des autopromoteurs en habitat group\u00e9 selon une conception du vivre ensemble de mani\u00e8re apais\u00e9e, conviviale et \u00e9cologique.<\/p>\n\n\n\n<p> Nous sommes attendus par Hartmut, Brigitte et Rainer des<strong> Jardins urbains <\/strong>et par Reinhild de l&rsquo;association de quartier.  Le jardinage se fait sur butte ou bac, car le sol est pollu\u00e9 : autrefois, c&rsquo;\u00e9tait le lieu de lavage des chars et camions.  Les jardiniers am\u00e9liorent la terre avec du compost et nous montrent \u00ab\u00a0l&rsquo;\u00e9levage des lombrics\u00a0\u00bb.  Ils nous ont pr\u00e9par\u00e9 un pique-nique au \u00ab\u00a0Palais des saules\u00a0\u00bb (d\u00f4me form\u00e9 par des branches de saule plant\u00e9es qui ont pouss\u00e9 le long de tiges m\u00e9talliques). Cette douceur et consid\u00e9ration qu&rsquo;ils expriment envers tous &#8211; attitude salutaire dans un monde plut\u00f4t rude!  <\/p>\n\n\n\n<p>Ensuite, nous sommes accueillies au <strong>Green City Hote<\/strong>l par Monsieur Wiebe, h\u00e9mipl\u00e9gique, qui nous expose les principes de l&rsquo;h\u00f4tel: 50% des salari\u00e9s sont porteurs de handicap; production d&rsquo;\u00e9nergie par un toit photovolta\u00efque; verdure (fa\u00e7ade couverte de plantes grimpantes); aliments locaux biologiques (venant d&rsquo;une ferme o\u00f9 travaillent aussi 50% de personnes handicap\u00e9es).<\/p>\n\n\n\n<p>Apr\u00e8s un tour sur le march\u00e9 de producteurs, nous partons pour <strong>Radio Dreyeckland<\/strong>, au centre ville (\u00ab\u00a0radio du pays des trois coins\u00a0\u00bb = Allemagne, France, Suisse). Dans les ann\u00e9es 70, apr\u00e8s les luttes contre les centrales nucl\u00e9aires de Fessenheim (\u00e9chec) et de Wyhl (succ\u00e8s), c&rsquo;\u00e9tait une radio pirate, li\u00e9e \u00e0 des squats.  Nous enregistrons un interview (table ronde) o\u00f9 on nous demande entre autre notre opinion critique sur ce que nous avons vu \u00e0 Vauban.<\/p>\n\n\n\n<h4 class=\"wp-block-heading\">23 ao\u00fbt: FREIBURG &#8211; EICHSTETTEN &#8211; ENDINGEN &#8211; AMOLTERN (33 KM)<\/h4>\n\n\n\n<p>Au petit matin, baignade au Silbersee. Dans la matin\u00e9e, nous p\u00e9dalons jusqu&rsquo;\u00e0 Eichstetten, commune qui a le plus de fermes bio de la r\u00e9gion (et beaucoup de magasins de producteurs). Nous pique-niquons au <strong>Samengarten (\u00ab\u00a0Jardin des semences\u00a0\u00bb)<\/strong>, institut de recherche et de conservation de vari\u00e9t\u00e9s anciennes (fruits, l\u00e9gumes, c\u00e9r\u00e9ales). Nous y apprenons l&rsquo;importance de pr\u00e9server les <em>Streuobstwiesen<\/em> (= \u00ab\u00a0vergers o\u00f9 les fruits se r\u00e9pandent\u00a0\u00bb par terre &#8211; et o\u00f9 on peut se servir en passant).<\/p>\n\n\n\n<p>Puis nous allons au <strong>Caf\u00e9 Mitnander<\/strong> (\u00ab\u00a0Caf\u00e9 ensemble\u00a0\u00bb) o\u00f9 50% des salari\u00e9s sont porteurs de handicap intellectuel. Nous pouvons nous d\u00e9salt\u00e9rer et go\u00fbter aux excellents g\u00e2teaux fabriqu\u00e9s sur place avec des ingr\u00e9dients locaux.<\/p>\n\n\n\n<p>Nous contournons le massif volcanique du Kaiserstuhl (\u00ab\u00a0chaise de l&#8217;empereur\u00a0\u00bb) par l&rsquo;Est. De belles vignes poussent sur les coteaux qui sont les plus chauds et ensoleill\u00e9s d&rsquo;Allemagne.<\/p>\n\n\n\n<p>Le village d&rsquo;<strong>Endingen<\/strong> est tr\u00e8s pittoresque; dommage que le mus\u00e9e du fromage soit ferm\u00e9. Pour aller \u00e0 <strong>Amoltern<\/strong>, notre \u00e9tape, nous rentrons dans le massif; la seule vraie c\u00f4te de notre \u00e9chapp\u00e9e belle.<\/p>\n\n\n\n<p>Depuis le <em>Steinhaldehof<\/em> (\u00ab\u00a0ferme du versant des pierres\u00a0\u00bb), on a une vaste vue sur le village, la plaine du Rhin et les Vosges. Nous nous mettons \u00e0 planter les tentes. Puis arrive Helmut Fischer, le fermier. Il nous apporte \u00e0 boire et un grand plateau de prunes et nous parle de sa ferme, que son p\u00e8re et son grand-p\u00e8re ont d\u00e9j\u00e0 tenu : vignes, fruitiers, soja pour une marque de tofu, un peu de mara\u00eechage (qui demande beaucoup de main d&rsquo;oeuvre). Pourquoi est-il pass\u00e9 au bio? Au d\u00e9but, parce qu&rsquo;il avait des \u00e9ruptions cutan\u00e9es aux mains en m\u00e9langeant les produits chimiques. Ensuite, il remettait en question l&rsquo;alimentation pollu\u00e9e qu&rsquo;il produisait. Et enfin, les prescriptions et normes et la d\u00e9pendance des prix des grossistes l&rsquo;ont agac\u00e9. Ce dernier probl\u00e8me existe aussi en bio; mais en \u00e9coulant une partie de sa production en vente directe (march\u00e9s), il a le contact avec les clients et fixe ses prix.  Helmut nous fait d\u00e9guster ses quatre vins excellents et nous explique la distillation (l&rsquo;alambic est dans la pi\u00e8ce).  <\/p>\n\n\n\n<h4 class=\"wp-block-heading\">24 ao\u00fbt: AMOLTERN &#8211; TAUBERGIESSEN &#8211; NONNENWEIER (50 km)<\/h4>\n\n\n\n<p>Nous passons non loin du village de <strong>Wyhl<\/strong>. Ici, la r\u00e9sistance contre un projet de centrale nucl\u00e9aire, men\u00e9e de 1974 \u00e0 1983, a r\u00e9sult\u00e9 en son abandon. Elle a f\u00e9d\u00e9r\u00e9 vignerons, agriculteurs, citoyens divers, associations, \u00e9glises&#8230; en Allemagne, France et Suisse; en tout, trois centrales nucl\u00e9aires et une usine chimique (plomb) ont pu \u00eatre emp\u00each\u00e9es dans la r\u00e9gion, mais pas la centrale de Fessenheim.<\/p>\n\n\n\n<p><strong>NAI h\u00e4mmer gsait! (\u00ab\u00a0Nous avons dit NON!\u00a0\u00bb)<\/strong> Ni \u00e0 Wyhl ni ailleurs! Plut\u00f4t actifs aujourd&rsquo;hui que radioactifs demain! Etc. Cette lutte a largement contribu\u00e9 \u00e0 une prise de conscience \u00e9cologique g\u00e9n\u00e9rale. Des associations de protection de la nature sont devenues associations de protection de l&rsquo;environnement et de la nature. Des propositions d&rsquo;\u00e9nergies alternatives (solaire etc.) ont \u00e9t\u00e9 d\u00e9velopp\u00e9es; ainsi Freiburg, ville universitaire proche, est devenue la \u00ab\u00a0cit\u00e9 verte\u00a0\u00bb o\u00f9 foisonnent r\u00e9alisations et recherches en la mati\u00e8re.<\/p>\n\n\n\n<p>Au Leopoldskanal (canal construit par le duc Leopold), nous avons rendez-vous avec Gerhard L\u00f6rcher, notre guide local. Avec ses 83 ans, en pleine forme, il arrive sur un vieux v\u00e9lo \u00e0 trois vitesses. Il nous explique l&rsquo;histoire g\u00e9ologique de la plaine du Rhin, large d&rsquo;environ 40 km.  Nous sommes impressionn\u00e9s par les nombreux <em>Gie\u00dfen<\/em> (= grandes r\u00e9surgences d&rsquo;eau du Rhin qui s&rsquo;\u00e9tait infiltr\u00e9e et qui ressort l\u00e0 o\u00f9 le sol est imperm\u00e9able (argileux)). <\/p>\n\n\n\n<p> Afin d&rsquo;avancer vers le Nord, nous voulons rejoindre la digue du Rhin. Mais elle est en r\u00e9paration et certaines  sections sont ferm\u00e9es. Nous nous aventurons sur un petit sentier parall\u00e8le, qui comporte des troncs d&rsquo;arbres tomb\u00e9s en travers; les hommes soul\u00e8vent les v\u00e9los charg\u00e9s un \u00e0 un puis les font passer sur un petit pont provisoire &#8211; moments inoubliables! Une pluie fine tombe. <\/p>\n\n\n\n<p>Vers 18 h, nous arrivons \u00e0 <strong>Nonnenweier<\/strong> o\u00f9 Rudolf Duschka a pr\u00e9par\u00e9 son verger pour nous accueillir. Apr\u00e8s le d\u00eener, nous allons le voir au village et il nous montre son jardin, enti\u00e8rement am\u00e9nag\u00e9 pour accueillir la biodiversit\u00e9, et quelques sculptures en mat\u00e9riaux r\u00e9cup\u00e9r\u00e9s : mini-mares, h\u00f4tels \u00e0 insectes, nichoirs pour oiseaux et chauve-souris, tas de bois, de pierres, aromates, fleurs, m\u00e9morial de la voiture&#8230; Il nous apprend ce dont a besoin telle ou telle gu\u00eape, bourdon, frelon ou abeille sauvage et quelle est l&rsquo;importance de leur pr\u00e9servation. Gerhard et Rudolf sont actifs au <strong>NABU = Naturschutzbund Deutschland <\/strong>(\u00ab\u00a0F\u00e9d\u00e9ration de protection de la nature Allemagne\u00a0\u00bb).<\/p>\n\n\n\n<h4 class=\"wp-block-heading\">25 ao\u00fbt: NONNENWEIER &#8211; KOLBSHEIM (55 km)<\/h4>\n\n\n\n<p>Nous traversons le Rhin au Sud de Kehl et allons jusqu&rsquo;\u00e0 Kolbsheim o\u00f9 des zadistes et autres activistes cherchent \u00e0 emp\u00eacher la construction du Grand Contournement Ouest de Strasbourg (GCO), et rejoignons le festival <a href=\"http:\/\/www.altercampagne.net\/?p=10980\" target=\"_blank\" rel=\"noreferrer noopener\" aria-label=\"Bishnoi. (s\u2019ouvre dans un nouvel onglet)\">Bishnoi.<\/a><\/p>\n\n\n\n<p>Un feed-back entre nous cl\u00f4t notre \u00c9chapp\u00e9e Belle. Nous avons la joie de\nretrouver le grand AlterTour.<\/p>\n\n\n\n<p><strong>Une aventure humaine merveilleuse, avec des imperfections, mais surtout riche et positive! Des accueillants superbes et des participants g\u00e9niaux!<\/strong><\/p>\n\n\n\n<p>Autrice : Dutti<\/p>\n\n\n\n<p><\/p>\n","protected":false},"excerpt":{"rendered":"<p>L\u2019\u00e9chapp\u00e9e belle allemande, c\u2019est 8 cyclistes qui ont quitt\u00e9 le grand groupe AlterTour pour aller voir les alternatives de l\u2019autre c\u00f4t\u00e9 du Rhin. Ils n\u2019ont pas \u00e9t\u00e9 d\u00e9\u00e7us\u00a0! Dutti nous raconte 21 ao\u00fbt: UNGERSHEIM &#8211; FREIBURG (66 km) Nous laissons partir le grand groupe AlterTour afin de faire connaissance au &#8230; <\/p>\n<div><a href=\"https:\/\/www.altercampagne.net\/?p=14676\" class=\"more-link\">Read More<\/a><\/div>\n","protected":false},"author":215,"featured_media":14681,"comment_status":"closed","ping_status":"closed","sticky":false,"template":"","format":"standard","meta":{"footnotes":""},"categories":[3661,3231,3470],"tags":[3549,3569,3817,3818],"class_list":["post-14676","post","type-post","status-publish","format-standard","has-post-thumbnail","hentry","category-allemagne","category-echappee-belle","category-edition-2018","tag-gco-non-merci","tag-echappee-belles-2018","tag-le-quartier-vauban","tag-cafe-mitnander"],"yoast_head":"<!-- This site is optimized with the Yoast SEO plugin v27.3 - https:\/\/yoast.com\/product\/yoast-seo-wordpress\/ -->\n<title>Echapp\u00e9e belle allemande du 21 au 25 ao\u00fbt 2018 : De Freiburg \u00e0 Taubergiessen - AlterTour<\/title>\n<meta name=\"robots\" content=\"index, follow, max-snippet:-1, max-image-preview:large, max-video-preview:-1\" \/>\n<link rel=\"canonical\" href=\"https:\/\/www.altercampagne.net\/?p=14676\" \/>\n<meta property=\"og:locale\" content=\"fr_FR\" \/>\n<meta property=\"og:type\" content=\"article\" \/>\n<meta property=\"og:title\" content=\"Echapp\u00e9e belle allemande du 21 au 25 ao\u00fbt 2018 : De Freiburg \u00e0 Taubergiessen - AlterTour\" \/>\n<meta property=\"og:description\" content=\"L\u2019\u00e9chapp\u00e9e belle allemande, c\u2019est 8 cyclistes qui ont quitt\u00e9 le grand groupe AlterTour pour aller voir les alternatives de l\u2019autre c\u00f4t\u00e9 du Rhin. Ils n\u2019ont pas \u00e9t\u00e9 d\u00e9\u00e7us\u00a0! Dutti nous raconte 21 ao\u00fbt: UNGERSHEIM &#8211; FREIBURG (66 km) Nous laissons partir le grand groupe AlterTour afin de faire connaissance au ... Read More\" \/>\n<meta property=\"og:url\" content=\"https:\/\/www.altercampagne.net\/?p=14676\" \/>\n<meta property=\"og:site_name\" content=\"AlterTour\" \/>\n<meta property=\"article:published_time\" content=\"2018-08-25T16:13:59+00:00\" \/>\n<meta property=\"article:modified_time\" content=\"2019-07-24T16:56:21+00:00\" \/>\n<meta property=\"og:image\" content=\"https:\/\/www.altercampagne.net\/wp-content\/uploads\/2018\/08\/echappee-belle-vosges-2.jpg\" \/>\n\t<meta property=\"og:image:width\" content=\"983\" \/>\n\t<meta property=\"og:image:height\" content=\"523\" \/>\n\t<meta property=\"og:image:type\" content=\"image\/jpeg\" \/>\n<meta name=\"author\" content=\"AlterTour\" \/>\n<meta name=\"twitter:card\" content=\"summary_large_image\" \/>\n<meta name=\"twitter:label1\" content=\"\u00c9crit par\" \/>\n\t<meta name=\"twitter:data1\" content=\"AlterTour\" \/>\n\t<meta name=\"twitter:label2\" content=\"Dur\u00e9e de lecture estim\u00e9e\" \/>\n\t<meta name=\"twitter:data2\" content=\"7 minutes\" \/>\n<script type=\"application\/ld+json\" class=\"yoast-schema-graph\">{\"@context\":\"https:\\\/\\\/schema.org\",\"@graph\":[{\"@type\":\"Article\",\"@id\":\"https:\\\/\\\/www.altercampagne.net\\\/?p=14676#article\",\"isPartOf\":{\"@id\":\"https:\\\/\\\/www.altercampagne.net\\\/?p=14676\"},\"author\":{\"name\":\"AlterTour\",\"@id\":\"https:\\\/\\\/www.altercampagne.net\\\/#\\\/schema\\\/person\\\/e5b68c803196f649c2152249d262d94a\"},\"headline\":\"Echapp\u00e9e belle allemande du 21 au 25 ao\u00fbt 2018 : De Freiburg \u00e0 Taubergiessen\",\"datePublished\":\"2018-08-25T16:13:59+00:00\",\"dateModified\":\"2019-07-24T16:56:21+00:00\",\"mainEntityOfPage\":{\"@id\":\"https:\\\/\\\/www.altercampagne.net\\\/?p=14676\"},\"wordCount\":1455,\"image\":{\"@id\":\"https:\\\/\\\/www.altercampagne.net\\\/?p=14676#primaryimage\"},\"thumbnailUrl\":\"https:\\\/\\\/www.altercampagne.net\\\/wp-content\\\/uploads\\\/2018\\\/08\\\/echappee-belle-vosges-2.jpg\",\"keywords\":[\"GCO non merci\",\"Echapp\u00e9e Belles 2018\",\"Le Quartier Vauban\",\"Caf\u00e9 Mitnander\"],\"articleSection\":[\"Allemagne\",\"Echapp\u00e9e Belle\",\"\u00c9dition 2018\"],\"inLanguage\":\"fr-FR\"},{\"@type\":\"WebPage\",\"@id\":\"https:\\\/\\\/www.altercampagne.net\\\/?p=14676\",\"url\":\"https:\\\/\\\/www.altercampagne.net\\\/?p=14676\",\"name\":\"Echapp\u00e9e belle allemande du 21 au 25 ao\u00fbt 2018 : De Freiburg \u00e0 Taubergiessen - AlterTour\",\"isPartOf\":{\"@id\":\"https:\\\/\\\/www.altercampagne.net\\\/#website\"},\"primaryImageOfPage\":{\"@id\":\"https:\\\/\\\/www.altercampagne.net\\\/?p=14676#primaryimage\"},\"image\":{\"@id\":\"https:\\\/\\\/www.altercampagne.net\\\/?p=14676#primaryimage\"},\"thumbnailUrl\":\"https:\\\/\\\/www.altercampagne.net\\\/wp-content\\\/uploads\\\/2018\\\/08\\\/echappee-belle-vosges-2.jpg\",\"datePublished\":\"2018-08-25T16:13:59+00:00\",\"dateModified\":\"2019-07-24T16:56:21+00:00\",\"author\":{\"@id\":\"https:\\\/\\\/www.altercampagne.net\\\/#\\\/schema\\\/person\\\/e5b68c803196f649c2152249d262d94a\"},\"breadcrumb\":{\"@id\":\"https:\\\/\\\/www.altercampagne.net\\\/?p=14676#breadcrumb\"},\"inLanguage\":\"fr-FR\",\"potentialAction\":[{\"@type\":\"ReadAction\",\"target\":[\"https:\\\/\\\/www.altercampagne.net\\\/?p=14676\"]}]},{\"@type\":\"ImageObject\",\"inLanguage\":\"fr-FR\",\"@id\":\"https:\\\/\\\/www.altercampagne.net\\\/?p=14676#primaryimage\",\"url\":\"https:\\\/\\\/www.altercampagne.net\\\/wp-content\\\/uploads\\\/2018\\\/08\\\/echappee-belle-vosges-2.jpg\",\"contentUrl\":\"https:\\\/\\\/www.altercampagne.net\\\/wp-content\\\/uploads\\\/2018\\\/08\\\/echappee-belle-vosges-2.jpg\",\"width\":983,\"height\":523},{\"@type\":\"BreadcrumbList\",\"@id\":\"https:\\\/\\\/www.altercampagne.net\\\/?p=14676#breadcrumb\",\"itemListElement\":[{\"@type\":\"ListItem\",\"position\":1,\"name\":\"Accueil\",\"item\":\"https:\\\/\\\/www.altercampagne.net\\\/\"},{\"@type\":\"ListItem\",\"position\":2,\"name\":\"Echapp\u00e9e belle allemande du 21 au 25 ao\u00fbt 2018 : De Freiburg \u00e0 Taubergiessen\"}]},{\"@type\":\"WebSite\",\"@id\":\"https:\\\/\\\/www.altercampagne.net\\\/#website\",\"url\":\"https:\\\/\\\/www.altercampagne.net\\\/\",\"name\":\"AlterTour\",\"description\":\"Reliez les Alternatives \u00e0 v\u00e9lo\",\"potentialAction\":[{\"@type\":\"SearchAction\",\"target\":{\"@type\":\"EntryPoint\",\"urlTemplate\":\"https:\\\/\\\/www.altercampagne.net\\\/?s={search_term_string}\"},\"query-input\":{\"@type\":\"PropertyValueSpecification\",\"valueRequired\":true,\"valueName\":\"search_term_string\"}}],\"inLanguage\":\"fr-FR\"},{\"@type\":\"Person\",\"@id\":\"https:\\\/\\\/www.altercampagne.net\\\/#\\\/schema\\\/person\\\/e5b68c803196f649c2152249d262d94a\",\"name\":\"AlterTour\",\"image\":{\"@type\":\"ImageObject\",\"inLanguage\":\"fr-FR\",\"@id\":\"https:\\\/\\\/secure.gravatar.com\\\/avatar\\\/3f2ed77f8506b8ea264ad5938bb0114bfa10f35b64086a66dfbb6e9f58ad9693?s=96&d=mm&r=g\",\"url\":\"https:\\\/\\\/secure.gravatar.com\\\/avatar\\\/3f2ed77f8506b8ea264ad5938bb0114bfa10f35b64086a66dfbb6e9f58ad9693?s=96&d=mm&r=g\",\"contentUrl\":\"https:\\\/\\\/secure.gravatar.com\\\/avatar\\\/3f2ed77f8506b8ea264ad5938bb0114bfa10f35b64086a66dfbb6e9f58ad9693?s=96&d=mm&r=g\",\"caption\":\"AlterTour\"},\"url\":\"https:\\\/\\\/www.altercampagne.net\\\/?author=215\"}]}<\/script>\n<!-- \/ Yoast SEO plugin. -->","yoast_head_json":{"title":"Echapp\u00e9e belle allemande du 21 au 25 ao\u00fbt 2018 : De Freiburg \u00e0 Taubergiessen - AlterTour","robots":{"index":"index","follow":"follow","max-snippet":"max-snippet:-1","max-image-preview":"max-image-preview:large","max-video-preview":"max-video-preview:-1"},"canonical":"https:\/\/www.altercampagne.net\/?p=14676","og_locale":"fr_FR","og_type":"article","og_title":"Echapp\u00e9e belle allemande du 21 au 25 ao\u00fbt 2018 : De Freiburg \u00e0 Taubergiessen - AlterTour","og_description":"L\u2019\u00e9chapp\u00e9e belle allemande, c\u2019est 8 cyclistes qui ont quitt\u00e9 le grand groupe AlterTour pour aller voir les alternatives de l\u2019autre c\u00f4t\u00e9 du Rhin. Ils n\u2019ont pas \u00e9t\u00e9 d\u00e9\u00e7us\u00a0! Dutti nous raconte 21 ao\u00fbt: UNGERSHEIM &#8211; FREIBURG (66 km) Nous laissons partir le grand groupe AlterTour afin de faire connaissance au ... Read More","og_url":"https:\/\/www.altercampagne.net\/?p=14676","og_site_name":"AlterTour","article_published_time":"2018-08-25T16:13:59+00:00","article_modified_time":"2019-07-24T16:56:21+00:00","og_image":[{"width":983,"height":523,"url":"https:\/\/www.altercampagne.net\/wp-content\/uploads\/2018\/08\/echappee-belle-vosges-2.jpg","type":"image\/jpeg"}],"author":"AlterTour","twitter_card":"summary_large_image","twitter_misc":{"\u00c9crit par":"AlterTour","Dur\u00e9e de lecture estim\u00e9e":"7 minutes"},"schema":{"@context":"https:\/\/schema.org","@graph":[{"@type":"Article","@id":"https:\/\/www.altercampagne.net\/?p=14676#article","isPartOf":{"@id":"https:\/\/www.altercampagne.net\/?p=14676"},"author":{"name":"AlterTour","@id":"https:\/\/www.altercampagne.net\/#\/schema\/person\/e5b68c803196f649c2152249d262d94a"},"headline":"Echapp\u00e9e belle allemande du 21 au 25 ao\u00fbt 2018 : De Freiburg \u00e0 Taubergiessen","datePublished":"2018-08-25T16:13:59+00:00","dateModified":"2019-07-24T16:56:21+00:00","mainEntityOfPage":{"@id":"https:\/\/www.altercampagne.net\/?p=14676"},"wordCount":1455,"image":{"@id":"https:\/\/www.altercampagne.net\/?p=14676#primaryimage"},"thumbnailUrl":"https:\/\/www.altercampagne.net\/wp-content\/uploads\/2018\/08\/echappee-belle-vosges-2.jpg","keywords":["GCO non merci","Echapp\u00e9e Belles 2018","Le Quartier Vauban","Caf\u00e9 Mitnander"],"articleSection":["Allemagne","Echapp\u00e9e Belle","\u00c9dition 2018"],"inLanguage":"fr-FR"},{"@type":"WebPage","@id":"https:\/\/www.altercampagne.net\/?p=14676","url":"https:\/\/www.altercampagne.net\/?p=14676","name":"Echapp\u00e9e belle allemande du 21 au 25 ao\u00fbt 2018 : De Freiburg \u00e0 Taubergiessen - AlterTour","isPartOf":{"@id":"https:\/\/www.altercampagne.net\/#website"},"primaryImageOfPage":{"@id":"https:\/\/www.altercampagne.net\/?p=14676#primaryimage"},"image":{"@id":"https:\/\/www.altercampagne.net\/?p=14676#primaryimage"},"thumbnailUrl":"https:\/\/www.altercampagne.net\/wp-content\/uploads\/2018\/08\/echappee-belle-vosges-2.jpg","datePublished":"2018-08-25T16:13:59+00:00","dateModified":"2019-07-24T16:56:21+00:00","author":{"@id":"https:\/\/www.altercampagne.net\/#\/schema\/person\/e5b68c803196f649c2152249d262d94a"},"breadcrumb":{"@id":"https:\/\/www.altercampagne.net\/?p=14676#breadcrumb"},"inLanguage":"fr-FR","potentialAction":[{"@type":"ReadAction","target":["https:\/\/www.altercampagne.net\/?p=14676"]}]},{"@type":"ImageObject","inLanguage":"fr-FR","@id":"https:\/\/www.altercampagne.net\/?p=14676#primaryimage","url":"https:\/\/www.altercampagne.net\/wp-content\/uploads\/2018\/08\/echappee-belle-vosges-2.jpg","contentUrl":"https:\/\/www.altercampagne.net\/wp-content\/uploads\/2018\/08\/echappee-belle-vosges-2.jpg","width":983,"height":523},{"@type":"BreadcrumbList","@id":"https:\/\/www.altercampagne.net\/?p=14676#breadcrumb","itemListElement":[{"@type":"ListItem","position":1,"name":"Accueil","item":"https:\/\/www.altercampagne.net\/"},{"@type":"ListItem","position":2,"name":"Echapp\u00e9e belle allemande du 21 au 25 ao\u00fbt 2018 : De Freiburg \u00e0 Taubergiessen"}]},{"@type":"WebSite","@id":"https:\/\/www.altercampagne.net\/#website","url":"https:\/\/www.altercampagne.net\/","name":"AlterTour","description":"Reliez les Alternatives \u00e0 v\u00e9lo","potentialAction":[{"@type":"SearchAction","target":{"@type":"EntryPoint","urlTemplate":"https:\/\/www.altercampagne.net\/?s={search_term_string}"},"query-input":{"@type":"PropertyValueSpecification","valueRequired":true,"valueName":"search_term_string"}}],"inLanguage":"fr-FR"},{"@type":"Person","@id":"https:\/\/www.altercampagne.net\/#\/schema\/person\/e5b68c803196f649c2152249d262d94a","name":"AlterTour","image":{"@type":"ImageObject","inLanguage":"fr-FR","@id":"https:\/\/secure.gravatar.com\/avatar\/3f2ed77f8506b8ea264ad5938bb0114bfa10f35b64086a66dfbb6e9f58ad9693?s=96&d=mm&r=g","url":"https:\/\/secure.gravatar.com\/avatar\/3f2ed77f8506b8ea264ad5938bb0114bfa10f35b64086a66dfbb6e9f58ad9693?s=96&d=mm&r=g","contentUrl":"https:\/\/secure.gravatar.com\/avatar\/3f2ed77f8506b8ea264ad5938bb0114bfa10f35b64086a66dfbb6e9f58ad9693?s=96&d=mm&r=g","caption":"AlterTour"},"url":"https:\/\/www.altercampagne.net\/?author=215"}]}},"_links":{"self":[{"href":"https:\/\/www.altercampagne.net\/index.php?rest_route=\/wp\/v2\/posts\/14676","targetHints":{"allow":["GET"]}}],"collection":[{"href":"https:\/\/www.altercampagne.net\/index.php?rest_route=\/wp\/v2\/posts"}],"about":[{"href":"https:\/\/www.altercampagne.net\/index.php?rest_route=\/wp\/v2\/types\/post"}],"author":[{"embeddable":true,"href":"https:\/\/www.altercampagne.net\/index.php?rest_route=\/wp\/v2\/users\/215"}],"replies":[{"embeddable":true,"href":"https:\/\/www.altercampagne.net\/index.php?rest_route=%2Fwp%2Fv2%2Fcomments&post=14676"}],"version-history":[{"count":0,"href":"https:\/\/www.altercampagne.net\/index.php?rest_route=\/wp\/v2\/posts\/14676\/revisions"}],"wp:featuredmedia":[{"embeddable":true,"href":"https:\/\/www.altercampagne.net\/index.php?rest_route=\/wp\/v2\/media\/14681"}],"wp:attachment":[{"href":"https:\/\/www.altercampagne.net\/index.php?rest_route=%2Fwp%2Fv2%2Fmedia&parent=14676"}],"wp:term":[{"taxonomy":"category","embeddable":true,"href":"https:\/\/www.altercampagne.net\/index.php?rest_route=%2Fwp%2Fv2%2Fcategories&post=14676"},{"taxonomy":"post_tag","embeddable":true,"href":"https:\/\/www.altercampagne.net\/index.php?rest_route=%2Fwp%2Fv2%2Ftags&post=14676"}],"curies":[{"name":"wp","href":"https:\/\/api.w.org\/{rel}","templated":true}]}}