{"id":14720,"date":"2019-07-22T10:02:42","date_gmt":"2019-07-22T08:02:42","guid":{"rendered":"http:\/\/www.altercampagne.net\/?p=14720"},"modified":"2020-02-19T14:38:05","modified_gmt":"2020-02-19T13:38:05","slug":"laltertour-au-jardin-des-ronces-nantes","status":"publish","type":"post","link":"https:\/\/www.altercampagne.net\/?p=14720","title":{"rendered":"L&rsquo;AlterTour au Jardin des Ronces, Nantes"},"content":{"rendered":"\n<h4 class=\"wp-block-heading\">Au bout d\u2019un passage secret, un jardin<\/h4>\n\n\n\n<p>Apr\u00e8s une belle soir\u00e9e festive, dansante au son du blues d&rsquo;amis de Fabien notre accueillant de la t\u00eate haute, la nuit fut courte.\u00a0Nous d\u00e9collons sous le soleil et rejoignons d\u00e8s que possible la Loire en traversant le beau village en pierres de Oudon. Nous longeons l&rsquo;eau par  une piste cyclable un peu cahotante pour la remorque mais notre fille de 3 ans et demi semble s&rsquo;en accommoder. On approche de Nantes. Le retour \u00e0 la ville n&rsquo;est pas tr\u00e8s agr\u00e9able. On \u00e9tait mieux loin des zones industrielles et du vacarme automobile.\u00a0Nous progressons le  long d&rsquo;un trottoir dans un brouhaha de voitures roulant \u00e0 toute vitesse  dans cette rue passante. <strong>On longe un long mur de pierres sur lequel  figure une inscription en graffiti v\u00e9g\u00e9tal : \u00ab\u00a0<\/strong><em><strong>jardin \u00e0 d\u00e9fendre<\/strong><\/em><strong>\u00a0\u00bb <\/strong>. Et l\u00e0, surprise, se dissimule un passage presque secret derri\u00e8re des plots  d\u00e9cor\u00e9s de mosa\u00efque. On salue le totem et nous empruntons un petit  sentier qui serpente entre une all\u00e9e de foug\u00e8res qui d\u00e9bouche sur une premi\u00e8re clairi\u00e8re o\u00f9 pousse du seigle. C&rsquo;est <strong><a rel=\"noreferrer noopener\" aria-label=\"le jardin des ronces.  (s\u2019ouvre dans un nouvel onglet)\" href=\"https:\/\/lesronces.noblogs.org\/\" target=\"_blank\">le jardin des ronces<\/a><\/strong><a rel=\"noreferrer noopener\" aria-label=\"le jardin des ronces.  (s\u2019ouvre dans un nouvel onglet)\" href=\"https:\/\/lesronces.noblogs.org\/\" target=\"_blank\">. <\/a><\/p>\n\n\n\n<h4 class=\"wp-block-heading\">Un jardin sauvage au c\u0153ur de la ville<\/h4>\n\n\n\n<p>Pour  se d\u00e9placer entre les diff\u00e9rentes clairi\u00e8res, nous devons \u00e9voluer dans  une sorte de labyrinthe : de v\u00e9ritables murs v\u00e9g\u00e9taux de ronces  patiemment r\u00e9gul\u00e9s par les habitants et jardiniers de ce lieu forment des sentiers biscornus au d\u00e9tour desquels il n&rsquo;est pas rare de se faire  surprendre\u2026 Par une sculpture, un four \u00e0 pain, un puits, une parcelle  cultiv\u00e9e en mode \u00ab\u00a0paresseux\u00a0\u00bb, une tour d&rsquo;observation, un poulailler,  une serre igloo o\u00f9 se c\u00f4toient cosmos et courges\u2026 Nos enfants adorent se courir apr\u00e8s, jouer \u00e0 se perdre et \u00e0 avoir  peur, d\u00e9couvrir des coins inexplor\u00e9s, se r\u00e9jouir de la promesse des confitures de m\u00fbres \u00e0 venir en picorant ici o\u00f9 l\u00e0 les premi\u00e8res \u00e0 \u00eatre arriv\u00e9es \u00e0 maturit\u00e9. <strong>Un jardin presque sauvage en pleine ville, refuge pour petites b\u00eates, jardiniers militants mais aussi pour  \u00e2mes caboss\u00e9es, indign\u00e9es et r\u00e9solument engag\u00e9es dans le \u00ab\u00a0<\/strong><em><strong>penser et vivre autrement<\/strong><\/em><strong>\u00a0\u00bb \u2026<\/strong> Ce jardin et sa terre vivante, sans b\u00e9ton, pourront -ils  elle \u00eatre suffisamment fertiles pour faire grandir des actions f\u00e9d\u00e9rant diff\u00e9rentes initiatives nantaises ?!? Nous le saurons demain au cours d&rsquo;une balade bien singuli\u00e8re&#8230;<\/p>\n\n\n\n<p class=\"has-text-align-right\">Elise Capitaine, alterjournaliste, le 18 juillet 2019 \u00e0 Nantes<\/p>\n\n\n\n<p class=\"has-text-align-right\">Photo <strong>\u00a9 Cl\u00e9a Mosa\u00efque &#8211;&nbsp;<a rel=\"noreferrer noopener\" href=\"http:\/\/www.cleamosaique.com\/\" target=\"_blank\">www.cleamosaique.com<\/a><\/strong><\/p>\n","protected":false},"excerpt":{"rendered":"<p>Un jardin presque sauvage en pleine ville, refuge pour petites b\u00eates, jardiniers militants mais aussi pour \u00e2mes caboss\u00e9es, indign\u00e9es et r\u00e9solument engag\u00e9es dans le \u00ab\u00a0penser et vivre autrement\u00a0\u00bb\u2026<\/p>\n","protected":false},"author":209,"featured_media":14931,"comment_status":"closed","ping_status":"closed","sticky":false,"template":"","format":"standard","meta":{"footnotes":""},"categories":[3773,3486,3542,3488,3481],"tags":[414,894,3842,3910,3974,3975],"class_list":["post-14720","post","type-post","status-publish","format-standard","has-post-thumbnail","hentry","category-edition-2019","category-environnement","category-lutte","category-social","category-pays-de-la-loire","tag-loire-atlantique","tag-pays-de-la-loire","tag-altertour-2019","tag-nantes","tag-jardin-des-ronces","tag-18-juillet-2019"],"yoast_head":"<!-- This site is optimized with the Yoast SEO plugin v27.3 - https:\/\/yoast.com\/product\/yoast-seo-wordpress\/ -->\n<title>L&#039;AlterTour au Jardin des Ronces, Nantes - AlterTour<\/title>\n<meta name=\"robots\" content=\"index, follow, max-snippet:-1, max-image-preview:large, max-video-preview:-1\" \/>\n<link rel=\"canonical\" href=\"https:\/\/www.altercampagne.net\/?p=14720\" \/>\n<meta property=\"og:locale\" content=\"fr_FR\" \/>\n<meta property=\"og:type\" content=\"article\" \/>\n<meta property=\"og:title\" content=\"L&#039;AlterTour au Jardin des Ronces, Nantes - AlterTour\" \/>\n<meta property=\"og:description\" content=\"Un jardin presque sauvage en pleine ville, refuge pour petites b\u00eates, jardiniers militants mais aussi pour \u00e2mes caboss\u00e9es, indign\u00e9es et r\u00e9solument engag\u00e9es dans le &quot;penser et vivre autrement&quot;\u2026\" \/>\n<meta property=\"og:url\" content=\"https:\/\/www.altercampagne.net\/?p=14720\" \/>\n<meta property=\"og:site_name\" content=\"AlterTour\" \/>\n<meta property=\"article:published_time\" content=\"2019-07-22T08:02:42+00:00\" \/>\n<meta property=\"article:modified_time\" content=\"2020-02-19T13:38:05+00:00\" \/>\n<meta property=\"og:image\" content=\"https:\/\/www.altercampagne.net\/wp-content\/uploads\/2019\/07\/2019-07-22-DSC08221.jpg\" \/>\n\t<meta property=\"og:image:width\" content=\"900\" \/>\n\t<meta property=\"og:image:height\" content=\"470\" \/>\n\t<meta property=\"og:image:type\" content=\"image\/jpeg\" \/>\n<meta name=\"author\" content=\"Vincent\" \/>\n<meta name=\"twitter:card\" content=\"summary_large_image\" \/>\n<meta name=\"twitter:label1\" content=\"\u00c9crit par\" \/>\n\t<meta name=\"twitter:data1\" content=\"Vincent\" \/>\n\t<meta name=\"twitter:label2\" content=\"Dur\u00e9e de lecture estim\u00e9e\" \/>\n\t<meta name=\"twitter:data2\" content=\"2 minutes\" \/>\n<script type=\"application\/ld+json\" class=\"yoast-schema-graph\">{\"@context\":\"https:\\\/\\\/schema.org\",\"@graph\":[{\"@type\":\"Article\",\"@id\":\"https:\\\/\\\/www.altercampagne.net\\\/?p=14720#article\",\"isPartOf\":{\"@id\":\"https:\\\/\\\/www.altercampagne.net\\\/?p=14720\"},\"author\":{\"name\":\"Vincent\",\"@id\":\"https:\\\/\\\/www.altercampagne.net\\\/#\\\/schema\\\/person\\\/7c299acaf3c77c51c6adfd4b5de88c6e\"},\"headline\":\"L&rsquo;AlterTour au Jardin des Ronces, Nantes\",\"datePublished\":\"2019-07-22T08:02:42+00:00\",\"dateModified\":\"2020-02-19T13:38:05+00:00\",\"mainEntityOfPage\":{\"@id\":\"https:\\\/\\\/www.altercampagne.net\\\/?p=14720\"},\"wordCount\":439,\"image\":{\"@id\":\"https:\\\/\\\/www.altercampagne.net\\\/?p=14720#primaryimage\"},\"thumbnailUrl\":\"https:\\\/\\\/www.altercampagne.net\\\/wp-content\\\/uploads\\\/2019\\\/07\\\/2019-07-22-DSC08221.jpg\",\"keywords\":[\"loire atlantique\",\"Pays de la Loire\",\"Altertour 2019\",\"Nantes\",\"Jardin des Ronces\",\"18 juillet 2019\"],\"articleSection\":[\"Edition 2019\",\"Environnement\",\"Lutte\",\"Social\",\"Pays de la Loire\"],\"inLanguage\":\"fr-FR\"},{\"@type\":\"WebPage\",\"@id\":\"https:\\\/\\\/www.altercampagne.net\\\/?p=14720\",\"url\":\"https:\\\/\\\/www.altercampagne.net\\\/?p=14720\",\"name\":\"L'AlterTour au Jardin des Ronces, Nantes - AlterTour\",\"isPartOf\":{\"@id\":\"https:\\\/\\\/www.altercampagne.net\\\/#website\"},\"primaryImageOfPage\":{\"@id\":\"https:\\\/\\\/www.altercampagne.net\\\/?p=14720#primaryimage\"},\"image\":{\"@id\":\"https:\\\/\\\/www.altercampagne.net\\\/?p=14720#primaryimage\"},\"thumbnailUrl\":\"https:\\\/\\\/www.altercampagne.net\\\/wp-content\\\/uploads\\\/2019\\\/07\\\/2019-07-22-DSC08221.jpg\",\"datePublished\":\"2019-07-22T08:02:42+00:00\",\"dateModified\":\"2020-02-19T13:38:05+00:00\",\"author\":{\"@id\":\"https:\\\/\\\/www.altercampagne.net\\\/#\\\/schema\\\/person\\\/7c299acaf3c77c51c6adfd4b5de88c6e\"},\"breadcrumb\":{\"@id\":\"https:\\\/\\\/www.altercampagne.net\\\/?p=14720#breadcrumb\"},\"inLanguage\":\"fr-FR\",\"potentialAction\":[{\"@type\":\"ReadAction\",\"target\":[\"https:\\\/\\\/www.altercampagne.net\\\/?p=14720\"]}]},{\"@type\":\"ImageObject\",\"inLanguage\":\"fr-FR\",\"@id\":\"https:\\\/\\\/www.altercampagne.net\\\/?p=14720#primaryimage\",\"url\":\"https:\\\/\\\/www.altercampagne.net\\\/wp-content\\\/uploads\\\/2019\\\/07\\\/2019-07-22-DSC08221.jpg\",\"contentUrl\":\"https:\\\/\\\/www.altercampagne.net\\\/wp-content\\\/uploads\\\/2019\\\/07\\\/2019-07-22-DSC08221.jpg\",\"width\":900,\"height\":470},{\"@type\":\"BreadcrumbList\",\"@id\":\"https:\\\/\\\/www.altercampagne.net\\\/?p=14720#breadcrumb\",\"itemListElement\":[{\"@type\":\"ListItem\",\"position\":1,\"name\":\"Accueil\",\"item\":\"https:\\\/\\\/www.altercampagne.net\\\/\"},{\"@type\":\"ListItem\",\"position\":2,\"name\":\"L&rsquo;AlterTour au Jardin des Ronces, Nantes\"}]},{\"@type\":\"WebSite\",\"@id\":\"https:\\\/\\\/www.altercampagne.net\\\/#website\",\"url\":\"https:\\\/\\\/www.altercampagne.net\\\/\",\"name\":\"AlterTour\",\"description\":\"Reliez les Alternatives \u00e0 v\u00e9lo\",\"potentialAction\":[{\"@type\":\"SearchAction\",\"target\":{\"@type\":\"EntryPoint\",\"urlTemplate\":\"https:\\\/\\\/www.altercampagne.net\\\/?s={search_term_string}\"},\"query-input\":{\"@type\":\"PropertyValueSpecification\",\"valueRequired\":true,\"valueName\":\"search_term_string\"}}],\"inLanguage\":\"fr-FR\"},{\"@type\":\"Person\",\"@id\":\"https:\\\/\\\/www.altercampagne.net\\\/#\\\/schema\\\/person\\\/7c299acaf3c77c51c6adfd4b5de88c6e\",\"name\":\"Vincent\",\"image\":{\"@type\":\"ImageObject\",\"inLanguage\":\"fr-FR\",\"@id\":\"https:\\\/\\\/secure.gravatar.com\\\/avatar\\\/f461b4b95c70112e36d8b4abf020c8231a3fa729bdccb05f4f7c9974a0bf24cd?s=96&d=mm&r=g\",\"url\":\"https:\\\/\\\/secure.gravatar.com\\\/avatar\\\/f461b4b95c70112e36d8b4abf020c8231a3fa729bdccb05f4f7c9974a0bf24cd?s=96&d=mm&r=g\",\"contentUrl\":\"https:\\\/\\\/secure.gravatar.com\\\/avatar\\\/f461b4b95c70112e36d8b4abf020c8231a3fa729bdccb05f4f7c9974a0bf24cd?s=96&d=mm&r=g\",\"caption\":\"Vincent\"},\"url\":\"https:\\\/\\\/www.altercampagne.net\\\/?author=209\"}]}<\/script>\n<!-- \/ Yoast SEO plugin. -->","yoast_head_json":{"title":"L'AlterTour au Jardin des Ronces, Nantes - AlterTour","robots":{"index":"index","follow":"follow","max-snippet":"max-snippet:-1","max-image-preview":"max-image-preview:large","max-video-preview":"max-video-preview:-1"},"canonical":"https:\/\/www.altercampagne.net\/?p=14720","og_locale":"fr_FR","og_type":"article","og_title":"L'AlterTour au Jardin des Ronces, Nantes - AlterTour","og_description":"Un jardin presque sauvage en pleine ville, refuge pour petites b\u00eates, jardiniers militants mais aussi pour \u00e2mes caboss\u00e9es, indign\u00e9es et r\u00e9solument engag\u00e9es dans le \"penser et vivre autrement\"\u2026","og_url":"https:\/\/www.altercampagne.net\/?p=14720","og_site_name":"AlterTour","article_published_time":"2019-07-22T08:02:42+00:00","article_modified_time":"2020-02-19T13:38:05+00:00","og_image":[{"width":900,"height":470,"url":"https:\/\/www.altercampagne.net\/wp-content\/uploads\/2019\/07\/2019-07-22-DSC08221.jpg","type":"image\/jpeg"}],"author":"Vincent","twitter_card":"summary_large_image","twitter_misc":{"\u00c9crit par":"Vincent","Dur\u00e9e de lecture estim\u00e9e":"2 minutes"},"schema":{"@context":"https:\/\/schema.org","@graph":[{"@type":"Article","@id":"https:\/\/www.altercampagne.net\/?p=14720#article","isPartOf":{"@id":"https:\/\/www.altercampagne.net\/?p=14720"},"author":{"name":"Vincent","@id":"https:\/\/www.altercampagne.net\/#\/schema\/person\/7c299acaf3c77c51c6adfd4b5de88c6e"},"headline":"L&rsquo;AlterTour au Jardin des Ronces, Nantes","datePublished":"2019-07-22T08:02:42+00:00","dateModified":"2020-02-19T13:38:05+00:00","mainEntityOfPage":{"@id":"https:\/\/www.altercampagne.net\/?p=14720"},"wordCount":439,"image":{"@id":"https:\/\/www.altercampagne.net\/?p=14720#primaryimage"},"thumbnailUrl":"https:\/\/www.altercampagne.net\/wp-content\/uploads\/2019\/07\/2019-07-22-DSC08221.jpg","keywords":["loire atlantique","Pays de la Loire","Altertour 2019","Nantes","Jardin des Ronces","18 juillet 2019"],"articleSection":["Edition 2019","Environnement","Lutte","Social","Pays de la Loire"],"inLanguage":"fr-FR"},{"@type":"WebPage","@id":"https:\/\/www.altercampagne.net\/?p=14720","url":"https:\/\/www.altercampagne.net\/?p=14720","name":"L'AlterTour au Jardin des Ronces, Nantes - AlterTour","isPartOf":{"@id":"https:\/\/www.altercampagne.net\/#website"},"primaryImageOfPage":{"@id":"https:\/\/www.altercampagne.net\/?p=14720#primaryimage"},"image":{"@id":"https:\/\/www.altercampagne.net\/?p=14720#primaryimage"},"thumbnailUrl":"https:\/\/www.altercampagne.net\/wp-content\/uploads\/2019\/07\/2019-07-22-DSC08221.jpg","datePublished":"2019-07-22T08:02:42+00:00","dateModified":"2020-02-19T13:38:05+00:00","author":{"@id":"https:\/\/www.altercampagne.net\/#\/schema\/person\/7c299acaf3c77c51c6adfd4b5de88c6e"},"breadcrumb":{"@id":"https:\/\/www.altercampagne.net\/?p=14720#breadcrumb"},"inLanguage":"fr-FR","potentialAction":[{"@type":"ReadAction","target":["https:\/\/www.altercampagne.net\/?p=14720"]}]},{"@type":"ImageObject","inLanguage":"fr-FR","@id":"https:\/\/www.altercampagne.net\/?p=14720#primaryimage","url":"https:\/\/www.altercampagne.net\/wp-content\/uploads\/2019\/07\/2019-07-22-DSC08221.jpg","contentUrl":"https:\/\/www.altercampagne.net\/wp-content\/uploads\/2019\/07\/2019-07-22-DSC08221.jpg","width":900,"height":470},{"@type":"BreadcrumbList","@id":"https:\/\/www.altercampagne.net\/?p=14720#breadcrumb","itemListElement":[{"@type":"ListItem","position":1,"name":"Accueil","item":"https:\/\/www.altercampagne.net\/"},{"@type":"ListItem","position":2,"name":"L&rsquo;AlterTour au Jardin des Ronces, Nantes"}]},{"@type":"WebSite","@id":"https:\/\/www.altercampagne.net\/#website","url":"https:\/\/www.altercampagne.net\/","name":"AlterTour","description":"Reliez les Alternatives \u00e0 v\u00e9lo","potentialAction":[{"@type":"SearchAction","target":{"@type":"EntryPoint","urlTemplate":"https:\/\/www.altercampagne.net\/?s={search_term_string}"},"query-input":{"@type":"PropertyValueSpecification","valueRequired":true,"valueName":"search_term_string"}}],"inLanguage":"fr-FR"},{"@type":"Person","@id":"https:\/\/www.altercampagne.net\/#\/schema\/person\/7c299acaf3c77c51c6adfd4b5de88c6e","name":"Vincent","image":{"@type":"ImageObject","inLanguage":"fr-FR","@id":"https:\/\/secure.gravatar.com\/avatar\/f461b4b95c70112e36d8b4abf020c8231a3fa729bdccb05f4f7c9974a0bf24cd?s=96&d=mm&r=g","url":"https:\/\/secure.gravatar.com\/avatar\/f461b4b95c70112e36d8b4abf020c8231a3fa729bdccb05f4f7c9974a0bf24cd?s=96&d=mm&r=g","contentUrl":"https:\/\/secure.gravatar.com\/avatar\/f461b4b95c70112e36d8b4abf020c8231a3fa729bdccb05f4f7c9974a0bf24cd?s=96&d=mm&r=g","caption":"Vincent"},"url":"https:\/\/www.altercampagne.net\/?author=209"}]}},"_links":{"self":[{"href":"https:\/\/www.altercampagne.net\/index.php?rest_route=\/wp\/v2\/posts\/14720","targetHints":{"allow":["GET"]}}],"collection":[{"href":"https:\/\/www.altercampagne.net\/index.php?rest_route=\/wp\/v2\/posts"}],"about":[{"href":"https:\/\/www.altercampagne.net\/index.php?rest_route=\/wp\/v2\/types\/post"}],"author":[{"embeddable":true,"href":"https:\/\/www.altercampagne.net\/index.php?rest_route=\/wp\/v2\/users\/209"}],"replies":[{"embeddable":true,"href":"https:\/\/www.altercampagne.net\/index.php?rest_route=%2Fwp%2Fv2%2Fcomments&post=14720"}],"version-history":[{"count":1,"href":"https:\/\/www.altercampagne.net\/index.php?rest_route=\/wp\/v2\/posts\/14720\/revisions"}],"predecessor-version":[{"id":17223,"href":"https:\/\/www.altercampagne.net\/index.php?rest_route=\/wp\/v2\/posts\/14720\/revisions\/17223"}],"wp:featuredmedia":[{"embeddable":true,"href":"https:\/\/www.altercampagne.net\/index.php?rest_route=\/wp\/v2\/media\/14931"}],"wp:attachment":[{"href":"https:\/\/www.altercampagne.net\/index.php?rest_route=%2Fwp%2Fv2%2Fmedia&parent=14720"}],"wp:term":[{"taxonomy":"category","embeddable":true,"href":"https:\/\/www.altercampagne.net\/index.php?rest_route=%2Fwp%2Fv2%2Fcategories&post=14720"},{"taxonomy":"post_tag","embeddable":true,"href":"https:\/\/www.altercampagne.net\/index.php?rest_route=%2Fwp%2Fv2%2Ftags&post=14720"}],"curies":[{"name":"wp","href":"https:\/\/api.w.org\/{rel}","templated":true}]}}