{"id":14733,"date":"2019-07-20T15:40:20","date_gmt":"2019-07-20T13:40:20","guid":{"rendered":"http:\/\/www.altercampagne.net\/?p=14733"},"modified":"2020-02-15T10:10:50","modified_gmt":"2020-02-15T09:10:50","slug":"alterjournaliste-du-samedi-20-juillet","status":"publish","type":"post","link":"https:\/\/www.altercampagne.net\/?p=14733","title":{"rendered":"L&rsquo;AlterTour avec ZAP la Vague et Terres Communes"},"content":{"rendered":"\n<p><strong>Apr\u00e8s un jour de BLADE (balade de lieux \u00e0 d\u00e9fendre) dans Nantes, aujourd\u2019hui c\u2019est d\u00e9part pour Saint P\u00e8re en Retz. T\u00e9moignage de deux altercyclistes.<\/strong><\/p>\n\n\n\n<h4 class=\"wp-block-heading\">Contre le projet de surfpark&nbsp;: Zad ou pas Zad&nbsp;?&nbsp;<\/h4>\n\n\n\n<p>Le long des 30 kilom\u00e8tres\u00a0 \u00e0 travers gouttes de pluie et pentes douces bois\u00e9es, on rigole avec les th\u00e8mes de fl\u00e8ches propos\u00e9s par Manek, 11 ans et au taquet\u00a0! Ce matin c\u2019est \u00ab\u00a0les m\u00e9tiers\u00a0\u00bb, et cet apr\u00e8s midi \u00ab\u00a0les animaux\u00a0\u00bb. Le vent dans les yeux, les altercyclistes sont inspir\u00e9s et fluidit\u00e9 est le ma\u00eetre mot. En toile de fond, on se demande un peu dans quoi on va atterrir le soir. Car on n\u2019est pas que l\u00e0 pour rigoler ok\u00a0? Les organisateurs nous parlent d\u2019un projet contre un surf park sur des terres qui se font racheter aux paysans du coin, \u00e7a on a bien compris que c\u2019\u00e9tait une h\u00e9r\u00e9sie totale mais\u2026. Zad ou pas Zad\u00a0? Telle est la question.<\/p>\n\n\n\n<h4 class=\"wp-block-heading\">Ca tourne mal&nbsp;: les flics&nbsp;? Non, les voisins paysans<\/h4>\n\n\n\n<p>A midi, dans une salle des f\u00eates pr\u00eat\u00e9e par la commune, au moment o\u00f9 le groupe allait se scinder en deux pour savoir o\u00f9 dormir\u00a0&#8211; sur la zad elle-m\u00eame ou un lieu plus \u00ab\u00a0safe\u00a0\u00bb, \u00e0 7 kilom\u00e8tres \u2013 le t\u00e9l\u00e9phone sonne et nous informe que le d\u00e9but de l\u2019occupation tourne mal\u00a0: les flics\u00a0? NON les voisins paysans sont intervenus et la mobilisation monte en pression\u00a0! 20 kilom\u00e8tres de v\u00e9lo et de demi tour apr\u00e8s, <strong>on arrive un peu en retard mais sous les applaudissements des 400 personnes pr\u00e9sentes.<\/strong> Ca fait tout dr\u00f4le\u00a0! V\u00e9los \u00e0 la main, on croise le r\u00e9f\u00e9rent du mouvement, un paysan engag\u00e9 dans le projet de pr\u00e9servation des terres paysannes, et forc\u00e9ment contre le surf park\u00a0! C\u2019est un homme solide mais accabl\u00e9 et choqu\u00e9 qui nous parle\u00a0; \u00ab\u00a0je n\u2019ai jamais vu \u00e7a entre paysans, on a fr\u00f4l\u00e9 la mort quoi\u00a0! Si on n\u2019a pas les m\u00eames id\u00e9es viens on n\u00e9gocie, cherche pas \u00e0 m\u2019\u00e9craser avec ton tracteur\u00a0! J\u2019ai sauv\u00e9 la vie de plusieurs personnes qui allaient y passer\u00a0! On marche sur la t\u00eate\u00a0!Ils veulent pas de ZAD, voil\u00e0\u00a0! <strong>Mais merci d\u2019\u00eatre l\u00e0, la lutte continue de toutes fa\u00e7ons.<\/strong>..\u00bb<\/p>\n\n\n\n<p>\u00ab&nbsp; On se fait\ninsulter de sale gaucho d\u2019\u00e9colo&nbsp;!&nbsp;\u00bb rench\u00e9rit un autre\nlors des prises de paroles.<\/p>\n\n\n\n<h4 class=\"wp-block-heading\">Nous, Altercyclistes de l\u2019AlterTour, que faire d\u2019autre&nbsp;ici et maintenant&nbsp;? <\/h4>\n\n\n\n<p>M\u00eame un peu apr\u00e8s la bataille redout\u00e9e, on se dit que le soutien commence par \u00eatre pr\u00e9sent. Avec les mollets qui retombent la pression, on monte le camps, dans un joli champs o\u00f9 des moutons risquent de venir nous chatouiller les pieds.  \u00ab&nbsp;Ce ne sont pas des olives par terre les enfants&nbsp;\u00bb, merci Bruno&nbsp;!<\/p>\n\n\n\n<p>\u00c7a sent d\u00e9j\u00e0 la d\u00e9licieuse bouffe et on entame la soir\u00e9e avec de la bi\u00e8re et des airs irlandais sur la sc\u00e8ne.  Le soleil baisse et les sweets en coton bio sont enfil\u00e9s sur les \u00e9paules. <strong> On danse, encore et encore&nbsp;: c\u2019est aussi \u00e7a refaire le monde&nbsp;?<\/strong><\/p>\n\n\n\n<h4 class=\"wp-block-heading\"> \u00ab\u00a0J\u2019esp\u00e8re que demain sera aussi chouette qu\u2019aujourd\u2019hui.\u00a0\u00bb<\/h4>\n\n\n\n<p>Ce soir on a r\u00e9cup\u00e9r\u00e9 4 jeunes\u00a0! Intervention sp\u00e9ciale d\u2019Albane\u00a0: \u00ab\u00a0M\u00eame si au d\u00e9part le groupe de cycliste me faisait penser \u00e0 un camp d\u2019hippies, il est au final tr\u00e8s sympa, avec une tr\u00e8s bonne ambiance. La pluie durant la journ\u00e9e nous a permis de prendre une douche. Pour finir cette belle journ\u00e9e nous avons jou\u00e9 \u00e0 des jeux de soci\u00e9t\u00e9 avec les enfants en \u00e9coutant de la musique br\u00e9silienne. J\u2019esp\u00e8re que demain sera aussi chouette qu\u2019aujourd\u2019hui.\u00a0\u00bb <\/p>\n\n\n\n<p class=\"has-text-align-right\"><strong>Coline et Albane<\/strong><\/p>\n\n\n\n<p>Photo <strong>\u00a9 Cl\u00e9a Mosa\u00efque &#8211;&nbsp;<a rel=\"noreferrer noopener\" href=\"http:\/\/www.cleamosaique.com\/\" target=\"_blank\">www.cleamosaique.com<\/a><\/strong><\/p>\n","protected":false},"excerpt":{"rendered":"<p>Apr\u00e8s un jour de BLADE (balade de lieux \u00e0 d\u00e9fendre) dans Nantes, aujourd\u2019hui c\u2019est d\u00e9part pour Saint P\u00e8re en Retz. T\u00e9moignage de deux altercyclistes. Contre le projet de surfpark&nbsp;: Zad ou pas Zad&nbsp;?&nbsp; Le long des 30 kilom\u00e8tres\u00a0 \u00e0 travers gouttes de pluie et pentes douces bois\u00e9es, on rigole avec &#8230; <\/p>\n<div><a href=\"https:\/\/www.altercampagne.net\/?p=14733\" class=\"more-link\">Read More<\/a><\/div>\n","protected":false},"author":215,"featured_media":15206,"comment_status":"closed","ping_status":"closed","sticky":false,"template":"","format":"standard","meta":{"footnotes":""},"categories":[3773,3481],"tags":[414,484,894,4090,4092,4093,4094,4096],"class_list":["post-14733","post","type-post","status-publish","format-standard","has-post-thumbnail","hentry","category-edition-2019","category-pays-de-la-loire","tag-loire-atlantique","tag-zad","tag-pays-de-la-loire","tag-terres-communes","tag-zap-la-vague","tag-saint-pere-en-retz","tag-surf-park","tag-zap"],"yoast_head":"<!-- This site is optimized with the Yoast SEO plugin v27.3 - https:\/\/yoast.com\/product\/yoast-seo-wordpress\/ -->\n<title>L&#039;AlterTour avec ZAP la Vague et Terres Communes - AlterTour<\/title>\n<meta name=\"robots\" content=\"index, follow, max-snippet:-1, max-image-preview:large, max-video-preview:-1\" \/>\n<link rel=\"canonical\" href=\"https:\/\/www.altercampagne.net\/?p=14733\" \/>\n<meta property=\"og:locale\" content=\"fr_FR\" \/>\n<meta property=\"og:type\" content=\"article\" \/>\n<meta property=\"og:title\" content=\"L&#039;AlterTour avec ZAP la Vague et Terres Communes - AlterTour\" \/>\n<meta property=\"og:description\" content=\"Apr\u00e8s un jour de BLADE (balade de lieux \u00e0 d\u00e9fendre) dans Nantes, aujourd\u2019hui c\u2019est d\u00e9part pour Saint P\u00e8re en Retz. T\u00e9moignage de deux altercyclistes. Contre le projet de surfpark&nbsp;: Zad ou pas Zad&nbsp;?&nbsp; Le long des 30 kilom\u00e8tres\u00a0 \u00e0 travers gouttes de pluie et pentes douces bois\u00e9es, on rigole avec ... Read More\" \/>\n<meta property=\"og:url\" content=\"https:\/\/www.altercampagne.net\/?p=14733\" \/>\n<meta property=\"og:site_name\" content=\"AlterTour\" \/>\n<meta property=\"article:published_time\" content=\"2019-07-20T13:40:20+00:00\" \/>\n<meta property=\"article:modified_time\" content=\"2020-02-15T09:10:50+00:00\" \/>\n<meta property=\"og:image\" content=\"https:\/\/www.altercampagne.net\/wp-content\/uploads\/2019\/07\/2019-07-21-St-Pere-en-Retz.jpg\" \/>\n\t<meta property=\"og:image:width\" content=\"1000\" \/>\n\t<meta property=\"og:image:height\" content=\"522\" \/>\n\t<meta property=\"og:image:type\" content=\"image\/jpeg\" \/>\n<meta name=\"author\" content=\"AlterTour\" \/>\n<meta name=\"twitter:card\" content=\"summary_large_image\" \/>\n<meta name=\"twitter:label1\" content=\"\u00c9crit par\" \/>\n\t<meta name=\"twitter:data1\" content=\"AlterTour\" \/>\n\t<meta name=\"twitter:label2\" content=\"Dur\u00e9e de lecture estim\u00e9e\" \/>\n\t<meta name=\"twitter:data2\" content=\"3 minutes\" \/>\n<script type=\"application\/ld+json\" class=\"yoast-schema-graph\">{\"@context\":\"https:\\\/\\\/schema.org\",\"@graph\":[{\"@type\":\"Article\",\"@id\":\"https:\\\/\\\/www.altercampagne.net\\\/?p=14733#article\",\"isPartOf\":{\"@id\":\"https:\\\/\\\/www.altercampagne.net\\\/?p=14733\"},\"author\":{\"name\":\"AlterTour\",\"@id\":\"https:\\\/\\\/www.altercampagne.net\\\/#\\\/schema\\\/person\\\/e5b68c803196f649c2152249d262d94a\"},\"headline\":\"L&rsquo;AlterTour avec ZAP la Vague et Terres Communes\",\"datePublished\":\"2019-07-20T13:40:20+00:00\",\"dateModified\":\"2020-02-15T09:10:50+00:00\",\"mainEntityOfPage\":{\"@id\":\"https:\\\/\\\/www.altercampagne.net\\\/?p=14733\"},\"wordCount\":678,\"image\":{\"@id\":\"https:\\\/\\\/www.altercampagne.net\\\/?p=14733#primaryimage\"},\"thumbnailUrl\":\"https:\\\/\\\/www.altercampagne.net\\\/wp-content\\\/uploads\\\/2019\\\/07\\\/2019-07-21-St-Pere-en-Retz.jpg\",\"keywords\":[\"loire atlantique\",\"zad\",\"Pays de la Loire\",\"Terres communes\",\"ZAP la vague\",\"saint-p\u00e8re-en-retz\",\"Surf Park\",\"ZAP\"],\"articleSection\":[\"Edition 2019\",\"Pays de la Loire\"],\"inLanguage\":\"fr-FR\"},{\"@type\":\"WebPage\",\"@id\":\"https:\\\/\\\/www.altercampagne.net\\\/?p=14733\",\"url\":\"https:\\\/\\\/www.altercampagne.net\\\/?p=14733\",\"name\":\"L'AlterTour avec ZAP la Vague et Terres Communes - AlterTour\",\"isPartOf\":{\"@id\":\"https:\\\/\\\/www.altercampagne.net\\\/#website\"},\"primaryImageOfPage\":{\"@id\":\"https:\\\/\\\/www.altercampagne.net\\\/?p=14733#primaryimage\"},\"image\":{\"@id\":\"https:\\\/\\\/www.altercampagne.net\\\/?p=14733#primaryimage\"},\"thumbnailUrl\":\"https:\\\/\\\/www.altercampagne.net\\\/wp-content\\\/uploads\\\/2019\\\/07\\\/2019-07-21-St-Pere-en-Retz.jpg\",\"datePublished\":\"2019-07-20T13:40:20+00:00\",\"dateModified\":\"2020-02-15T09:10:50+00:00\",\"author\":{\"@id\":\"https:\\\/\\\/www.altercampagne.net\\\/#\\\/schema\\\/person\\\/e5b68c803196f649c2152249d262d94a\"},\"breadcrumb\":{\"@id\":\"https:\\\/\\\/www.altercampagne.net\\\/?p=14733#breadcrumb\"},\"inLanguage\":\"fr-FR\",\"potentialAction\":[{\"@type\":\"ReadAction\",\"target\":[\"https:\\\/\\\/www.altercampagne.net\\\/?p=14733\"]}]},{\"@type\":\"ImageObject\",\"inLanguage\":\"fr-FR\",\"@id\":\"https:\\\/\\\/www.altercampagne.net\\\/?p=14733#primaryimage\",\"url\":\"https:\\\/\\\/www.altercampagne.net\\\/wp-content\\\/uploads\\\/2019\\\/07\\\/2019-07-21-St-Pere-en-Retz.jpg\",\"contentUrl\":\"https:\\\/\\\/www.altercampagne.net\\\/wp-content\\\/uploads\\\/2019\\\/07\\\/2019-07-21-St-Pere-en-Retz.jpg\",\"width\":1000,\"height\":522},{\"@type\":\"BreadcrumbList\",\"@id\":\"https:\\\/\\\/www.altercampagne.net\\\/?p=14733#breadcrumb\",\"itemListElement\":[{\"@type\":\"ListItem\",\"position\":1,\"name\":\"Accueil\",\"item\":\"https:\\\/\\\/www.altercampagne.net\\\/\"},{\"@type\":\"ListItem\",\"position\":2,\"name\":\"L&rsquo;AlterTour avec ZAP la Vague et Terres Communes\"}]},{\"@type\":\"WebSite\",\"@id\":\"https:\\\/\\\/www.altercampagne.net\\\/#website\",\"url\":\"https:\\\/\\\/www.altercampagne.net\\\/\",\"name\":\"AlterTour\",\"description\":\"Reliez les Alternatives \u00e0 v\u00e9lo\",\"potentialAction\":[{\"@type\":\"SearchAction\",\"target\":{\"@type\":\"EntryPoint\",\"urlTemplate\":\"https:\\\/\\\/www.altercampagne.net\\\/?s={search_term_string}\"},\"query-input\":{\"@type\":\"PropertyValueSpecification\",\"valueRequired\":true,\"valueName\":\"search_term_string\"}}],\"inLanguage\":\"fr-FR\"},{\"@type\":\"Person\",\"@id\":\"https:\\\/\\\/www.altercampagne.net\\\/#\\\/schema\\\/person\\\/e5b68c803196f649c2152249d262d94a\",\"name\":\"AlterTour\",\"image\":{\"@type\":\"ImageObject\",\"inLanguage\":\"fr-FR\",\"@id\":\"https:\\\/\\\/secure.gravatar.com\\\/avatar\\\/3f2ed77f8506b8ea264ad5938bb0114bfa10f35b64086a66dfbb6e9f58ad9693?s=96&d=mm&r=g\",\"url\":\"https:\\\/\\\/secure.gravatar.com\\\/avatar\\\/3f2ed77f8506b8ea264ad5938bb0114bfa10f35b64086a66dfbb6e9f58ad9693?s=96&d=mm&r=g\",\"contentUrl\":\"https:\\\/\\\/secure.gravatar.com\\\/avatar\\\/3f2ed77f8506b8ea264ad5938bb0114bfa10f35b64086a66dfbb6e9f58ad9693?s=96&d=mm&r=g\",\"caption\":\"AlterTour\"},\"url\":\"https:\\\/\\\/www.altercampagne.net\\\/?author=215\"}]}<\/script>\n<!-- \/ Yoast SEO plugin. -->","yoast_head_json":{"title":"L'AlterTour avec ZAP la Vague et Terres Communes - AlterTour","robots":{"index":"index","follow":"follow","max-snippet":"max-snippet:-1","max-image-preview":"max-image-preview:large","max-video-preview":"max-video-preview:-1"},"canonical":"https:\/\/www.altercampagne.net\/?p=14733","og_locale":"fr_FR","og_type":"article","og_title":"L'AlterTour avec ZAP la Vague et Terres Communes - AlterTour","og_description":"Apr\u00e8s un jour de BLADE (balade de lieux \u00e0 d\u00e9fendre) dans Nantes, aujourd\u2019hui c\u2019est d\u00e9part pour Saint P\u00e8re en Retz. T\u00e9moignage de deux altercyclistes. Contre le projet de surfpark&nbsp;: Zad ou pas Zad&nbsp;?&nbsp; Le long des 30 kilom\u00e8tres\u00a0 \u00e0 travers gouttes de pluie et pentes douces bois\u00e9es, on rigole avec ... Read More","og_url":"https:\/\/www.altercampagne.net\/?p=14733","og_site_name":"AlterTour","article_published_time":"2019-07-20T13:40:20+00:00","article_modified_time":"2020-02-15T09:10:50+00:00","og_image":[{"width":1000,"height":522,"url":"https:\/\/www.altercampagne.net\/wp-content\/uploads\/2019\/07\/2019-07-21-St-Pere-en-Retz.jpg","type":"image\/jpeg"}],"author":"AlterTour","twitter_card":"summary_large_image","twitter_misc":{"\u00c9crit par":"AlterTour","Dur\u00e9e de lecture estim\u00e9e":"3 minutes"},"schema":{"@context":"https:\/\/schema.org","@graph":[{"@type":"Article","@id":"https:\/\/www.altercampagne.net\/?p=14733#article","isPartOf":{"@id":"https:\/\/www.altercampagne.net\/?p=14733"},"author":{"name":"AlterTour","@id":"https:\/\/www.altercampagne.net\/#\/schema\/person\/e5b68c803196f649c2152249d262d94a"},"headline":"L&rsquo;AlterTour avec ZAP la Vague et Terres Communes","datePublished":"2019-07-20T13:40:20+00:00","dateModified":"2020-02-15T09:10:50+00:00","mainEntityOfPage":{"@id":"https:\/\/www.altercampagne.net\/?p=14733"},"wordCount":678,"image":{"@id":"https:\/\/www.altercampagne.net\/?p=14733#primaryimage"},"thumbnailUrl":"https:\/\/www.altercampagne.net\/wp-content\/uploads\/2019\/07\/2019-07-21-St-Pere-en-Retz.jpg","keywords":["loire atlantique","zad","Pays de la Loire","Terres communes","ZAP la vague","saint-p\u00e8re-en-retz","Surf Park","ZAP"],"articleSection":["Edition 2019","Pays de la Loire"],"inLanguage":"fr-FR"},{"@type":"WebPage","@id":"https:\/\/www.altercampagne.net\/?p=14733","url":"https:\/\/www.altercampagne.net\/?p=14733","name":"L'AlterTour avec ZAP la Vague et Terres Communes - AlterTour","isPartOf":{"@id":"https:\/\/www.altercampagne.net\/#website"},"primaryImageOfPage":{"@id":"https:\/\/www.altercampagne.net\/?p=14733#primaryimage"},"image":{"@id":"https:\/\/www.altercampagne.net\/?p=14733#primaryimage"},"thumbnailUrl":"https:\/\/www.altercampagne.net\/wp-content\/uploads\/2019\/07\/2019-07-21-St-Pere-en-Retz.jpg","datePublished":"2019-07-20T13:40:20+00:00","dateModified":"2020-02-15T09:10:50+00:00","author":{"@id":"https:\/\/www.altercampagne.net\/#\/schema\/person\/e5b68c803196f649c2152249d262d94a"},"breadcrumb":{"@id":"https:\/\/www.altercampagne.net\/?p=14733#breadcrumb"},"inLanguage":"fr-FR","potentialAction":[{"@type":"ReadAction","target":["https:\/\/www.altercampagne.net\/?p=14733"]}]},{"@type":"ImageObject","inLanguage":"fr-FR","@id":"https:\/\/www.altercampagne.net\/?p=14733#primaryimage","url":"https:\/\/www.altercampagne.net\/wp-content\/uploads\/2019\/07\/2019-07-21-St-Pere-en-Retz.jpg","contentUrl":"https:\/\/www.altercampagne.net\/wp-content\/uploads\/2019\/07\/2019-07-21-St-Pere-en-Retz.jpg","width":1000,"height":522},{"@type":"BreadcrumbList","@id":"https:\/\/www.altercampagne.net\/?p=14733#breadcrumb","itemListElement":[{"@type":"ListItem","position":1,"name":"Accueil","item":"https:\/\/www.altercampagne.net\/"},{"@type":"ListItem","position":2,"name":"L&rsquo;AlterTour avec ZAP la Vague et Terres Communes"}]},{"@type":"WebSite","@id":"https:\/\/www.altercampagne.net\/#website","url":"https:\/\/www.altercampagne.net\/","name":"AlterTour","description":"Reliez les Alternatives \u00e0 v\u00e9lo","potentialAction":[{"@type":"SearchAction","target":{"@type":"EntryPoint","urlTemplate":"https:\/\/www.altercampagne.net\/?s={search_term_string}"},"query-input":{"@type":"PropertyValueSpecification","valueRequired":true,"valueName":"search_term_string"}}],"inLanguage":"fr-FR"},{"@type":"Person","@id":"https:\/\/www.altercampagne.net\/#\/schema\/person\/e5b68c803196f649c2152249d262d94a","name":"AlterTour","image":{"@type":"ImageObject","inLanguage":"fr-FR","@id":"https:\/\/secure.gravatar.com\/avatar\/3f2ed77f8506b8ea264ad5938bb0114bfa10f35b64086a66dfbb6e9f58ad9693?s=96&d=mm&r=g","url":"https:\/\/secure.gravatar.com\/avatar\/3f2ed77f8506b8ea264ad5938bb0114bfa10f35b64086a66dfbb6e9f58ad9693?s=96&d=mm&r=g","contentUrl":"https:\/\/secure.gravatar.com\/avatar\/3f2ed77f8506b8ea264ad5938bb0114bfa10f35b64086a66dfbb6e9f58ad9693?s=96&d=mm&r=g","caption":"AlterTour"},"url":"https:\/\/www.altercampagne.net\/?author=215"}]}},"_links":{"self":[{"href":"https:\/\/www.altercampagne.net\/index.php?rest_route=\/wp\/v2\/posts\/14733","targetHints":{"allow":["GET"]}}],"collection":[{"href":"https:\/\/www.altercampagne.net\/index.php?rest_route=\/wp\/v2\/posts"}],"about":[{"href":"https:\/\/www.altercampagne.net\/index.php?rest_route=\/wp\/v2\/types\/post"}],"author":[{"embeddable":true,"href":"https:\/\/www.altercampagne.net\/index.php?rest_route=\/wp\/v2\/users\/215"}],"replies":[{"embeddable":true,"href":"https:\/\/www.altercampagne.net\/index.php?rest_route=%2Fwp%2Fv2%2Fcomments&post=14733"}],"version-history":[{"count":1,"href":"https:\/\/www.altercampagne.net\/index.php?rest_route=\/wp\/v2\/posts\/14733\/revisions"}],"predecessor-version":[{"id":17187,"href":"https:\/\/www.altercampagne.net\/index.php?rest_route=\/wp\/v2\/posts\/14733\/revisions\/17187"}],"wp:featuredmedia":[{"embeddable":true,"href":"https:\/\/www.altercampagne.net\/index.php?rest_route=\/wp\/v2\/media\/15206"}],"wp:attachment":[{"href":"https:\/\/www.altercampagne.net\/index.php?rest_route=%2Fwp%2Fv2%2Fmedia&parent=14733"}],"wp:term":[{"taxonomy":"category","embeddable":true,"href":"https:\/\/www.altercampagne.net\/index.php?rest_route=%2Fwp%2Fv2%2Fcategories&post=14733"},{"taxonomy":"post_tag","embeddable":true,"href":"https:\/\/www.altercampagne.net\/index.php?rest_route=%2Fwp%2Fv2%2Ftags&post=14733"}],"curies":[{"name":"wp","href":"https:\/\/api.w.org\/{rel}","templated":true}]}}