{"id":14747,"date":"2019-07-13T19:06:20","date_gmt":"2019-07-13T17:06:20","guid":{"rendered":"http:\/\/www.altercampagne.net\/?p=14747"},"modified":"2019-12-17T19:17:40","modified_gmt":"2019-12-17T18:17:40","slug":"visite-de-yourteco-de-letincelle-et-de-la-marge-a-angers-pour-la-premiere-etape-de-ledition-2019","status":"publish","type":"post","link":"https:\/\/www.altercampagne.net\/?p=14747","title":{"rendered":"Grand d\u00e9part 2019 : avec YourtEco, de l\u2019Etincelle et la Marge !"},"content":{"rendered":"\n<p>Aujourd&rsquo;hui, c&rsquo;est la premi\u00e8re \u00e9tape de l&rsquo;AlterTour 2019, qui a d\u00e9marr\u00e9 \u00e0 Daumeray en Maine-et-Loire ! Ce sont les premiers kilom\u00e8tres d&rsquo;un long p\u00e9riple qui va nous amener jusqu&rsquo;\u00e0 Pau dans 5 semaines et plus de 800 kilom\u00e8tres ! <\/p>\n\n\n\n<h4 class=\"wp-block-heading\">L&rsquo;\u00e9t\u00e9 de bivouac d\u00e9marre sous les yourtes<\/h4>\n\n\n\n<p>Le d\u00e9part de l\u2019AlterTour cette ann\u00e9e a lieu \u00e0<a rel=\"noreferrer noopener\" aria-label=\" Yourteco (s\u2019ouvre dans un nouvel onglet)\" href=\"https:\/\/www.yourteco.com\/\" target=\"_blank\"> <\/a><strong><a rel=\"noreferrer noopener\" aria-label=\" Yourteco (s\u2019ouvre dans un nouvel onglet)\" href=\"https:\/\/www.yourteco.com\/\" target=\"_blank\">Yourteco<\/a><\/strong>, \u00e0 trente kilom\u00e8tres d&rsquo;Angers. C\u2019est un atelier de construction de yourtes bien s\u00fbr, mais il est aussi propos\u00e9 des yourtes en location \u00e0 l\u2019ann\u00e9e sur le terrain, avec un b\u00e2timent en collectif pour la cuisine et les sanitaires, des toilettes s\u00e8ches et un syst\u00e8me de phyto-\u00e9puration pour l\u2019eau.<\/p>\n\n\n\n<p>A 9 h, nous quittons <strong>YourteEco<\/strong>, sa piscine naturelle idyllique et son orchestre de grenouille, pour un parcours de 30 km le matin jusqu\u2019\u00e0 Angers. Apr\u00e8s avoir bien mang\u00e9 (merci Delphine, Ludo et Ivan), l\u2019apr\u00e8s-midi est consacr\u00e9e \u00e0 la pr\u00e9sentation de <strong>l\u2019Etincelle et de la Marge.<\/strong><\/p>\n\n\n\n<h4 class=\"wp-block-heading\">L\u2019Etincelle, lieu de lutte et de contre-culture<\/h4>\n\n\n\n<p>L<strong><a href=\"https:\/\/etincelleangers.wordpress.com\/\" target=\"_blank\" rel=\"noreferrer noopener\" aria-label=\"\u2019Etincel (s\u2019ouvre dans un nouvel onglet)\">\u2019Etincel<\/a><a href=\"https:\/\/etincelleangers.wordpress.com\/\">le<\/a><\/strong> est un lieu autog\u00e9r\u00e9 par plusieurs associations et collectifs. A sa cr\u00e9ation il y a 20 ans, elle s\u2019appelait &nbsp;Maison Angevine des Mouvements Alternatifs, et \u00e9tait situ\u00e9e en centre-ville. Elle est d\u00e9sormais en p\u00e9riph\u00e9rie, mais juste \u00e0 c\u00f4t\u00e9 du Chabada, salle de concert bien connue en musiques actuelles. En dehors des r\u00e9unions r\u00e9guli\u00e8res des diff\u00e9rentes assos, l\u2019Etincelle propose des concerts, vid\u00e9o-projections, conf\u00e9rences, ateliers militants (f\u00e9minisme, soutien aux migrants, lutte contre le racisme, \u2026) C\u2019est un lieu de lutte et de contre-culture reconnu et soutenu, dans une ville de tradition plut\u00f4t bourgeoise et catholique.<\/p>\n\n\n\n<h4 class=\"wp-block-heading\">A La Marge, on relie des livres \u00e0 la main<\/h4>\n\n\n\n<p>La<a rel=\"noreferrer noopener\" aria-label=\" Marge (s\u2019ouvre dans un nouvel onglet)\" href=\"https:\/\/www.atelierlamarge.fr\/\" target=\"_blank\"> <strong>Marge<\/strong><\/a> est une petite maison d\u2019\u00e9dition bas\u00e9e sur la transformation de mat\u00e9riaux, r\u00e9cup\u00e9r\u00e9s dans la rue, notamment le carton. Elle fabrique des livres artisanaux et fait la promotion d\u2019\u0153uvres litt\u00e9raires et graphiques fran\u00e7aise ou \u00e9trang\u00e8res. Elle fait partie d\u2019un r\u00e9seau international de \u00ab&nbsp;cartoneras&nbsp;\u00bb, avec qui elle partage certains textes. Tous ses livres sont reli\u00e9s \u00e0 la main, en \u00e9dition limit\u00e9e.<\/p>\n\n\n\n<p>La Marge propose dimanche 2 ateliers pour fabriquer\nnous-m\u00eames un livre reli\u00e9 de leur collection.<\/p>\n\n\n\n<p>Les 14 et 15 septembre, ils vont organiser leur premier\nfestival des \u00e9diteurs ind\u00e9pendants, avec des ateliers, lectures musicales et\ndes concerts en soir\u00e9e \u00e0 La Dagueni\u00e8re (49)<\/p>\n\n\n\n<p class=\"has-text-align-right\"><strong>Eric<\/strong><\/p>\n\n\n<p><iframe loading=\"lazy\" title=\"vimeo-player\" src=\"https:\/\/player.vimeo.com\/video\/68301986\" allowfullscreen=\"\" width=\"640\" height=\"360\" frameborder=\"0\"><\/iframe><\/p>","protected":false},"excerpt":{"rendered":"<p>Aujourd&rsquo;hui, c&rsquo;est la premi\u00e8re \u00e9tape de l&rsquo;AlterTour 2019, qui a d\u00e9marr\u00e9 \u00e0 Daumeray en Maine-et-Loire ! Ce sont les premiers kilom\u00e8tres d&rsquo;un long p\u00e9riple qui va nous amener jusqu&rsquo;\u00e0 Pau dans 5 semaines et plus de 800 kilom\u00e8tres ! L&rsquo;\u00e9t\u00e9 de bivouac d\u00e9marre sous les yourtes Le d\u00e9part de l\u2019AlterTour &#8230; <\/p>\n<div><a href=\"https:\/\/www.altercampagne.net\/?p=14747\" class=\"more-link\">Read More<\/a><\/div>\n","protected":false},"author":215,"featured_media":14764,"comment_status":"closed","ping_status":"closed","sticky":false,"template":"","format":"standard","meta":{"footnotes":""},"categories":[3473,3490,3773,3485,3542,3488],"tags":[894,2136,2146,4102,4103,4104,4105],"class_list":["post-14747","post","type-post","status-publish","format-standard","has-post-thumbnail","hentry","category-centre-val-de-loire","category-culture","category-edition-2019","category-habitat","category-lutte","category-social","tag-pays-de-la-loire","tag-maine-et-loire","tag-angers","tag-yourteco","tag-etincelle","tag-la-marge","tag-daumeray"],"yoast_head":"<!-- This site is optimized with the Yoast SEO plugin v27.3 - https:\/\/yoast.com\/product\/yoast-seo-wordpress\/ -->\n<title>Grand d\u00e9part 2019 : avec YourtEco, de l\u2019Etincelle et la Marge ! - AlterTour<\/title>\n<meta name=\"robots\" content=\"index, follow, max-snippet:-1, max-image-preview:large, max-video-preview:-1\" \/>\n<link rel=\"canonical\" href=\"https:\/\/www.altercampagne.net\/?p=14747\" \/>\n<meta property=\"og:locale\" content=\"fr_FR\" \/>\n<meta property=\"og:type\" content=\"article\" \/>\n<meta property=\"og:title\" content=\"Grand d\u00e9part 2019 : avec YourtEco, de l\u2019Etincelle et la Marge ! - AlterTour\" \/>\n<meta property=\"og:description\" content=\"Aujourd&rsquo;hui, c&rsquo;est la premi\u00e8re \u00e9tape de l&rsquo;AlterTour 2019, qui a d\u00e9marr\u00e9 \u00e0 Daumeray en Maine-et-Loire ! Ce sont les premiers kilom\u00e8tres d&rsquo;un long p\u00e9riple qui va nous amener jusqu&rsquo;\u00e0 Pau dans 5 semaines et plus de 800 kilom\u00e8tres ! L&rsquo;\u00e9t\u00e9 de bivouac d\u00e9marre sous les yourtes Le d\u00e9part de l\u2019AlterTour ... Read More\" \/>\n<meta property=\"og:url\" content=\"https:\/\/www.altercampagne.net\/?p=14747\" \/>\n<meta property=\"og:site_name\" content=\"AlterTour\" \/>\n<meta property=\"article:published_time\" content=\"2019-07-13T17:06:20+00:00\" \/>\n<meta property=\"article:modified_time\" content=\"2019-12-17T18:17:40+00:00\" \/>\n<meta property=\"og:image\" content=\"https:\/\/www.altercampagne.net\/wp-content\/uploads\/2019\/07\/2019-07-13-DSCF0143.jpg\" \/>\n\t<meta property=\"og:image:width\" content=\"881\" \/>\n\t<meta property=\"og:image:height\" content=\"460\" \/>\n\t<meta property=\"og:image:type\" content=\"image\/jpeg\" \/>\n<meta name=\"author\" content=\"AlterTour\" \/>\n<meta name=\"twitter:card\" content=\"summary_large_image\" \/>\n<meta name=\"twitter:label1\" content=\"\u00c9crit par\" \/>\n\t<meta name=\"twitter:data1\" content=\"AlterTour\" \/>\n\t<meta name=\"twitter:label2\" content=\"Dur\u00e9e de lecture estim\u00e9e\" \/>\n\t<meta name=\"twitter:data2\" content=\"2 minutes\" \/>\n<script type=\"application\/ld+json\" class=\"yoast-schema-graph\">{\"@context\":\"https:\\\/\\\/schema.org\",\"@graph\":[{\"@type\":\"Article\",\"@id\":\"https:\\\/\\\/www.altercampagne.net\\\/?p=14747#article\",\"isPartOf\":{\"@id\":\"https:\\\/\\\/www.altercampagne.net\\\/?p=14747\"},\"author\":{\"name\":\"AlterTour\",\"@id\":\"https:\\\/\\\/www.altercampagne.net\\\/#\\\/schema\\\/person\\\/e5b68c803196f649c2152249d262d94a\"},\"headline\":\"Grand d\u00e9part 2019 : avec YourtEco, de l\u2019Etincelle et la Marge !\",\"datePublished\":\"2019-07-13T17:06:20+00:00\",\"dateModified\":\"2019-12-17T18:17:40+00:00\",\"mainEntityOfPage\":{\"@id\":\"https:\\\/\\\/www.altercampagne.net\\\/?p=14747\"},\"wordCount\":428,\"image\":{\"@id\":\"https:\\\/\\\/www.altercampagne.net\\\/?p=14747#primaryimage\"},\"thumbnailUrl\":\"https:\\\/\\\/www.altercampagne.net\\\/wp-content\\\/uploads\\\/2019\\\/07\\\/2019-07-13-DSCF0143.jpg\",\"keywords\":[\"Pays de la Loire\",\"Maine-et-Loire\",\"Angers\",\"yourtEco\",\"Etincelle\",\"LA Marge\",\"Daumeray\"],\"articleSection\":[\"Centre-Val de Loire\",\"Culture\",\"Edition 2019\",\"Habitat\",\"Lutte\",\"Social\"],\"inLanguage\":\"fr-FR\"},{\"@type\":\"WebPage\",\"@id\":\"https:\\\/\\\/www.altercampagne.net\\\/?p=14747\",\"url\":\"https:\\\/\\\/www.altercampagne.net\\\/?p=14747\",\"name\":\"Grand d\u00e9part 2019 : avec YourtEco, de l\u2019Etincelle et la Marge ! - AlterTour\",\"isPartOf\":{\"@id\":\"https:\\\/\\\/www.altercampagne.net\\\/#website\"},\"primaryImageOfPage\":{\"@id\":\"https:\\\/\\\/www.altercampagne.net\\\/?p=14747#primaryimage\"},\"image\":{\"@id\":\"https:\\\/\\\/www.altercampagne.net\\\/?p=14747#primaryimage\"},\"thumbnailUrl\":\"https:\\\/\\\/www.altercampagne.net\\\/wp-content\\\/uploads\\\/2019\\\/07\\\/2019-07-13-DSCF0143.jpg\",\"datePublished\":\"2019-07-13T17:06:20+00:00\",\"dateModified\":\"2019-12-17T18:17:40+00:00\",\"author\":{\"@id\":\"https:\\\/\\\/www.altercampagne.net\\\/#\\\/schema\\\/person\\\/e5b68c803196f649c2152249d262d94a\"},\"breadcrumb\":{\"@id\":\"https:\\\/\\\/www.altercampagne.net\\\/?p=14747#breadcrumb\"},\"inLanguage\":\"fr-FR\",\"potentialAction\":[{\"@type\":\"ReadAction\",\"target\":[\"https:\\\/\\\/www.altercampagne.net\\\/?p=14747\"]}]},{\"@type\":\"ImageObject\",\"inLanguage\":\"fr-FR\",\"@id\":\"https:\\\/\\\/www.altercampagne.net\\\/?p=14747#primaryimage\",\"url\":\"https:\\\/\\\/www.altercampagne.net\\\/wp-content\\\/uploads\\\/2019\\\/07\\\/2019-07-13-DSCF0143.jpg\",\"contentUrl\":\"https:\\\/\\\/www.altercampagne.net\\\/wp-content\\\/uploads\\\/2019\\\/07\\\/2019-07-13-DSCF0143.jpg\",\"width\":881,\"height\":460},{\"@type\":\"BreadcrumbList\",\"@id\":\"https:\\\/\\\/www.altercampagne.net\\\/?p=14747#breadcrumb\",\"itemListElement\":[{\"@type\":\"ListItem\",\"position\":1,\"name\":\"Accueil\",\"item\":\"https:\\\/\\\/www.altercampagne.net\\\/\"},{\"@type\":\"ListItem\",\"position\":2,\"name\":\"Grand d\u00e9part 2019 : avec YourtEco, de l\u2019Etincelle et la Marge !\"}]},{\"@type\":\"WebSite\",\"@id\":\"https:\\\/\\\/www.altercampagne.net\\\/#website\",\"url\":\"https:\\\/\\\/www.altercampagne.net\\\/\",\"name\":\"AlterTour\",\"description\":\"Reliez les Alternatives \u00e0 v\u00e9lo\",\"potentialAction\":[{\"@type\":\"SearchAction\",\"target\":{\"@type\":\"EntryPoint\",\"urlTemplate\":\"https:\\\/\\\/www.altercampagne.net\\\/?s={search_term_string}\"},\"query-input\":{\"@type\":\"PropertyValueSpecification\",\"valueRequired\":true,\"valueName\":\"search_term_string\"}}],\"inLanguage\":\"fr-FR\"},{\"@type\":\"Person\",\"@id\":\"https:\\\/\\\/www.altercampagne.net\\\/#\\\/schema\\\/person\\\/e5b68c803196f649c2152249d262d94a\",\"name\":\"AlterTour\",\"image\":{\"@type\":\"ImageObject\",\"inLanguage\":\"fr-FR\",\"@id\":\"https:\\\/\\\/secure.gravatar.com\\\/avatar\\\/3f2ed77f8506b8ea264ad5938bb0114bfa10f35b64086a66dfbb6e9f58ad9693?s=96&d=mm&r=g\",\"url\":\"https:\\\/\\\/secure.gravatar.com\\\/avatar\\\/3f2ed77f8506b8ea264ad5938bb0114bfa10f35b64086a66dfbb6e9f58ad9693?s=96&d=mm&r=g\",\"contentUrl\":\"https:\\\/\\\/secure.gravatar.com\\\/avatar\\\/3f2ed77f8506b8ea264ad5938bb0114bfa10f35b64086a66dfbb6e9f58ad9693?s=96&d=mm&r=g\",\"caption\":\"AlterTour\"},\"url\":\"https:\\\/\\\/www.altercampagne.net\\\/?author=215\"}]}<\/script>\n<!-- \/ Yoast SEO plugin. -->","yoast_head_json":{"title":"Grand d\u00e9part 2019 : avec YourtEco, de l\u2019Etincelle et la Marge ! - AlterTour","robots":{"index":"index","follow":"follow","max-snippet":"max-snippet:-1","max-image-preview":"max-image-preview:large","max-video-preview":"max-video-preview:-1"},"canonical":"https:\/\/www.altercampagne.net\/?p=14747","og_locale":"fr_FR","og_type":"article","og_title":"Grand d\u00e9part 2019 : avec YourtEco, de l\u2019Etincelle et la Marge ! - AlterTour","og_description":"Aujourd&rsquo;hui, c&rsquo;est la premi\u00e8re \u00e9tape de l&rsquo;AlterTour 2019, qui a d\u00e9marr\u00e9 \u00e0 Daumeray en Maine-et-Loire ! Ce sont les premiers kilom\u00e8tres d&rsquo;un long p\u00e9riple qui va nous amener jusqu&rsquo;\u00e0 Pau dans 5 semaines et plus de 800 kilom\u00e8tres ! L&rsquo;\u00e9t\u00e9 de bivouac d\u00e9marre sous les yourtes Le d\u00e9part de l\u2019AlterTour ... Read More","og_url":"https:\/\/www.altercampagne.net\/?p=14747","og_site_name":"AlterTour","article_published_time":"2019-07-13T17:06:20+00:00","article_modified_time":"2019-12-17T18:17:40+00:00","og_image":[{"width":881,"height":460,"url":"https:\/\/www.altercampagne.net\/wp-content\/uploads\/2019\/07\/2019-07-13-DSCF0143.jpg","type":"image\/jpeg"}],"author":"AlterTour","twitter_card":"summary_large_image","twitter_misc":{"\u00c9crit par":"AlterTour","Dur\u00e9e de lecture estim\u00e9e":"2 minutes"},"schema":{"@context":"https:\/\/schema.org","@graph":[{"@type":"Article","@id":"https:\/\/www.altercampagne.net\/?p=14747#article","isPartOf":{"@id":"https:\/\/www.altercampagne.net\/?p=14747"},"author":{"name":"AlterTour","@id":"https:\/\/www.altercampagne.net\/#\/schema\/person\/e5b68c803196f649c2152249d262d94a"},"headline":"Grand d\u00e9part 2019 : avec YourtEco, de l\u2019Etincelle et la Marge !","datePublished":"2019-07-13T17:06:20+00:00","dateModified":"2019-12-17T18:17:40+00:00","mainEntityOfPage":{"@id":"https:\/\/www.altercampagne.net\/?p=14747"},"wordCount":428,"image":{"@id":"https:\/\/www.altercampagne.net\/?p=14747#primaryimage"},"thumbnailUrl":"https:\/\/www.altercampagne.net\/wp-content\/uploads\/2019\/07\/2019-07-13-DSCF0143.jpg","keywords":["Pays de la Loire","Maine-et-Loire","Angers","yourtEco","Etincelle","LA Marge","Daumeray"],"articleSection":["Centre-Val de Loire","Culture","Edition 2019","Habitat","Lutte","Social"],"inLanguage":"fr-FR"},{"@type":"WebPage","@id":"https:\/\/www.altercampagne.net\/?p=14747","url":"https:\/\/www.altercampagne.net\/?p=14747","name":"Grand d\u00e9part 2019 : avec YourtEco, de l\u2019Etincelle et la Marge ! - AlterTour","isPartOf":{"@id":"https:\/\/www.altercampagne.net\/#website"},"primaryImageOfPage":{"@id":"https:\/\/www.altercampagne.net\/?p=14747#primaryimage"},"image":{"@id":"https:\/\/www.altercampagne.net\/?p=14747#primaryimage"},"thumbnailUrl":"https:\/\/www.altercampagne.net\/wp-content\/uploads\/2019\/07\/2019-07-13-DSCF0143.jpg","datePublished":"2019-07-13T17:06:20+00:00","dateModified":"2019-12-17T18:17:40+00:00","author":{"@id":"https:\/\/www.altercampagne.net\/#\/schema\/person\/e5b68c803196f649c2152249d262d94a"},"breadcrumb":{"@id":"https:\/\/www.altercampagne.net\/?p=14747#breadcrumb"},"inLanguage":"fr-FR","potentialAction":[{"@type":"ReadAction","target":["https:\/\/www.altercampagne.net\/?p=14747"]}]},{"@type":"ImageObject","inLanguage":"fr-FR","@id":"https:\/\/www.altercampagne.net\/?p=14747#primaryimage","url":"https:\/\/www.altercampagne.net\/wp-content\/uploads\/2019\/07\/2019-07-13-DSCF0143.jpg","contentUrl":"https:\/\/www.altercampagne.net\/wp-content\/uploads\/2019\/07\/2019-07-13-DSCF0143.jpg","width":881,"height":460},{"@type":"BreadcrumbList","@id":"https:\/\/www.altercampagne.net\/?p=14747#breadcrumb","itemListElement":[{"@type":"ListItem","position":1,"name":"Accueil","item":"https:\/\/www.altercampagne.net\/"},{"@type":"ListItem","position":2,"name":"Grand d\u00e9part 2019 : avec YourtEco, de l\u2019Etincelle et la Marge !"}]},{"@type":"WebSite","@id":"https:\/\/www.altercampagne.net\/#website","url":"https:\/\/www.altercampagne.net\/","name":"AlterTour","description":"Reliez les Alternatives \u00e0 v\u00e9lo","potentialAction":[{"@type":"SearchAction","target":{"@type":"EntryPoint","urlTemplate":"https:\/\/www.altercampagne.net\/?s={search_term_string}"},"query-input":{"@type":"PropertyValueSpecification","valueRequired":true,"valueName":"search_term_string"}}],"inLanguage":"fr-FR"},{"@type":"Person","@id":"https:\/\/www.altercampagne.net\/#\/schema\/person\/e5b68c803196f649c2152249d262d94a","name":"AlterTour","image":{"@type":"ImageObject","inLanguage":"fr-FR","@id":"https:\/\/secure.gravatar.com\/avatar\/3f2ed77f8506b8ea264ad5938bb0114bfa10f35b64086a66dfbb6e9f58ad9693?s=96&d=mm&r=g","url":"https:\/\/secure.gravatar.com\/avatar\/3f2ed77f8506b8ea264ad5938bb0114bfa10f35b64086a66dfbb6e9f58ad9693?s=96&d=mm&r=g","contentUrl":"https:\/\/secure.gravatar.com\/avatar\/3f2ed77f8506b8ea264ad5938bb0114bfa10f35b64086a66dfbb6e9f58ad9693?s=96&d=mm&r=g","caption":"AlterTour"},"url":"https:\/\/www.altercampagne.net\/?author=215"}]}},"_links":{"self":[{"href":"https:\/\/www.altercampagne.net\/index.php?rest_route=\/wp\/v2\/posts\/14747","targetHints":{"allow":["GET"]}}],"collection":[{"href":"https:\/\/www.altercampagne.net\/index.php?rest_route=\/wp\/v2\/posts"}],"about":[{"href":"https:\/\/www.altercampagne.net\/index.php?rest_route=\/wp\/v2\/types\/post"}],"author":[{"embeddable":true,"href":"https:\/\/www.altercampagne.net\/index.php?rest_route=\/wp\/v2\/users\/215"}],"replies":[{"embeddable":true,"href":"https:\/\/www.altercampagne.net\/index.php?rest_route=%2Fwp%2Fv2%2Fcomments&post=14747"}],"version-history":[{"count":0,"href":"https:\/\/www.altercampagne.net\/index.php?rest_route=\/wp\/v2\/posts\/14747\/revisions"}],"wp:featuredmedia":[{"embeddable":true,"href":"https:\/\/www.altercampagne.net\/index.php?rest_route=\/wp\/v2\/media\/14764"}],"wp:attachment":[{"href":"https:\/\/www.altercampagne.net\/index.php?rest_route=%2Fwp%2Fv2%2Fmedia&parent=14747"}],"wp:term":[{"taxonomy":"category","embeddable":true,"href":"https:\/\/www.altercampagne.net\/index.php?rest_route=%2Fwp%2Fv2%2Fcategories&post=14747"},{"taxonomy":"post_tag","embeddable":true,"href":"https:\/\/www.altercampagne.net\/index.php?rest_route=%2Fwp%2Fv2%2Ftags&post=14747"}],"curies":[{"name":"wp","href":"https:\/\/api.w.org\/{rel}","templated":true}]}}