{"id":14753,"date":"2019-07-15T19:43:39","date_gmt":"2019-07-15T17:43:39","guid":{"rendered":"http:\/\/www.altercampagne.net\/?p=14753"},"modified":"2019-12-17T19:23:14","modified_gmt":"2019-12-17T18:23:14","slug":"des-moulins-a-vent-au-fil-de-la-loire-a-velorution","status":"publish","type":"post","link":"https:\/\/www.altercampagne.net\/?p=14753","title":{"rendered":"Des moulins \u00e0 vent au fil de la Loire \u00e0 v\u00e9lo(rution)"},"content":{"rendered":"\n<p>Sur cette \u00e9tape, nous avons d\u00e9couvert l\u2019histoire des moulins \u00e0 vent au fil de la Loire et de ses affluents, pour terminer la journ\u00e9e sur le <a href=\"http:\/\/www.lenincafe.com\/\"><strong>Lenincaf\u00e9<\/strong><\/a>, bistrot-guinguette sur une ile de la Loire. <\/p>\n\n\n\n<p>Le d\u00e9part commence de mani\u00e8re technique&nbsp;: Nous\ntraversons Angers en mode \u00ab&nbsp;v\u00e9lorution&nbsp;\u00bb. Simple, efficace, nous\nformons un seul peloton, qui devient un seul v\u00e9hicule, plus gros qu\u2019un camion.\nNotre bulldozer collectif passe partout, essuie quelques regard agac\u00e9s et c\u2019est\ntout. Nous sommes pourtant une cinquantaine&nbsp;!<\/p>\n\n\n\n<p>La suite longe la Maine sur un chemin ombrag\u00e9 par les\narbres, bossel\u00e9 \u00e0 souhaite. R\u00e9gion de belles grandes rivi\u00e8res, nous\ntraverserons aussi la Loire et le Layon.<\/p>\n\n\n\n<h4 class=\"wp-block-heading\">Visite des moulins \u00e0 vent <\/h4>\n\n\n\n<p>En haut d\u2019une belle c\u00f4te, il y a la pause de midi, et la rencontre avec le monde des moulins \u00e0 vent. Des passionn\u00e9s nous racontent\u00a0: l\u2019histoire, le contexte social, comment ils ont \u00e9t\u00e9 remplac\u00e9s, pourquoi ils ont \u00e9t\u00e9 remplac\u00e9s, pourquoi sauvegarder ce patrimoine, l\u2019ing\u00e9niosit\u00e9 technique, le quotidien du meunier. On se dispute les places pour visiter le moulin, mais tout le monde finira par y aller. Les pales finiront m\u00eame par tourner un peu, manquant de toucher Elina, sauv\u00e9e par Bruno\u2026<\/p>\n\n\n\n<p>Un moulin \u00e0 vent, c\u2019est une histoire de farine tr\u00e8s locale\nqui utilise une \u00e9nergie vachement \u00e0 la mode en ce moment&nbsp;!<\/p>\n\n\n\n<h4 class=\"wp-block-heading\">Le LeninCaf\u00e9, mus\u00e9e, lieu culturel et associatif<\/h4>\n\n\n\n<p>La suite du chemin commence par une belle descente, qui nous fait atterrir au <strong><a rel=\"noreferrer noopener\" aria-label=\"LeninCaf\u00e9  (s\u2019ouvre dans un nouvel onglet)\" href=\"https:\/\/www.lenincafe.com\/\" target=\"_blank\">LeninCaf\u00e9 <\/a><\/strong>, sur une \u00eele de la Loire. Le LeninCaf\u00e9, c\u2019est un mus\u00e9e de pleins d\u2019objets \u00a0\u00e0 l\u2019effigie de L\u00e9nine, r\u00e9colt\u00e9s par\u00a0 Martine en Europe de l\u2019Est dans son \u00e9poque communiste, un lieu culturel, et un bar associatif avec de la bonne bi\u00e8re\u00a0! Certains disent que c\u2019est le plus grand mus\u00e9e du monde sur L\u00e9nine, surtout parce-que c\u2019est le seul au monde (\u00a0!)\u00a0 Nous y sommes tr\u00e8s bien accueillis.<\/p>\n\n\n\n<p>Le concert du soir, c\u2019est <strong><a href=\"https:\/\/fr-fr.facebook.com\/choralealacon\/\" target=\"_blank\" rel=\"noreferrer noopener\" aria-label=\"La Chorale \u00e0 la Con (s\u2019ouvre dans un nouvel onglet)\">La Chorale \u00e0 la Con<\/a><\/strong>, absolument g\u00e9niale, \u00e0 d\u00e9couvrir, j\u2019en dis pas plus\u00a0!<\/p>\n\n\n\n<figure><iframe loading=\"lazy\" src=\"https:\/\/www.youtube.com\/embed\/ZMkZ6h9jL68\" allowfullscreen=\"\" width=\"560\" height=\"315\"><\/iframe><\/figure>\n","protected":false},"excerpt":{"rendered":"<p>Sur cette \u00e9tape, nous avons d\u00e9couvert l\u2019histoire des moulins \u00e0 vent au fil de la Loire et de ses affluents, pour terminer la journ\u00e9e sur le Lenincaf\u00e9, bistrot-guinguette sur une ile de la Loire. <\/p>\n","protected":false},"author":215,"featured_media":14768,"comment_status":"closed","ping_status":"closed","sticky":false,"template":"","format":"standard","meta":{"footnotes":""},"categories":[3473,3490,3773,3488],"tags":[894,2136,4106,4107,4109,4110],"class_list":["post-14753","post","type-post","status-publish","format-standard","has-post-thumbnail","hentry","category-centre-val-de-loire","category-culture","category-edition-2019","category-social","tag-pays-de-la-loire","tag-maine-et-loire","tag-lenincafe","tag-chalonnes-sur-loire","tag-la-chorale-a-la-con","tag-moulins-dardenay"],"yoast_head":"<!-- This site is optimized with the Yoast SEO plugin v27.3 - https:\/\/yoast.com\/product\/yoast-seo-wordpress\/ -->\n<title>Des moulins \u00e0 vent au fil de la Loire \u00e0 v\u00e9lo(rution) - AlterTour<\/title>\n<meta name=\"robots\" content=\"index, follow, max-snippet:-1, max-image-preview:large, max-video-preview:-1\" \/>\n<link rel=\"canonical\" href=\"https:\/\/www.altercampagne.net\/?p=14753\" \/>\n<meta property=\"og:locale\" content=\"fr_FR\" \/>\n<meta property=\"og:type\" content=\"article\" \/>\n<meta property=\"og:title\" content=\"Des moulins \u00e0 vent au fil de la Loire \u00e0 v\u00e9lo(rution) - AlterTour\" \/>\n<meta property=\"og:description\" content=\"Sur cette \u00e9tape, nous avons d\u00e9couvert l\u2019histoire des moulins \u00e0 vent au fil de la Loire et de ses affluents, pour terminer la journ\u00e9e sur le Lenincaf\u00e9, bistrot-guinguette sur une ile de la Loire.\" \/>\n<meta property=\"og:url\" content=\"https:\/\/www.altercampagne.net\/?p=14753\" \/>\n<meta property=\"og:site_name\" content=\"AlterTour\" \/>\n<meta property=\"article:published_time\" content=\"2019-07-15T17:43:39+00:00\" \/>\n<meta property=\"article:modified_time\" content=\"2019-12-17T18:23:14+00:00\" \/>\n<meta property=\"og:image\" content=\"https:\/\/www.altercampagne.net\/wp-content\/uploads\/2019\/07\/2019-07-15-DSCF0694.jpg\" \/>\n\t<meta property=\"og:image:width\" content=\"900\" \/>\n\t<meta property=\"og:image:height\" content=\"470\" \/>\n\t<meta property=\"og:image:type\" content=\"image\/jpeg\" \/>\n<meta name=\"author\" content=\"AlterTour\" \/>\n<meta name=\"twitter:card\" content=\"summary_large_image\" \/>\n<meta name=\"twitter:label1\" content=\"\u00c9crit par\" \/>\n\t<meta name=\"twitter:data1\" content=\"AlterTour\" \/>\n\t<meta name=\"twitter:label2\" content=\"Dur\u00e9e de lecture estim\u00e9e\" \/>\n\t<meta name=\"twitter:data2\" content=\"2 minutes\" \/>\n<script type=\"application\/ld+json\" class=\"yoast-schema-graph\">{\"@context\":\"https:\\\/\\\/schema.org\",\"@graph\":[{\"@type\":\"Article\",\"@id\":\"https:\\\/\\\/www.altercampagne.net\\\/?p=14753#article\",\"isPartOf\":{\"@id\":\"https:\\\/\\\/www.altercampagne.net\\\/?p=14753\"},\"author\":{\"name\":\"AlterTour\",\"@id\":\"https:\\\/\\\/www.altercampagne.net\\\/#\\\/schema\\\/person\\\/e5b68c803196f649c2152249d262d94a\"},\"headline\":\"Des moulins \u00e0 vent au fil de la Loire \u00e0 v\u00e9lo(rution)\",\"datePublished\":\"2019-07-15T17:43:39+00:00\",\"dateModified\":\"2019-12-17T18:23:14+00:00\",\"mainEntityOfPage\":{\"@id\":\"https:\\\/\\\/www.altercampagne.net\\\/?p=14753\"},\"wordCount\":372,\"image\":{\"@id\":\"https:\\\/\\\/www.altercampagne.net\\\/?p=14753#primaryimage\"},\"thumbnailUrl\":\"https:\\\/\\\/www.altercampagne.net\\\/wp-content\\\/uploads\\\/2019\\\/07\\\/2019-07-15-DSCF0694.jpg\",\"keywords\":[\"Pays de la Loire\",\"Maine-et-Loire\",\"lenincaf\u00e9\",\"Chalonnes-sur-Loire\",\"La Chorale A La Con\",\"Moulins Dardenay\"],\"articleSection\":[\"Centre-Val de Loire\",\"Culture\",\"Edition 2019\",\"Social\"],\"inLanguage\":\"fr-FR\"},{\"@type\":\"WebPage\",\"@id\":\"https:\\\/\\\/www.altercampagne.net\\\/?p=14753\",\"url\":\"https:\\\/\\\/www.altercampagne.net\\\/?p=14753\",\"name\":\"Des moulins \u00e0 vent au fil de la Loire \u00e0 v\u00e9lo(rution) - AlterTour\",\"isPartOf\":{\"@id\":\"https:\\\/\\\/www.altercampagne.net\\\/#website\"},\"primaryImageOfPage\":{\"@id\":\"https:\\\/\\\/www.altercampagne.net\\\/?p=14753#primaryimage\"},\"image\":{\"@id\":\"https:\\\/\\\/www.altercampagne.net\\\/?p=14753#primaryimage\"},\"thumbnailUrl\":\"https:\\\/\\\/www.altercampagne.net\\\/wp-content\\\/uploads\\\/2019\\\/07\\\/2019-07-15-DSCF0694.jpg\",\"datePublished\":\"2019-07-15T17:43:39+00:00\",\"dateModified\":\"2019-12-17T18:23:14+00:00\",\"author\":{\"@id\":\"https:\\\/\\\/www.altercampagne.net\\\/#\\\/schema\\\/person\\\/e5b68c803196f649c2152249d262d94a\"},\"breadcrumb\":{\"@id\":\"https:\\\/\\\/www.altercampagne.net\\\/?p=14753#breadcrumb\"},\"inLanguage\":\"fr-FR\",\"potentialAction\":[{\"@type\":\"ReadAction\",\"target\":[\"https:\\\/\\\/www.altercampagne.net\\\/?p=14753\"]}]},{\"@type\":\"ImageObject\",\"inLanguage\":\"fr-FR\",\"@id\":\"https:\\\/\\\/www.altercampagne.net\\\/?p=14753#primaryimage\",\"url\":\"https:\\\/\\\/www.altercampagne.net\\\/wp-content\\\/uploads\\\/2019\\\/07\\\/2019-07-15-DSCF0694.jpg\",\"contentUrl\":\"https:\\\/\\\/www.altercampagne.net\\\/wp-content\\\/uploads\\\/2019\\\/07\\\/2019-07-15-DSCF0694.jpg\",\"width\":900,\"height\":470},{\"@type\":\"BreadcrumbList\",\"@id\":\"https:\\\/\\\/www.altercampagne.net\\\/?p=14753#breadcrumb\",\"itemListElement\":[{\"@type\":\"ListItem\",\"position\":1,\"name\":\"Accueil\",\"item\":\"https:\\\/\\\/www.altercampagne.net\\\/\"},{\"@type\":\"ListItem\",\"position\":2,\"name\":\"Des moulins \u00e0 vent au fil de la Loire \u00e0 v\u00e9lo(rution)\"}]},{\"@type\":\"WebSite\",\"@id\":\"https:\\\/\\\/www.altercampagne.net\\\/#website\",\"url\":\"https:\\\/\\\/www.altercampagne.net\\\/\",\"name\":\"AlterTour\",\"description\":\"Reliez les Alternatives \u00e0 v\u00e9lo\",\"potentialAction\":[{\"@type\":\"SearchAction\",\"target\":{\"@type\":\"EntryPoint\",\"urlTemplate\":\"https:\\\/\\\/www.altercampagne.net\\\/?s={search_term_string}\"},\"query-input\":{\"@type\":\"PropertyValueSpecification\",\"valueRequired\":true,\"valueName\":\"search_term_string\"}}],\"inLanguage\":\"fr-FR\"},{\"@type\":\"Person\",\"@id\":\"https:\\\/\\\/www.altercampagne.net\\\/#\\\/schema\\\/person\\\/e5b68c803196f649c2152249d262d94a\",\"name\":\"AlterTour\",\"image\":{\"@type\":\"ImageObject\",\"inLanguage\":\"fr-FR\",\"@id\":\"https:\\\/\\\/secure.gravatar.com\\\/avatar\\\/3f2ed77f8506b8ea264ad5938bb0114bfa10f35b64086a66dfbb6e9f58ad9693?s=96&d=mm&r=g\",\"url\":\"https:\\\/\\\/secure.gravatar.com\\\/avatar\\\/3f2ed77f8506b8ea264ad5938bb0114bfa10f35b64086a66dfbb6e9f58ad9693?s=96&d=mm&r=g\",\"contentUrl\":\"https:\\\/\\\/secure.gravatar.com\\\/avatar\\\/3f2ed77f8506b8ea264ad5938bb0114bfa10f35b64086a66dfbb6e9f58ad9693?s=96&d=mm&r=g\",\"caption\":\"AlterTour\"},\"url\":\"https:\\\/\\\/www.altercampagne.net\\\/?author=215\"}]}<\/script>\n<!-- \/ Yoast SEO plugin. -->","yoast_head_json":{"title":"Des moulins \u00e0 vent au fil de la Loire \u00e0 v\u00e9lo(rution) - AlterTour","robots":{"index":"index","follow":"follow","max-snippet":"max-snippet:-1","max-image-preview":"max-image-preview:large","max-video-preview":"max-video-preview:-1"},"canonical":"https:\/\/www.altercampagne.net\/?p=14753","og_locale":"fr_FR","og_type":"article","og_title":"Des moulins \u00e0 vent au fil de la Loire \u00e0 v\u00e9lo(rution) - AlterTour","og_description":"Sur cette \u00e9tape, nous avons d\u00e9couvert l\u2019histoire des moulins \u00e0 vent au fil de la Loire et de ses affluents, pour terminer la journ\u00e9e sur le Lenincaf\u00e9, bistrot-guinguette sur une ile de la Loire.","og_url":"https:\/\/www.altercampagne.net\/?p=14753","og_site_name":"AlterTour","article_published_time":"2019-07-15T17:43:39+00:00","article_modified_time":"2019-12-17T18:23:14+00:00","og_image":[{"width":900,"height":470,"url":"https:\/\/www.altercampagne.net\/wp-content\/uploads\/2019\/07\/2019-07-15-DSCF0694.jpg","type":"image\/jpeg"}],"author":"AlterTour","twitter_card":"summary_large_image","twitter_misc":{"\u00c9crit par":"AlterTour","Dur\u00e9e de lecture estim\u00e9e":"2 minutes"},"schema":{"@context":"https:\/\/schema.org","@graph":[{"@type":"Article","@id":"https:\/\/www.altercampagne.net\/?p=14753#article","isPartOf":{"@id":"https:\/\/www.altercampagne.net\/?p=14753"},"author":{"name":"AlterTour","@id":"https:\/\/www.altercampagne.net\/#\/schema\/person\/e5b68c803196f649c2152249d262d94a"},"headline":"Des moulins \u00e0 vent au fil de la Loire \u00e0 v\u00e9lo(rution)","datePublished":"2019-07-15T17:43:39+00:00","dateModified":"2019-12-17T18:23:14+00:00","mainEntityOfPage":{"@id":"https:\/\/www.altercampagne.net\/?p=14753"},"wordCount":372,"image":{"@id":"https:\/\/www.altercampagne.net\/?p=14753#primaryimage"},"thumbnailUrl":"https:\/\/www.altercampagne.net\/wp-content\/uploads\/2019\/07\/2019-07-15-DSCF0694.jpg","keywords":["Pays de la Loire","Maine-et-Loire","lenincaf\u00e9","Chalonnes-sur-Loire","La Chorale A La Con","Moulins Dardenay"],"articleSection":["Centre-Val de Loire","Culture","Edition 2019","Social"],"inLanguage":"fr-FR"},{"@type":"WebPage","@id":"https:\/\/www.altercampagne.net\/?p=14753","url":"https:\/\/www.altercampagne.net\/?p=14753","name":"Des moulins \u00e0 vent au fil de la Loire \u00e0 v\u00e9lo(rution) - AlterTour","isPartOf":{"@id":"https:\/\/www.altercampagne.net\/#website"},"primaryImageOfPage":{"@id":"https:\/\/www.altercampagne.net\/?p=14753#primaryimage"},"image":{"@id":"https:\/\/www.altercampagne.net\/?p=14753#primaryimage"},"thumbnailUrl":"https:\/\/www.altercampagne.net\/wp-content\/uploads\/2019\/07\/2019-07-15-DSCF0694.jpg","datePublished":"2019-07-15T17:43:39+00:00","dateModified":"2019-12-17T18:23:14+00:00","author":{"@id":"https:\/\/www.altercampagne.net\/#\/schema\/person\/e5b68c803196f649c2152249d262d94a"},"breadcrumb":{"@id":"https:\/\/www.altercampagne.net\/?p=14753#breadcrumb"},"inLanguage":"fr-FR","potentialAction":[{"@type":"ReadAction","target":["https:\/\/www.altercampagne.net\/?p=14753"]}]},{"@type":"ImageObject","inLanguage":"fr-FR","@id":"https:\/\/www.altercampagne.net\/?p=14753#primaryimage","url":"https:\/\/www.altercampagne.net\/wp-content\/uploads\/2019\/07\/2019-07-15-DSCF0694.jpg","contentUrl":"https:\/\/www.altercampagne.net\/wp-content\/uploads\/2019\/07\/2019-07-15-DSCF0694.jpg","width":900,"height":470},{"@type":"BreadcrumbList","@id":"https:\/\/www.altercampagne.net\/?p=14753#breadcrumb","itemListElement":[{"@type":"ListItem","position":1,"name":"Accueil","item":"https:\/\/www.altercampagne.net\/"},{"@type":"ListItem","position":2,"name":"Des moulins \u00e0 vent au fil de la Loire \u00e0 v\u00e9lo(rution)"}]},{"@type":"WebSite","@id":"https:\/\/www.altercampagne.net\/#website","url":"https:\/\/www.altercampagne.net\/","name":"AlterTour","description":"Reliez les Alternatives \u00e0 v\u00e9lo","potentialAction":[{"@type":"SearchAction","target":{"@type":"EntryPoint","urlTemplate":"https:\/\/www.altercampagne.net\/?s={search_term_string}"},"query-input":{"@type":"PropertyValueSpecification","valueRequired":true,"valueName":"search_term_string"}}],"inLanguage":"fr-FR"},{"@type":"Person","@id":"https:\/\/www.altercampagne.net\/#\/schema\/person\/e5b68c803196f649c2152249d262d94a","name":"AlterTour","image":{"@type":"ImageObject","inLanguage":"fr-FR","@id":"https:\/\/secure.gravatar.com\/avatar\/3f2ed77f8506b8ea264ad5938bb0114bfa10f35b64086a66dfbb6e9f58ad9693?s=96&d=mm&r=g","url":"https:\/\/secure.gravatar.com\/avatar\/3f2ed77f8506b8ea264ad5938bb0114bfa10f35b64086a66dfbb6e9f58ad9693?s=96&d=mm&r=g","contentUrl":"https:\/\/secure.gravatar.com\/avatar\/3f2ed77f8506b8ea264ad5938bb0114bfa10f35b64086a66dfbb6e9f58ad9693?s=96&d=mm&r=g","caption":"AlterTour"},"url":"https:\/\/www.altercampagne.net\/?author=215"}]}},"_links":{"self":[{"href":"https:\/\/www.altercampagne.net\/index.php?rest_route=\/wp\/v2\/posts\/14753","targetHints":{"allow":["GET"]}}],"collection":[{"href":"https:\/\/www.altercampagne.net\/index.php?rest_route=\/wp\/v2\/posts"}],"about":[{"href":"https:\/\/www.altercampagne.net\/index.php?rest_route=\/wp\/v2\/types\/post"}],"author":[{"embeddable":true,"href":"https:\/\/www.altercampagne.net\/index.php?rest_route=\/wp\/v2\/users\/215"}],"replies":[{"embeddable":true,"href":"https:\/\/www.altercampagne.net\/index.php?rest_route=%2Fwp%2Fv2%2Fcomments&post=14753"}],"version-history":[{"count":0,"href":"https:\/\/www.altercampagne.net\/index.php?rest_route=\/wp\/v2\/posts\/14753\/revisions"}],"wp:featuredmedia":[{"embeddable":true,"href":"https:\/\/www.altercampagne.net\/index.php?rest_route=\/wp\/v2\/media\/14768"}],"wp:attachment":[{"href":"https:\/\/www.altercampagne.net\/index.php?rest_route=%2Fwp%2Fv2%2Fmedia&parent=14753"}],"wp:term":[{"taxonomy":"category","embeddable":true,"href":"https:\/\/www.altercampagne.net\/index.php?rest_route=%2Fwp%2Fv2%2Fcategories&post=14753"},{"taxonomy":"post_tag","embeddable":true,"href":"https:\/\/www.altercampagne.net\/index.php?rest_route=%2Fwp%2Fv2%2Ftags&post=14753"}],"curies":[{"name":"wp","href":"https:\/\/api.w.org\/{rel}","templated":true}]}}