{"id":14758,"date":"2019-07-16T19:54:36","date_gmt":"2019-07-16T17:54:36","guid":{"rendered":"http:\/\/www.altercampagne.net\/?p=14758"},"modified":"2019-12-17T19:15:35","modified_gmt":"2019-12-17T18:15:35","slug":"des-reves-dans-les-mauges","status":"publish","type":"post","link":"https:\/\/www.altercampagne.net\/?p=14758","title":{"rendered":"Des r\u00eaves dans les Mauges"},"content":{"rendered":"\n<p>Au moment o\u00f9 j\u2019\u00e9cris ces lignes, je suis install\u00e9 sous l\u2019ombre relaxante des arbres du <strong><a href=\"https:\/\/fr-fr.facebook.com\/revedevre\/\">R\u00eave d\u2019Evre<\/a><\/strong> dans la commune de Beaupr\u00e9au, un l\u00e9ger vent vient me rafraichir et j\u2019entends l\u2019\u00e9coulement du ruisseau situ\u00e9 \u00e0 quelques m\u00e8tres, dans ce lieu au charme bucolique. <\/p>\n\n\n\n<p>Au m\u00eame instant, les cyclistes de l\u2019AlterTour qui le souhaitent participent \u00e0 quatre ateliers diff\u00e9rents : visite de cet espace de vie, balade botanique, peinture de locaux et un atelier Repair Caf\u00e9. D\u2019autres, moins nombreux, en profitent pour se reposer apr\u00e8s un trajet vallonn\u00e9 sous une forte chaleur. <\/p>\n\n\n\n<p>Mais avant cela, revenons au d\u00e9but de la journ\u00e9e.<\/p>\n\n\n\n<h4 class=\"wp-block-heading\"><strong>Radio-r\u00e9veil<\/strong><\/h4>\n\n\n\n<p>Pour adoucir le choc du r\u00e9veil qui fut ce jour-ci \u00e0 6h, les\nparticipants qui avaient en charge le r\u00e9veil du groupe ont d\u00e9cid\u00e9 de r\u00e9aliser\nune parodie d\u2019\u00e9mission radiophonique, \u00e9videmment centr\u00e9e sur la vie du groupe.\nPuis ce qui est d\u00e9sormais une routine&nbsp;: d\u00e9montage des tentes, rangement\ndes sacs, petit d\u00e9jeuner\u2026 tout en chantonnant pour certains les chansons de la\n\u00ab&nbsp;Chorale \u00e0 la con&nbsp;\u00bb qui nous avait pr\u00e9sent\u00e9 un spectacle la veille\nau L\u00e9nine Caf\u00e9 de Chalonnes-sur-Loire. <\/p>\n\n\n\n<h4 class=\"wp-block-heading\"><strong>Un pas de c\u00f4t\u00e9 en Vend\u00e9e<\/strong><\/h4>\n\n\n\n<p>La r\u00e9gion des Mauges, situ\u00e9e dans le sud du Maine-et-Loire mais en Vend\u00e9e historique peut \u00eatre d\u00e9finie g\u00e9ographiquement par une succession de collines, de vignes et de bocages. Vincent, de l\u2019association \u00ab&nbsp;<strong><a href=\"http:\/\/www.altercampagne.net\/?p=14293\" target=\"_blank\" rel=\"noreferrer noopener\" aria-label=\"Un pas de c\u00f4t\u00e9 (s\u2019ouvre dans un nouvel onglet)\">Un pas de c\u00f4t\u00e9<\/a><\/strong>&nbsp;\u00bb nous pr\u00e9sente un contexte social local particulier (racont\u00e9 dans la bande dessin\u00e9e \u00ab&nbsp;Les Mauvaises Gens&nbsp;\u00bb d\u2019Etienne Davodeau), o\u00f9 la vie associative est extr\u00eamement dynamique. Cette association n\u00e9e officiellement il y a dix-huit avait pour objectif \u00e0 l\u2019origine la pr\u00e9paration d\u2019une tourn\u00e9e et d\u2019un spectacle de cirque et a depuis fortement diversifi\u00e9 ses actions. En effet, des \u00e9v\u00e9nements sont propos\u00e9s toute l\u2019ann\u00e9e, souvent en lien avec la culture ou l\u2019\u00e9cologie, des chantiers internationaux sont organis\u00e9s&#8230; Enfin, clou de l\u2019agenda, un festival appel\u00e9 <strong>\u00ab&nbsp;Sans transition&nbsp;?<\/strong>&nbsp;\u00bb aura lieu du 9 au 11 ao\u00fbt sur le th\u00e8me de l\u2019effondrement.<\/p>\n\n\n\n<h4 class=\"wp-block-heading\"><strong>Le R\u00eave d\u2019Evre<\/strong><\/h4>\n\n\n\n<p>En ce qui concerne <strong><a rel=\"noreferrer noopener\" aria-label=\"Le R\u00eave d\u2019Evre (s\u2019ouvre dans un nouvel onglet)\" href=\"https:\/\/fr-fr.facebook.com\/revedevre\/\" target=\"_blank\">Le R\u00eave d\u2019Evre<\/a><\/strong>, il s\u2019agit d\u2019une ancienne minoterie \u00e0 laquelle une famille a d\u00e9cid\u00e9 de redonner vie dans l\u2019objectif \u00e0 long-terme d\u2019atteindre au maximum l\u2019autonomie alimentaire et \u00e9nerg\u00e9tique. Ce n\u2019est pas encore le cas car le projet est r\u00e9cent, mais le potager est d\u00e9marr\u00e9, un couple a rejoint l\u2019aventure et un espace de co-working est pr\u00e9vu \u00e0 l\u2019avenir dans la minoterie. Apr\u00e8s les ateliers, les cyclistes ont termin\u00e9 la journ\u00e9e par un repas avec la pr\u00e9sence d\u2019habitants des environs et plusieurs concerts.<\/p>\n","protected":false},"excerpt":{"rendered":"<p>Au moment o\u00f9 j\u2019\u00e9cris ces lignes, je suis install\u00e9 sous l\u2019ombre relaxante des arbres du R\u00eave d\u2019Evre dans la commune de Beaupr\u00e9au, un l\u00e9ger vent vient me rafraichir et j\u2019entends l\u2019\u00e9coulement du ruisseau situ\u00e9 \u00e0 quelques m\u00e8tres, dans ce lieu au charme bucolique<\/p>\n","protected":false},"author":215,"featured_media":14771,"comment_status":"closed","ping_status":"closed","sticky":false,"template":"","format":"standard","meta":{"footnotes":""},"categories":[3473,3490,3485],"tags":[894,2136,4045,4100,4101],"class_list":["post-14758","post","type-post","status-publish","format-standard","has-post-thumbnail","hentry","category-centre-val-de-loire","category-culture","category-habitat","tag-pays-de-la-loire","tag-maine-et-loire","tag-beaupreau","tag-reve-evre","tag-un-pas-de-cote"],"yoast_head":"<!-- This site is optimized with the Yoast SEO plugin v27.3 - https:\/\/yoast.com\/product\/yoast-seo-wordpress\/ -->\n<title>Des r\u00eaves dans les Mauges - AlterTour<\/title>\n<meta name=\"robots\" content=\"index, follow, max-snippet:-1, max-image-preview:large, max-video-preview:-1\" \/>\n<link rel=\"canonical\" href=\"https:\/\/www.altercampagne.net\/?p=14758\" \/>\n<meta property=\"og:locale\" content=\"fr_FR\" \/>\n<meta property=\"og:type\" content=\"article\" \/>\n<meta property=\"og:title\" content=\"Des r\u00eaves dans les Mauges - AlterTour\" \/>\n<meta property=\"og:description\" content=\"Au moment o\u00f9 j\u2019\u00e9cris ces lignes, je suis install\u00e9 sous l\u2019ombre relaxante des arbres du R\u00eave d\u2019Evre dans la commune de Beaupr\u00e9au, un l\u00e9ger vent vient me rafraichir et j\u2019entends l\u2019\u00e9coulement du ruisseau situ\u00e9 \u00e0 quelques m\u00e8tres, dans ce lieu au charme bucolique\" \/>\n<meta property=\"og:url\" content=\"https:\/\/www.altercampagne.net\/?p=14758\" \/>\n<meta property=\"og:site_name\" content=\"AlterTour\" \/>\n<meta property=\"article:published_time\" content=\"2019-07-16T17:54:36+00:00\" \/>\n<meta property=\"article:modified_time\" content=\"2019-12-17T18:15:35+00:00\" \/>\n<meta property=\"og:image\" content=\"https:\/\/www.altercampagne.net\/wp-content\/uploads\/2019\/07\/2019-07-16-DSCF0907.jpg\" \/>\n\t<meta property=\"og:image:width\" content=\"900\" \/>\n\t<meta property=\"og:image:height\" content=\"470\" \/>\n\t<meta property=\"og:image:type\" content=\"image\/jpeg\" \/>\n<meta name=\"author\" content=\"AlterTour\" \/>\n<meta name=\"twitter:card\" content=\"summary_large_image\" \/>\n<meta name=\"twitter:label1\" content=\"\u00c9crit par\" \/>\n\t<meta name=\"twitter:data1\" content=\"AlterTour\" \/>\n\t<meta name=\"twitter:label2\" content=\"Dur\u00e9e de lecture estim\u00e9e\" \/>\n\t<meta name=\"twitter:data2\" content=\"2 minutes\" \/>\n<script type=\"application\/ld+json\" class=\"yoast-schema-graph\">{\"@context\":\"https:\\\/\\\/schema.org\",\"@graph\":[{\"@type\":\"Article\",\"@id\":\"https:\\\/\\\/www.altercampagne.net\\\/?p=14758#article\",\"isPartOf\":{\"@id\":\"https:\\\/\\\/www.altercampagne.net\\\/?p=14758\"},\"author\":{\"name\":\"AlterTour\",\"@id\":\"https:\\\/\\\/www.altercampagne.net\\\/#\\\/schema\\\/person\\\/e5b68c803196f649c2152249d262d94a\"},\"headline\":\"Des r\u00eaves dans les Mauges\",\"datePublished\":\"2019-07-16T17:54:36+00:00\",\"dateModified\":\"2019-12-17T18:15:35+00:00\",\"mainEntityOfPage\":{\"@id\":\"https:\\\/\\\/www.altercampagne.net\\\/?p=14758\"},\"wordCount\":487,\"image\":{\"@id\":\"https:\\\/\\\/www.altercampagne.net\\\/?p=14758#primaryimage\"},\"thumbnailUrl\":\"https:\\\/\\\/www.altercampagne.net\\\/wp-content\\\/uploads\\\/2019\\\/07\\\/2019-07-16-DSCF0907.jpg\",\"keywords\":[\"Pays de la Loire\",\"Maine-et-Loire\",\"Beaupr\u00e9au\",\"r\u00eave \u00eavre\",\"un pas de c\u00f4t\u00e9\"],\"articleSection\":[\"Centre-Val de Loire\",\"Culture\",\"Habitat\"],\"inLanguage\":\"fr-FR\"},{\"@type\":\"WebPage\",\"@id\":\"https:\\\/\\\/www.altercampagne.net\\\/?p=14758\",\"url\":\"https:\\\/\\\/www.altercampagne.net\\\/?p=14758\",\"name\":\"Des r\u00eaves dans les Mauges - AlterTour\",\"isPartOf\":{\"@id\":\"https:\\\/\\\/www.altercampagne.net\\\/#website\"},\"primaryImageOfPage\":{\"@id\":\"https:\\\/\\\/www.altercampagne.net\\\/?p=14758#primaryimage\"},\"image\":{\"@id\":\"https:\\\/\\\/www.altercampagne.net\\\/?p=14758#primaryimage\"},\"thumbnailUrl\":\"https:\\\/\\\/www.altercampagne.net\\\/wp-content\\\/uploads\\\/2019\\\/07\\\/2019-07-16-DSCF0907.jpg\",\"datePublished\":\"2019-07-16T17:54:36+00:00\",\"dateModified\":\"2019-12-17T18:15:35+00:00\",\"author\":{\"@id\":\"https:\\\/\\\/www.altercampagne.net\\\/#\\\/schema\\\/person\\\/e5b68c803196f649c2152249d262d94a\"},\"breadcrumb\":{\"@id\":\"https:\\\/\\\/www.altercampagne.net\\\/?p=14758#breadcrumb\"},\"inLanguage\":\"fr-FR\",\"potentialAction\":[{\"@type\":\"ReadAction\",\"target\":[\"https:\\\/\\\/www.altercampagne.net\\\/?p=14758\"]}]},{\"@type\":\"ImageObject\",\"inLanguage\":\"fr-FR\",\"@id\":\"https:\\\/\\\/www.altercampagne.net\\\/?p=14758#primaryimage\",\"url\":\"https:\\\/\\\/www.altercampagne.net\\\/wp-content\\\/uploads\\\/2019\\\/07\\\/2019-07-16-DSCF0907.jpg\",\"contentUrl\":\"https:\\\/\\\/www.altercampagne.net\\\/wp-content\\\/uploads\\\/2019\\\/07\\\/2019-07-16-DSCF0907.jpg\",\"width\":900,\"height\":470},{\"@type\":\"BreadcrumbList\",\"@id\":\"https:\\\/\\\/www.altercampagne.net\\\/?p=14758#breadcrumb\",\"itemListElement\":[{\"@type\":\"ListItem\",\"position\":1,\"name\":\"Accueil\",\"item\":\"https:\\\/\\\/www.altercampagne.net\\\/\"},{\"@type\":\"ListItem\",\"position\":2,\"name\":\"Des r\u00eaves dans les Mauges\"}]},{\"@type\":\"WebSite\",\"@id\":\"https:\\\/\\\/www.altercampagne.net\\\/#website\",\"url\":\"https:\\\/\\\/www.altercampagne.net\\\/\",\"name\":\"AlterTour\",\"description\":\"Reliez les Alternatives \u00e0 v\u00e9lo\",\"potentialAction\":[{\"@type\":\"SearchAction\",\"target\":{\"@type\":\"EntryPoint\",\"urlTemplate\":\"https:\\\/\\\/www.altercampagne.net\\\/?s={search_term_string}\"},\"query-input\":{\"@type\":\"PropertyValueSpecification\",\"valueRequired\":true,\"valueName\":\"search_term_string\"}}],\"inLanguage\":\"fr-FR\"},{\"@type\":\"Person\",\"@id\":\"https:\\\/\\\/www.altercampagne.net\\\/#\\\/schema\\\/person\\\/e5b68c803196f649c2152249d262d94a\",\"name\":\"AlterTour\",\"image\":{\"@type\":\"ImageObject\",\"inLanguage\":\"fr-FR\",\"@id\":\"https:\\\/\\\/secure.gravatar.com\\\/avatar\\\/3f2ed77f8506b8ea264ad5938bb0114bfa10f35b64086a66dfbb6e9f58ad9693?s=96&d=mm&r=g\",\"url\":\"https:\\\/\\\/secure.gravatar.com\\\/avatar\\\/3f2ed77f8506b8ea264ad5938bb0114bfa10f35b64086a66dfbb6e9f58ad9693?s=96&d=mm&r=g\",\"contentUrl\":\"https:\\\/\\\/secure.gravatar.com\\\/avatar\\\/3f2ed77f8506b8ea264ad5938bb0114bfa10f35b64086a66dfbb6e9f58ad9693?s=96&d=mm&r=g\",\"caption\":\"AlterTour\"},\"url\":\"https:\\\/\\\/www.altercampagne.net\\\/?author=215\"}]}<\/script>\n<!-- \/ Yoast SEO plugin. -->","yoast_head_json":{"title":"Des r\u00eaves dans les Mauges - AlterTour","robots":{"index":"index","follow":"follow","max-snippet":"max-snippet:-1","max-image-preview":"max-image-preview:large","max-video-preview":"max-video-preview:-1"},"canonical":"https:\/\/www.altercampagne.net\/?p=14758","og_locale":"fr_FR","og_type":"article","og_title":"Des r\u00eaves dans les Mauges - AlterTour","og_description":"Au moment o\u00f9 j\u2019\u00e9cris ces lignes, je suis install\u00e9 sous l\u2019ombre relaxante des arbres du R\u00eave d\u2019Evre dans la commune de Beaupr\u00e9au, un l\u00e9ger vent vient me rafraichir et j\u2019entends l\u2019\u00e9coulement du ruisseau situ\u00e9 \u00e0 quelques m\u00e8tres, dans ce lieu au charme bucolique","og_url":"https:\/\/www.altercampagne.net\/?p=14758","og_site_name":"AlterTour","article_published_time":"2019-07-16T17:54:36+00:00","article_modified_time":"2019-12-17T18:15:35+00:00","og_image":[{"width":900,"height":470,"url":"https:\/\/www.altercampagne.net\/wp-content\/uploads\/2019\/07\/2019-07-16-DSCF0907.jpg","type":"image\/jpeg"}],"author":"AlterTour","twitter_card":"summary_large_image","twitter_misc":{"\u00c9crit par":"AlterTour","Dur\u00e9e de lecture estim\u00e9e":"2 minutes"},"schema":{"@context":"https:\/\/schema.org","@graph":[{"@type":"Article","@id":"https:\/\/www.altercampagne.net\/?p=14758#article","isPartOf":{"@id":"https:\/\/www.altercampagne.net\/?p=14758"},"author":{"name":"AlterTour","@id":"https:\/\/www.altercampagne.net\/#\/schema\/person\/e5b68c803196f649c2152249d262d94a"},"headline":"Des r\u00eaves dans les Mauges","datePublished":"2019-07-16T17:54:36+00:00","dateModified":"2019-12-17T18:15:35+00:00","mainEntityOfPage":{"@id":"https:\/\/www.altercampagne.net\/?p=14758"},"wordCount":487,"image":{"@id":"https:\/\/www.altercampagne.net\/?p=14758#primaryimage"},"thumbnailUrl":"https:\/\/www.altercampagne.net\/wp-content\/uploads\/2019\/07\/2019-07-16-DSCF0907.jpg","keywords":["Pays de la Loire","Maine-et-Loire","Beaupr\u00e9au","r\u00eave \u00eavre","un pas de c\u00f4t\u00e9"],"articleSection":["Centre-Val de Loire","Culture","Habitat"],"inLanguage":"fr-FR"},{"@type":"WebPage","@id":"https:\/\/www.altercampagne.net\/?p=14758","url":"https:\/\/www.altercampagne.net\/?p=14758","name":"Des r\u00eaves dans les Mauges - AlterTour","isPartOf":{"@id":"https:\/\/www.altercampagne.net\/#website"},"primaryImageOfPage":{"@id":"https:\/\/www.altercampagne.net\/?p=14758#primaryimage"},"image":{"@id":"https:\/\/www.altercampagne.net\/?p=14758#primaryimage"},"thumbnailUrl":"https:\/\/www.altercampagne.net\/wp-content\/uploads\/2019\/07\/2019-07-16-DSCF0907.jpg","datePublished":"2019-07-16T17:54:36+00:00","dateModified":"2019-12-17T18:15:35+00:00","author":{"@id":"https:\/\/www.altercampagne.net\/#\/schema\/person\/e5b68c803196f649c2152249d262d94a"},"breadcrumb":{"@id":"https:\/\/www.altercampagne.net\/?p=14758#breadcrumb"},"inLanguage":"fr-FR","potentialAction":[{"@type":"ReadAction","target":["https:\/\/www.altercampagne.net\/?p=14758"]}]},{"@type":"ImageObject","inLanguage":"fr-FR","@id":"https:\/\/www.altercampagne.net\/?p=14758#primaryimage","url":"https:\/\/www.altercampagne.net\/wp-content\/uploads\/2019\/07\/2019-07-16-DSCF0907.jpg","contentUrl":"https:\/\/www.altercampagne.net\/wp-content\/uploads\/2019\/07\/2019-07-16-DSCF0907.jpg","width":900,"height":470},{"@type":"BreadcrumbList","@id":"https:\/\/www.altercampagne.net\/?p=14758#breadcrumb","itemListElement":[{"@type":"ListItem","position":1,"name":"Accueil","item":"https:\/\/www.altercampagne.net\/"},{"@type":"ListItem","position":2,"name":"Des r\u00eaves dans les Mauges"}]},{"@type":"WebSite","@id":"https:\/\/www.altercampagne.net\/#website","url":"https:\/\/www.altercampagne.net\/","name":"AlterTour","description":"Reliez les Alternatives \u00e0 v\u00e9lo","potentialAction":[{"@type":"SearchAction","target":{"@type":"EntryPoint","urlTemplate":"https:\/\/www.altercampagne.net\/?s={search_term_string}"},"query-input":{"@type":"PropertyValueSpecification","valueRequired":true,"valueName":"search_term_string"}}],"inLanguage":"fr-FR"},{"@type":"Person","@id":"https:\/\/www.altercampagne.net\/#\/schema\/person\/e5b68c803196f649c2152249d262d94a","name":"AlterTour","image":{"@type":"ImageObject","inLanguage":"fr-FR","@id":"https:\/\/secure.gravatar.com\/avatar\/3f2ed77f8506b8ea264ad5938bb0114bfa10f35b64086a66dfbb6e9f58ad9693?s=96&d=mm&r=g","url":"https:\/\/secure.gravatar.com\/avatar\/3f2ed77f8506b8ea264ad5938bb0114bfa10f35b64086a66dfbb6e9f58ad9693?s=96&d=mm&r=g","contentUrl":"https:\/\/secure.gravatar.com\/avatar\/3f2ed77f8506b8ea264ad5938bb0114bfa10f35b64086a66dfbb6e9f58ad9693?s=96&d=mm&r=g","caption":"AlterTour"},"url":"https:\/\/www.altercampagne.net\/?author=215"}]}},"_links":{"self":[{"href":"https:\/\/www.altercampagne.net\/index.php?rest_route=\/wp\/v2\/posts\/14758","targetHints":{"allow":["GET"]}}],"collection":[{"href":"https:\/\/www.altercampagne.net\/index.php?rest_route=\/wp\/v2\/posts"}],"about":[{"href":"https:\/\/www.altercampagne.net\/index.php?rest_route=\/wp\/v2\/types\/post"}],"author":[{"embeddable":true,"href":"https:\/\/www.altercampagne.net\/index.php?rest_route=\/wp\/v2\/users\/215"}],"replies":[{"embeddable":true,"href":"https:\/\/www.altercampagne.net\/index.php?rest_route=%2Fwp%2Fv2%2Fcomments&post=14758"}],"version-history":[{"count":0,"href":"https:\/\/www.altercampagne.net\/index.php?rest_route=\/wp\/v2\/posts\/14758\/revisions"}],"wp:featuredmedia":[{"embeddable":true,"href":"https:\/\/www.altercampagne.net\/index.php?rest_route=\/wp\/v2\/media\/14771"}],"wp:attachment":[{"href":"https:\/\/www.altercampagne.net\/index.php?rest_route=%2Fwp%2Fv2%2Fmedia&parent=14758"}],"wp:term":[{"taxonomy":"category","embeddable":true,"href":"https:\/\/www.altercampagne.net\/index.php?rest_route=%2Fwp%2Fv2%2Fcategories&post=14758"},{"taxonomy":"post_tag","embeddable":true,"href":"https:\/\/www.altercampagne.net\/index.php?rest_route=%2Fwp%2Fv2%2Ftags&post=14758"}],"curies":[{"name":"wp","href":"https:\/\/api.w.org\/{rel}","templated":true}]}}