{"id":14774,"date":"2019-07-21T19:29:50","date_gmt":"2019-07-21T17:29:50","guid":{"rendered":"http:\/\/www.altercampagne.net\/?p=14774"},"modified":"2019-12-17T19:10:23","modified_gmt":"2019-12-17T18:10:23","slug":"du-far-ouest-a-la-poetique-bardonniere","status":"publish","type":"post","link":"https:\/\/www.altercampagne.net\/?p=14774","title":{"rendered":"Du Far Ouest \u00e0 la po\u00e9tique Bardonni\u00e8re"},"content":{"rendered":"\n<h4 class=\"wp-block-heading\">Un festival contre le projet de Surf Park de Saint-P\u00e8re-en-Retz<\/h4>\n\n\n\n<p>Apr\u00e8s une nuit festive o\u00f9 se sont encha\u00een\u00e9es musique\nbr\u00e9silienne, danse bretonne et cantonades de Ludo sur les percus de Valentin (deux\naltercyclistes de talent&nbsp;! ), le r\u00e9veil dans la ferme du Pin f\u00fbt \u00e9mouvant.\n<\/p>\n\n\n\n<p>La veille, les militants du collectif  <a rel=\"noreferrer noopener\" aria-label=\"Terres communes (s\u2019ouvre dans un nouvel onglet)\" href=\"http:\/\/terres-communes.zici.fr\/\" target=\"_blank\"><strong>Terres communes<\/strong><\/a>&nbsp; avaient d\u00fb se replier sur la ferme du Pin, suite \u00e0 l&rsquo;\u00e9chec de l&rsquo;installation d\u2019une <strong>Zone \u00e0 Prot\u00e9ger <\/strong>(ZAP) sur le site du <strong>projet de Surf Park de Saint-P\u00e8re-en-Retz. <\/strong><\/p>\n\n\n\n<p>Yohann, mara\u00eecher de son \u00e9tat et t\u00eate pensante de l&rsquo;action contre le Surf Park avec le collectif <strong>Terres Communes<\/strong>, nous a racont\u00e9 plus en d\u00e9tails les affrontements de la veille. Nous n&rsquo;y \u00e9tions pas, mais nous avons pu gr\u00e2ce \u00e0 son r\u00e9cit visualiser le champ de bataille o\u00f9 se sont affront\u00e9s des paysans \u00ab&nbsp;miliciens&nbsp;\u00bb, venus emp\u00eacher l&rsquo;installation de la Zone \u00e0 Prot\u00e9ger et d\u00e9termin\u00e9s \u00e0 faire justice eux-m\u00eames, et les opposants au projet du Surf Park, r\u00e9unis pour installer le festival de lancement de l&rsquo;action.  Le tout sous les yeux des gendarmes d\u00e9cid\u00e9s \u00e0 ne pas intervenir.   <\/p>\n\n\n\n<p>Yohann nous raconte : \u00ab&nbsp;Quand on voit des miliciens avancer vers nous \u00e0 bord de tracteurs dont la taille des roues pourrait \u00e9craser un homme, nous mena\u00e7ant de mort face aux forces de l&rsquo;ordre refusant d&rsquo;intervenir, on se dit que la situation est grave. Il faut quand m\u00eame savoir que la r\u00e9gion est d\u00e9j\u00e0 en situation de s\u00e9cheresse et que les agriculteurs n&rsquo;ont plus le droit d&rsquo;arroser leurs cultures. Et face \u00e0 \u00e7a, on veut construire un complexe qui utilisera des millions de litres d&rsquo;eau potable.&nbsp;\u00bb<\/p>\n\n\n\n<p>&nbsp;C&rsquo;est le c\u0153ur gros\nd&rsquo;impuissance m\u00eal\u00e9e de r\u00e9volte que nous nous sommes mis en route, juste apr\u00e8s\navoir entendu le p\u00e8re de Yohann nous inviter \u00e0 l&rsquo;insurrection face \u00e0 l&rsquo;urgence\nde la situation climatique g\u00e9n\u00e9rale.<\/p>\n\n\n\n<h4 class=\"wp-block-heading\">Chasse au tr\u00e9sor \u00e0 La Bardonni\u00e8re<\/h4>\n\n\n\n<p>50 km plus tard,  nous sommes arriv\u00e9e \u00e0 la ferme de mara\u00eechage biologique et d&rsquo;accueil de la <a rel=\"noreferrer noopener\" aria-label=\"Bardonni\u00e8re (s\u2019ouvre dans un nouvel onglet)\" href=\"https:\/\/www.lejardindelabardonniere.com\/\" target=\"_blank\"><strong>Bardonni\u00e8re<\/strong><\/a>, \u00e9tape du jour. <\/p>\n\n\n\n<p>Apr\u00e8s un bon repas, nous avons profit\u00e9 du confort nouveau du lieu (douches chaudes et toilettes s\u00e8ches color\u00e9es) puis fait une visite\/chasse au tr\u00e9soranim\u00e9e par nos h\u00f4tes Louise et Yannick. <\/p>\n\n\n\n<p>Ce lieu enchant\u00e9 a \u00e9t\u00e9 install\u00e9 il y a six ans. La ferme est\nd&rsquo;une part d\u00e9di\u00e9e au mara\u00eechage sur sol vivant&nbsp;: toutes les cultures sont\n\u00ab&nbsp;fouin\u00e9es&nbsp;\u00bb (couvertes de paille) et les parasites ne sont pas\ntrait\u00e9s, d&rsquo;autres part \u00e0 l&rsquo;accueil de campeurs et de groupes d&rsquo;enfants. <\/p>\n\n\n\n<p>En fin d&rsquo;apr\u00e8s-midi, des repr\u00e9sentants locaux de diff\u00e9rentes associations li\u00e9es au circuits durables de l&rsquo;alimentation locale (A<em>ccueil paysan, Paysans de nature, Nous voulons des coquelicots, Collectif Court Circuit, LPO et une \u00e9lue de la mairie de Bois de C\u00e9n\u00e9<\/em>) nous ont pr\u00e9sent\u00e9 leurs engagements respectifs en faveur de la r\u00e9silience territoriale. <\/p>\n\n\n\n<p>La soir\u00e9e se termine en d\u00e9bats avec les Altercyclistes autour\nde sujets tels que la sauvegarde du foncier agricole, de la biodiversit\u00e9 et du\nclimat, de l&rsquo;\u00e9ducation populaire, de la relocalisation des activit\u00e9s\n\u00e9conomiques, etc.<\/p>\n\n\n\n<p class=\"has-text-align-right\"><strong>Elina et Charlotte<\/strong><\/p>\n","protected":false},"excerpt":{"rendered":"<p>Quand on voit des miliciens avancer vers nous \u00e0 bord de tracteurs dont la taille des roues pourrait \u00e9craser un homme, nous mena\u00e7ant de mort face aux forces de l&rsquo;ordre refusant d&rsquo;intervenir, on se dit que la situation est grave<\/p>\n","protected":false},"author":215,"featured_media":14935,"comment_status":"closed","ping_status":"closed","sticky":false,"template":"","format":"standard","meta":{"footnotes":""},"categories":[3483,3773,3479,3542],"tags":[414,894,4090,4091,4092,4093,4094,4095],"class_list":["post-14774","post","type-post","status-publish","format-standard","has-post-thumbnail","hentry","category-agriculture","category-edition-2019","category-nouvelle-aquitaine","category-lutte","tag-loire-atlantique","tag-pays-de-la-loire","tag-terres-communes","tag-zone-a-proteger","tag-zap-la-vague","tag-saint-pere-en-retz","tag-surf-park","tag-bardonniere"],"yoast_head":"<!-- This site is optimized with the Yoast SEO plugin v27.3 - https:\/\/yoast.com\/product\/yoast-seo-wordpress\/ -->\n<title>Du Far Ouest \u00e0 la po\u00e9tique Bardonni\u00e8re - AlterTour<\/title>\n<meta name=\"robots\" content=\"index, follow, max-snippet:-1, max-image-preview:large, max-video-preview:-1\" \/>\n<link rel=\"canonical\" href=\"https:\/\/www.altercampagne.net\/?p=14774\" \/>\n<meta property=\"og:locale\" content=\"fr_FR\" \/>\n<meta property=\"og:type\" content=\"article\" \/>\n<meta property=\"og:title\" content=\"Du Far Ouest \u00e0 la po\u00e9tique Bardonni\u00e8re - AlterTour\" \/>\n<meta property=\"og:description\" content=\"Quand on voit des miliciens avancer vers nous \u00e0 bord de tracteurs dont la taille des roues pourrait \u00e9craser un homme, nous mena\u00e7ant de mort face aux forces de l&#039;ordre refusant d&#039;intervenir, on se dit que la situation est grave\" \/>\n<meta property=\"og:url\" content=\"https:\/\/www.altercampagne.net\/?p=14774\" \/>\n<meta property=\"og:site_name\" content=\"AlterTour\" \/>\n<meta property=\"article:published_time\" content=\"2019-07-21T17:29:50+00:00\" \/>\n<meta property=\"article:modified_time\" content=\"2019-12-17T18:10:23+00:00\" \/>\n<meta property=\"og:image\" content=\"https:\/\/www.altercampagne.net\/wp-content\/uploads\/2019\/07\/2019-07-20-DSC08764.jpg\" \/>\n\t<meta property=\"og:image:width\" content=\"709\" \/>\n\t<meta property=\"og:image:height\" content=\"370\" \/>\n\t<meta property=\"og:image:type\" content=\"image\/jpeg\" \/>\n<meta name=\"author\" content=\"AlterTour\" \/>\n<meta name=\"twitter:card\" content=\"summary_large_image\" \/>\n<meta name=\"twitter:label1\" content=\"\u00c9crit par\" \/>\n\t<meta name=\"twitter:data1\" content=\"AlterTour\" \/>\n\t<meta name=\"twitter:label2\" content=\"Dur\u00e9e de lecture estim\u00e9e\" \/>\n\t<meta name=\"twitter:data2\" content=\"3 minutes\" \/>\n<script type=\"application\/ld+json\" class=\"yoast-schema-graph\">{\"@context\":\"https:\\\/\\\/schema.org\",\"@graph\":[{\"@type\":\"Article\",\"@id\":\"https:\\\/\\\/www.altercampagne.net\\\/?p=14774#article\",\"isPartOf\":{\"@id\":\"https:\\\/\\\/www.altercampagne.net\\\/?p=14774\"},\"author\":{\"name\":\"AlterTour\",\"@id\":\"https:\\\/\\\/www.altercampagne.net\\\/#\\\/schema\\\/person\\\/e5b68c803196f649c2152249d262d94a\"},\"headline\":\"Du Far Ouest \u00e0 la po\u00e9tique Bardonni\u00e8re\",\"datePublished\":\"2019-07-21T17:29:50+00:00\",\"dateModified\":\"2019-12-17T18:10:23+00:00\",\"mainEntityOfPage\":{\"@id\":\"https:\\\/\\\/www.altercampagne.net\\\/?p=14774\"},\"wordCount\":582,\"image\":{\"@id\":\"https:\\\/\\\/www.altercampagne.net\\\/?p=14774#primaryimage\"},\"thumbnailUrl\":\"https:\\\/\\\/www.altercampagne.net\\\/wp-content\\\/uploads\\\/2019\\\/07\\\/2019-07-20-DSC08764.jpg\",\"keywords\":[\"loire atlantique\",\"Pays de la Loire\",\"Terres communes\",\"Zone \u00e0 prot\u00e9ger\",\"ZAP la vague\",\"saint-p\u00e8re-en-retz\",\"Surf Park\",\"Bardonni\u00e8re\"],\"articleSection\":[\"Agriculture\",\"Edition 2019\",\"Nouvelle-Aquitaine\",\"Lutte\"],\"inLanguage\":\"fr-FR\"},{\"@type\":\"WebPage\",\"@id\":\"https:\\\/\\\/www.altercampagne.net\\\/?p=14774\",\"url\":\"https:\\\/\\\/www.altercampagne.net\\\/?p=14774\",\"name\":\"Du Far Ouest \u00e0 la po\u00e9tique Bardonni\u00e8re - AlterTour\",\"isPartOf\":{\"@id\":\"https:\\\/\\\/www.altercampagne.net\\\/#website\"},\"primaryImageOfPage\":{\"@id\":\"https:\\\/\\\/www.altercampagne.net\\\/?p=14774#primaryimage\"},\"image\":{\"@id\":\"https:\\\/\\\/www.altercampagne.net\\\/?p=14774#primaryimage\"},\"thumbnailUrl\":\"https:\\\/\\\/www.altercampagne.net\\\/wp-content\\\/uploads\\\/2019\\\/07\\\/2019-07-20-DSC08764.jpg\",\"datePublished\":\"2019-07-21T17:29:50+00:00\",\"dateModified\":\"2019-12-17T18:10:23+00:00\",\"author\":{\"@id\":\"https:\\\/\\\/www.altercampagne.net\\\/#\\\/schema\\\/person\\\/e5b68c803196f649c2152249d262d94a\"},\"breadcrumb\":{\"@id\":\"https:\\\/\\\/www.altercampagne.net\\\/?p=14774#breadcrumb\"},\"inLanguage\":\"fr-FR\",\"potentialAction\":[{\"@type\":\"ReadAction\",\"target\":[\"https:\\\/\\\/www.altercampagne.net\\\/?p=14774\"]}]},{\"@type\":\"ImageObject\",\"inLanguage\":\"fr-FR\",\"@id\":\"https:\\\/\\\/www.altercampagne.net\\\/?p=14774#primaryimage\",\"url\":\"https:\\\/\\\/www.altercampagne.net\\\/wp-content\\\/uploads\\\/2019\\\/07\\\/2019-07-20-DSC08764.jpg\",\"contentUrl\":\"https:\\\/\\\/www.altercampagne.net\\\/wp-content\\\/uploads\\\/2019\\\/07\\\/2019-07-20-DSC08764.jpg\",\"width\":709,\"height\":370},{\"@type\":\"BreadcrumbList\",\"@id\":\"https:\\\/\\\/www.altercampagne.net\\\/?p=14774#breadcrumb\",\"itemListElement\":[{\"@type\":\"ListItem\",\"position\":1,\"name\":\"Accueil\",\"item\":\"https:\\\/\\\/www.altercampagne.net\\\/\"},{\"@type\":\"ListItem\",\"position\":2,\"name\":\"Du Far Ouest \u00e0 la po\u00e9tique Bardonni\u00e8re\"}]},{\"@type\":\"WebSite\",\"@id\":\"https:\\\/\\\/www.altercampagne.net\\\/#website\",\"url\":\"https:\\\/\\\/www.altercampagne.net\\\/\",\"name\":\"AlterTour\",\"description\":\"Reliez les Alternatives \u00e0 v\u00e9lo\",\"potentialAction\":[{\"@type\":\"SearchAction\",\"target\":{\"@type\":\"EntryPoint\",\"urlTemplate\":\"https:\\\/\\\/www.altercampagne.net\\\/?s={search_term_string}\"},\"query-input\":{\"@type\":\"PropertyValueSpecification\",\"valueRequired\":true,\"valueName\":\"search_term_string\"}}],\"inLanguage\":\"fr-FR\"},{\"@type\":\"Person\",\"@id\":\"https:\\\/\\\/www.altercampagne.net\\\/#\\\/schema\\\/person\\\/e5b68c803196f649c2152249d262d94a\",\"name\":\"AlterTour\",\"image\":{\"@type\":\"ImageObject\",\"inLanguage\":\"fr-FR\",\"@id\":\"https:\\\/\\\/secure.gravatar.com\\\/avatar\\\/3f2ed77f8506b8ea264ad5938bb0114bfa10f35b64086a66dfbb6e9f58ad9693?s=96&d=mm&r=g\",\"url\":\"https:\\\/\\\/secure.gravatar.com\\\/avatar\\\/3f2ed77f8506b8ea264ad5938bb0114bfa10f35b64086a66dfbb6e9f58ad9693?s=96&d=mm&r=g\",\"contentUrl\":\"https:\\\/\\\/secure.gravatar.com\\\/avatar\\\/3f2ed77f8506b8ea264ad5938bb0114bfa10f35b64086a66dfbb6e9f58ad9693?s=96&d=mm&r=g\",\"caption\":\"AlterTour\"},\"url\":\"https:\\\/\\\/www.altercampagne.net\\\/?author=215\"}]}<\/script>\n<!-- \/ Yoast SEO plugin. -->","yoast_head_json":{"title":"Du Far Ouest \u00e0 la po\u00e9tique Bardonni\u00e8re - AlterTour","robots":{"index":"index","follow":"follow","max-snippet":"max-snippet:-1","max-image-preview":"max-image-preview:large","max-video-preview":"max-video-preview:-1"},"canonical":"https:\/\/www.altercampagne.net\/?p=14774","og_locale":"fr_FR","og_type":"article","og_title":"Du Far Ouest \u00e0 la po\u00e9tique Bardonni\u00e8re - AlterTour","og_description":"Quand on voit des miliciens avancer vers nous \u00e0 bord de tracteurs dont la taille des roues pourrait \u00e9craser un homme, nous mena\u00e7ant de mort face aux forces de l'ordre refusant d'intervenir, on se dit que la situation est grave","og_url":"https:\/\/www.altercampagne.net\/?p=14774","og_site_name":"AlterTour","article_published_time":"2019-07-21T17:29:50+00:00","article_modified_time":"2019-12-17T18:10:23+00:00","og_image":[{"width":709,"height":370,"url":"https:\/\/www.altercampagne.net\/wp-content\/uploads\/2019\/07\/2019-07-20-DSC08764.jpg","type":"image\/jpeg"}],"author":"AlterTour","twitter_card":"summary_large_image","twitter_misc":{"\u00c9crit par":"AlterTour","Dur\u00e9e de lecture estim\u00e9e":"3 minutes"},"schema":{"@context":"https:\/\/schema.org","@graph":[{"@type":"Article","@id":"https:\/\/www.altercampagne.net\/?p=14774#article","isPartOf":{"@id":"https:\/\/www.altercampagne.net\/?p=14774"},"author":{"name":"AlterTour","@id":"https:\/\/www.altercampagne.net\/#\/schema\/person\/e5b68c803196f649c2152249d262d94a"},"headline":"Du Far Ouest \u00e0 la po\u00e9tique Bardonni\u00e8re","datePublished":"2019-07-21T17:29:50+00:00","dateModified":"2019-12-17T18:10:23+00:00","mainEntityOfPage":{"@id":"https:\/\/www.altercampagne.net\/?p=14774"},"wordCount":582,"image":{"@id":"https:\/\/www.altercampagne.net\/?p=14774#primaryimage"},"thumbnailUrl":"https:\/\/www.altercampagne.net\/wp-content\/uploads\/2019\/07\/2019-07-20-DSC08764.jpg","keywords":["loire atlantique","Pays de la Loire","Terres communes","Zone \u00e0 prot\u00e9ger","ZAP la vague","saint-p\u00e8re-en-retz","Surf Park","Bardonni\u00e8re"],"articleSection":["Agriculture","Edition 2019","Nouvelle-Aquitaine","Lutte"],"inLanguage":"fr-FR"},{"@type":"WebPage","@id":"https:\/\/www.altercampagne.net\/?p=14774","url":"https:\/\/www.altercampagne.net\/?p=14774","name":"Du Far Ouest \u00e0 la po\u00e9tique Bardonni\u00e8re - AlterTour","isPartOf":{"@id":"https:\/\/www.altercampagne.net\/#website"},"primaryImageOfPage":{"@id":"https:\/\/www.altercampagne.net\/?p=14774#primaryimage"},"image":{"@id":"https:\/\/www.altercampagne.net\/?p=14774#primaryimage"},"thumbnailUrl":"https:\/\/www.altercampagne.net\/wp-content\/uploads\/2019\/07\/2019-07-20-DSC08764.jpg","datePublished":"2019-07-21T17:29:50+00:00","dateModified":"2019-12-17T18:10:23+00:00","author":{"@id":"https:\/\/www.altercampagne.net\/#\/schema\/person\/e5b68c803196f649c2152249d262d94a"},"breadcrumb":{"@id":"https:\/\/www.altercampagne.net\/?p=14774#breadcrumb"},"inLanguage":"fr-FR","potentialAction":[{"@type":"ReadAction","target":["https:\/\/www.altercampagne.net\/?p=14774"]}]},{"@type":"ImageObject","inLanguage":"fr-FR","@id":"https:\/\/www.altercampagne.net\/?p=14774#primaryimage","url":"https:\/\/www.altercampagne.net\/wp-content\/uploads\/2019\/07\/2019-07-20-DSC08764.jpg","contentUrl":"https:\/\/www.altercampagne.net\/wp-content\/uploads\/2019\/07\/2019-07-20-DSC08764.jpg","width":709,"height":370},{"@type":"BreadcrumbList","@id":"https:\/\/www.altercampagne.net\/?p=14774#breadcrumb","itemListElement":[{"@type":"ListItem","position":1,"name":"Accueil","item":"https:\/\/www.altercampagne.net\/"},{"@type":"ListItem","position":2,"name":"Du Far Ouest \u00e0 la po\u00e9tique Bardonni\u00e8re"}]},{"@type":"WebSite","@id":"https:\/\/www.altercampagne.net\/#website","url":"https:\/\/www.altercampagne.net\/","name":"AlterTour","description":"Reliez les Alternatives \u00e0 v\u00e9lo","potentialAction":[{"@type":"SearchAction","target":{"@type":"EntryPoint","urlTemplate":"https:\/\/www.altercampagne.net\/?s={search_term_string}"},"query-input":{"@type":"PropertyValueSpecification","valueRequired":true,"valueName":"search_term_string"}}],"inLanguage":"fr-FR"},{"@type":"Person","@id":"https:\/\/www.altercampagne.net\/#\/schema\/person\/e5b68c803196f649c2152249d262d94a","name":"AlterTour","image":{"@type":"ImageObject","inLanguage":"fr-FR","@id":"https:\/\/secure.gravatar.com\/avatar\/3f2ed77f8506b8ea264ad5938bb0114bfa10f35b64086a66dfbb6e9f58ad9693?s=96&d=mm&r=g","url":"https:\/\/secure.gravatar.com\/avatar\/3f2ed77f8506b8ea264ad5938bb0114bfa10f35b64086a66dfbb6e9f58ad9693?s=96&d=mm&r=g","contentUrl":"https:\/\/secure.gravatar.com\/avatar\/3f2ed77f8506b8ea264ad5938bb0114bfa10f35b64086a66dfbb6e9f58ad9693?s=96&d=mm&r=g","caption":"AlterTour"},"url":"https:\/\/www.altercampagne.net\/?author=215"}]}},"_links":{"self":[{"href":"https:\/\/www.altercampagne.net\/index.php?rest_route=\/wp\/v2\/posts\/14774","targetHints":{"allow":["GET"]}}],"collection":[{"href":"https:\/\/www.altercampagne.net\/index.php?rest_route=\/wp\/v2\/posts"}],"about":[{"href":"https:\/\/www.altercampagne.net\/index.php?rest_route=\/wp\/v2\/types\/post"}],"author":[{"embeddable":true,"href":"https:\/\/www.altercampagne.net\/index.php?rest_route=\/wp\/v2\/users\/215"}],"replies":[{"embeddable":true,"href":"https:\/\/www.altercampagne.net\/index.php?rest_route=%2Fwp%2Fv2%2Fcomments&post=14774"}],"version-history":[{"count":0,"href":"https:\/\/www.altercampagne.net\/index.php?rest_route=\/wp\/v2\/posts\/14774\/revisions"}],"wp:featuredmedia":[{"embeddable":true,"href":"https:\/\/www.altercampagne.net\/index.php?rest_route=\/wp\/v2\/media\/14935"}],"wp:attachment":[{"href":"https:\/\/www.altercampagne.net\/index.php?rest_route=%2Fwp%2Fv2%2Fmedia&parent=14774"}],"wp:term":[{"taxonomy":"category","embeddable":true,"href":"https:\/\/www.altercampagne.net\/index.php?rest_route=%2Fwp%2Fv2%2Fcategories&post=14774"},{"taxonomy":"post_tag","embeddable":true,"href":"https:\/\/www.altercampagne.net\/index.php?rest_route=%2Fwp%2Fv2%2Ftags&post=14774"}],"curies":[{"name":"wp","href":"https:\/\/api.w.org\/{rel}","templated":true}]}}