{"id":14840,"date":"2019-07-28T21:08:37","date_gmt":"2019-07-28T19:08:37","guid":{"rendered":"http:\/\/www.altercampagne.net\/?p=14840"},"modified":"2021-05-06T10:46:41","modified_gmt":"2021-05-06T08:46:41","slug":"engagez-vous-quils-disaient","status":"publish","type":"post","link":"https:\/\/www.altercampagne.net\/?p=14840","title":{"rendered":"Engagez-vous qu&rsquo;ils disaient!"},"content":{"rendered":"\n<p>7h, un doux chant br\u00e9silien s&rsquo;\u00e9l\u00e8ve du campement, les altercyclistes s&rsquo;\u00e9veillent. Aujourd&rsquo;hui 50 000 coups de p\u00e9dales nous s\u00e9parent de <strong><a rel=\"noreferrer noopener\" aria-label=\"la ferme &quot;Le temps des cueillettes&quot;. (s\u2019ouvre dans un nouvel onglet)\" href=\"https:\/\/www.letempsdescueillettes.com\/\" target=\"_blank\">la ferme \u00ab\u00a0Le temps des cueillettes\u00a0\u00bb<\/a><\/strong><a rel=\"noreferrer noopener\" aria-label=\"la ferme &quot;Le temps des cueillettes&quot;. (s\u2019ouvre dans un nouvel onglet)\" href=\"https:\/\/www.letempsdescueillettes.com\/\" target=\"_blank\">.<\/a> L&rsquo;air est doux, les cyclistes ajust\u00e9s, mais est ce vraiment pour le sport que l&rsquo;on choisit de s&rsquo;inscrire \u00e0 l&rsquo;AlterTour ???? Pas si s\u00fbr&#8230;<\/p>\n\n\n\n<h4 class=\"wp-block-heading\">Coup de c\u0153ur pour cette boulangerie un peu particuli\u00e8re<\/h4>\n\n\n\n<p>En chemin les motiv\u00e9s\/\u00e9es d\u00e9couvrent <strong><a rel=\"noreferrer noopener\" aria-label=\"la ferme du Mont d'or. (s\u2019ouvre dans un nouvel onglet)\" href=\"http:\/\/www.lafermedumontdor.fr\/\" target=\"_blank\">la ferme du Mont d&rsquo;or<\/a><\/strong><a rel=\"noreferrer noopener\" aria-label=\"la ferme du Mont d'or. (s\u2019ouvre dans un nouvel onglet)\" href=\"http:\/\/www.lafermedumontdor.fr\/\" target=\"_blank\">.<\/a> Ici la vie se vit diff\u00e9remment et le bonheur se dessine sur les visages de nos h\u00f4tes. <strong>Dans cette boulangerie se m\u00ealent lieu de vie, lieu de travail et chantier de r\u00e9insertion<\/strong>. Les aff\u00fbt\u00e9s\/es, dont je fais partie, naviguent \u00e0 travers les graines pour arriver \u00e0 la grande broyeuse : madame la meule transformant tout ce petit monde en farine ! \u00c7a sent bon le bois et le grain. Nos accueillants partagent avec nous cette grande conscience des lieux et donnent, humblement, \u00e0 l&rsquo;humain sa juste place dans le vivant. Le d\u00e9bat d\u00e9rive sur les mat\u00e9riaux de construction, il faut souligner qu&rsquo;ils ont choisi le local, super local : l&rsquo;argile jaune \u00ab\u00a0du jardin\u00a0\u00bb pour leur habitat&#8230;. <\/p>\n\n\n\n<h4 class=\"wp-block-heading\">Mais revenons-en \u00e0 l&rsquo;engagement ! <\/h4>\n\n\n\n<p><strong>Il y a bien entendu l&rsquo;engagement certain des accueillants<\/strong> choisis avec soin par les organisateurs pour nous redonner un peu d&rsquo;espoir et aussi beaucoup d&rsquo;informations sur comment faire et \u00eatre autrement. <strong>Mais qu&rsquo;en est-il de celui des altercyclistes ?<\/strong> Ah voil\u00e0 que Michel comme pour illustrer mon propos improvise une conf\u00e9rence sur le temps de pause. Il \u00e9tait une fois l&rsquo;histoire \u00ab\u00a0des pisseries involontaires\u00a0\u00bb. Il ne s&rsquo;agit pas de contr\u00f4le de dopage -quoi que- mais bien&nbsp; de mesurer le taux de glyphosate dans les urines alors que l&rsquo;on mange et consomme bio&#8230;. Pas tr\u00e8s rassurant tout \u00e7a m\u00eame inqui\u00e9tant. Ah oui, on peut le dire Michel est engag\u00e9 et il agit. <\/p>\n\n\n\n<p>Et les autres alors ? <strong>Et bien chacun son style et c&rsquo;est bien cela qui semble nourrir le collectif autant que l&rsquo;individu! D&rsquo;aucuns r\u00e9fl\u00e9chissent pendant que d&rsquo;autres s&rsquo;activent, certains s&rsquo;attellent \u00e0 incarner le changement dont ils r\u00eavent lorsque d&rsquo;autres cherchent encore ce qui pourrait les motiver.<\/strong> Une chose est s\u00fbre on n&rsquo;arrive pas \u00e0 l&rsquo;AlterTour par hasard, si l&rsquo;on avale les kilom\u00e8tres \u00e0 v\u00e9lo \u00e0 bord de ce joyeux groupe c&rsquo;est que la direction de la soci\u00e9t\u00e9 actuelle nous interpelle un tant soit peu&#8230;. Alors l&rsquo;on vient chercher r\u00e9confort et ressources pour continuer sur cette route de questions et d&rsquo;actions&#8230; <\/p>\n\n\n\n<h4 class=\"wp-block-heading\">Pause permaculture<\/h4>\n\n\n\n<p>Et d&rsquo;ailleurs o\u00f9 en sommes-nous de nos \u00e9tapes ? Ah oui d\u00e9j\u00e0 arriv\u00e9s, les altercyclistes s&rsquo;engouffrent dans <strong>l&rsquo;\u00e9table aux vaches d&rsquo;Alban et L\u00e9a qui nous accueillent avec amour. Leur sp\u00e9cificit\u00e9 ? La permaculture.<\/strong> De leur t\u00e9moignage permacole nous retiendrons que la permaculture est une philosophie bas\u00e9e sur l&rsquo;observation, l&rsquo;exp\u00e9rience et la remise en question&#8230; Hum, un bon d\u00e9but pour le changement !    <\/p>\n\n\n\n<h4 class=\"wp-block-heading\">Et toi comment t&rsquo;engages tu alors ? <\/h4>\n\n\n\n<p>Moi? Je m\u00e8ne des actions non violentes pour le respect des accords de la cop 21. Et toi? Humm, j&rsquo;ai mont\u00e9 un jardin potager partag\u00e9 apr\u00e8s quelques p\u00e9riples avec l&rsquo;AlterTour. Toi ? Ben je ne sais pas trop comment ni pour quoi m&rsquo;engager, je viens chercher des id\u00e9es. Tiens toi? J&rsquo;avance sur la non violence et je m&rsquo;y essaie au quotidien, je crois au changement du colibri. Activistes, militant\u00b7e\u00b7s, reflechisseur\u00b7euse\u00b7s &#8211; pas de panneau de signalisation hein! \u2013 engag\u00e9\u00b7e\u00b7s finalement chacun apporte quelques exemples par ce qu&rsquo;il est avec ce qu&rsquo;il traverse&#8230; Et c&rsquo;est \u00e7a aussi qui nourrit le vivant du syst\u00e8me de l&rsquo;AlterTour&#8230; Touch\u00e9e&#8230; Encore une belle journ\u00e9e pour les Altercyclistes et leurs accueillants !<\/p>\n\n\n\n<p class=\"has-text-align-right\"><strong>C\u00e9lia<\/strong><\/p>\n\n\n\n<p><\/p>\n","protected":false},"excerpt":{"rendered":"<p>Une journ\u00e9e de r\u00e9flexion sur l&rsquo;engagement insuffl\u00e9e par notre passage \u00e0 par la ferme du mont d&rsquo;or et notre arriv\u00e9e \u00e0 la ferme du temps des cueillettes<\/p>\n","protected":false},"author":243,"featured_media":14868,"comment_status":"closed","ping_status":"closed","sticky":false,"template":"","format":"standard","meta":{"footnotes":""},"categories":[3483,4313,3967,3773,3479],"tags":[294,1641,2768,3977,3979,4082,4083],"class_list":["post-14840","post","type-post","status-publish","format-standard","has-post-thumbnail","hentry","category-agriculture","category-altertour","category-edition-2020","category-edition-2019","category-nouvelle-aquitaine","tag-permaculture","tag-charente-maritime","tag-nouvelle-aquitaine","tag-le-temps-des-cueilettes","tag-boulangerie","tag-le-thou","tag-moragne"],"yoast_head":"<!-- This site is optimized with the Yoast SEO plugin v27.3 - https:\/\/yoast.com\/product\/yoast-seo-wordpress\/ -->\n<title>Engagez-vous qu&#039;ils disaient! - AlterTour<\/title>\n<meta name=\"robots\" content=\"index, follow, max-snippet:-1, max-image-preview:large, max-video-preview:-1\" \/>\n<link rel=\"canonical\" href=\"https:\/\/www.altercampagne.net\/?p=14840\" \/>\n<meta property=\"og:locale\" content=\"fr_FR\" \/>\n<meta property=\"og:type\" content=\"article\" \/>\n<meta property=\"og:title\" content=\"Engagez-vous qu&#039;ils disaient! - AlterTour\" \/>\n<meta property=\"og:description\" content=\"Une journ\u00e9e de r\u00e9flexion sur l&#039;engagement insuffl\u00e9e par notre passage \u00e0 par la ferme du mont d&#039;or et notre arriv\u00e9e \u00e0 la ferme du temps des cueillettes\" \/>\n<meta property=\"og:url\" content=\"https:\/\/www.altercampagne.net\/?p=14840\" \/>\n<meta property=\"og:site_name\" content=\"AlterTour\" \/>\n<meta property=\"article:published_time\" content=\"2019-07-28T19:08:37+00:00\" \/>\n<meta property=\"article:modified_time\" content=\"2021-05-06T08:46:41+00:00\" \/>\n<meta property=\"og:image\" content=\"https:\/\/www.altercampagne.net\/wp-content\/uploads\/2019\/07\/2019-07-28-_MG_3618.jpg\" \/>\n\t<meta property=\"og:image:width\" content=\"900\" \/>\n\t<meta property=\"og:image:height\" content=\"470\" \/>\n\t<meta property=\"og:image:type\" content=\"image\/jpeg\" \/>\n<meta name=\"author\" content=\"Lo\u00efc\" \/>\n<meta name=\"twitter:card\" content=\"summary_large_image\" \/>\n<meta name=\"twitter:label1\" content=\"\u00c9crit par\" \/>\n\t<meta name=\"twitter:data1\" content=\"Lo\u00efc\" \/>\n\t<meta name=\"twitter:label2\" content=\"Dur\u00e9e de lecture estim\u00e9e\" \/>\n\t<meta name=\"twitter:data2\" content=\"3 minutes\" \/>\n<script type=\"application\/ld+json\" class=\"yoast-schema-graph\">{\"@context\":\"https:\\\/\\\/schema.org\",\"@graph\":[{\"@type\":\"Article\",\"@id\":\"https:\\\/\\\/www.altercampagne.net\\\/?p=14840#article\",\"isPartOf\":{\"@id\":\"https:\\\/\\\/www.altercampagne.net\\\/?p=14840\"},\"author\":{\"name\":\"Lo\u00efc\",\"@id\":\"https:\\\/\\\/www.altercampagne.net\\\/#\\\/schema\\\/person\\\/e7caa15702cb743b05c9af366c4cb5f7\"},\"headline\":\"Engagez-vous qu&rsquo;ils disaient!\",\"datePublished\":\"2019-07-28T19:08:37+00:00\",\"dateModified\":\"2021-05-06T08:46:41+00:00\",\"mainEntityOfPage\":{\"@id\":\"https:\\\/\\\/www.altercampagne.net\\\/?p=14840\"},\"wordCount\":672,\"image\":{\"@id\":\"https:\\\/\\\/www.altercampagne.net\\\/?p=14840#primaryimage\"},\"thumbnailUrl\":\"https:\\\/\\\/www.altercampagne.net\\\/wp-content\\\/uploads\\\/2019\\\/07\\\/2019-07-28-_MG_3618.jpg\",\"keywords\":[\"permaculture\",\"Charente-Maritime\",\"Nouvelle-Aquitaine\",\"le temps des cueilettes\",\"boulangerie\",\"Le Thou\",\"Moragne\"],\"articleSection\":[\"Agriculture\",\"AlterTour\",\"Edition 2020\",\"Edition 2019\",\"Nouvelle-Aquitaine\"],\"inLanguage\":\"fr-FR\"},{\"@type\":\"WebPage\",\"@id\":\"https:\\\/\\\/www.altercampagne.net\\\/?p=14840\",\"url\":\"https:\\\/\\\/www.altercampagne.net\\\/?p=14840\",\"name\":\"Engagez-vous qu'ils disaient! - AlterTour\",\"isPartOf\":{\"@id\":\"https:\\\/\\\/www.altercampagne.net\\\/#website\"},\"primaryImageOfPage\":{\"@id\":\"https:\\\/\\\/www.altercampagne.net\\\/?p=14840#primaryimage\"},\"image\":{\"@id\":\"https:\\\/\\\/www.altercampagne.net\\\/?p=14840#primaryimage\"},\"thumbnailUrl\":\"https:\\\/\\\/www.altercampagne.net\\\/wp-content\\\/uploads\\\/2019\\\/07\\\/2019-07-28-_MG_3618.jpg\",\"datePublished\":\"2019-07-28T19:08:37+00:00\",\"dateModified\":\"2021-05-06T08:46:41+00:00\",\"author\":{\"@id\":\"https:\\\/\\\/www.altercampagne.net\\\/#\\\/schema\\\/person\\\/e7caa15702cb743b05c9af366c4cb5f7\"},\"breadcrumb\":{\"@id\":\"https:\\\/\\\/www.altercampagne.net\\\/?p=14840#breadcrumb\"},\"inLanguage\":\"fr-FR\",\"potentialAction\":[{\"@type\":\"ReadAction\",\"target\":[\"https:\\\/\\\/www.altercampagne.net\\\/?p=14840\"]}]},{\"@type\":\"ImageObject\",\"inLanguage\":\"fr-FR\",\"@id\":\"https:\\\/\\\/www.altercampagne.net\\\/?p=14840#primaryimage\",\"url\":\"https:\\\/\\\/www.altercampagne.net\\\/wp-content\\\/uploads\\\/2019\\\/07\\\/2019-07-28-_MG_3618.jpg\",\"contentUrl\":\"https:\\\/\\\/www.altercampagne.net\\\/wp-content\\\/uploads\\\/2019\\\/07\\\/2019-07-28-_MG_3618.jpg\",\"width\":900,\"height\":470},{\"@type\":\"BreadcrumbList\",\"@id\":\"https:\\\/\\\/www.altercampagne.net\\\/?p=14840#breadcrumb\",\"itemListElement\":[{\"@type\":\"ListItem\",\"position\":1,\"name\":\"Accueil\",\"item\":\"https:\\\/\\\/www.altercampagne.net\\\/\"},{\"@type\":\"ListItem\",\"position\":2,\"name\":\"Engagez-vous qu&rsquo;ils disaient!\"}]},{\"@type\":\"WebSite\",\"@id\":\"https:\\\/\\\/www.altercampagne.net\\\/#website\",\"url\":\"https:\\\/\\\/www.altercampagne.net\\\/\",\"name\":\"AlterTour\",\"description\":\"Reliez les Alternatives \u00e0 v\u00e9lo\",\"potentialAction\":[{\"@type\":\"SearchAction\",\"target\":{\"@type\":\"EntryPoint\",\"urlTemplate\":\"https:\\\/\\\/www.altercampagne.net\\\/?s={search_term_string}\"},\"query-input\":{\"@type\":\"PropertyValueSpecification\",\"valueRequired\":true,\"valueName\":\"search_term_string\"}}],\"inLanguage\":\"fr-FR\"},{\"@type\":\"Person\",\"@id\":\"https:\\\/\\\/www.altercampagne.net\\\/#\\\/schema\\\/person\\\/e7caa15702cb743b05c9af366c4cb5f7\",\"name\":\"Lo\u00efc\",\"image\":{\"@type\":\"ImageObject\",\"inLanguage\":\"fr-FR\",\"@id\":\"https:\\\/\\\/secure.gravatar.com\\\/avatar\\\/f07bacd5527a145229f78a71f4d46d4b9aeb4c9ba68c699d87c91e3155f0877b?s=96&d=mm&r=g\",\"url\":\"https:\\\/\\\/secure.gravatar.com\\\/avatar\\\/f07bacd5527a145229f78a71f4d46d4b9aeb4c9ba68c699d87c91e3155f0877b?s=96&d=mm&r=g\",\"contentUrl\":\"https:\\\/\\\/secure.gravatar.com\\\/avatar\\\/f07bacd5527a145229f78a71f4d46d4b9aeb4c9ba68c699d87c91e3155f0877b?s=96&d=mm&r=g\",\"caption\":\"Lo\u00efc\"},\"url\":\"https:\\\/\\\/www.altercampagne.net\\\/?author=243\"}]}<\/script>\n<!-- \/ Yoast SEO plugin. -->","yoast_head_json":{"title":"Engagez-vous qu'ils disaient! - AlterTour","robots":{"index":"index","follow":"follow","max-snippet":"max-snippet:-1","max-image-preview":"max-image-preview:large","max-video-preview":"max-video-preview:-1"},"canonical":"https:\/\/www.altercampagne.net\/?p=14840","og_locale":"fr_FR","og_type":"article","og_title":"Engagez-vous qu'ils disaient! - AlterTour","og_description":"Une journ\u00e9e de r\u00e9flexion sur l'engagement insuffl\u00e9e par notre passage \u00e0 par la ferme du mont d'or et notre arriv\u00e9e \u00e0 la ferme du temps des cueillettes","og_url":"https:\/\/www.altercampagne.net\/?p=14840","og_site_name":"AlterTour","article_published_time":"2019-07-28T19:08:37+00:00","article_modified_time":"2021-05-06T08:46:41+00:00","og_image":[{"width":900,"height":470,"url":"https:\/\/www.altercampagne.net\/wp-content\/uploads\/2019\/07\/2019-07-28-_MG_3618.jpg","type":"image\/jpeg"}],"author":"Lo\u00efc","twitter_card":"summary_large_image","twitter_misc":{"\u00c9crit par":"Lo\u00efc","Dur\u00e9e de lecture estim\u00e9e":"3 minutes"},"schema":{"@context":"https:\/\/schema.org","@graph":[{"@type":"Article","@id":"https:\/\/www.altercampagne.net\/?p=14840#article","isPartOf":{"@id":"https:\/\/www.altercampagne.net\/?p=14840"},"author":{"name":"Lo\u00efc","@id":"https:\/\/www.altercampagne.net\/#\/schema\/person\/e7caa15702cb743b05c9af366c4cb5f7"},"headline":"Engagez-vous qu&rsquo;ils disaient!","datePublished":"2019-07-28T19:08:37+00:00","dateModified":"2021-05-06T08:46:41+00:00","mainEntityOfPage":{"@id":"https:\/\/www.altercampagne.net\/?p=14840"},"wordCount":672,"image":{"@id":"https:\/\/www.altercampagne.net\/?p=14840#primaryimage"},"thumbnailUrl":"https:\/\/www.altercampagne.net\/wp-content\/uploads\/2019\/07\/2019-07-28-_MG_3618.jpg","keywords":["permaculture","Charente-Maritime","Nouvelle-Aquitaine","le temps des cueilettes","boulangerie","Le Thou","Moragne"],"articleSection":["Agriculture","AlterTour","Edition 2020","Edition 2019","Nouvelle-Aquitaine"],"inLanguage":"fr-FR"},{"@type":"WebPage","@id":"https:\/\/www.altercampagne.net\/?p=14840","url":"https:\/\/www.altercampagne.net\/?p=14840","name":"Engagez-vous qu'ils disaient! - AlterTour","isPartOf":{"@id":"https:\/\/www.altercampagne.net\/#website"},"primaryImageOfPage":{"@id":"https:\/\/www.altercampagne.net\/?p=14840#primaryimage"},"image":{"@id":"https:\/\/www.altercampagne.net\/?p=14840#primaryimage"},"thumbnailUrl":"https:\/\/www.altercampagne.net\/wp-content\/uploads\/2019\/07\/2019-07-28-_MG_3618.jpg","datePublished":"2019-07-28T19:08:37+00:00","dateModified":"2021-05-06T08:46:41+00:00","author":{"@id":"https:\/\/www.altercampagne.net\/#\/schema\/person\/e7caa15702cb743b05c9af366c4cb5f7"},"breadcrumb":{"@id":"https:\/\/www.altercampagne.net\/?p=14840#breadcrumb"},"inLanguage":"fr-FR","potentialAction":[{"@type":"ReadAction","target":["https:\/\/www.altercampagne.net\/?p=14840"]}]},{"@type":"ImageObject","inLanguage":"fr-FR","@id":"https:\/\/www.altercampagne.net\/?p=14840#primaryimage","url":"https:\/\/www.altercampagne.net\/wp-content\/uploads\/2019\/07\/2019-07-28-_MG_3618.jpg","contentUrl":"https:\/\/www.altercampagne.net\/wp-content\/uploads\/2019\/07\/2019-07-28-_MG_3618.jpg","width":900,"height":470},{"@type":"BreadcrumbList","@id":"https:\/\/www.altercampagne.net\/?p=14840#breadcrumb","itemListElement":[{"@type":"ListItem","position":1,"name":"Accueil","item":"https:\/\/www.altercampagne.net\/"},{"@type":"ListItem","position":2,"name":"Engagez-vous qu&rsquo;ils disaient!"}]},{"@type":"WebSite","@id":"https:\/\/www.altercampagne.net\/#website","url":"https:\/\/www.altercampagne.net\/","name":"AlterTour","description":"Reliez les Alternatives \u00e0 v\u00e9lo","potentialAction":[{"@type":"SearchAction","target":{"@type":"EntryPoint","urlTemplate":"https:\/\/www.altercampagne.net\/?s={search_term_string}"},"query-input":{"@type":"PropertyValueSpecification","valueRequired":true,"valueName":"search_term_string"}}],"inLanguage":"fr-FR"},{"@type":"Person","@id":"https:\/\/www.altercampagne.net\/#\/schema\/person\/e7caa15702cb743b05c9af366c4cb5f7","name":"Lo\u00efc","image":{"@type":"ImageObject","inLanguage":"fr-FR","@id":"https:\/\/secure.gravatar.com\/avatar\/f07bacd5527a145229f78a71f4d46d4b9aeb4c9ba68c699d87c91e3155f0877b?s=96&d=mm&r=g","url":"https:\/\/secure.gravatar.com\/avatar\/f07bacd5527a145229f78a71f4d46d4b9aeb4c9ba68c699d87c91e3155f0877b?s=96&d=mm&r=g","contentUrl":"https:\/\/secure.gravatar.com\/avatar\/f07bacd5527a145229f78a71f4d46d4b9aeb4c9ba68c699d87c91e3155f0877b?s=96&d=mm&r=g","caption":"Lo\u00efc"},"url":"https:\/\/www.altercampagne.net\/?author=243"}]}},"_links":{"self":[{"href":"https:\/\/www.altercampagne.net\/index.php?rest_route=\/wp\/v2\/posts\/14840","targetHints":{"allow":["GET"]}}],"collection":[{"href":"https:\/\/www.altercampagne.net\/index.php?rest_route=\/wp\/v2\/posts"}],"about":[{"href":"https:\/\/www.altercampagne.net\/index.php?rest_route=\/wp\/v2\/types\/post"}],"author":[{"embeddable":true,"href":"https:\/\/www.altercampagne.net\/index.php?rest_route=\/wp\/v2\/users\/243"}],"replies":[{"embeddable":true,"href":"https:\/\/www.altercampagne.net\/index.php?rest_route=%2Fwp%2Fv2%2Fcomments&post=14840"}],"version-history":[{"count":1,"href":"https:\/\/www.altercampagne.net\/index.php?rest_route=\/wp\/v2\/posts\/14840\/revisions"}],"predecessor-version":[{"id":21777,"href":"https:\/\/www.altercampagne.net\/index.php?rest_route=\/wp\/v2\/posts\/14840\/revisions\/21777"}],"wp:featuredmedia":[{"embeddable":true,"href":"https:\/\/www.altercampagne.net\/index.php?rest_route=\/wp\/v2\/media\/14868"}],"wp:attachment":[{"href":"https:\/\/www.altercampagne.net\/index.php?rest_route=%2Fwp%2Fv2%2Fmedia&parent=14840"}],"wp:term":[{"taxonomy":"category","embeddable":true,"href":"https:\/\/www.altercampagne.net\/index.php?rest_route=%2Fwp%2Fv2%2Fcategories&post=14840"},{"taxonomy":"post_tag","embeddable":true,"href":"https:\/\/www.altercampagne.net\/index.php?rest_route=%2Fwp%2Fv2%2Ftags&post=14840"}],"curies":[{"name":"wp","href":"https:\/\/api.w.org\/{rel}","templated":true}]}}