{"id":14843,"date":"2019-07-29T21:20:23","date_gmt":"2019-07-29T19:20:23","guid":{"rendered":"http:\/\/www.altercampagne.net\/?p=14843"},"modified":"2021-05-06T10:46:41","modified_gmt":"2021-05-06T08:46:41","slug":"comme-un-parfum-de-menthe-poivree","status":"publish","type":"post","link":"https:\/\/www.altercampagne.net\/?p=14843","title":{"rendered":"Comme un parfum de menthe poivr\u00e9e\u2026"},"content":{"rendered":"\n<p><\/p>\n\n\n\n<p><strong>Seize kilom\u00e8tres de v\u00e9lo et nous arrivons <\/strong><a rel=\"noreferrer noopener\" aria-label=\"\u00ab\u00a0Aux graines buissonni\u00e8res\u00a0\u00bb (s\u2019ouvre dans un nouvel onglet)\" href=\"https:\/\/www.auxgrainesbuissonnieres.com\/\" target=\"_blank\"><strong>\u00ab\u00a0Aux graines buissonni\u00e8res\u00a0\u00bb<\/strong><\/a><strong>. Apr\u00e8s avoir cueilli et remont\u00e9 un \u00e9norme tas de menthe poivr\u00e9e dans un grand drap, Chlo\u00e9 et Anne nous accueillent dans leur petit coin de paradis. Leur activit\u00e9\u00a0: la culture, la cueillette et la transformation.<\/strong><\/p>\n\n\n\n<h4 class=\"wp-block-heading\">Des cultures aux huiles essentielles&nbsp;: l\u2019importance de travailler \u00e0 deux<\/h4>\n\n\n\n<p>Depuis 2014, <strong>Anne cultive et transforme des plantes aromatiques et m\u00e9dicinales en bio <\/strong>sur une surface de 50 ares \u00e0 Saint Savinien. Cinq belles ann\u00e9es, riches d&rsquo;une grande exp\u00e9rience mais marqu\u00e9es par la difficult\u00e9 de mener cette activit\u00e9 seule. Culture, cueillette, transformation, vente&#8230; c&rsquo;est beaucoup, malgr\u00e9 les nombreux coups de main de son compagnon.<\/p>\n\n\n\n<p> En 2017, Anne rencontre Chlo\u00e9, infirmi\u00e8re de m\u00e9tier. Chlo\u00e9 se passionne pour l&rsquo;herboristerie. Petit \u00e0 petit, Chlo\u00e9 envisage une reconversion professionnelle et quitte son emploi en 2019. L&rsquo;\u00e9quilibre est parfait, <strong>Anne s&rsquo;occupera des cultures et Chlo\u00e9 produira les hydrolats et les huiles essentielles ! <\/strong><\/p>\n\n\n\n<p>Aujourd&rsquo;hui au ch\u00f4mage, Chlo\u00e9 se laisse deux ans pour tester l&rsquo;activit\u00e9. En 2021, Anne et Chlo\u00e9 auront la possibilit\u00e9 de s&rsquo;associer, de cr\u00e9er deux entreprises distinctes ou de poursuivre leurs routes chacunes de leur c\u00f4t\u00e9. <\/p>\n\n\n\n<p>Pendant la rencontre,<strong> Anne nous parle de l&rsquo;importance de se lancer \u00e0 plusieurs.<\/strong> Elle n&rsquo;y voit que des avantages : pouvoir \u00e9changer sur l&rsquo;activit\u00e9, le quotidien, ne pas \u00eatre seule face aux difficult\u00e9s, pouvoir prendre des cong\u00e9s&#8230; <\/p>\n\n\n\n<h4 class=\"wp-block-heading\">De la cueillette\u2026<\/h4>\n\n\n\n<p>Les avantages du groupe, nous allons rapidement les percevoir. En effet, apr\u00e8s la pr\u00e9sentation des Graines buissonni\u00e8res,  c&rsquo;est l&rsquo;heure des ateliers. Rapidement, les 60 Altercyclistes se mettent au boulot. <strong>En 30 min, la Cuillette est termin\u00e9e, place maintenant \u00e0 la distillation de la menthe poivr\u00e9e<\/strong>. La r\u00e9colte est abondante, l&rsquo;alambic  est plein et les sacs s&rsquo;accumulent devant l&rsquo;atelier. Le surplus est stock\u00e9 \u00e0 l&rsquo;ombre et sera distill\u00e9 dans les jours \u00e0 venir.<\/p>\n\n\n\n<h4 class=\"wp-block-heading\">\u2026 A l\u2019alambic<\/h4>\n\n\n\n<p>Le feu cr\u00e9pite et la temp\u00e9rature monte dans la premi\u00e8re cuve. Il faut patienter un peu pour d\u00e9passer les 50\u00b0C. <strong>Une forte odeur de menthe envahit l&rsquo;atelier, les premi\u00e8res gouttes d&rsquo;hydrolat arrivent dans le collecteur.<\/strong> Les questions fusent : quel est le ratio entre le volume de menthe et le volume d&rsquo;huile essentielle obtenue ? Comment fonctionne l&rsquo;alambic ? D&rsquo;o\u00f9 vient l&rsquo;eau de refroidissement ? Que devient l&rsquo;eau de refroidissement ? Quel sont les avantages du bois pour chauffer l&rsquo;eau ? Quel est la diff\u00e9rence entre hydrolat et huile essentielle ?<\/p>\n\n\n\n<p>La journ\u00e9e s&rsquo;ach\u00e8ve doucement pendant que nous prenons une douche bien m\u00e9rit\u00e9e. <a rel=\"noreferrer noopener\" aria-label=\"Melvin dans les nuages (s\u2019ouvre dans un nouvel onglet)\" href=\"https:\/\/melvindanslesnuages.com\/\" target=\"_blank\"><strong>Melvin dans les nuages<\/strong><\/a> accorde sa guitare, les bi\u00e8res des faucheurs s&rsquo;invitent sur les tables, la soir\u00e9e peut commencer !<\/p>\n\n\n\n<p class=\"has-text-align-right\"><strong>Marc<\/strong> <strong>et Mathieu<\/strong> <\/p>\n\n\n\n<p><\/p>\n","protected":false},"excerpt":{"rendered":"<p>Seize kilom\u00e8tres de v\u00e9lo et nous arrivons \u00ab\u00a0Aux graines buissonni\u00e8res\u00a0\u00bb. Apr\u00e8s avoir cueilli et remont\u00e9 un \u00e9norme tas de menthe poivr\u00e9e dans un grand drap, Chlo\u00e9 et Anne nous accueillent dans leur petit coin de paradis. Leur activit\u00e9\u00a0: la culture, la cueillette et la transformation. Des cultures aux huiles essentielles&nbsp;: &#8230; <\/p>\n<div><a href=\"https:\/\/www.altercampagne.net\/?p=14843\" class=\"more-link\">Read More<\/a><\/div>\n","protected":false},"author":214,"featured_media":14866,"comment_status":"closed","ping_status":"closed","sticky":false,"template":"","format":"standard","meta":{"footnotes":""},"categories":[3483,4313,3773,3479],"tags":[1641,2768,3980,3981,3982,3983],"class_list":["post-14843","post","type-post","status-publish","format-standard","has-post-thumbnail","hentry","category-agriculture","category-altertour","category-edition-2019","category-nouvelle-aquitaine","tag-charente-maritime","tag-nouvelle-aquitaine","tag-menthe","tag-cueillette","tag-saint-savinien","tag-aux-graines-buissonnieres"],"yoast_head":"<!-- This site is optimized with the Yoast SEO plugin v27.3 - https:\/\/yoast.com\/product\/yoast-seo-wordpress\/ -->\n<title>Comme un parfum de menthe poivr\u00e9e\u2026 - AlterTour<\/title>\n<meta name=\"robots\" content=\"index, follow, max-snippet:-1, max-image-preview:large, max-video-preview:-1\" \/>\n<link rel=\"canonical\" href=\"https:\/\/www.altercampagne.net\/?p=14843\" \/>\n<meta property=\"og:locale\" content=\"fr_FR\" \/>\n<meta property=\"og:type\" content=\"article\" \/>\n<meta property=\"og:title\" content=\"Comme un parfum de menthe poivr\u00e9e\u2026 - AlterTour\" \/>\n<meta property=\"og:description\" content=\"Seize kilom\u00e8tres de v\u00e9lo et nous arrivons \u00ab\u00a0Aux graines buissonni\u00e8res\u00a0\u00bb. Apr\u00e8s avoir cueilli et remont\u00e9 un \u00e9norme tas de menthe poivr\u00e9e dans un grand drap, Chlo\u00e9 et Anne nous accueillent dans leur petit coin de paradis. Leur activit\u00e9\u00a0: la culture, la cueillette et la transformation. Des cultures aux huiles essentielles&nbsp;: ... Read More\" \/>\n<meta property=\"og:url\" content=\"https:\/\/www.altercampagne.net\/?p=14843\" \/>\n<meta property=\"og:site_name\" content=\"AlterTour\" \/>\n<meta property=\"article:published_time\" content=\"2019-07-29T19:20:23+00:00\" \/>\n<meta property=\"article:modified_time\" content=\"2021-05-06T08:46:41+00:00\" \/>\n<meta property=\"og:image\" content=\"https:\/\/www.altercampagne.net\/wp-content\/uploads\/2019\/07\/2019-07-29-_MG_4008.jpg\" \/>\n\t<meta property=\"og:image:width\" content=\"900\" \/>\n\t<meta property=\"og:image:height\" content=\"470\" \/>\n\t<meta property=\"og:image:type\" content=\"image\/jpeg\" \/>\n<meta name=\"author\" content=\"Mathieu\" \/>\n<meta name=\"twitter:card\" content=\"summary_large_image\" \/>\n<meta name=\"twitter:label1\" content=\"\u00c9crit par\" \/>\n\t<meta name=\"twitter:data1\" content=\"Mathieu\" \/>\n\t<meta name=\"twitter:label2\" content=\"Dur\u00e9e de lecture estim\u00e9e\" \/>\n\t<meta name=\"twitter:data2\" content=\"2 minutes\" \/>\n<script type=\"application\/ld+json\" class=\"yoast-schema-graph\">{\"@context\":\"https:\\\/\\\/schema.org\",\"@graph\":[{\"@type\":\"Article\",\"@id\":\"https:\\\/\\\/www.altercampagne.net\\\/?p=14843#article\",\"isPartOf\":{\"@id\":\"https:\\\/\\\/www.altercampagne.net\\\/?p=14843\"},\"author\":{\"name\":\"Mathieu\",\"@id\":\"https:\\\/\\\/www.altercampagne.net\\\/#\\\/schema\\\/person\\\/0f261460c09e430caa0f9bcffa319109\"},\"headline\":\"Comme un parfum de menthe poivr\u00e9e\u2026\",\"datePublished\":\"2019-07-29T19:20:23+00:00\",\"dateModified\":\"2021-05-06T08:46:41+00:00\",\"mainEntityOfPage\":{\"@id\":\"https:\\\/\\\/www.altercampagne.net\\\/?p=14843\"},\"wordCount\":475,\"image\":{\"@id\":\"https:\\\/\\\/www.altercampagne.net\\\/?p=14843#primaryimage\"},\"thumbnailUrl\":\"https:\\\/\\\/www.altercampagne.net\\\/wp-content\\\/uploads\\\/2019\\\/07\\\/2019-07-29-_MG_4008.jpg\",\"keywords\":[\"Charente-Maritime\",\"Nouvelle-Aquitaine\",\"menthe\",\"cueillette\",\"saint-savinien\",\"aux graines buissonni\u00e8res\"],\"articleSection\":[\"Agriculture\",\"AlterTour\",\"Edition 2019\",\"Nouvelle-Aquitaine\"],\"inLanguage\":\"fr-FR\"},{\"@type\":\"WebPage\",\"@id\":\"https:\\\/\\\/www.altercampagne.net\\\/?p=14843\",\"url\":\"https:\\\/\\\/www.altercampagne.net\\\/?p=14843\",\"name\":\"Comme un parfum de menthe poivr\u00e9e\u2026 - AlterTour\",\"isPartOf\":{\"@id\":\"https:\\\/\\\/www.altercampagne.net\\\/#website\"},\"primaryImageOfPage\":{\"@id\":\"https:\\\/\\\/www.altercampagne.net\\\/?p=14843#primaryimage\"},\"image\":{\"@id\":\"https:\\\/\\\/www.altercampagne.net\\\/?p=14843#primaryimage\"},\"thumbnailUrl\":\"https:\\\/\\\/www.altercampagne.net\\\/wp-content\\\/uploads\\\/2019\\\/07\\\/2019-07-29-_MG_4008.jpg\",\"datePublished\":\"2019-07-29T19:20:23+00:00\",\"dateModified\":\"2021-05-06T08:46:41+00:00\",\"author\":{\"@id\":\"https:\\\/\\\/www.altercampagne.net\\\/#\\\/schema\\\/person\\\/0f261460c09e430caa0f9bcffa319109\"},\"breadcrumb\":{\"@id\":\"https:\\\/\\\/www.altercampagne.net\\\/?p=14843#breadcrumb\"},\"inLanguage\":\"fr-FR\",\"potentialAction\":[{\"@type\":\"ReadAction\",\"target\":[\"https:\\\/\\\/www.altercampagne.net\\\/?p=14843\"]}]},{\"@type\":\"ImageObject\",\"inLanguage\":\"fr-FR\",\"@id\":\"https:\\\/\\\/www.altercampagne.net\\\/?p=14843#primaryimage\",\"url\":\"https:\\\/\\\/www.altercampagne.net\\\/wp-content\\\/uploads\\\/2019\\\/07\\\/2019-07-29-_MG_4008.jpg\",\"contentUrl\":\"https:\\\/\\\/www.altercampagne.net\\\/wp-content\\\/uploads\\\/2019\\\/07\\\/2019-07-29-_MG_4008.jpg\",\"width\":900,\"height\":470},{\"@type\":\"BreadcrumbList\",\"@id\":\"https:\\\/\\\/www.altercampagne.net\\\/?p=14843#breadcrumb\",\"itemListElement\":[{\"@type\":\"ListItem\",\"position\":1,\"name\":\"Accueil\",\"item\":\"https:\\\/\\\/www.altercampagne.net\\\/\"},{\"@type\":\"ListItem\",\"position\":2,\"name\":\"Comme un parfum de menthe poivr\u00e9e\u2026\"}]},{\"@type\":\"WebSite\",\"@id\":\"https:\\\/\\\/www.altercampagne.net\\\/#website\",\"url\":\"https:\\\/\\\/www.altercampagne.net\\\/\",\"name\":\"AlterTour\",\"description\":\"Reliez les Alternatives \u00e0 v\u00e9lo\",\"potentialAction\":[{\"@type\":\"SearchAction\",\"target\":{\"@type\":\"EntryPoint\",\"urlTemplate\":\"https:\\\/\\\/www.altercampagne.net\\\/?s={search_term_string}\"},\"query-input\":{\"@type\":\"PropertyValueSpecification\",\"valueRequired\":true,\"valueName\":\"search_term_string\"}}],\"inLanguage\":\"fr-FR\"},{\"@type\":\"Person\",\"@id\":\"https:\\\/\\\/www.altercampagne.net\\\/#\\\/schema\\\/person\\\/0f261460c09e430caa0f9bcffa319109\",\"name\":\"Mathieu\",\"image\":{\"@type\":\"ImageObject\",\"inLanguage\":\"fr-FR\",\"@id\":\"https:\\\/\\\/secure.gravatar.com\\\/avatar\\\/aa9d3d24c83f2141e5e2709d0f63d09a99f6be6bb7a50abc4915838d9f54501a?s=96&d=mm&r=g\",\"url\":\"https:\\\/\\\/secure.gravatar.com\\\/avatar\\\/aa9d3d24c83f2141e5e2709d0f63d09a99f6be6bb7a50abc4915838d9f54501a?s=96&d=mm&r=g\",\"contentUrl\":\"https:\\\/\\\/secure.gravatar.com\\\/avatar\\\/aa9d3d24c83f2141e5e2709d0f63d09a99f6be6bb7a50abc4915838d9f54501a?s=96&d=mm&r=g\",\"caption\":\"Mathieu\"},\"url\":\"https:\\\/\\\/www.altercampagne.net\\\/?author=214\"}]}<\/script>\n<!-- \/ Yoast SEO plugin. -->","yoast_head_json":{"title":"Comme un parfum de menthe poivr\u00e9e\u2026 - AlterTour","robots":{"index":"index","follow":"follow","max-snippet":"max-snippet:-1","max-image-preview":"max-image-preview:large","max-video-preview":"max-video-preview:-1"},"canonical":"https:\/\/www.altercampagne.net\/?p=14843","og_locale":"fr_FR","og_type":"article","og_title":"Comme un parfum de menthe poivr\u00e9e\u2026 - AlterTour","og_description":"Seize kilom\u00e8tres de v\u00e9lo et nous arrivons \u00ab\u00a0Aux graines buissonni\u00e8res\u00a0\u00bb. Apr\u00e8s avoir cueilli et remont\u00e9 un \u00e9norme tas de menthe poivr\u00e9e dans un grand drap, Chlo\u00e9 et Anne nous accueillent dans leur petit coin de paradis. Leur activit\u00e9\u00a0: la culture, la cueillette et la transformation. Des cultures aux huiles essentielles&nbsp;: ... Read More","og_url":"https:\/\/www.altercampagne.net\/?p=14843","og_site_name":"AlterTour","article_published_time":"2019-07-29T19:20:23+00:00","article_modified_time":"2021-05-06T08:46:41+00:00","og_image":[{"width":900,"height":470,"url":"https:\/\/www.altercampagne.net\/wp-content\/uploads\/2019\/07\/2019-07-29-_MG_4008.jpg","type":"image\/jpeg"}],"author":"Mathieu","twitter_card":"summary_large_image","twitter_misc":{"\u00c9crit par":"Mathieu","Dur\u00e9e de lecture estim\u00e9e":"2 minutes"},"schema":{"@context":"https:\/\/schema.org","@graph":[{"@type":"Article","@id":"https:\/\/www.altercampagne.net\/?p=14843#article","isPartOf":{"@id":"https:\/\/www.altercampagne.net\/?p=14843"},"author":{"name":"Mathieu","@id":"https:\/\/www.altercampagne.net\/#\/schema\/person\/0f261460c09e430caa0f9bcffa319109"},"headline":"Comme un parfum de menthe poivr\u00e9e\u2026","datePublished":"2019-07-29T19:20:23+00:00","dateModified":"2021-05-06T08:46:41+00:00","mainEntityOfPage":{"@id":"https:\/\/www.altercampagne.net\/?p=14843"},"wordCount":475,"image":{"@id":"https:\/\/www.altercampagne.net\/?p=14843#primaryimage"},"thumbnailUrl":"https:\/\/www.altercampagne.net\/wp-content\/uploads\/2019\/07\/2019-07-29-_MG_4008.jpg","keywords":["Charente-Maritime","Nouvelle-Aquitaine","menthe","cueillette","saint-savinien","aux graines buissonni\u00e8res"],"articleSection":["Agriculture","AlterTour","Edition 2019","Nouvelle-Aquitaine"],"inLanguage":"fr-FR"},{"@type":"WebPage","@id":"https:\/\/www.altercampagne.net\/?p=14843","url":"https:\/\/www.altercampagne.net\/?p=14843","name":"Comme un parfum de menthe poivr\u00e9e\u2026 - AlterTour","isPartOf":{"@id":"https:\/\/www.altercampagne.net\/#website"},"primaryImageOfPage":{"@id":"https:\/\/www.altercampagne.net\/?p=14843#primaryimage"},"image":{"@id":"https:\/\/www.altercampagne.net\/?p=14843#primaryimage"},"thumbnailUrl":"https:\/\/www.altercampagne.net\/wp-content\/uploads\/2019\/07\/2019-07-29-_MG_4008.jpg","datePublished":"2019-07-29T19:20:23+00:00","dateModified":"2021-05-06T08:46:41+00:00","author":{"@id":"https:\/\/www.altercampagne.net\/#\/schema\/person\/0f261460c09e430caa0f9bcffa319109"},"breadcrumb":{"@id":"https:\/\/www.altercampagne.net\/?p=14843#breadcrumb"},"inLanguage":"fr-FR","potentialAction":[{"@type":"ReadAction","target":["https:\/\/www.altercampagne.net\/?p=14843"]}]},{"@type":"ImageObject","inLanguage":"fr-FR","@id":"https:\/\/www.altercampagne.net\/?p=14843#primaryimage","url":"https:\/\/www.altercampagne.net\/wp-content\/uploads\/2019\/07\/2019-07-29-_MG_4008.jpg","contentUrl":"https:\/\/www.altercampagne.net\/wp-content\/uploads\/2019\/07\/2019-07-29-_MG_4008.jpg","width":900,"height":470},{"@type":"BreadcrumbList","@id":"https:\/\/www.altercampagne.net\/?p=14843#breadcrumb","itemListElement":[{"@type":"ListItem","position":1,"name":"Accueil","item":"https:\/\/www.altercampagne.net\/"},{"@type":"ListItem","position":2,"name":"Comme un parfum de menthe poivr\u00e9e\u2026"}]},{"@type":"WebSite","@id":"https:\/\/www.altercampagne.net\/#website","url":"https:\/\/www.altercampagne.net\/","name":"AlterTour","description":"Reliez les Alternatives \u00e0 v\u00e9lo","potentialAction":[{"@type":"SearchAction","target":{"@type":"EntryPoint","urlTemplate":"https:\/\/www.altercampagne.net\/?s={search_term_string}"},"query-input":{"@type":"PropertyValueSpecification","valueRequired":true,"valueName":"search_term_string"}}],"inLanguage":"fr-FR"},{"@type":"Person","@id":"https:\/\/www.altercampagne.net\/#\/schema\/person\/0f261460c09e430caa0f9bcffa319109","name":"Mathieu","image":{"@type":"ImageObject","inLanguage":"fr-FR","@id":"https:\/\/secure.gravatar.com\/avatar\/aa9d3d24c83f2141e5e2709d0f63d09a99f6be6bb7a50abc4915838d9f54501a?s=96&d=mm&r=g","url":"https:\/\/secure.gravatar.com\/avatar\/aa9d3d24c83f2141e5e2709d0f63d09a99f6be6bb7a50abc4915838d9f54501a?s=96&d=mm&r=g","contentUrl":"https:\/\/secure.gravatar.com\/avatar\/aa9d3d24c83f2141e5e2709d0f63d09a99f6be6bb7a50abc4915838d9f54501a?s=96&d=mm&r=g","caption":"Mathieu"},"url":"https:\/\/www.altercampagne.net\/?author=214"}]}},"_links":{"self":[{"href":"https:\/\/www.altercampagne.net\/index.php?rest_route=\/wp\/v2\/posts\/14843","targetHints":{"allow":["GET"]}}],"collection":[{"href":"https:\/\/www.altercampagne.net\/index.php?rest_route=\/wp\/v2\/posts"}],"about":[{"href":"https:\/\/www.altercampagne.net\/index.php?rest_route=\/wp\/v2\/types\/post"}],"author":[{"embeddable":true,"href":"https:\/\/www.altercampagne.net\/index.php?rest_route=\/wp\/v2\/users\/214"}],"replies":[{"embeddable":true,"href":"https:\/\/www.altercampagne.net\/index.php?rest_route=%2Fwp%2Fv2%2Fcomments&post=14843"}],"version-history":[{"count":1,"href":"https:\/\/www.altercampagne.net\/index.php?rest_route=\/wp\/v2\/posts\/14843\/revisions"}],"predecessor-version":[{"id":21775,"href":"https:\/\/www.altercampagne.net\/index.php?rest_route=\/wp\/v2\/posts\/14843\/revisions\/21775"}],"wp:featuredmedia":[{"embeddable":true,"href":"https:\/\/www.altercampagne.net\/index.php?rest_route=\/wp\/v2\/media\/14866"}],"wp:attachment":[{"href":"https:\/\/www.altercampagne.net\/index.php?rest_route=%2Fwp%2Fv2%2Fmedia&parent=14843"}],"wp:term":[{"taxonomy":"category","embeddable":true,"href":"https:\/\/www.altercampagne.net\/index.php?rest_route=%2Fwp%2Fv2%2Fcategories&post=14843"},{"taxonomy":"post_tag","embeddable":true,"href":"https:\/\/www.altercampagne.net\/index.php?rest_route=%2Fwp%2Fv2%2Ftags&post=14843"}],"curies":[{"name":"wp","href":"https:\/\/api.w.org\/{rel}","templated":true}]}}