{"id":14847,"date":"2019-08-02T21:40:11","date_gmt":"2019-08-02T19:40:11","guid":{"rendered":"http:\/\/www.altercampagne.net\/?p=14847"},"modified":"2021-05-06T10:46:40","modified_gmt":"2021-05-06T08:46:40","slug":"des-abeilles-et-des-hommes","status":"publish","type":"post","link":"https:\/\/www.altercampagne.net\/?p=14847","title":{"rendered":"Des abeilles et des hommes"},"content":{"rendered":"\n<p>Vendredi 2 ao\u00fbt, trajet tr\u00e8s vallonn\u00e9 entre <strong>Saint-Est\u00e8phe <\/strong>et <strong>Saint-Pierre-de-Frugie<\/strong>, les longues mont\u00e9es permettant de prendre tout le temps de profiter du soleil. Les pauses graines sont salvatrices, les derni\u00e8res physalis aussi, avant une arriv\u00e9e \u00e0 <a rel=\"noreferrer noopener\" aria-label=\"l\u2019\u00e9co centre du P\u00e9rigord (s\u2019ouvre dans un nouvel onglet)\" href=\"http:\/\/ecocentre.org\/\" target=\"_blank\"><strong>l\u2019\u00e9cocentre du P\u00e9rigord<\/strong><\/a> pour l\u2019heure du repas.<\/p>\n\n\n\n<h4 class=\"wp-block-heading\">L\u2019\u00e9cocentre du P\u00e9rigord<\/h4>\n\n\n\n<p>Au programme de l\u2019apr\u00e8s-midi, une premi\u00e8re d\u00e9couverte du site avant la journ\u00e9e de repos de demain. L\u2019histoire du site est agricole, et le b\u00e2timent de formation \u00e0 <strong>l\u2019\u00e9coconstruction<\/strong> qui jouxtait l\u2019exploitation a donn\u00e9 l\u2019id\u00e9e d\u2019un b\u00e2timent d\u00e9di\u00e9, devenu <a rel=\"noreferrer noopener\" aria-label=\"l\u2019\u00e9cocentre du P\u00e9rigord (s\u2019ouvre dans un nouvel onglet)\" href=\"http:\/\/ecocentre.org\/\" target=\"_blank\">l\u2019\u00e9cocentre du P\u00e9rigord<\/a>. B\u00e2timent p\u00e9dagogique, construit comme un d\u00e9monstrateur et en s\u2019appuyant sur des chantiers participatifs, il accueille des formations sur l<strong>\u2019\u00e9co-construction<\/strong> (et fonctionne sans aucune subventions, ce qui m\u00e9rite d\u2019\u00eatre mentionn\u00e9&nbsp;!). L\u2019\u00e9cocentre est \u00e9galement jouxt\u00e9 d\u2019un <strong>jardin en permaculture<\/strong>, et verra aussi bient\u00f4t l<strong>\u2019installation d\u2019un tiers-lieu (espace de coworking, de rencontre pour des associations, de repair caf\u00e9,<\/strong> etc). Enfin, il a \u00e9galement pour voisin<strong> un \u00e9co-hameau<\/strong>, du fonctionnement duquel nous avons pu avoir une pr\u00e9sentation, en \u00e9cho de celle <a href=\"http:\/\/www.ecoyeux.fr\/\">d\u2019Ecoyeux<\/a> en d\u00e9but de semaine.<\/p>\n\n\n\n<h4 class=\"wp-block-heading\">Habitat group\u00e9, \u00e9loge du collectif<\/h4>\n\n\n\n<p>N\u00e9 en 2011 de l\u2019id\u00e9e d\u2019une salari\u00e9e de l\u2019\u00e9cocentre, <strong>l\u2019\u00e9co-hameau compte 10 maisons et de nombreux espaces partag\u00e9s&nbsp;: un b\u00e2timent commun (avec laverie, chambres d\u2019amis, etc), un jardin, et m\u00eame une voiture<\/strong>. Comme souvent dans un projet d\u2019habitat group\u00e9, les t\u00eates ont chang\u00e9 depuis le projet initial, mais les principes sont rest\u00e9s. <\/p>\n\n\n\n<p>En particulier, la plus grande\nattention a \u00e9t\u00e9 port\u00e9e au non-enrichissement et \u00e0 la non-sp\u00e9culation&nbsp;: \u00e0\ncette fin, une SCI a \u00e9t\u00e9 cr\u00e9\u00e9e, et les propri\u00e9taires sont en fait \u00e0 la fois soci\u00e9taires\nde la SCI (les valeurs des parts sociales correspondant \u00e0 celles des maisons)\net locataires de fait de leur maison aupr\u00e8s de la SCI. Le montage permet de\nmettre toute revente de maison (en fait, cession de parts de SCI) sous le\ncontr\u00f4le de l\u2019ensemble des autres habitants-soci\u00e9taires restants, et de faire\nainsi barrage \u00e0 une tentative de plus-value (le cas s\u2019est pr\u00e9sent\u00e9, et a \u00e9t\u00e9\ntrait\u00e9 comme cela avec succ\u00e8s). Autre id\u00e9e forte&nbsp;: pour limiter les freins\n\u00e0 l\u2019installation dans l\u2019\u00e9co-hameau, il y a en plus des propri\u00e9taires-soci\u00e9taires\ndes personnes qui sont seulement locataires de leur logement, induisant une\nplus grande souplesse.<\/p>\n\n\n\n<p>Suite des explications sur le volet\ntechnique de la construction au programme de demain&nbsp;!<\/p>\n\n\n\n<h4 class=\"wp-block-heading\">Abeilles sauvages, \u00e9loge du laissez-faire<\/h4>\n\n\n\n<p>Suite du programme de l\u2019apr\u00e8s-midi avec <strong>Val\u00e9rie et Philippe, de <\/strong><a rel=\"noreferrer noopener\" aria-label=\"l\u2019association 1001abeilles (s\u2019ouvre dans un nouvel onglet)\" href=\"https:\/\/1001abeilles.org\" target=\"_blank\"><strong>l\u2019association 1001abeilles<\/strong><\/a><strong>,<\/strong> et <strong>une pr\u00e9sentation sur le sujet des abeilles sauvages<\/strong> (\u00e0 entendre au sens large des hym\u00e9nopt\u00e8res qui regroupent abeilles, gu\u00eapes, etc). Au-del\u00e0 de l\u2019abeille domestique connue de tous, on retrouve en fait un millier d\u2019esp\u00e8ces diff\u00e9rentes sauvages, essentielles \u00e0 la richesse de la biodiversit\u00e9, qui repose sur la pollinisation de ces insectes mal connus. Sept fois plus efficaces que les abeilles domestiques, nous avons pu voir ces esp\u00e8ces sauvages entrer et sortir de leur terrier, des trous dans le sol presque invisibles o\u00f9 les individus passent l\u2019essentiel de leur vie, avant quelques semaines \u00e0 quelque mois de sorties \u00e0 l\u2019air libre.<\/p>\n\n\n\n<p><strong>Le constat, dramatique, est bien connu&nbsp;: 75% de perte de biomasse d\u2019insectes volants en l\u2019espace de 30 ans, d\u00fb aux pesticides mais aussi beaucoup au manque de nourritures, les fleurs. Elles d\u00e9pendent de sols paradoxalement pauvres<\/strong> (les sols trop riches en azote ne font pousser que des gramin\u00e9s), et la cl\u00e9 repose comme souvent sur la sobri\u00e9t\u00e9&nbsp;: laisser pousser les plantes sauvages (locales, de fait) plut\u00f4t que chercher \u00e0 installer des \u00ab&nbsp;jach\u00e8res fleuries&nbsp;\u00bb non adapt\u00e9es&nbsp;; faucher et ne pas tondre&nbsp;; en un mot, <strong>laisser s\u2019\u00e9tendre et pousser la flore sauvage, et la faune suivra<\/strong>. \u00c0 ce titre, la visite est aussi l\u2019occasion de d\u00e9construire quelques fausses bonnes id\u00e9es, parmi lesquelles les h\u00f4tels \u00e0 insectes (adapt\u00e9s \u00e0 tr\u00e8s peu d\u2019esp\u00e8ces, et qui jouent un r\u00f4le de concentrateur, sensible aux maladies et aux pr\u00e9dateurs) ou la surabondance r\u00e9cente de ruches dans les grandes agglom\u00e9rations (o\u00f9 le manque relatif de fleur se fait ressentir).<\/p>\n\n\n\n<p><strong>En milieu rural, l\u2019ennemi s\u2019appelle le jardin particulier, pr\u00e9cis\u00e9ment tondu et entretenu, pas plus accueillant qu\u2019une voirie de b\u00e9ton pour les abeilles.<\/strong> Si les collectivit\u00e9s commencent \u00e0 prendre de bons r\u00e9flexes dans les espaces publics, <strong>c\u2019est bien dans les jardins (un million en France&nbsp;!) que devront \u00eatre d\u00e9ploy\u00e9s les plus grands efforts de p\u00e9dagogie pour enrayer l\u2019effondrement en cours.<\/strong><\/p>\n","protected":false},"excerpt":{"rendered":"<p>A l&rsquo;\u00e9cocentre du P\u00e9rigord, on repense l&rsquo;habitat collectif avec l&rsquo;\u00e9co hameau, et on repense notre cohabitation avec les abeilles, avec l&rsquo;asso 1001 abeilles<\/p>\n","protected":false},"author":243,"featured_media":14862,"comment_status":"closed","ping_status":"closed","sticky":false,"template":"","format":"standard","meta":{"footnotes":""},"categories":[3483,4313,3773,3486,3479],"tags":[1706,1881,2768,3950,3957,3985,3987,3988],"class_list":["post-14847","post","type-post","status-publish","format-standard","has-post-thumbnail","hentry","category-agriculture","category-altertour","category-edition-2019","category-environnement","category-nouvelle-aquitaine","tag-dordogne","tag-abeille","tag-nouvelle-aquitaine","tag-ecoconstruction","tag-saint-pierre-de-frugie","tag-saint-estephe","tag-eco-centre-du-perigord","tag-ecocentre-du-perigord"],"yoast_head":"<!-- This site is optimized with the Yoast SEO plugin v27.3 - https:\/\/yoast.com\/product\/yoast-seo-wordpress\/ -->\n<title>Des abeilles et des hommes - AlterTour<\/title>\n<meta name=\"robots\" content=\"index, follow, max-snippet:-1, max-image-preview:large, max-video-preview:-1\" \/>\n<link rel=\"canonical\" href=\"https:\/\/www.altercampagne.net\/?p=14847\" \/>\n<meta property=\"og:locale\" content=\"fr_FR\" \/>\n<meta property=\"og:type\" content=\"article\" \/>\n<meta property=\"og:title\" content=\"Des abeilles et des hommes - AlterTour\" \/>\n<meta property=\"og:description\" content=\"A l&#039;\u00e9cocentre du P\u00e9rigord, on repense l&#039;habitat collectif avec l&#039;\u00e9co hameau, et on repense notre cohabitation avec les abeilles, avec l&#039;asso 1001 abeilles\" \/>\n<meta property=\"og:url\" content=\"https:\/\/www.altercampagne.net\/?p=14847\" \/>\n<meta property=\"og:site_name\" content=\"AlterTour\" \/>\n<meta property=\"article:published_time\" content=\"2019-08-02T19:40:11+00:00\" \/>\n<meta property=\"article:modified_time\" content=\"2021-05-06T08:46:40+00:00\" \/>\n<meta property=\"og:image\" content=\"https:\/\/www.altercampagne.net\/wp-content\/uploads\/2019\/08\/2019-08-08_MG_4577.jpg\" \/>\n\t<meta property=\"og:image:width\" content=\"900\" \/>\n\t<meta property=\"og:image:height\" content=\"470\" \/>\n\t<meta property=\"og:image:type\" content=\"image\/jpeg\" \/>\n<meta name=\"author\" content=\"Lo\u00efc\" \/>\n<meta name=\"twitter:card\" content=\"summary_large_image\" \/>\n<meta name=\"twitter:label1\" content=\"\u00c9crit par\" \/>\n\t<meta name=\"twitter:data1\" content=\"Lo\u00efc\" \/>\n\t<meta name=\"twitter:label2\" content=\"Dur\u00e9e de lecture estim\u00e9e\" \/>\n\t<meta name=\"twitter:data2\" content=\"4 minutes\" \/>\n<script type=\"application\/ld+json\" class=\"yoast-schema-graph\">{\"@context\":\"https:\\\/\\\/schema.org\",\"@graph\":[{\"@type\":\"Article\",\"@id\":\"https:\\\/\\\/www.altercampagne.net\\\/?p=14847#article\",\"isPartOf\":{\"@id\":\"https:\\\/\\\/www.altercampagne.net\\\/?p=14847\"},\"author\":{\"name\":\"Lo\u00efc\",\"@id\":\"https:\\\/\\\/www.altercampagne.net\\\/#\\\/schema\\\/person\\\/e7caa15702cb743b05c9af366c4cb5f7\"},\"headline\":\"Des abeilles et des hommes\",\"datePublished\":\"2019-08-02T19:40:11+00:00\",\"dateModified\":\"2021-05-06T08:46:40+00:00\",\"mainEntityOfPage\":{\"@id\":\"https:\\\/\\\/www.altercampagne.net\\\/?p=14847\"},\"wordCount\":820,\"image\":{\"@id\":\"https:\\\/\\\/www.altercampagne.net\\\/?p=14847#primaryimage\"},\"thumbnailUrl\":\"https:\\\/\\\/www.altercampagne.net\\\/wp-content\\\/uploads\\\/2019\\\/08\\\/2019-08-08_MG_4577.jpg\",\"keywords\":[\"Dordogne\",\"Abeille\",\"Nouvelle-Aquitaine\",\"\u00e9coconstruction\",\"Saint-Pierre-de-Frugie\",\"Saint-Est\u00e8phe\",\"Eco centre du P\u00e9rigord\",\"Ecocentre du P\u00e9rigord\"],\"articleSection\":[\"Agriculture\",\"AlterTour\",\"Edition 2019\",\"Environnement\",\"Nouvelle-Aquitaine\"],\"inLanguage\":\"fr-FR\"},{\"@type\":\"WebPage\",\"@id\":\"https:\\\/\\\/www.altercampagne.net\\\/?p=14847\",\"url\":\"https:\\\/\\\/www.altercampagne.net\\\/?p=14847\",\"name\":\"Des abeilles et des hommes - AlterTour\",\"isPartOf\":{\"@id\":\"https:\\\/\\\/www.altercampagne.net\\\/#website\"},\"primaryImageOfPage\":{\"@id\":\"https:\\\/\\\/www.altercampagne.net\\\/?p=14847#primaryimage\"},\"image\":{\"@id\":\"https:\\\/\\\/www.altercampagne.net\\\/?p=14847#primaryimage\"},\"thumbnailUrl\":\"https:\\\/\\\/www.altercampagne.net\\\/wp-content\\\/uploads\\\/2019\\\/08\\\/2019-08-08_MG_4577.jpg\",\"datePublished\":\"2019-08-02T19:40:11+00:00\",\"dateModified\":\"2021-05-06T08:46:40+00:00\",\"author\":{\"@id\":\"https:\\\/\\\/www.altercampagne.net\\\/#\\\/schema\\\/person\\\/e7caa15702cb743b05c9af366c4cb5f7\"},\"breadcrumb\":{\"@id\":\"https:\\\/\\\/www.altercampagne.net\\\/?p=14847#breadcrumb\"},\"inLanguage\":\"fr-FR\",\"potentialAction\":[{\"@type\":\"ReadAction\",\"target\":[\"https:\\\/\\\/www.altercampagne.net\\\/?p=14847\"]}]},{\"@type\":\"ImageObject\",\"inLanguage\":\"fr-FR\",\"@id\":\"https:\\\/\\\/www.altercampagne.net\\\/?p=14847#primaryimage\",\"url\":\"https:\\\/\\\/www.altercampagne.net\\\/wp-content\\\/uploads\\\/2019\\\/08\\\/2019-08-08_MG_4577.jpg\",\"contentUrl\":\"https:\\\/\\\/www.altercampagne.net\\\/wp-content\\\/uploads\\\/2019\\\/08\\\/2019-08-08_MG_4577.jpg\",\"width\":900,\"height\":470},{\"@type\":\"BreadcrumbList\",\"@id\":\"https:\\\/\\\/www.altercampagne.net\\\/?p=14847#breadcrumb\",\"itemListElement\":[{\"@type\":\"ListItem\",\"position\":1,\"name\":\"Accueil\",\"item\":\"https:\\\/\\\/www.altercampagne.net\\\/\"},{\"@type\":\"ListItem\",\"position\":2,\"name\":\"Des abeilles et des hommes\"}]},{\"@type\":\"WebSite\",\"@id\":\"https:\\\/\\\/www.altercampagne.net\\\/#website\",\"url\":\"https:\\\/\\\/www.altercampagne.net\\\/\",\"name\":\"AlterTour\",\"description\":\"Reliez les Alternatives \u00e0 v\u00e9lo\",\"potentialAction\":[{\"@type\":\"SearchAction\",\"target\":{\"@type\":\"EntryPoint\",\"urlTemplate\":\"https:\\\/\\\/www.altercampagne.net\\\/?s={search_term_string}\"},\"query-input\":{\"@type\":\"PropertyValueSpecification\",\"valueRequired\":true,\"valueName\":\"search_term_string\"}}],\"inLanguage\":\"fr-FR\"},{\"@type\":\"Person\",\"@id\":\"https:\\\/\\\/www.altercampagne.net\\\/#\\\/schema\\\/person\\\/e7caa15702cb743b05c9af366c4cb5f7\",\"name\":\"Lo\u00efc\",\"image\":{\"@type\":\"ImageObject\",\"inLanguage\":\"fr-FR\",\"@id\":\"https:\\\/\\\/secure.gravatar.com\\\/avatar\\\/f07bacd5527a145229f78a71f4d46d4b9aeb4c9ba68c699d87c91e3155f0877b?s=96&d=mm&r=g\",\"url\":\"https:\\\/\\\/secure.gravatar.com\\\/avatar\\\/f07bacd5527a145229f78a71f4d46d4b9aeb4c9ba68c699d87c91e3155f0877b?s=96&d=mm&r=g\",\"contentUrl\":\"https:\\\/\\\/secure.gravatar.com\\\/avatar\\\/f07bacd5527a145229f78a71f4d46d4b9aeb4c9ba68c699d87c91e3155f0877b?s=96&d=mm&r=g\",\"caption\":\"Lo\u00efc\"},\"url\":\"https:\\\/\\\/www.altercampagne.net\\\/?author=243\"}]}<\/script>\n<!-- \/ Yoast SEO plugin. -->","yoast_head_json":{"title":"Des abeilles et des hommes - AlterTour","robots":{"index":"index","follow":"follow","max-snippet":"max-snippet:-1","max-image-preview":"max-image-preview:large","max-video-preview":"max-video-preview:-1"},"canonical":"https:\/\/www.altercampagne.net\/?p=14847","og_locale":"fr_FR","og_type":"article","og_title":"Des abeilles et des hommes - AlterTour","og_description":"A l'\u00e9cocentre du P\u00e9rigord, on repense l'habitat collectif avec l'\u00e9co hameau, et on repense notre cohabitation avec les abeilles, avec l'asso 1001 abeilles","og_url":"https:\/\/www.altercampagne.net\/?p=14847","og_site_name":"AlterTour","article_published_time":"2019-08-02T19:40:11+00:00","article_modified_time":"2021-05-06T08:46:40+00:00","og_image":[{"width":900,"height":470,"url":"https:\/\/www.altercampagne.net\/wp-content\/uploads\/2019\/08\/2019-08-08_MG_4577.jpg","type":"image\/jpeg"}],"author":"Lo\u00efc","twitter_card":"summary_large_image","twitter_misc":{"\u00c9crit par":"Lo\u00efc","Dur\u00e9e de lecture estim\u00e9e":"4 minutes"},"schema":{"@context":"https:\/\/schema.org","@graph":[{"@type":"Article","@id":"https:\/\/www.altercampagne.net\/?p=14847#article","isPartOf":{"@id":"https:\/\/www.altercampagne.net\/?p=14847"},"author":{"name":"Lo\u00efc","@id":"https:\/\/www.altercampagne.net\/#\/schema\/person\/e7caa15702cb743b05c9af366c4cb5f7"},"headline":"Des abeilles et des hommes","datePublished":"2019-08-02T19:40:11+00:00","dateModified":"2021-05-06T08:46:40+00:00","mainEntityOfPage":{"@id":"https:\/\/www.altercampagne.net\/?p=14847"},"wordCount":820,"image":{"@id":"https:\/\/www.altercampagne.net\/?p=14847#primaryimage"},"thumbnailUrl":"https:\/\/www.altercampagne.net\/wp-content\/uploads\/2019\/08\/2019-08-08_MG_4577.jpg","keywords":["Dordogne","Abeille","Nouvelle-Aquitaine","\u00e9coconstruction","Saint-Pierre-de-Frugie","Saint-Est\u00e8phe","Eco centre du P\u00e9rigord","Ecocentre du P\u00e9rigord"],"articleSection":["Agriculture","AlterTour","Edition 2019","Environnement","Nouvelle-Aquitaine"],"inLanguage":"fr-FR"},{"@type":"WebPage","@id":"https:\/\/www.altercampagne.net\/?p=14847","url":"https:\/\/www.altercampagne.net\/?p=14847","name":"Des abeilles et des hommes - AlterTour","isPartOf":{"@id":"https:\/\/www.altercampagne.net\/#website"},"primaryImageOfPage":{"@id":"https:\/\/www.altercampagne.net\/?p=14847#primaryimage"},"image":{"@id":"https:\/\/www.altercampagne.net\/?p=14847#primaryimage"},"thumbnailUrl":"https:\/\/www.altercampagne.net\/wp-content\/uploads\/2019\/08\/2019-08-08_MG_4577.jpg","datePublished":"2019-08-02T19:40:11+00:00","dateModified":"2021-05-06T08:46:40+00:00","author":{"@id":"https:\/\/www.altercampagne.net\/#\/schema\/person\/e7caa15702cb743b05c9af366c4cb5f7"},"breadcrumb":{"@id":"https:\/\/www.altercampagne.net\/?p=14847#breadcrumb"},"inLanguage":"fr-FR","potentialAction":[{"@type":"ReadAction","target":["https:\/\/www.altercampagne.net\/?p=14847"]}]},{"@type":"ImageObject","inLanguage":"fr-FR","@id":"https:\/\/www.altercampagne.net\/?p=14847#primaryimage","url":"https:\/\/www.altercampagne.net\/wp-content\/uploads\/2019\/08\/2019-08-08_MG_4577.jpg","contentUrl":"https:\/\/www.altercampagne.net\/wp-content\/uploads\/2019\/08\/2019-08-08_MG_4577.jpg","width":900,"height":470},{"@type":"BreadcrumbList","@id":"https:\/\/www.altercampagne.net\/?p=14847#breadcrumb","itemListElement":[{"@type":"ListItem","position":1,"name":"Accueil","item":"https:\/\/www.altercampagne.net\/"},{"@type":"ListItem","position":2,"name":"Des abeilles et des hommes"}]},{"@type":"WebSite","@id":"https:\/\/www.altercampagne.net\/#website","url":"https:\/\/www.altercampagne.net\/","name":"AlterTour","description":"Reliez les Alternatives \u00e0 v\u00e9lo","potentialAction":[{"@type":"SearchAction","target":{"@type":"EntryPoint","urlTemplate":"https:\/\/www.altercampagne.net\/?s={search_term_string}"},"query-input":{"@type":"PropertyValueSpecification","valueRequired":true,"valueName":"search_term_string"}}],"inLanguage":"fr-FR"},{"@type":"Person","@id":"https:\/\/www.altercampagne.net\/#\/schema\/person\/e7caa15702cb743b05c9af366c4cb5f7","name":"Lo\u00efc","image":{"@type":"ImageObject","inLanguage":"fr-FR","@id":"https:\/\/secure.gravatar.com\/avatar\/f07bacd5527a145229f78a71f4d46d4b9aeb4c9ba68c699d87c91e3155f0877b?s=96&d=mm&r=g","url":"https:\/\/secure.gravatar.com\/avatar\/f07bacd5527a145229f78a71f4d46d4b9aeb4c9ba68c699d87c91e3155f0877b?s=96&d=mm&r=g","contentUrl":"https:\/\/secure.gravatar.com\/avatar\/f07bacd5527a145229f78a71f4d46d4b9aeb4c9ba68c699d87c91e3155f0877b?s=96&d=mm&r=g","caption":"Lo\u00efc"},"url":"https:\/\/www.altercampagne.net\/?author=243"}]}},"_links":{"self":[{"href":"https:\/\/www.altercampagne.net\/index.php?rest_route=\/wp\/v2\/posts\/14847","targetHints":{"allow":["GET"]}}],"collection":[{"href":"https:\/\/www.altercampagne.net\/index.php?rest_route=\/wp\/v2\/posts"}],"about":[{"href":"https:\/\/www.altercampagne.net\/index.php?rest_route=\/wp\/v2\/types\/post"}],"author":[{"embeddable":true,"href":"https:\/\/www.altercampagne.net\/index.php?rest_route=\/wp\/v2\/users\/243"}],"replies":[{"embeddable":true,"href":"https:\/\/www.altercampagne.net\/index.php?rest_route=%2Fwp%2Fv2%2Fcomments&post=14847"}],"version-history":[{"count":1,"href":"https:\/\/www.altercampagne.net\/index.php?rest_route=\/wp\/v2\/posts\/14847\/revisions"}],"predecessor-version":[{"id":21772,"href":"https:\/\/www.altercampagne.net\/index.php?rest_route=\/wp\/v2\/posts\/14847\/revisions\/21772"}],"wp:featuredmedia":[{"embeddable":true,"href":"https:\/\/www.altercampagne.net\/index.php?rest_route=\/wp\/v2\/media\/14862"}],"wp:attachment":[{"href":"https:\/\/www.altercampagne.net\/index.php?rest_route=%2Fwp%2Fv2%2Fmedia&parent=14847"}],"wp:term":[{"taxonomy":"category","embeddable":true,"href":"https:\/\/www.altercampagne.net\/index.php?rest_route=%2Fwp%2Fv2%2Fcategories&post=14847"},{"taxonomy":"post_tag","embeddable":true,"href":"https:\/\/www.altercampagne.net\/index.php?rest_route=%2Fwp%2Fv2%2Ftags&post=14847"}],"curies":[{"name":"wp","href":"https:\/\/api.w.org\/{rel}","templated":true}]}}