{"id":1485,"date":"2015-06-15T16:30:23","date_gmt":"2015-06-15T14:30:23","guid":{"rendered":"http:\/\/www.altercampagne.net\/?p=1485"},"modified":"2015-06-15T17:03:39","modified_gmt":"2015-06-15T15:03:39","slug":"les-100-000-pas-a-bure-pour-dire-non-a-un-projet-beaucoup-trop-dangereux-rendez-vous-est-pris-les-17-et-18-juillet-avec-laltertour","status":"publish","type":"post","link":"https:\/\/www.altercampagne.net\/?p=1485","title":{"rendered":"Les 100 000 pas \u00e0 Bure pour dire non \u00e0 un projet beaucoup trop dangereux, rendez-vous est pris les 17 et 18 juillet avec l&rsquo;Altertour"},"content":{"rendered":"<p>Le dimanche 7 juin, deux mille personnes de toute la France et d&rsquo;Allemagne ont converg\u00e9 \u00e0 Bure pour dire non au projet d&rsquo;enfouissement de d\u00e9chets radio-actifs \u00e0 longue vie et lancer l&rsquo;appel du 7 juin dans une atmosph\u00e8re aussi d\u00e9termin\u00e9e que festive. De nombreuses associations ont organis\u00e9 ou soutenu cette journ\u00e9e : <a class=\"spip_out\" href=\"http:\/\/burestop.free.fr\/spip\/\" target=\"_blank\" rel=\"external\">BureStop<\/a>, <a class=\"spip_out\" href=\"http:\/\/burezoneblog.over-blog.com\/\" target=\"_blank\" rel=\"external\">Bure Zone Libre<\/a>, <a class=\"spip_out\" href=\"http:\/\/www.cedra52.fr\/\" target=\"_blank\" rel=\"external\"><span class=\"caps\">CEDRA<\/span> 52<\/a>, <span class=\"caps\">EODRA, <\/span>les Habitants vigilants de Gondrecourt-le-Ch\u00e2teau, la conf\u00e9d\u00e9ration paysanne, le collectif de soutien \u00e0 Notre Dame de Landes &#8230; ainsi que des artistes avec les <a class=\"spip_out\" href=\"https:\/\/burehaleurs.wordpress.com\/\" target=\"_blank\" rel=\"external\">Bure Haleurs et<\/a> la chorale r\u00e9volutionnaire de Verdun et un scientifique ind\u00e9pendant, Bertrand Thuillier.<\/p>\n<p>Compte-tenu de la dangerosit\u00e9 des d\u00e9chets de moyenne activit\u00e9 et longue vie, de nombreuses r\u00e9actions telles que la radiolyse, des al\u00e9as li\u00e9s au sous-sol, \u00e0 la ventilation &#8230; de l&rsquo;impossibilit\u00e9 d&rsquo;intervenir en cas de probl\u00e8me &#8230; le principe m\u00eame d&rsquo;enfouissement \u00e0 grande profondeur (environ 500m) appara\u00eet ici comme un non-sens, et ce au del\u00e0 de toute pol\u00e9mique comme l&rsquo;illustre malheureusement des accidents r\u00e9cents :<\/p>\n<ol>\n<li>Infiltration d&rsquo;eau dans les galeries du site d&rsquo;enfouissement de Hasse en Allemagne avec une contamination au Cesium 137 r\u00e9v\u00e9l\u00e9e en 1998, d&rsquo;o\u00f9 la d\u00e9cision de fermer le site et la demande des verts de retraiter les d\u00e9chets pour un co\u00fbt d&rsquo;au moins deux milliards d&rsquo;euros<\/li>\n<li>Incendie et contamination en f\u00e9vrier 2014 dans le premier site d&rsquo;enfouissement au monde, le WIPP au nouveau Mexiques aux Etats-Unis.\u00a0 On ne sait toujours pas pr\u00e9cis\u00e9ment ce qui s&rsquo;est pass\u00e9 dans ce site cog\u00e9r\u00e9 par Areva, il est arr\u00eat\u00e9 apr\u00e8s 15 ans alors qu&rsquo;il \u00e9tait garanti pour 10 000 ans. Le site de Cigeo devait \u00eatre le grand fr\u00e8re du WIPP.<\/li>\n<li>Plus pr\u00e8s de nous, un incendie de plus de deux mois \u00e0 Stocamine, une ancienne mine de potasse en Alsace o\u00f9 \u00e9taient stock\u00e9s des d\u00e9chets ultimes (arsenic, mercure,\u00a0 amiante, chrome ..) a tout stopp\u00e9 en 2002. Une association de consommateur demande le d\u00e9stockage total des d\u00e9chets avec aujourd&rsquo;hui un risque de contamination de la plus grande nappe phr\u00e9atique d&rsquo;Europe.<\/li>\n<\/ol>\n<p>Le projet CIGEO de Bure est \u00e0 une \u00e9chelle bien plus importante avec des d\u00e9chets plus dangereux (principalement moyenne au lieu de faible activit\u00e9 pour le WIPP ou Asse). Au del\u00e0 encore une fois de toute pol\u00e9mique, un tel projet est trop dangereux pour prendre le risque. Il est pr\u00e9vu pour 100 000 ans alors que les projets existants sont arr\u00eat\u00e9s suite \u00e0 des incidents graves au bout au plus que quelques dizaines d&rsquo;ann\u00e9es.<\/p>\n<p>Via un Groupement d&rsquo;Int\u00e9r\u00eat Public, 20 millions d&rsquo;euros sont d\u00e9vers\u00e9s chaque ann\u00e9e sur un d\u00e9partement de 190 000 personnes pour \u00ab\u00a0convaincre\u00a0\u00bb du bienfond\u00e9 du projet par des subventions.\u00a0 Dimanche, \u00e0 15 h, une cha\u00eene humaine de plusieurs kilom\u00e8tres a symboliquement entour\u00e9 toute la circonf\u00e9rence des installations de l\u2019Andra pour que pr\u00e9vale la vie.<\/p>\n<p>La d\u00e9cision de lancement ou non du projet aura lieu en 2017. La mobilisation et la p\u00e9dagogie sur le projet sont donc aujourd&rsquo;hui particuli\u00e8rement importantes. Rendez-vous est pris avec l&rsquo;Altertour les 17 et 18 juillet, une conf\u00e9rence est organis\u00e9e le samedi soir \u00e0 la maison de Bure et un concert aura lieu le dimanche apr\u00e8s-midi devant le site de Cigeo.<\/p>\n<p>Pour en savoir plus\u00a0 : http:\/\/www.reporterre.net\/A-Bure-Cent-mille-pas-ont-relance-la-lutte-contre-les-dechets-nucleaires<\/p>\n","protected":false},"excerpt":{"rendered":"<p>Le dimanche 7 juin, deux mille personnes de toute la France et d&rsquo;Allemagne ont converg\u00e9 \u00e0 Bure pour dire non au projet d&rsquo;enfouissement de d\u00e9chets radio-actifs \u00e0 longue vie et lancer l&rsquo;appel du 7 juin dans une atmosph\u00e8re aussi d\u00e9termin\u00e9e que festive. De nombreuses associations ont organis\u00e9 ou soutenu cette &#8230; <\/p>\n<div><a href=\"https:\/\/www.altercampagne.net\/?p=1485\" class=\"more-link\">Read More<\/a><\/div>\n","protected":false},"author":215,"featured_media":0,"comment_status":"closed","ping_status":"closed","sticky":false,"template":"","format":"standard","meta":{"footnotes":""},"categories":[1],"tags":[22,25,171,190,191,192,232,240],"class_list":["post-1485","post","type-post","status-publish","format-standard","hentry","category-non-classe","tag-parcours-2015","tag-bure","tag-bure-haleurs","tag-bure-zone-libre","tag-maison-de-resistance-a-la-poubelle-nucleaire","tag-altertour-2015","tag-nucleaire","tag-bure-stop","no-post-thumbnail"],"yoast_head":"<!-- This site is optimized with the Yoast SEO plugin v27.3 - https:\/\/yoast.com\/product\/yoast-seo-wordpress\/ -->\n<title>Les 100 000 pas \u00e0 Bure pour dire non \u00e0 un projet beaucoup trop dangereux, rendez-vous est pris les 17 et 18 juillet avec l&#039;Altertour - AlterTour<\/title>\n<meta name=\"robots\" content=\"index, follow, max-snippet:-1, max-image-preview:large, max-video-preview:-1\" \/>\n<link rel=\"canonical\" href=\"https:\/\/www.altercampagne.net\/?p=1485\" \/>\n<meta property=\"og:locale\" content=\"fr_FR\" \/>\n<meta property=\"og:type\" content=\"article\" \/>\n<meta property=\"og:title\" content=\"Les 100 000 pas \u00e0 Bure pour dire non \u00e0 un projet beaucoup trop dangereux, rendez-vous est pris les 17 et 18 juillet avec l&#039;Altertour - AlterTour\" \/>\n<meta property=\"og:description\" content=\"Le dimanche 7 juin, deux mille personnes de toute la France et d&rsquo;Allemagne ont converg\u00e9 \u00e0 Bure pour dire non au projet d&rsquo;enfouissement de d\u00e9chets radio-actifs \u00e0 longue vie et lancer l&rsquo;appel du 7 juin dans une atmosph\u00e8re aussi d\u00e9termin\u00e9e que festive. De nombreuses associations ont organis\u00e9 ou soutenu cette ... Read More\" \/>\n<meta property=\"og:url\" content=\"https:\/\/www.altercampagne.net\/?p=1485\" \/>\n<meta property=\"og:site_name\" content=\"AlterTour\" \/>\n<meta property=\"article:published_time\" content=\"2015-06-15T14:30:23+00:00\" \/>\n<meta property=\"article:modified_time\" content=\"2015-06-15T15:03:39+00:00\" \/>\n<meta name=\"author\" content=\"AlterTour\" \/>\n<meta name=\"twitter:card\" content=\"summary_large_image\" \/>\n<meta name=\"twitter:label1\" content=\"\u00c9crit par\" \/>\n\t<meta name=\"twitter:data1\" content=\"AlterTour\" \/>\n\t<meta name=\"twitter:label2\" content=\"Dur\u00e9e de lecture estim\u00e9e\" \/>\n\t<meta name=\"twitter:data2\" content=\"3 minutes\" \/>\n<script type=\"application\/ld+json\" class=\"yoast-schema-graph\">{\"@context\":\"https:\\\/\\\/schema.org\",\"@graph\":[{\"@type\":\"Article\",\"@id\":\"https:\\\/\\\/www.altercampagne.net\\\/?p=1485#article\",\"isPartOf\":{\"@id\":\"https:\\\/\\\/www.altercampagne.net\\\/?p=1485\"},\"author\":{\"name\":\"AlterTour\",\"@id\":\"https:\\\/\\\/www.altercampagne.net\\\/#\\\/schema\\\/person\\\/e5b68c803196f649c2152249d262d94a\"},\"headline\":\"Les 100 000 pas \u00e0 Bure pour dire non \u00e0 un projet beaucoup trop dangereux, rendez-vous est pris les 17 et 18 juillet avec l&rsquo;Altertour\",\"datePublished\":\"2015-06-15T14:30:23+00:00\",\"dateModified\":\"2015-06-15T15:03:39+00:00\",\"mainEntityOfPage\":{\"@id\":\"https:\\\/\\\/www.altercampagne.net\\\/?p=1485\"},\"wordCount\":590,\"keywords\":[\"parcours 2015\",\"Bure\",\"Bure Haleurs\",\"Bure zone libre\",\"maison de r\u00e9sistance \u00e0 la poubelle nucl\u00e9aire\",\"AlterTour 2015\",\"nucl\u00e9aire\",\"bure-stop\"],\"inLanguage\":\"fr-FR\"},{\"@type\":\"WebPage\",\"@id\":\"https:\\\/\\\/www.altercampagne.net\\\/?p=1485\",\"url\":\"https:\\\/\\\/www.altercampagne.net\\\/?p=1485\",\"name\":\"Les 100 000 pas \u00e0 Bure pour dire non \u00e0 un projet beaucoup trop dangereux, rendez-vous est pris les 17 et 18 juillet avec l'Altertour - AlterTour\",\"isPartOf\":{\"@id\":\"https:\\\/\\\/www.altercampagne.net\\\/#website\"},\"datePublished\":\"2015-06-15T14:30:23+00:00\",\"dateModified\":\"2015-06-15T15:03:39+00:00\",\"author\":{\"@id\":\"https:\\\/\\\/www.altercampagne.net\\\/#\\\/schema\\\/person\\\/e5b68c803196f649c2152249d262d94a\"},\"breadcrumb\":{\"@id\":\"https:\\\/\\\/www.altercampagne.net\\\/?p=1485#breadcrumb\"},\"inLanguage\":\"fr-FR\",\"potentialAction\":[{\"@type\":\"ReadAction\",\"target\":[\"https:\\\/\\\/www.altercampagne.net\\\/?p=1485\"]}]},{\"@type\":\"BreadcrumbList\",\"@id\":\"https:\\\/\\\/www.altercampagne.net\\\/?p=1485#breadcrumb\",\"itemListElement\":[{\"@type\":\"ListItem\",\"position\":1,\"name\":\"Accueil\",\"item\":\"https:\\\/\\\/www.altercampagne.net\\\/\"},{\"@type\":\"ListItem\",\"position\":2,\"name\":\"Les 100 000 pas \u00e0 Bure pour dire non \u00e0 un projet beaucoup trop dangereux, rendez-vous est pris les 17 et 18 juillet avec l&rsquo;Altertour\"}]},{\"@type\":\"WebSite\",\"@id\":\"https:\\\/\\\/www.altercampagne.net\\\/#website\",\"url\":\"https:\\\/\\\/www.altercampagne.net\\\/\",\"name\":\"AlterTour\",\"description\":\"Reliez les Alternatives \u00e0 v\u00e9lo\",\"potentialAction\":[{\"@type\":\"SearchAction\",\"target\":{\"@type\":\"EntryPoint\",\"urlTemplate\":\"https:\\\/\\\/www.altercampagne.net\\\/?s={search_term_string}\"},\"query-input\":{\"@type\":\"PropertyValueSpecification\",\"valueRequired\":true,\"valueName\":\"search_term_string\"}}],\"inLanguage\":\"fr-FR\"},{\"@type\":\"Person\",\"@id\":\"https:\\\/\\\/www.altercampagne.net\\\/#\\\/schema\\\/person\\\/e5b68c803196f649c2152249d262d94a\",\"name\":\"AlterTour\",\"image\":{\"@type\":\"ImageObject\",\"inLanguage\":\"fr-FR\",\"@id\":\"https:\\\/\\\/secure.gravatar.com\\\/avatar\\\/3f2ed77f8506b8ea264ad5938bb0114bfa10f35b64086a66dfbb6e9f58ad9693?s=96&d=mm&r=g\",\"url\":\"https:\\\/\\\/secure.gravatar.com\\\/avatar\\\/3f2ed77f8506b8ea264ad5938bb0114bfa10f35b64086a66dfbb6e9f58ad9693?s=96&d=mm&r=g\",\"contentUrl\":\"https:\\\/\\\/secure.gravatar.com\\\/avatar\\\/3f2ed77f8506b8ea264ad5938bb0114bfa10f35b64086a66dfbb6e9f58ad9693?s=96&d=mm&r=g\",\"caption\":\"AlterTour\"},\"url\":\"https:\\\/\\\/www.altercampagne.net\\\/?author=215\"}]}<\/script>\n<!-- \/ Yoast SEO plugin. -->","yoast_head_json":{"title":"Les 100 000 pas \u00e0 Bure pour dire non \u00e0 un projet beaucoup trop dangereux, rendez-vous est pris les 17 et 18 juillet avec l'Altertour - AlterTour","robots":{"index":"index","follow":"follow","max-snippet":"max-snippet:-1","max-image-preview":"max-image-preview:large","max-video-preview":"max-video-preview:-1"},"canonical":"https:\/\/www.altercampagne.net\/?p=1485","og_locale":"fr_FR","og_type":"article","og_title":"Les 100 000 pas \u00e0 Bure pour dire non \u00e0 un projet beaucoup trop dangereux, rendez-vous est pris les 17 et 18 juillet avec l'Altertour - AlterTour","og_description":"Le dimanche 7 juin, deux mille personnes de toute la France et d&rsquo;Allemagne ont converg\u00e9 \u00e0 Bure pour dire non au projet d&rsquo;enfouissement de d\u00e9chets radio-actifs \u00e0 longue vie et lancer l&rsquo;appel du 7 juin dans une atmosph\u00e8re aussi d\u00e9termin\u00e9e que festive. De nombreuses associations ont organis\u00e9 ou soutenu cette ... Read More","og_url":"https:\/\/www.altercampagne.net\/?p=1485","og_site_name":"AlterTour","article_published_time":"2015-06-15T14:30:23+00:00","article_modified_time":"2015-06-15T15:03:39+00:00","author":"AlterTour","twitter_card":"summary_large_image","twitter_misc":{"\u00c9crit par":"AlterTour","Dur\u00e9e de lecture estim\u00e9e":"3 minutes"},"schema":{"@context":"https:\/\/schema.org","@graph":[{"@type":"Article","@id":"https:\/\/www.altercampagne.net\/?p=1485#article","isPartOf":{"@id":"https:\/\/www.altercampagne.net\/?p=1485"},"author":{"name":"AlterTour","@id":"https:\/\/www.altercampagne.net\/#\/schema\/person\/e5b68c803196f649c2152249d262d94a"},"headline":"Les 100 000 pas \u00e0 Bure pour dire non \u00e0 un projet beaucoup trop dangereux, rendez-vous est pris les 17 et 18 juillet avec l&rsquo;Altertour","datePublished":"2015-06-15T14:30:23+00:00","dateModified":"2015-06-15T15:03:39+00:00","mainEntityOfPage":{"@id":"https:\/\/www.altercampagne.net\/?p=1485"},"wordCount":590,"keywords":["parcours 2015","Bure","Bure Haleurs","Bure zone libre","maison de r\u00e9sistance \u00e0 la poubelle nucl\u00e9aire","AlterTour 2015","nucl\u00e9aire","bure-stop"],"inLanguage":"fr-FR"},{"@type":"WebPage","@id":"https:\/\/www.altercampagne.net\/?p=1485","url":"https:\/\/www.altercampagne.net\/?p=1485","name":"Les 100 000 pas \u00e0 Bure pour dire non \u00e0 un projet beaucoup trop dangereux, rendez-vous est pris les 17 et 18 juillet avec l'Altertour - AlterTour","isPartOf":{"@id":"https:\/\/www.altercampagne.net\/#website"},"datePublished":"2015-06-15T14:30:23+00:00","dateModified":"2015-06-15T15:03:39+00:00","author":{"@id":"https:\/\/www.altercampagne.net\/#\/schema\/person\/e5b68c803196f649c2152249d262d94a"},"breadcrumb":{"@id":"https:\/\/www.altercampagne.net\/?p=1485#breadcrumb"},"inLanguage":"fr-FR","potentialAction":[{"@type":"ReadAction","target":["https:\/\/www.altercampagne.net\/?p=1485"]}]},{"@type":"BreadcrumbList","@id":"https:\/\/www.altercampagne.net\/?p=1485#breadcrumb","itemListElement":[{"@type":"ListItem","position":1,"name":"Accueil","item":"https:\/\/www.altercampagne.net\/"},{"@type":"ListItem","position":2,"name":"Les 100 000 pas \u00e0 Bure pour dire non \u00e0 un projet beaucoup trop dangereux, rendez-vous est pris les 17 et 18 juillet avec l&rsquo;Altertour"}]},{"@type":"WebSite","@id":"https:\/\/www.altercampagne.net\/#website","url":"https:\/\/www.altercampagne.net\/","name":"AlterTour","description":"Reliez les Alternatives \u00e0 v\u00e9lo","potentialAction":[{"@type":"SearchAction","target":{"@type":"EntryPoint","urlTemplate":"https:\/\/www.altercampagne.net\/?s={search_term_string}"},"query-input":{"@type":"PropertyValueSpecification","valueRequired":true,"valueName":"search_term_string"}}],"inLanguage":"fr-FR"},{"@type":"Person","@id":"https:\/\/www.altercampagne.net\/#\/schema\/person\/e5b68c803196f649c2152249d262d94a","name":"AlterTour","image":{"@type":"ImageObject","inLanguage":"fr-FR","@id":"https:\/\/secure.gravatar.com\/avatar\/3f2ed77f8506b8ea264ad5938bb0114bfa10f35b64086a66dfbb6e9f58ad9693?s=96&d=mm&r=g","url":"https:\/\/secure.gravatar.com\/avatar\/3f2ed77f8506b8ea264ad5938bb0114bfa10f35b64086a66dfbb6e9f58ad9693?s=96&d=mm&r=g","contentUrl":"https:\/\/secure.gravatar.com\/avatar\/3f2ed77f8506b8ea264ad5938bb0114bfa10f35b64086a66dfbb6e9f58ad9693?s=96&d=mm&r=g","caption":"AlterTour"},"url":"https:\/\/www.altercampagne.net\/?author=215"}]}},"_links":{"self":[{"href":"https:\/\/www.altercampagne.net\/index.php?rest_route=\/wp\/v2\/posts\/1485","targetHints":{"allow":["GET"]}}],"collection":[{"href":"https:\/\/www.altercampagne.net\/index.php?rest_route=\/wp\/v2\/posts"}],"about":[{"href":"https:\/\/www.altercampagne.net\/index.php?rest_route=\/wp\/v2\/types\/post"}],"author":[{"embeddable":true,"href":"https:\/\/www.altercampagne.net\/index.php?rest_route=\/wp\/v2\/users\/215"}],"replies":[{"embeddable":true,"href":"https:\/\/www.altercampagne.net\/index.php?rest_route=%2Fwp%2Fv2%2Fcomments&post=1485"}],"version-history":[{"count":0,"href":"https:\/\/www.altercampagne.net\/index.php?rest_route=\/wp\/v2\/posts\/1485\/revisions"}],"wp:attachment":[{"href":"https:\/\/www.altercampagne.net\/index.php?rest_route=%2Fwp%2Fv2%2Fmedia&parent=1485"}],"wp:term":[{"taxonomy":"category","embeddable":true,"href":"https:\/\/www.altercampagne.net\/index.php?rest_route=%2Fwp%2Fv2%2Fcategories&post=1485"},{"taxonomy":"post_tag","embeddable":true,"href":"https:\/\/www.altercampagne.net\/index.php?rest_route=%2Fwp%2Fv2%2Ftags&post=1485"}],"curies":[{"name":"wp","href":"https:\/\/api.w.org\/{rel}","templated":true}]}}