{"id":14851,"date":"2019-08-01T11:42:03","date_gmt":"2019-08-01T09:42:03","guid":{"rendered":"http:\/\/www.altercampagne.net\/?p=14851"},"modified":"2021-05-06T10:46:40","modified_gmt":"2021-05-06T08:46:40","slug":"un-carrefour-par-comme-les-autres","status":"publish","type":"post","link":"https:\/\/www.altercampagne.net\/?p=14851","title":{"rendered":"Les Jardins du Bandiat, un Carrefour par comme les autres"},"content":{"rendered":"\n<p><\/p>\n\n\n\n<p>Une \u00e9tape quelque peu vallonn\u00e9e d\u2019une quarantaine de kilom\u00e8tres qui emmena <strong>l\u2019AlterTour \u00e0 la d\u00e9couverte du  C.I.D.I.L<\/strong> (Carrefour d&rsquo;Insertion et de D\u00e9veloppement d&rsquo;Initiatives Locales). <\/p>\n\n\n\n<p>Situ\u00e9 en pleine campagne, \u00e0 Souffignac, <a rel=\"noreferrer noopener\" aria-label=\"au jardin du Bandiat (s\u2019ouvre dans un nouvel onglet)\" href=\"https:\/\/www.lechambon.org\/jardins-du-bandiat\" target=\"_blank\"><strong>aux Jardins du Bandiat<\/strong><\/a>, <strong>il accueille et accompagne des personnes \u00e9loign\u00e9es du domaine de l&#8217;emploi <\/strong>par des probl\u00e8mes divers (divorce, maladie et autre\u2026 ). Ces personnes y sont orient\u00e9s par leurs travailleurs sociaux pour des dur\u00e9es de 6 mois et pour des CDD renouvelables 4 fois. Ils pratiquent <strong>28h par semaine des travaux et apprentissages comme le mara\u00eechage bio, la fabrication de confiture et l\u2019entretien de b\u00e2timents et jardins chez des particuliers (<\/strong>qui constitue une des principales sources de revenu). <\/p>\n\n\n\n<p>Le but est ensuite de reprendre une activit\u00e9 professionnelle \u00e0 laquelle ils acc\u00e8dent soit par eux-m\u00eames apr\u00e8s leur d\u00e9part du CIDIL soit par le biais de stages. L\u2019ensemble est encadr\u00e9 par 7 professionnels qui g\u00e8rent l\u2019organisation et qui font fonctionner cette association depuis 1993 m\u00eame si le lieu a r\u00e9cemment \u00e9t\u00e9 rachet\u00e9e par la mairie du village. <\/p>\n\n\n\n<p><strong>Une belle d\u00e9couverte pour cette journ\u00e9e <\/strong>dont ce court article n\u2019est que le r\u00e9sum\u00e9 !<\/p>\n\n\n\n<p class=\"has-text-align-right\"><strong>Timoth\u00e9e<\/strong><\/p>\n","protected":false},"excerpt":{"rendered":"<p>Entre Angoul\u00eame \u00e0 Saint Est\u00e8phe l&rsquo;Altertour va \u00e0 la rencontre du C.I.D.I.L (Carrefour Insertion D\u00e9veloppement Initiatives Locales ), qui associe r\u00e9insertion et travail de la terre en zone rurale.<\/p>\n","protected":false},"author":243,"featured_media":14864,"comment_status":"closed","ping_status":"closed","sticky":false,"template":"","format":"standard","meta":{"footnotes":""},"categories":[3483,4313,3773,3479,3488],"tags":[3933,3990,3994,3995,3996,3997,4077,4078],"class_list":["post-14851","post","type-post","status-publish","format-standard","has-post-thumbnail","hentry","category-agriculture","category-altertour","category-edition-2019","category-nouvelle-aquitaine","category-social","tag-angouleme","tag-saint-esthephe","tag-reinsertion","tag-cidil","tag-c-i-d-i-l","tag-carrefour-insertion-developpement-initiatives-locales","tag-jardins-du-bandiat","tag-souffignac"],"yoast_head":"<!-- This site is optimized with the Yoast SEO plugin v27.3 - https:\/\/yoast.com\/product\/yoast-seo-wordpress\/ -->\n<title>Les Jardins du Bandiat, un Carrefour par comme les autres - AlterTour<\/title>\n<meta name=\"robots\" content=\"index, follow, max-snippet:-1, max-image-preview:large, max-video-preview:-1\" \/>\n<link rel=\"canonical\" href=\"https:\/\/www.altercampagne.net\/?p=14851\" \/>\n<meta property=\"og:locale\" content=\"fr_FR\" \/>\n<meta property=\"og:type\" content=\"article\" \/>\n<meta property=\"og:title\" content=\"Les Jardins du Bandiat, un Carrefour par comme les autres - AlterTour\" \/>\n<meta property=\"og:description\" content=\"Entre Angoul\u00eame \u00e0 Saint Est\u00e8phe l&#039;Altertour va \u00e0 la rencontre du C.I.D.I.L (Carrefour Insertion D\u00e9veloppement Initiatives Locales ), qui associe r\u00e9insertion et travail de la terre en zone rurale.\" \/>\n<meta property=\"og:url\" content=\"https:\/\/www.altercampagne.net\/?p=14851\" \/>\n<meta property=\"og:site_name\" content=\"AlterTour\" \/>\n<meta property=\"article:published_time\" content=\"2019-08-01T09:42:03+00:00\" \/>\n<meta property=\"article:modified_time\" content=\"2021-05-06T08:46:40+00:00\" \/>\n<meta property=\"og:image\" content=\"https:\/\/www.altercampagne.net\/wp-content\/uploads\/2019\/08\/2019-08-01_MG_4412.jpg\" \/>\n\t<meta property=\"og:image:width\" content=\"900\" \/>\n\t<meta property=\"og:image:height\" content=\"470\" \/>\n\t<meta property=\"og:image:type\" content=\"image\/jpeg\" \/>\n<meta name=\"author\" content=\"Lo\u00efc\" \/>\n<meta name=\"twitter:card\" content=\"summary_large_image\" \/>\n<meta name=\"twitter:label1\" content=\"\u00c9crit par\" \/>\n\t<meta name=\"twitter:data1\" content=\"Lo\u00efc\" \/>\n\t<meta name=\"twitter:label2\" content=\"Dur\u00e9e de lecture estim\u00e9e\" \/>\n\t<meta name=\"twitter:data2\" content=\"1 minute\" \/>\n<script type=\"application\/ld+json\" class=\"yoast-schema-graph\">{\"@context\":\"https:\\\/\\\/schema.org\",\"@graph\":[{\"@type\":\"Article\",\"@id\":\"https:\\\/\\\/www.altercampagne.net\\\/?p=14851#article\",\"isPartOf\":{\"@id\":\"https:\\\/\\\/www.altercampagne.net\\\/?p=14851\"},\"author\":{\"name\":\"Lo\u00efc\",\"@id\":\"https:\\\/\\\/www.altercampagne.net\\\/#\\\/schema\\\/person\\\/e7caa15702cb743b05c9af366c4cb5f7\"},\"headline\":\"Les Jardins du Bandiat, un Carrefour par comme les autres\",\"datePublished\":\"2019-08-01T09:42:03+00:00\",\"dateModified\":\"2021-05-06T08:46:40+00:00\",\"mainEntityOfPage\":{\"@id\":\"https:\\\/\\\/www.altercampagne.net\\\/?p=14851\"},\"wordCount\":219,\"image\":{\"@id\":\"https:\\\/\\\/www.altercampagne.net\\\/?p=14851#primaryimage\"},\"thumbnailUrl\":\"https:\\\/\\\/www.altercampagne.net\\\/wp-content\\\/uploads\\\/2019\\\/08\\\/2019-08-01_MG_4412.jpg\",\"keywords\":[\"Angoul\u00eame\",\"saint-esth\u00e8phe\",\"r\u00e9insertion\",\"CIDIL\",\"C.I.D.I.L\",\"Carrefour Insertion D\u00e9veloppement Initiatives Locales\",\"Jardins du Bandiat\",\"Souffignac\"],\"articleSection\":[\"Agriculture\",\"AlterTour\",\"Edition 2019\",\"Nouvelle-Aquitaine\",\"Social\"],\"inLanguage\":\"fr-FR\"},{\"@type\":\"WebPage\",\"@id\":\"https:\\\/\\\/www.altercampagne.net\\\/?p=14851\",\"url\":\"https:\\\/\\\/www.altercampagne.net\\\/?p=14851\",\"name\":\"Les Jardins du Bandiat, un Carrefour par comme les autres - AlterTour\",\"isPartOf\":{\"@id\":\"https:\\\/\\\/www.altercampagne.net\\\/#website\"},\"primaryImageOfPage\":{\"@id\":\"https:\\\/\\\/www.altercampagne.net\\\/?p=14851#primaryimage\"},\"image\":{\"@id\":\"https:\\\/\\\/www.altercampagne.net\\\/?p=14851#primaryimage\"},\"thumbnailUrl\":\"https:\\\/\\\/www.altercampagne.net\\\/wp-content\\\/uploads\\\/2019\\\/08\\\/2019-08-01_MG_4412.jpg\",\"datePublished\":\"2019-08-01T09:42:03+00:00\",\"dateModified\":\"2021-05-06T08:46:40+00:00\",\"author\":{\"@id\":\"https:\\\/\\\/www.altercampagne.net\\\/#\\\/schema\\\/person\\\/e7caa15702cb743b05c9af366c4cb5f7\"},\"breadcrumb\":{\"@id\":\"https:\\\/\\\/www.altercampagne.net\\\/?p=14851#breadcrumb\"},\"inLanguage\":\"fr-FR\",\"potentialAction\":[{\"@type\":\"ReadAction\",\"target\":[\"https:\\\/\\\/www.altercampagne.net\\\/?p=14851\"]}]},{\"@type\":\"ImageObject\",\"inLanguage\":\"fr-FR\",\"@id\":\"https:\\\/\\\/www.altercampagne.net\\\/?p=14851#primaryimage\",\"url\":\"https:\\\/\\\/www.altercampagne.net\\\/wp-content\\\/uploads\\\/2019\\\/08\\\/2019-08-01_MG_4412.jpg\",\"contentUrl\":\"https:\\\/\\\/www.altercampagne.net\\\/wp-content\\\/uploads\\\/2019\\\/08\\\/2019-08-01_MG_4412.jpg\",\"width\":900,\"height\":470},{\"@type\":\"BreadcrumbList\",\"@id\":\"https:\\\/\\\/www.altercampagne.net\\\/?p=14851#breadcrumb\",\"itemListElement\":[{\"@type\":\"ListItem\",\"position\":1,\"name\":\"Accueil\",\"item\":\"https:\\\/\\\/www.altercampagne.net\\\/\"},{\"@type\":\"ListItem\",\"position\":2,\"name\":\"Les Jardins du Bandiat, un Carrefour par comme les autres\"}]},{\"@type\":\"WebSite\",\"@id\":\"https:\\\/\\\/www.altercampagne.net\\\/#website\",\"url\":\"https:\\\/\\\/www.altercampagne.net\\\/\",\"name\":\"AlterTour\",\"description\":\"Reliez les Alternatives \u00e0 v\u00e9lo\",\"potentialAction\":[{\"@type\":\"SearchAction\",\"target\":{\"@type\":\"EntryPoint\",\"urlTemplate\":\"https:\\\/\\\/www.altercampagne.net\\\/?s={search_term_string}\"},\"query-input\":{\"@type\":\"PropertyValueSpecification\",\"valueRequired\":true,\"valueName\":\"search_term_string\"}}],\"inLanguage\":\"fr-FR\"},{\"@type\":\"Person\",\"@id\":\"https:\\\/\\\/www.altercampagne.net\\\/#\\\/schema\\\/person\\\/e7caa15702cb743b05c9af366c4cb5f7\",\"name\":\"Lo\u00efc\",\"image\":{\"@type\":\"ImageObject\",\"inLanguage\":\"fr-FR\",\"@id\":\"https:\\\/\\\/secure.gravatar.com\\\/avatar\\\/f07bacd5527a145229f78a71f4d46d4b9aeb4c9ba68c699d87c91e3155f0877b?s=96&d=mm&r=g\",\"url\":\"https:\\\/\\\/secure.gravatar.com\\\/avatar\\\/f07bacd5527a145229f78a71f4d46d4b9aeb4c9ba68c699d87c91e3155f0877b?s=96&d=mm&r=g\",\"contentUrl\":\"https:\\\/\\\/secure.gravatar.com\\\/avatar\\\/f07bacd5527a145229f78a71f4d46d4b9aeb4c9ba68c699d87c91e3155f0877b?s=96&d=mm&r=g\",\"caption\":\"Lo\u00efc\"},\"url\":\"https:\\\/\\\/www.altercampagne.net\\\/?author=243\"}]}<\/script>\n<!-- \/ Yoast SEO plugin. -->","yoast_head_json":{"title":"Les Jardins du Bandiat, un Carrefour par comme les autres - AlterTour","robots":{"index":"index","follow":"follow","max-snippet":"max-snippet:-1","max-image-preview":"max-image-preview:large","max-video-preview":"max-video-preview:-1"},"canonical":"https:\/\/www.altercampagne.net\/?p=14851","og_locale":"fr_FR","og_type":"article","og_title":"Les Jardins du Bandiat, un Carrefour par comme les autres - AlterTour","og_description":"Entre Angoul\u00eame \u00e0 Saint Est\u00e8phe l'Altertour va \u00e0 la rencontre du C.I.D.I.L (Carrefour Insertion D\u00e9veloppement Initiatives Locales ), qui associe r\u00e9insertion et travail de la terre en zone rurale.","og_url":"https:\/\/www.altercampagne.net\/?p=14851","og_site_name":"AlterTour","article_published_time":"2019-08-01T09:42:03+00:00","article_modified_time":"2021-05-06T08:46:40+00:00","og_image":[{"width":900,"height":470,"url":"https:\/\/www.altercampagne.net\/wp-content\/uploads\/2019\/08\/2019-08-01_MG_4412.jpg","type":"image\/jpeg"}],"author":"Lo\u00efc","twitter_card":"summary_large_image","twitter_misc":{"\u00c9crit par":"Lo\u00efc","Dur\u00e9e de lecture estim\u00e9e":"1 minute"},"schema":{"@context":"https:\/\/schema.org","@graph":[{"@type":"Article","@id":"https:\/\/www.altercampagne.net\/?p=14851#article","isPartOf":{"@id":"https:\/\/www.altercampagne.net\/?p=14851"},"author":{"name":"Lo\u00efc","@id":"https:\/\/www.altercampagne.net\/#\/schema\/person\/e7caa15702cb743b05c9af366c4cb5f7"},"headline":"Les Jardins du Bandiat, un Carrefour par comme les autres","datePublished":"2019-08-01T09:42:03+00:00","dateModified":"2021-05-06T08:46:40+00:00","mainEntityOfPage":{"@id":"https:\/\/www.altercampagne.net\/?p=14851"},"wordCount":219,"image":{"@id":"https:\/\/www.altercampagne.net\/?p=14851#primaryimage"},"thumbnailUrl":"https:\/\/www.altercampagne.net\/wp-content\/uploads\/2019\/08\/2019-08-01_MG_4412.jpg","keywords":["Angoul\u00eame","saint-esth\u00e8phe","r\u00e9insertion","CIDIL","C.I.D.I.L","Carrefour Insertion D\u00e9veloppement Initiatives Locales","Jardins du Bandiat","Souffignac"],"articleSection":["Agriculture","AlterTour","Edition 2019","Nouvelle-Aquitaine","Social"],"inLanguage":"fr-FR"},{"@type":"WebPage","@id":"https:\/\/www.altercampagne.net\/?p=14851","url":"https:\/\/www.altercampagne.net\/?p=14851","name":"Les Jardins du Bandiat, un Carrefour par comme les autres - AlterTour","isPartOf":{"@id":"https:\/\/www.altercampagne.net\/#website"},"primaryImageOfPage":{"@id":"https:\/\/www.altercampagne.net\/?p=14851#primaryimage"},"image":{"@id":"https:\/\/www.altercampagne.net\/?p=14851#primaryimage"},"thumbnailUrl":"https:\/\/www.altercampagne.net\/wp-content\/uploads\/2019\/08\/2019-08-01_MG_4412.jpg","datePublished":"2019-08-01T09:42:03+00:00","dateModified":"2021-05-06T08:46:40+00:00","author":{"@id":"https:\/\/www.altercampagne.net\/#\/schema\/person\/e7caa15702cb743b05c9af366c4cb5f7"},"breadcrumb":{"@id":"https:\/\/www.altercampagne.net\/?p=14851#breadcrumb"},"inLanguage":"fr-FR","potentialAction":[{"@type":"ReadAction","target":["https:\/\/www.altercampagne.net\/?p=14851"]}]},{"@type":"ImageObject","inLanguage":"fr-FR","@id":"https:\/\/www.altercampagne.net\/?p=14851#primaryimage","url":"https:\/\/www.altercampagne.net\/wp-content\/uploads\/2019\/08\/2019-08-01_MG_4412.jpg","contentUrl":"https:\/\/www.altercampagne.net\/wp-content\/uploads\/2019\/08\/2019-08-01_MG_4412.jpg","width":900,"height":470},{"@type":"BreadcrumbList","@id":"https:\/\/www.altercampagne.net\/?p=14851#breadcrumb","itemListElement":[{"@type":"ListItem","position":1,"name":"Accueil","item":"https:\/\/www.altercampagne.net\/"},{"@type":"ListItem","position":2,"name":"Les Jardins du Bandiat, un Carrefour par comme les autres"}]},{"@type":"WebSite","@id":"https:\/\/www.altercampagne.net\/#website","url":"https:\/\/www.altercampagne.net\/","name":"AlterTour","description":"Reliez les Alternatives \u00e0 v\u00e9lo","potentialAction":[{"@type":"SearchAction","target":{"@type":"EntryPoint","urlTemplate":"https:\/\/www.altercampagne.net\/?s={search_term_string}"},"query-input":{"@type":"PropertyValueSpecification","valueRequired":true,"valueName":"search_term_string"}}],"inLanguage":"fr-FR"},{"@type":"Person","@id":"https:\/\/www.altercampagne.net\/#\/schema\/person\/e7caa15702cb743b05c9af366c4cb5f7","name":"Lo\u00efc","image":{"@type":"ImageObject","inLanguage":"fr-FR","@id":"https:\/\/secure.gravatar.com\/avatar\/f07bacd5527a145229f78a71f4d46d4b9aeb4c9ba68c699d87c91e3155f0877b?s=96&d=mm&r=g","url":"https:\/\/secure.gravatar.com\/avatar\/f07bacd5527a145229f78a71f4d46d4b9aeb4c9ba68c699d87c91e3155f0877b?s=96&d=mm&r=g","contentUrl":"https:\/\/secure.gravatar.com\/avatar\/f07bacd5527a145229f78a71f4d46d4b9aeb4c9ba68c699d87c91e3155f0877b?s=96&d=mm&r=g","caption":"Lo\u00efc"},"url":"https:\/\/www.altercampagne.net\/?author=243"}]}},"_links":{"self":[{"href":"https:\/\/www.altercampagne.net\/index.php?rest_route=\/wp\/v2\/posts\/14851","targetHints":{"allow":["GET"]}}],"collection":[{"href":"https:\/\/www.altercampagne.net\/index.php?rest_route=\/wp\/v2\/posts"}],"about":[{"href":"https:\/\/www.altercampagne.net\/index.php?rest_route=\/wp\/v2\/types\/post"}],"author":[{"embeddable":true,"href":"https:\/\/www.altercampagne.net\/index.php?rest_route=\/wp\/v2\/users\/243"}],"replies":[{"embeddable":true,"href":"https:\/\/www.altercampagne.net\/index.php?rest_route=%2Fwp%2Fv2%2Fcomments&post=14851"}],"version-history":[{"count":1,"href":"https:\/\/www.altercampagne.net\/index.php?rest_route=\/wp\/v2\/posts\/14851\/revisions"}],"predecessor-version":[{"id":17225,"href":"https:\/\/www.altercampagne.net\/index.php?rest_route=\/wp\/v2\/posts\/14851\/revisions\/17225"}],"wp:featuredmedia":[{"embeddable":true,"href":"https:\/\/www.altercampagne.net\/index.php?rest_route=\/wp\/v2\/media\/14864"}],"wp:attachment":[{"href":"https:\/\/www.altercampagne.net\/index.php?rest_route=%2Fwp%2Fv2%2Fmedia&parent=14851"}],"wp:term":[{"taxonomy":"category","embeddable":true,"href":"https:\/\/www.altercampagne.net\/index.php?rest_route=%2Fwp%2Fv2%2Fcategories&post=14851"},{"taxonomy":"post_tag","embeddable":true,"href":"https:\/\/www.altercampagne.net\/index.php?rest_route=%2Fwp%2Fv2%2Ftags&post=14851"}],"curies":[{"name":"wp","href":"https:\/\/api.w.org\/{rel}","templated":true}]}}