{"id":14853,"date":"2019-08-04T12:02:01","date_gmt":"2019-08-04T10:02:01","guid":{"rendered":"http:\/\/www.altercampagne.net\/?p=14853"},"modified":"2021-05-10T12:17:37","modified_gmt":"2021-05-10T10:17:37","slug":"une-chouette-percee-jusqua-lecolieu-de-la-chouette-perchee","status":"publish","type":"post","link":"https:\/\/www.altercampagne.net\/?p=14853","title":{"rendered":"Une chouette perc\u00e9e jusqu&rsquo;\u00e0 l&rsquo;\u00e9colieu de la Chouette Perch\u00e9e"},"content":{"rendered":"\n<p>On raconte que cinq s\u00e9dentaires et un chien, Sam, se sont ancr\u00e9s l\u00e0 o\u00f9 une chouette s\u2019est perch\u00e9e, <strong>en plein P\u00e9rigord Vert, \u00e0 Saleix.<\/strong><\/p>\n\n\n\n<h4 class=\"wp-block-heading\">Ici,\ndes \u00e2mes se rencontrent et fonctionnent ensemble\u2026<\/h4>\n\n\n\n<p>En\n2016, Manu rentre de voyages, galvanis\u00e9 par ses rencontres \u00e0 l\u2019\u00e9tranger. Il a\nderri\u00e8re lui un parcours dans l\u2019humanitaire.<\/p>\n\n\n\n<p>Danielle,\nsa m\u00e8re, vit dans la ferme familiale, \u00e0 Saleix. Elle a stopp\u00e9 l\u2019activit\u00e9 de\nmaraichage. La nature, luxuriante, a repris ses droits sur le vaste terrain. Il\nfaut en faire quelque chose, sinon, on vend&nbsp;!<\/p>\n\n\n\n<p>Alors,\nManu se dit&nbsp;: <em>\u00ab&nbsp;et pourquoi pas\nchez moi&nbsp;?&nbsp;\u00bb.<\/em><\/p>\n\n\n\n<p>Des r\u00eaves de communaut\u00e9 plein la t\u00eate, <strong>il d\u00e9cide donc d\u2019impulser la cr\u00e9ation d\u2019un \u00e9co-lieu o\u00f9 le respect du vivant, la bienveillance et la confiance en la Vie seraient les maitres mots. <\/strong><\/p>\n\n\n\n<p>Aujourd\u2019hui,\npr\u00e8s de quatre ans plus tard, Manu, 42 ans, vit sur l\u2019\u00e9colieu avec sa m\u00e8re Danielle,\n68 ans, Lo\u00efc, 32 ans, Kasia, 30 ans, et leur petite fille, Maona, d\u00e9j\u00e0 six\ndents. <\/p>\n\n\n\n<h4 class=\"wp-block-heading\">Ils\napprennent \u00e0 \u00eatre et \u00e0 faire ensemble.<\/h4>\n\n\n\n<p><strong>La communaut\u00e9 est autosuffisante en production de fruits et l\u00e9gumes, cultiv\u00e9s en bio. Ils s\u2019approvisionnent dans un groupement d\u2019achat pour les produits de base. Ils r\u00e9cup\u00e8rent l\u2019eau de pluie<\/strong> qui alimente la maison de Danielle et la yourte de Kasia et Lo\u00efc. Manu, quant \u00e0 lui, dort dans une tente en attendant de construire sa maison. <\/p>\n\n\n\n<p>Le\nterrain n\u2019est pour l\u2019instant pas constructible. Ils esp\u00e8rent donc avec h\u00e2te l\u2019accord\nde la Mairie leur permettant de s\u2019agrandir et d\u2019accueillir cinq maisons,\nconstruites en p\u00e9riph\u00e9rie du c\u0153ur de l\u2019\u00e9co-lieu. L\u2019espace leur fait du bien. Chacun\ndoit pouvoir respirer. <\/p>\n\n\n\n<p>Le climat qui r\u00e8gne ici est d\u2019ailleurs primordial. <strong>Chaque semaine, le petit groupe se r\u00e9unit pour la m\u00e9t\u00e9o&nbsp;: celle de l\u2019humeur d\u2019une part et de l\u2019organisation d\u2019autre part. <\/strong>Chacun doit se sentir libre de pouvoir exprimer ce qu\u2019il vit et ce qu\u2019il ressent. <\/p>\n\n\n\n<h4 class=\"wp-block-heading\">Les bras grands ouverts<\/h4>\n\n\n\n<p>\u00ab<strong>&nbsp;La chouette perch\u00e9e&nbsp;\u00bb est un lieu d\u2019accueil&nbsp;: de volontaires, d\u2019amis de passage, de voisins impliqu\u00e9s, de participants aux divers ateliers et stages propos\u00e9s <\/strong>(yoga, chants sacr\u00e9s, \u00e9co-construction etc.).<\/p>\n\n\n\n<p>Pour les ann\u00e9es \u00e0 venir, le groupe a <strong>des projets plein la t\u00eate : construire un repair-caf\u00e9, une piscine naturelle, accueillir des groupes etc<\/strong>.&nbsp;; &nbsp;les bras grands ouverts&nbsp;! Avec,&nbsp;toujours en toile de fond, l\u2019envie de pr\u00e9server l\u2019\u00e9nergie n\u00e9cessaire \u00e0 l\u2019\u00e9quilibre du lieu.<\/p>\n\n\n\n<p class=\"has-text-align-right\"><strong>Clarisse <\/strong><\/p>\n","protected":false},"excerpt":{"rendered":"<p>A Saleix, Manu, Danielle, Lo\u00efc, Kasia et Maona nous ont accueilli dans leur \u00e9colieu de la \u00ab\u00a0Chouette Perch\u00e9e\u00a0\u00bb<\/p>\n","protected":false},"author":243,"featured_media":14858,"comment_status":"closed","ping_status":"closed","sticky":false,"template":"","format":"standard","meta":{"footnotes":""},"categories":[3483,4313,3485,3479],"tags":[828,3998,3999,4000,4001],"class_list":["post-14853","post","type-post","status-publish","format-standard","has-post-thumbnail","hentry","category-agriculture","category-altertour","category-habitat","category-nouvelle-aquitaine","tag-ecolieu","tag-saleix","tag-perigord-vert","tag-chouette-perche","tag-ferme"],"yoast_head":"<!-- This site is optimized with the Yoast SEO plugin v27.3 - https:\/\/yoast.com\/product\/yoast-seo-wordpress\/ -->\n<title>Une chouette perc\u00e9e jusqu&#039;\u00e0 l&#039;\u00e9colieu de la Chouette Perch\u00e9e - AlterTour<\/title>\n<meta name=\"robots\" content=\"index, follow, max-snippet:-1, max-image-preview:large, max-video-preview:-1\" \/>\n<link rel=\"canonical\" href=\"https:\/\/www.altercampagne.net\/?p=14853\" \/>\n<meta property=\"og:locale\" content=\"fr_FR\" \/>\n<meta property=\"og:type\" content=\"article\" \/>\n<meta property=\"og:title\" content=\"Une chouette perc\u00e9e jusqu&#039;\u00e0 l&#039;\u00e9colieu de la Chouette Perch\u00e9e - AlterTour\" \/>\n<meta property=\"og:description\" content=\"A Saleix, Manu, Danielle, Lo\u00efc, Kasia et Maona nous ont accueilli dans leur \u00e9colieu de la &quot;Chouette Perch\u00e9e&quot;\" \/>\n<meta property=\"og:url\" content=\"https:\/\/www.altercampagne.net\/?p=14853\" \/>\n<meta property=\"og:site_name\" content=\"AlterTour\" \/>\n<meta property=\"article:published_time\" content=\"2019-08-04T10:02:01+00:00\" \/>\n<meta property=\"article:modified_time\" content=\"2021-05-10T10:17:37+00:00\" \/>\n<meta property=\"og:image\" content=\"https:\/\/www.altercampagne.net\/wp-content\/uploads\/2019\/08\/2019-08-04-_MG_5091.jpg\" \/>\n\t<meta property=\"og:image:width\" content=\"900\" \/>\n\t<meta property=\"og:image:height\" content=\"470\" \/>\n\t<meta property=\"og:image:type\" content=\"image\/jpeg\" \/>\n<meta name=\"author\" content=\"Lo\u00efc\" \/>\n<meta name=\"twitter:card\" content=\"summary_large_image\" \/>\n<meta name=\"twitter:label1\" content=\"\u00c9crit par\" \/>\n\t<meta name=\"twitter:data1\" content=\"Lo\u00efc\" \/>\n\t<meta name=\"twitter:label2\" content=\"Dur\u00e9e de lecture estim\u00e9e\" \/>\n\t<meta name=\"twitter:data2\" content=\"2 minutes\" \/>\n<script type=\"application\/ld+json\" class=\"yoast-schema-graph\">{\"@context\":\"https:\\\/\\\/schema.org\",\"@graph\":[{\"@type\":\"Article\",\"@id\":\"https:\\\/\\\/www.altercampagne.net\\\/?p=14853#article\",\"isPartOf\":{\"@id\":\"https:\\\/\\\/www.altercampagne.net\\\/?p=14853\"},\"author\":{\"name\":\"Lo\u00efc\",\"@id\":\"https:\\\/\\\/www.altercampagne.net\\\/#\\\/schema\\\/person\\\/e7caa15702cb743b05c9af366c4cb5f7\"},\"headline\":\"Une chouette perc\u00e9e jusqu&rsquo;\u00e0 l&rsquo;\u00e9colieu de la Chouette Perch\u00e9e\",\"datePublished\":\"2019-08-04T10:02:01+00:00\",\"dateModified\":\"2021-05-10T10:17:37+00:00\",\"mainEntityOfPage\":{\"@id\":\"https:\\\/\\\/www.altercampagne.net\\\/?p=14853\"},\"wordCount\":462,\"image\":{\"@id\":\"https:\\\/\\\/www.altercampagne.net\\\/?p=14853#primaryimage\"},\"thumbnailUrl\":\"https:\\\/\\\/www.altercampagne.net\\\/wp-content\\\/uploads\\\/2019\\\/08\\\/2019-08-04-_MG_5091.jpg\",\"keywords\":[\"EcoLieu\",\"saleix\",\"perigord vert\",\"chouette perch\u00e9\",\"ferme\"],\"articleSection\":[\"Agriculture\",\"AlterTour\",\"Habitat\",\"Nouvelle-Aquitaine\"],\"inLanguage\":\"fr-FR\"},{\"@type\":\"WebPage\",\"@id\":\"https:\\\/\\\/www.altercampagne.net\\\/?p=14853\",\"url\":\"https:\\\/\\\/www.altercampagne.net\\\/?p=14853\",\"name\":\"Une chouette perc\u00e9e jusqu'\u00e0 l'\u00e9colieu de la Chouette Perch\u00e9e - AlterTour\",\"isPartOf\":{\"@id\":\"https:\\\/\\\/www.altercampagne.net\\\/#website\"},\"primaryImageOfPage\":{\"@id\":\"https:\\\/\\\/www.altercampagne.net\\\/?p=14853#primaryimage\"},\"image\":{\"@id\":\"https:\\\/\\\/www.altercampagne.net\\\/?p=14853#primaryimage\"},\"thumbnailUrl\":\"https:\\\/\\\/www.altercampagne.net\\\/wp-content\\\/uploads\\\/2019\\\/08\\\/2019-08-04-_MG_5091.jpg\",\"datePublished\":\"2019-08-04T10:02:01+00:00\",\"dateModified\":\"2021-05-10T10:17:37+00:00\",\"author\":{\"@id\":\"https:\\\/\\\/www.altercampagne.net\\\/#\\\/schema\\\/person\\\/e7caa15702cb743b05c9af366c4cb5f7\"},\"breadcrumb\":{\"@id\":\"https:\\\/\\\/www.altercampagne.net\\\/?p=14853#breadcrumb\"},\"inLanguage\":\"fr-FR\",\"potentialAction\":[{\"@type\":\"ReadAction\",\"target\":[\"https:\\\/\\\/www.altercampagne.net\\\/?p=14853\"]}]},{\"@type\":\"ImageObject\",\"inLanguage\":\"fr-FR\",\"@id\":\"https:\\\/\\\/www.altercampagne.net\\\/?p=14853#primaryimage\",\"url\":\"https:\\\/\\\/www.altercampagne.net\\\/wp-content\\\/uploads\\\/2019\\\/08\\\/2019-08-04-_MG_5091.jpg\",\"contentUrl\":\"https:\\\/\\\/www.altercampagne.net\\\/wp-content\\\/uploads\\\/2019\\\/08\\\/2019-08-04-_MG_5091.jpg\",\"width\":900,\"height\":470},{\"@type\":\"BreadcrumbList\",\"@id\":\"https:\\\/\\\/www.altercampagne.net\\\/?p=14853#breadcrumb\",\"itemListElement\":[{\"@type\":\"ListItem\",\"position\":1,\"name\":\"Accueil\",\"item\":\"https:\\\/\\\/www.altercampagne.net\\\/\"},{\"@type\":\"ListItem\",\"position\":2,\"name\":\"Une chouette perc\u00e9e jusqu&rsquo;\u00e0 l&rsquo;\u00e9colieu de la Chouette Perch\u00e9e\"}]},{\"@type\":\"WebSite\",\"@id\":\"https:\\\/\\\/www.altercampagne.net\\\/#website\",\"url\":\"https:\\\/\\\/www.altercampagne.net\\\/\",\"name\":\"AlterTour\",\"description\":\"Reliez les Alternatives \u00e0 v\u00e9lo\",\"potentialAction\":[{\"@type\":\"SearchAction\",\"target\":{\"@type\":\"EntryPoint\",\"urlTemplate\":\"https:\\\/\\\/www.altercampagne.net\\\/?s={search_term_string}\"},\"query-input\":{\"@type\":\"PropertyValueSpecification\",\"valueRequired\":true,\"valueName\":\"search_term_string\"}}],\"inLanguage\":\"fr-FR\"},{\"@type\":\"Person\",\"@id\":\"https:\\\/\\\/www.altercampagne.net\\\/#\\\/schema\\\/person\\\/e7caa15702cb743b05c9af366c4cb5f7\",\"name\":\"Lo\u00efc\",\"image\":{\"@type\":\"ImageObject\",\"inLanguage\":\"fr-FR\",\"@id\":\"https:\\\/\\\/secure.gravatar.com\\\/avatar\\\/f07bacd5527a145229f78a71f4d46d4b9aeb4c9ba68c699d87c91e3155f0877b?s=96&d=mm&r=g\",\"url\":\"https:\\\/\\\/secure.gravatar.com\\\/avatar\\\/f07bacd5527a145229f78a71f4d46d4b9aeb4c9ba68c699d87c91e3155f0877b?s=96&d=mm&r=g\",\"contentUrl\":\"https:\\\/\\\/secure.gravatar.com\\\/avatar\\\/f07bacd5527a145229f78a71f4d46d4b9aeb4c9ba68c699d87c91e3155f0877b?s=96&d=mm&r=g\",\"caption\":\"Lo\u00efc\"},\"url\":\"https:\\\/\\\/www.altercampagne.net\\\/?author=243\"}]}<\/script>\n<!-- \/ Yoast SEO plugin. -->","yoast_head_json":{"title":"Une chouette perc\u00e9e jusqu'\u00e0 l'\u00e9colieu de la Chouette Perch\u00e9e - AlterTour","robots":{"index":"index","follow":"follow","max-snippet":"max-snippet:-1","max-image-preview":"max-image-preview:large","max-video-preview":"max-video-preview:-1"},"canonical":"https:\/\/www.altercampagne.net\/?p=14853","og_locale":"fr_FR","og_type":"article","og_title":"Une chouette perc\u00e9e jusqu'\u00e0 l'\u00e9colieu de la Chouette Perch\u00e9e - AlterTour","og_description":"A Saleix, Manu, Danielle, Lo\u00efc, Kasia et Maona nous ont accueilli dans leur \u00e9colieu de la \"Chouette Perch\u00e9e\"","og_url":"https:\/\/www.altercampagne.net\/?p=14853","og_site_name":"AlterTour","article_published_time":"2019-08-04T10:02:01+00:00","article_modified_time":"2021-05-10T10:17:37+00:00","og_image":[{"width":900,"height":470,"url":"https:\/\/www.altercampagne.net\/wp-content\/uploads\/2019\/08\/2019-08-04-_MG_5091.jpg","type":"image\/jpeg"}],"author":"Lo\u00efc","twitter_card":"summary_large_image","twitter_misc":{"\u00c9crit par":"Lo\u00efc","Dur\u00e9e de lecture estim\u00e9e":"2 minutes"},"schema":{"@context":"https:\/\/schema.org","@graph":[{"@type":"Article","@id":"https:\/\/www.altercampagne.net\/?p=14853#article","isPartOf":{"@id":"https:\/\/www.altercampagne.net\/?p=14853"},"author":{"name":"Lo\u00efc","@id":"https:\/\/www.altercampagne.net\/#\/schema\/person\/e7caa15702cb743b05c9af366c4cb5f7"},"headline":"Une chouette perc\u00e9e jusqu&rsquo;\u00e0 l&rsquo;\u00e9colieu de la Chouette Perch\u00e9e","datePublished":"2019-08-04T10:02:01+00:00","dateModified":"2021-05-10T10:17:37+00:00","mainEntityOfPage":{"@id":"https:\/\/www.altercampagne.net\/?p=14853"},"wordCount":462,"image":{"@id":"https:\/\/www.altercampagne.net\/?p=14853#primaryimage"},"thumbnailUrl":"https:\/\/www.altercampagne.net\/wp-content\/uploads\/2019\/08\/2019-08-04-_MG_5091.jpg","keywords":["EcoLieu","saleix","perigord vert","chouette perch\u00e9","ferme"],"articleSection":["Agriculture","AlterTour","Habitat","Nouvelle-Aquitaine"],"inLanguage":"fr-FR"},{"@type":"WebPage","@id":"https:\/\/www.altercampagne.net\/?p=14853","url":"https:\/\/www.altercampagne.net\/?p=14853","name":"Une chouette perc\u00e9e jusqu'\u00e0 l'\u00e9colieu de la Chouette Perch\u00e9e - AlterTour","isPartOf":{"@id":"https:\/\/www.altercampagne.net\/#website"},"primaryImageOfPage":{"@id":"https:\/\/www.altercampagne.net\/?p=14853#primaryimage"},"image":{"@id":"https:\/\/www.altercampagne.net\/?p=14853#primaryimage"},"thumbnailUrl":"https:\/\/www.altercampagne.net\/wp-content\/uploads\/2019\/08\/2019-08-04-_MG_5091.jpg","datePublished":"2019-08-04T10:02:01+00:00","dateModified":"2021-05-10T10:17:37+00:00","author":{"@id":"https:\/\/www.altercampagne.net\/#\/schema\/person\/e7caa15702cb743b05c9af366c4cb5f7"},"breadcrumb":{"@id":"https:\/\/www.altercampagne.net\/?p=14853#breadcrumb"},"inLanguage":"fr-FR","potentialAction":[{"@type":"ReadAction","target":["https:\/\/www.altercampagne.net\/?p=14853"]}]},{"@type":"ImageObject","inLanguage":"fr-FR","@id":"https:\/\/www.altercampagne.net\/?p=14853#primaryimage","url":"https:\/\/www.altercampagne.net\/wp-content\/uploads\/2019\/08\/2019-08-04-_MG_5091.jpg","contentUrl":"https:\/\/www.altercampagne.net\/wp-content\/uploads\/2019\/08\/2019-08-04-_MG_5091.jpg","width":900,"height":470},{"@type":"BreadcrumbList","@id":"https:\/\/www.altercampagne.net\/?p=14853#breadcrumb","itemListElement":[{"@type":"ListItem","position":1,"name":"Accueil","item":"https:\/\/www.altercampagne.net\/"},{"@type":"ListItem","position":2,"name":"Une chouette perc\u00e9e jusqu&rsquo;\u00e0 l&rsquo;\u00e9colieu de la Chouette Perch\u00e9e"}]},{"@type":"WebSite","@id":"https:\/\/www.altercampagne.net\/#website","url":"https:\/\/www.altercampagne.net\/","name":"AlterTour","description":"Reliez les Alternatives \u00e0 v\u00e9lo","potentialAction":[{"@type":"SearchAction","target":{"@type":"EntryPoint","urlTemplate":"https:\/\/www.altercampagne.net\/?s={search_term_string}"},"query-input":{"@type":"PropertyValueSpecification","valueRequired":true,"valueName":"search_term_string"}}],"inLanguage":"fr-FR"},{"@type":"Person","@id":"https:\/\/www.altercampagne.net\/#\/schema\/person\/e7caa15702cb743b05c9af366c4cb5f7","name":"Lo\u00efc","image":{"@type":"ImageObject","inLanguage":"fr-FR","@id":"https:\/\/secure.gravatar.com\/avatar\/f07bacd5527a145229f78a71f4d46d4b9aeb4c9ba68c699d87c91e3155f0877b?s=96&d=mm&r=g","url":"https:\/\/secure.gravatar.com\/avatar\/f07bacd5527a145229f78a71f4d46d4b9aeb4c9ba68c699d87c91e3155f0877b?s=96&d=mm&r=g","contentUrl":"https:\/\/secure.gravatar.com\/avatar\/f07bacd5527a145229f78a71f4d46d4b9aeb4c9ba68c699d87c91e3155f0877b?s=96&d=mm&r=g","caption":"Lo\u00efc"},"url":"https:\/\/www.altercampagne.net\/?author=243"}]}},"_links":{"self":[{"href":"https:\/\/www.altercampagne.net\/index.php?rest_route=\/wp\/v2\/posts\/14853","targetHints":{"allow":["GET"]}}],"collection":[{"href":"https:\/\/www.altercampagne.net\/index.php?rest_route=\/wp\/v2\/posts"}],"about":[{"href":"https:\/\/www.altercampagne.net\/index.php?rest_route=\/wp\/v2\/types\/post"}],"author":[{"embeddable":true,"href":"https:\/\/www.altercampagne.net\/index.php?rest_route=\/wp\/v2\/users\/243"}],"replies":[{"embeddable":true,"href":"https:\/\/www.altercampagne.net\/index.php?rest_route=%2Fwp%2Fv2%2Fcomments&post=14853"}],"version-history":[{"count":2,"href":"https:\/\/www.altercampagne.net\/index.php?rest_route=\/wp\/v2\/posts\/14853\/revisions"}],"predecessor-version":[{"id":21879,"href":"https:\/\/www.altercampagne.net\/index.php?rest_route=\/wp\/v2\/posts\/14853\/revisions\/21879"}],"wp:featuredmedia":[{"embeddable":true,"href":"https:\/\/www.altercampagne.net\/index.php?rest_route=\/wp\/v2\/media\/14858"}],"wp:attachment":[{"href":"https:\/\/www.altercampagne.net\/index.php?rest_route=%2Fwp%2Fv2%2Fmedia&parent=14853"}],"wp:term":[{"taxonomy":"category","embeddable":true,"href":"https:\/\/www.altercampagne.net\/index.php?rest_route=%2Fwp%2Fv2%2Fcategories&post=14853"},{"taxonomy":"post_tag","embeddable":true,"href":"https:\/\/www.altercampagne.net\/index.php?rest_route=%2Fwp%2Fv2%2Ftags&post=14853"}],"curies":[{"name":"wp","href":"https:\/\/api.w.org\/{rel}","templated":true}]}}