{"id":14870,"date":"2019-07-27T19:56:13","date_gmt":"2019-07-27T17:56:13","guid":{"rendered":"http:\/\/www.altercampagne.net\/?p=14870"},"modified":"2021-05-06T10:46:41","modified_gmt":"2021-05-06T08:46:41","slug":"velorution-a-la-rochelle","status":"publish","type":"post","link":"https:\/\/www.altercampagne.net\/?p=14870","title":{"rendered":"V\u00e9lorution \u00e0 La Rochelle !"},"content":{"rendered":"\n<h4 class=\"wp-block-heading\">\u00ab&nbsp;On avance, on avance, on n\u2019a pas besoin d\u2019essence&nbsp;!&nbsp;\u00bb<\/h4>\n\n\n\n<p>Aujourd\u2019hui direction La Rochelle pour une mini r\u00e9volution de cyclistes ! Nous sommes accueillis par le collectif \u00ab&nbsp;V\u00e9lorution&nbsp;\u00bb&nbsp;qui d\u00e9ambule dans la ville une fois par mois pour promouvoir le v\u00e9lo comme d\u00e9placement en ville. Son credo&nbsp;: \u00ab&nbsp;sensibiliser les citoyens \u00e0 la lutte contre la pollution chimique et mentale des moteurs&nbsp;\u00bb. Nous paradons dans La belle Rochelle tels de joyeux lurons, taquinant gentiment les automobilistes \u00e0 coups de klaxons et de \u00ab&nbsp;On avance, on avance, on n\u2019a pas besoin d\u2019essence&nbsp;!&nbsp;\u00bb, invitant les cyclistes ou pi\u00e9tons \u00e0 se joindre \u00e0 nous (\u00ab&nbsp;La Rochelle, enfourche ta selle&nbsp;!&nbsp;\u00bb). Un livreur Uber Eats succombe au charme de notre cort\u00e8ge, ravi de faire quelques m\u00e8tres avec nous entre deux courses. Cette joyeuse V\u00e9lorution est ponctu\u00e9e d\u2019arr\u00eats dans quelques coins cl\u00e9s de la ville, dont l\u2019histoire est comment\u00e9e par une guide venue pour l\u2019occasion. On (r\u00e9)apprend que La Rochelle a \u00e9t\u00e9 un port majeur du commerce triangulaire au 18<sup>\u00e8me<\/sup> si\u00e8cle&#8230;<\/p>\n\n\n\n<h4 class=\"wp-block-heading\">\u00ab\u00a0A l&rsquo;AlterTour, je me suis senti.e vivant.e quand&#8230;\u00a0\u00bb <\/h4>\n\n\n\n<p>Apr\u00e8s cette vir\u00e9e militante et culturelle, retour \u00e0 la Ch\u00e8vre-Rit. Muriel et moi, nous avons eu envie de questionner les Altercyclistes sur un moment qui les a fait vibrer pendant l\u2019AlterTour, un moment pendant lequel ils se sont sentis&#8230; VIVANTS. <\/p>\n\n\n\n<p>Nous avons commenc\u00e9 avec Ivan&nbsp;: \u00ab&nbsp;je me suis senti vivant <strong>la premi\u00e8re fois que j\u2019ai vu des gens partir de l\u2019AlterTour<\/strong>. Je restais, eux partaient. J\u2019ai pris conscience que tout ce qu\u2019on faisait sur ce tour \u00e9tait ultra-nourrissant&nbsp;: toutes ces rencontres, les r\u00e9flexions collectives, les debriefings aussi, o\u00f9 tu te dis que tu fais les choses pour toi et pour les autres, et o\u00f9 tu apprends \u00e0 communiquer, \u00e0 vivre avec un groupe fluctuant.&nbsp;\u00bb<\/p>\n\n\n\n<p>C\u00e9lia nous confie qu\u2019elle a trouv\u00e9 \u00ab&nbsp;fabuleux que Hugues [un des accueillants de la veille] vienne nous chercher.&nbsp; Il \u00e9tait vraiment aux petits soins. L\u2019endroit \u00e9tait magnifique, calme, accueillant. Le soleil d\u00e9clinait, jaune et rouge. <strong>Je me sentais \u00e0 ma place dans le groupe<\/strong>.&nbsp;\u00bb.<\/p>\n\n\n\n<p>Fred se souvient des soir\u00e9es musicales. \u00ab&nbsp;On pouvait vraiment \u00eatre soi-m\u00eame, sans \u00eatre en repr\u00e9sentation. Ici je respire pleinement intellectuellement. <strong>On se dit qu\u2019on n\u2019est pas tout seul, qu\u2019on peut \u00eatre pleinement soi<\/strong>, dans un cadre bienveillant, avec une entraide de ouf&nbsp;\u00bb. <\/p>\n\n\n\n<p>L\u2019autre Fred (ou Fr\u00e9d\u00e9rique&nbsp;? Je ne sais pas comment tu veux qu\u2019on t\u2019appelle. Tu me le diras quand on se reverra&nbsp;?) nous dit qu\u2019elle aime \u00ab&nbsp;<strong>quand on l\u00e8ve les bras, ce moment de consensus qui est un acte de silence<\/strong>. C\u2019est magnifique, le silence. Dans ces moments-l\u00e0, on quitte l\u2019individualisme. J\u2019aime cette capillarit\u00e9 de bras, l\u2019id\u00e9e de l\u2019accord. En fait, je me fous un peu de ce qu\u2019on va nous dire (rires). Ah&nbsp;! J\u2019aime les fl\u00e8ches aussi&nbsp;! C\u2019est une ruche. C\u2019est d\u00e9ment&nbsp;!&nbsp;\u00bb<\/p>\n\n\n\n<p>Aline a aim\u00e9 <strong>la baignade \u00e0 Longeville, sous la pluie, le matin<\/strong>. Pour Daniel aussi \u00ab&nbsp;cette descente&#8230;voir les gens se pr\u00e9cipiter pour aller se baigner. Tout le monde avait l\u2019air bien. J\u2019ai l\u2019impression que c\u2019\u00e9tait ce qu\u2019il fallait \u00e0 tout le monde&nbsp;\u00bb. Candice se souvient d\u2019un jeu avec tous les enfants, chez Hugues, dans l\u2019herbe. Pour Albane, c\u2019\u00e9tait la soir\u00e9e dansante dans la paille, avec le joueur de cornemuse. <\/p>\n\n\n\n<p>Vanessa se souvient s\u2019\u00eatre fait <strong>cette r\u00e9flexion, sous la pluie, sur son v\u00e9lo<\/strong>&nbsp;: \u00ab&nbsp;ce serait super que tout le monde puisse vivre ce genre de vacances&nbsp;\u00bb. <\/p>\n\n\n\n<p>Et puis Sarah&nbsp;: \u00ab&nbsp;quand avec Blue et Muriel, on a d\u00fb chercher un endroit o\u00f9 installer la cuisine. On a imagin\u00e9 cuisiner dans des toilettes ou dehors sous la pluie. Au dernier moment, <strong>une \u00e9lue de la mairie a d\u00e9cid\u00e9 de nous accueillir contre l\u2019avis d\u2019un autre \u00e9lu<\/strong>. Elle nous a confi\u00e9 s\u2019\u00eatre \u00ab&nbsp;fait remonter les bretelles&nbsp;\u00bb. <\/p>\n\n\n\n<p>Enfin, Thomas&nbsp;: \u00ab&nbsp;quand j\u2019ai fait le barbecue chez Hugues. Une \u00e9quipe s\u2019est form\u00e9e spontan\u00e9ment, dont deux enfants, il faisait bon, le soleil se couchait. J\u2019avais un r\u00f4le \u00e0 jouer. Une discussion, aussi, avec Michel et G\u00e9rard, <strong>un d\u00e9bat sur l\u2019\u00e9cole, la vie, autour d\u2019un verre de rouge, dans la grange de la Ch\u00e8vre-Rit<\/strong>. J\u2019aime bien discuter avec les anciens qui ne sont pas devenus aigris et fachos (sourire).&nbsp;\u00bb<\/p>\n\n\n\n<p>Et puis moi, eh bien je me suis sentie bien vivante <strong>durant chacun de ces huit jours d\u2019AlterTour et pour \u00e7a, merci&nbsp;<\/strong>!<\/p>\n\n\n\n<p class=\"has-text-align-right\"><strong>L\u00e9a et\nMuriel<\/strong><\/p>\n","protected":false},"excerpt":{"rendered":"<p>\u00ab&nbsp;On avance, on avance, on n\u2019a pas besoin d\u2019essence&nbsp;!&nbsp;\u00bb Aujourd\u2019hui direction La Rochelle pour une mini r\u00e9volution de cyclistes ! Nous sommes accueillis par le collectif \u00ab&nbsp;V\u00e9lorution&nbsp;\u00bb&nbsp;qui d\u00e9ambule dans la ville une fois par mois pour promouvoir le v\u00e9lo comme d\u00e9placement en ville. Son credo&nbsp;: \u00ab&nbsp;sensibiliser les citoyens \u00e0 la &#8230; <\/p>\n<div><a href=\"https:\/\/www.altercampagne.net\/?p=14870\" class=\"more-link\">Read More<\/a><\/div>\n","protected":false},"author":214,"featured_media":14898,"comment_status":"closed","ping_status":"closed","sticky":false,"template":"","format":"standard","meta":{"footnotes":""},"categories":[3483,4313,3773,3542,3481,3932],"tags":[102,656,1641,2066,2768],"class_list":["post-14870","post","type-post","status-publish","format-standard","has-post-thumbnail","hentry","category-agriculture","category-altertour","category-edition-2019","category-lutte","category-pays-de-la-loire","category-velo","tag-velorution","tag-la-rochelle","tag-charente-maritime","tag-la-chevrerie","tag-nouvelle-aquitaine"],"yoast_head":"<!-- This site is optimized with the Yoast SEO plugin v27.3 - https:\/\/yoast.com\/product\/yoast-seo-wordpress\/ -->\n<title>V\u00e9lorution \u00e0 La Rochelle ! - AlterTour<\/title>\n<meta name=\"robots\" content=\"index, follow, max-snippet:-1, max-image-preview:large, max-video-preview:-1\" \/>\n<link rel=\"canonical\" href=\"https:\/\/www.altercampagne.net\/?p=14870\" \/>\n<meta property=\"og:locale\" content=\"fr_FR\" \/>\n<meta property=\"og:type\" content=\"article\" \/>\n<meta property=\"og:title\" content=\"V\u00e9lorution \u00e0 La Rochelle ! - AlterTour\" \/>\n<meta property=\"og:description\" content=\"\u00ab&nbsp;On avance, on avance, on n\u2019a pas besoin d\u2019essence&nbsp;!&nbsp;\u00bb Aujourd\u2019hui direction La Rochelle pour une mini r\u00e9volution de cyclistes ! Nous sommes accueillis par le collectif \u00ab&nbsp;V\u00e9lorution&nbsp;\u00bb&nbsp;qui d\u00e9ambule dans la ville une fois par mois pour promouvoir le v\u00e9lo comme d\u00e9placement en ville. Son credo&nbsp;: \u00ab&nbsp;sensibiliser les citoyens \u00e0 la ... Read More\" \/>\n<meta property=\"og:url\" content=\"https:\/\/www.altercampagne.net\/?p=14870\" \/>\n<meta property=\"og:site_name\" content=\"AlterTour\" \/>\n<meta property=\"article:published_time\" content=\"2019-07-27T17:56:13+00:00\" \/>\n<meta property=\"article:modified_time\" content=\"2021-05-06T08:46:41+00:00\" \/>\n<meta property=\"og:image\" content=\"https:\/\/www.altercampagne.net\/wp-content\/uploads\/2019\/07\/2019-08-07-_MG_5685.jpg\" \/>\n\t<meta property=\"og:image:width\" content=\"900\" \/>\n\t<meta property=\"og:image:height\" content=\"470\" \/>\n\t<meta property=\"og:image:type\" content=\"image\/jpeg\" \/>\n<meta name=\"author\" content=\"Mathieu\" \/>\n<meta name=\"twitter:card\" content=\"summary_large_image\" \/>\n<meta name=\"twitter:label1\" content=\"\u00c9crit par\" \/>\n\t<meta name=\"twitter:data1\" content=\"Mathieu\" \/>\n\t<meta name=\"twitter:label2\" content=\"Dur\u00e9e de lecture estim\u00e9e\" \/>\n\t<meta name=\"twitter:data2\" content=\"4 minutes\" \/>\n<script type=\"application\/ld+json\" class=\"yoast-schema-graph\">{\"@context\":\"https:\\\/\\\/schema.org\",\"@graph\":[{\"@type\":\"Article\",\"@id\":\"https:\\\/\\\/www.altercampagne.net\\\/?p=14870#article\",\"isPartOf\":{\"@id\":\"https:\\\/\\\/www.altercampagne.net\\\/?p=14870\"},\"author\":{\"name\":\"Mathieu\",\"@id\":\"https:\\\/\\\/www.altercampagne.net\\\/#\\\/schema\\\/person\\\/0f261460c09e430caa0f9bcffa319109\"},\"headline\":\"V\u00e9lorution \u00e0 La Rochelle !\",\"datePublished\":\"2019-07-27T17:56:13+00:00\",\"dateModified\":\"2021-05-06T08:46:41+00:00\",\"mainEntityOfPage\":{\"@id\":\"https:\\\/\\\/www.altercampagne.net\\\/?p=14870\"},\"wordCount\":831,\"image\":{\"@id\":\"https:\\\/\\\/www.altercampagne.net\\\/?p=14870#primaryimage\"},\"thumbnailUrl\":\"https:\\\/\\\/www.altercampagne.net\\\/wp-content\\\/uploads\\\/2019\\\/07\\\/2019-08-07-_MG_5685.jpg\",\"keywords\":[\"v\u00e9lorution\",\"La Rochelle\",\"Charente-Maritime\",\"La Ch\u00e8vrerie\",\"Nouvelle-Aquitaine\"],\"articleSection\":[\"Agriculture\",\"AlterTour\",\"Edition 2019\",\"Lutte\",\"Pays de la Loire\",\"V\u00e9lo\"],\"inLanguage\":\"fr-FR\"},{\"@type\":\"WebPage\",\"@id\":\"https:\\\/\\\/www.altercampagne.net\\\/?p=14870\",\"url\":\"https:\\\/\\\/www.altercampagne.net\\\/?p=14870\",\"name\":\"V\u00e9lorution \u00e0 La Rochelle ! - AlterTour\",\"isPartOf\":{\"@id\":\"https:\\\/\\\/www.altercampagne.net\\\/#website\"},\"primaryImageOfPage\":{\"@id\":\"https:\\\/\\\/www.altercampagne.net\\\/?p=14870#primaryimage\"},\"image\":{\"@id\":\"https:\\\/\\\/www.altercampagne.net\\\/?p=14870#primaryimage\"},\"thumbnailUrl\":\"https:\\\/\\\/www.altercampagne.net\\\/wp-content\\\/uploads\\\/2019\\\/07\\\/2019-08-07-_MG_5685.jpg\",\"datePublished\":\"2019-07-27T17:56:13+00:00\",\"dateModified\":\"2021-05-06T08:46:41+00:00\",\"author\":{\"@id\":\"https:\\\/\\\/www.altercampagne.net\\\/#\\\/schema\\\/person\\\/0f261460c09e430caa0f9bcffa319109\"},\"breadcrumb\":{\"@id\":\"https:\\\/\\\/www.altercampagne.net\\\/?p=14870#breadcrumb\"},\"inLanguage\":\"fr-FR\",\"potentialAction\":[{\"@type\":\"ReadAction\",\"target\":[\"https:\\\/\\\/www.altercampagne.net\\\/?p=14870\"]}]},{\"@type\":\"ImageObject\",\"inLanguage\":\"fr-FR\",\"@id\":\"https:\\\/\\\/www.altercampagne.net\\\/?p=14870#primaryimage\",\"url\":\"https:\\\/\\\/www.altercampagne.net\\\/wp-content\\\/uploads\\\/2019\\\/07\\\/2019-08-07-_MG_5685.jpg\",\"contentUrl\":\"https:\\\/\\\/www.altercampagne.net\\\/wp-content\\\/uploads\\\/2019\\\/07\\\/2019-08-07-_MG_5685.jpg\",\"width\":900,\"height\":470},{\"@type\":\"BreadcrumbList\",\"@id\":\"https:\\\/\\\/www.altercampagne.net\\\/?p=14870#breadcrumb\",\"itemListElement\":[{\"@type\":\"ListItem\",\"position\":1,\"name\":\"Accueil\",\"item\":\"https:\\\/\\\/www.altercampagne.net\\\/\"},{\"@type\":\"ListItem\",\"position\":2,\"name\":\"V\u00e9lorution \u00e0 La Rochelle !\"}]},{\"@type\":\"WebSite\",\"@id\":\"https:\\\/\\\/www.altercampagne.net\\\/#website\",\"url\":\"https:\\\/\\\/www.altercampagne.net\\\/\",\"name\":\"AlterTour\",\"description\":\"Reliez les Alternatives \u00e0 v\u00e9lo\",\"potentialAction\":[{\"@type\":\"SearchAction\",\"target\":{\"@type\":\"EntryPoint\",\"urlTemplate\":\"https:\\\/\\\/www.altercampagne.net\\\/?s={search_term_string}\"},\"query-input\":{\"@type\":\"PropertyValueSpecification\",\"valueRequired\":true,\"valueName\":\"search_term_string\"}}],\"inLanguage\":\"fr-FR\"},{\"@type\":\"Person\",\"@id\":\"https:\\\/\\\/www.altercampagne.net\\\/#\\\/schema\\\/person\\\/0f261460c09e430caa0f9bcffa319109\",\"name\":\"Mathieu\",\"image\":{\"@type\":\"ImageObject\",\"inLanguage\":\"fr-FR\",\"@id\":\"https:\\\/\\\/secure.gravatar.com\\\/avatar\\\/aa9d3d24c83f2141e5e2709d0f63d09a99f6be6bb7a50abc4915838d9f54501a?s=96&d=mm&r=g\",\"url\":\"https:\\\/\\\/secure.gravatar.com\\\/avatar\\\/aa9d3d24c83f2141e5e2709d0f63d09a99f6be6bb7a50abc4915838d9f54501a?s=96&d=mm&r=g\",\"contentUrl\":\"https:\\\/\\\/secure.gravatar.com\\\/avatar\\\/aa9d3d24c83f2141e5e2709d0f63d09a99f6be6bb7a50abc4915838d9f54501a?s=96&d=mm&r=g\",\"caption\":\"Mathieu\"},\"url\":\"https:\\\/\\\/www.altercampagne.net\\\/?author=214\"}]}<\/script>\n<!-- \/ Yoast SEO plugin. -->","yoast_head_json":{"title":"V\u00e9lorution \u00e0 La Rochelle ! - AlterTour","robots":{"index":"index","follow":"follow","max-snippet":"max-snippet:-1","max-image-preview":"max-image-preview:large","max-video-preview":"max-video-preview:-1"},"canonical":"https:\/\/www.altercampagne.net\/?p=14870","og_locale":"fr_FR","og_type":"article","og_title":"V\u00e9lorution \u00e0 La Rochelle ! - AlterTour","og_description":"\u00ab&nbsp;On avance, on avance, on n\u2019a pas besoin d\u2019essence&nbsp;!&nbsp;\u00bb Aujourd\u2019hui direction La Rochelle pour une mini r\u00e9volution de cyclistes ! Nous sommes accueillis par le collectif \u00ab&nbsp;V\u00e9lorution&nbsp;\u00bb&nbsp;qui d\u00e9ambule dans la ville une fois par mois pour promouvoir le v\u00e9lo comme d\u00e9placement en ville. Son credo&nbsp;: \u00ab&nbsp;sensibiliser les citoyens \u00e0 la ... Read More","og_url":"https:\/\/www.altercampagne.net\/?p=14870","og_site_name":"AlterTour","article_published_time":"2019-07-27T17:56:13+00:00","article_modified_time":"2021-05-06T08:46:41+00:00","og_image":[{"width":900,"height":470,"url":"https:\/\/www.altercampagne.net\/wp-content\/uploads\/2019\/07\/2019-08-07-_MG_5685.jpg","type":"image\/jpeg"}],"author":"Mathieu","twitter_card":"summary_large_image","twitter_misc":{"\u00c9crit par":"Mathieu","Dur\u00e9e de lecture estim\u00e9e":"4 minutes"},"schema":{"@context":"https:\/\/schema.org","@graph":[{"@type":"Article","@id":"https:\/\/www.altercampagne.net\/?p=14870#article","isPartOf":{"@id":"https:\/\/www.altercampagne.net\/?p=14870"},"author":{"name":"Mathieu","@id":"https:\/\/www.altercampagne.net\/#\/schema\/person\/0f261460c09e430caa0f9bcffa319109"},"headline":"V\u00e9lorution \u00e0 La Rochelle !","datePublished":"2019-07-27T17:56:13+00:00","dateModified":"2021-05-06T08:46:41+00:00","mainEntityOfPage":{"@id":"https:\/\/www.altercampagne.net\/?p=14870"},"wordCount":831,"image":{"@id":"https:\/\/www.altercampagne.net\/?p=14870#primaryimage"},"thumbnailUrl":"https:\/\/www.altercampagne.net\/wp-content\/uploads\/2019\/07\/2019-08-07-_MG_5685.jpg","keywords":["v\u00e9lorution","La Rochelle","Charente-Maritime","La Ch\u00e8vrerie","Nouvelle-Aquitaine"],"articleSection":["Agriculture","AlterTour","Edition 2019","Lutte","Pays de la Loire","V\u00e9lo"],"inLanguage":"fr-FR"},{"@type":"WebPage","@id":"https:\/\/www.altercampagne.net\/?p=14870","url":"https:\/\/www.altercampagne.net\/?p=14870","name":"V\u00e9lorution \u00e0 La Rochelle ! - AlterTour","isPartOf":{"@id":"https:\/\/www.altercampagne.net\/#website"},"primaryImageOfPage":{"@id":"https:\/\/www.altercampagne.net\/?p=14870#primaryimage"},"image":{"@id":"https:\/\/www.altercampagne.net\/?p=14870#primaryimage"},"thumbnailUrl":"https:\/\/www.altercampagne.net\/wp-content\/uploads\/2019\/07\/2019-08-07-_MG_5685.jpg","datePublished":"2019-07-27T17:56:13+00:00","dateModified":"2021-05-06T08:46:41+00:00","author":{"@id":"https:\/\/www.altercampagne.net\/#\/schema\/person\/0f261460c09e430caa0f9bcffa319109"},"breadcrumb":{"@id":"https:\/\/www.altercampagne.net\/?p=14870#breadcrumb"},"inLanguage":"fr-FR","potentialAction":[{"@type":"ReadAction","target":["https:\/\/www.altercampagne.net\/?p=14870"]}]},{"@type":"ImageObject","inLanguage":"fr-FR","@id":"https:\/\/www.altercampagne.net\/?p=14870#primaryimage","url":"https:\/\/www.altercampagne.net\/wp-content\/uploads\/2019\/07\/2019-08-07-_MG_5685.jpg","contentUrl":"https:\/\/www.altercampagne.net\/wp-content\/uploads\/2019\/07\/2019-08-07-_MG_5685.jpg","width":900,"height":470},{"@type":"BreadcrumbList","@id":"https:\/\/www.altercampagne.net\/?p=14870#breadcrumb","itemListElement":[{"@type":"ListItem","position":1,"name":"Accueil","item":"https:\/\/www.altercampagne.net\/"},{"@type":"ListItem","position":2,"name":"V\u00e9lorution \u00e0 La Rochelle !"}]},{"@type":"WebSite","@id":"https:\/\/www.altercampagne.net\/#website","url":"https:\/\/www.altercampagne.net\/","name":"AlterTour","description":"Reliez les Alternatives \u00e0 v\u00e9lo","potentialAction":[{"@type":"SearchAction","target":{"@type":"EntryPoint","urlTemplate":"https:\/\/www.altercampagne.net\/?s={search_term_string}"},"query-input":{"@type":"PropertyValueSpecification","valueRequired":true,"valueName":"search_term_string"}}],"inLanguage":"fr-FR"},{"@type":"Person","@id":"https:\/\/www.altercampagne.net\/#\/schema\/person\/0f261460c09e430caa0f9bcffa319109","name":"Mathieu","image":{"@type":"ImageObject","inLanguage":"fr-FR","@id":"https:\/\/secure.gravatar.com\/avatar\/aa9d3d24c83f2141e5e2709d0f63d09a99f6be6bb7a50abc4915838d9f54501a?s=96&d=mm&r=g","url":"https:\/\/secure.gravatar.com\/avatar\/aa9d3d24c83f2141e5e2709d0f63d09a99f6be6bb7a50abc4915838d9f54501a?s=96&d=mm&r=g","contentUrl":"https:\/\/secure.gravatar.com\/avatar\/aa9d3d24c83f2141e5e2709d0f63d09a99f6be6bb7a50abc4915838d9f54501a?s=96&d=mm&r=g","caption":"Mathieu"},"url":"https:\/\/www.altercampagne.net\/?author=214"}]}},"_links":{"self":[{"href":"https:\/\/www.altercampagne.net\/index.php?rest_route=\/wp\/v2\/posts\/14870","targetHints":{"allow":["GET"]}}],"collection":[{"href":"https:\/\/www.altercampagne.net\/index.php?rest_route=\/wp\/v2\/posts"}],"about":[{"href":"https:\/\/www.altercampagne.net\/index.php?rest_route=\/wp\/v2\/types\/post"}],"author":[{"embeddable":true,"href":"https:\/\/www.altercampagne.net\/index.php?rest_route=\/wp\/v2\/users\/214"}],"replies":[{"embeddable":true,"href":"https:\/\/www.altercampagne.net\/index.php?rest_route=%2Fwp%2Fv2%2Fcomments&post=14870"}],"version-history":[{"count":1,"href":"https:\/\/www.altercampagne.net\/index.php?rest_route=\/wp\/v2\/posts\/14870\/revisions"}],"predecessor-version":[{"id":21778,"href":"https:\/\/www.altercampagne.net\/index.php?rest_route=\/wp\/v2\/posts\/14870\/revisions\/21778"}],"wp:featuredmedia":[{"embeddable":true,"href":"https:\/\/www.altercampagne.net\/index.php?rest_route=\/wp\/v2\/media\/14898"}],"wp:attachment":[{"href":"https:\/\/www.altercampagne.net\/index.php?rest_route=%2Fwp%2Fv2%2Fmedia&parent=14870"}],"wp:term":[{"taxonomy":"category","embeddable":true,"href":"https:\/\/www.altercampagne.net\/index.php?rest_route=%2Fwp%2Fv2%2Fcategories&post=14870"},{"taxonomy":"post_tag","embeddable":true,"href":"https:\/\/www.altercampagne.net\/index.php?rest_route=%2Fwp%2Fv2%2Ftags&post=14870"}],"curies":[{"name":"wp","href":"https:\/\/api.w.org\/{rel}","templated":true}]}}