{"id":14872,"date":"2019-08-05T20:00:51","date_gmt":"2019-08-05T18:00:51","guid":{"rendered":"http:\/\/www.altercampagne.net\/?p=14872"},"modified":"2021-05-06T10:46:40","modified_gmt":"2021-05-06T08:46:40","slug":"la-marelle-une-ecole-alternative-a-saint-pantaly-dans","status":"publish","type":"post","link":"https:\/\/www.altercampagne.net\/?p=14872","title":{"rendered":"Marelle et Compagnie, une \u00e9cole alternative \u00e0 Saint-Pantaly d\u2019Ans"},"content":{"rendered":"\n<p>\u201cJe suis tr\u00e8s content de recevoir l\u2019AlterTour, on avait une petite histoire \u00e0 raconter et on a put donner un point sur cette route, un point d\u2019\u00e9change et de rencontre\u201d, \u201cun collectif qui rencontre un collectif\u201d, d\u00e9bute ainsi l\u2019interview avec nos accueillants, engag\u00e9s \u00e0 l\u2019\u00e9cole <strong><a href=\"https:\/\/www.marelleetcompagnie.com\/\" target=\"_blank\" rel=\"noreferrer noopener\" aria-label=\"Marelle et Compagnie (s\u2019ouvre dans un nouvel onglet)\">Marelle et Compagnie<\/a><\/strong>. On sent bien l\u2019atmosph\u00e8re du \u201capprendre \u00e0 faire ensemble\u201d ch\u00e8re \u00e0 l\u2019AlterTour et constituante \u00e0 La Marelle.<\/p>\n\n\n\n<p>La Marelle fonctionne un peu comme l\u2019AlterTour. Les enfants\nont un tableau des responsabilit\u00e9s o\u00f9 ils r\u00e9partissent les t\u00e2ches pour la\nsemaine, de passer l\u2019\u00e9ponge \u00e0 balayer les salles communes en passant bien\n\u00e9videmment par l\u2019incontournable vaisselle. Bon, selon l\u2019un des parents qui nous\nfaisait la visite, ce qu\u2019on apprend \u00e0 l\u2019\u00e9cole n\u2019est pas forc\u00e9ment appliqu\u00e9 \u00e0 la\nmaison. La d\u00e9marche est bien s\u00fbr d\u2019int\u00e9grer au plus t\u00f4t des notions\nd\u2019horizontalit\u00e9. Et c\u2019est aussi valable pour les adultes b\u00e9n\u00e9voles qui\ns\u2019impliquent dans le fonctionnement de l\u2019\u00e9cole, administratif, enseignement ou\ngestion d\u2019ateliers sont r\u00e9partis selon l\u2019engagement de chacun.es, aussi dans le\nbut d\u2019acqu\u00e9rir de nouvelles comp\u00e9tences. Et apparemment, ils ne comptent pas\nleurs heures !<\/p>\n\n\n\n<p>Au programme des ateliers, en auto-gestion : jardinage,\nyoga, \u00e9criture, th\u00e9\u00e2tre, propos\u00e9s par les adultes. Mais n\u2019oublions pas\nl\u2019auto-gestion venant des enfants : club gateaux, club origamis ou club tricot\npar exemple o\u00f9 ce sont \u201cde vrais temps de transmission d\u2019enfant \u00e0 enfant\u201d.<\/p>\n\n\n\n<p>Ce qui a beaucoup marqu\u00e9, aux larmes, certains des\naltercyclistes est la petite mezzanine juste au dessus de la cuisine, mezzanine\nde r\u00e9solution des conflits ou \u00e9motions fortes entre enfants, sans intervention\nd\u2019adulte ; et c\u2019est vrai que des \u00e9nergies intenses flottaient sur ces quelques\nm\u00e8tres carr\u00e9es.<\/p>\n\n\n\n<p>Ceci n\u2019est qu\u2019un bref aper\u00e7u des valeurs Montessouri,\nFreinet, Steiner et\/ou adaptatif que l\u2019\u00e9cole met en place afin que ces ch\u00e8res\nt\u00eates blondes puissent s\u2019approprier lorsqu\u2019ils le souhaitent l\u2019apprentissage\ndont ils ont envie ou besoin, \u201con a un projet p\u00e9dagogique, faire en sorte que\nles enfants restent au plus proche de qui ils sont, de leur cr\u00e9ativit\u00e9, de leur\nsouhait d\u2019apprendre\u201d.<\/p>\n\n\n\n<p class=\"has-medium-font-size\"><strong>\u201cQu\u2019est-ce qu\u2019on fait de la d\u00e9mocratie ?\u201d<\/strong><\/p>\n\n\n\n<p>Sous forme de jeu, nos accueillants nous propose d\u2019y\nr\u00e9fl\u00e9chir ! Nous essuyons un peu les plats d\u2019un exercice de \u201ccercle de culture\u201d\nqu\u2019ils souhaitent mettre en place dans un p\u00f4le de formation \u00e0 la citoyennet\u00e9,\nau sein de La Marelle.<\/p>\n\n\n\n<p>En trois phases nous devons exprimer ce qu\u2019est pour nous une\nd\u00e9mocratie puis rassembler nos id\u00e9es avant une restitution cr\u00e9ative face \u00e0 un\npublic d\u2019altercycliste en furie. \u00c9coute active, bienveillance et sens commun\nsont bien \u00e9videmment de mise.<\/p>\n\n\n\n<p>Et \u00e7a marche ! Au lieu de se concentrer sur les divergences, la contrainte temps nous pousse \u00e0 rassembler les diff\u00e9rentes visions de mani\u00e8re inclusive et \u00e0 travailler ensemble ; en ramant certes un peu, chaque groupe y est parvenu avec une \u00e9tonnante diversit\u00e9, autant dans les th\u00e8mes que dans les formes de restitution (on a tout film\u00e9 !).<\/p>\n\n\n\n<p>Une merveilleuse soir\u00e9e suivra, dans un lieu enchanteur vou\u00e9\n\u00e0 un projet d\u2019auto-suffisance pour cette belle famille dont on ne sait plus\ntrop qui sont les enfants et les adultes.<\/p>\n\n\n\n<p>\u201cParfois on se sent isol\u00e9 \u00e0 La Marelle, \u00e0 prendre des\nd\u00e9cisions, \u00e0 r\u00e9fl\u00e9chir, \u00e0 gal\u00e9rer, et le fait que vous soyez venus nous voir et\nvous int\u00e9resser \u00e0 nous, \u00e7a redonne de la valeur, votre regard, vos questions,\nvotre \u00e9motion, moi \u00e7a me nourrit, \u00e7a me redonne de la force pour repartir pour\nl\u2019ann\u00e9e \u00e0 venir\u201d conclura Marianne.<\/p>\n\n\n\n<p class=\"has-text-align-right\"><strong>Ivan<\/strong><\/p>\n","protected":false},"excerpt":{"rendered":"<p>\u201cJe suis tr\u00e8s content de recevoir l\u2019AlterTour, on avait une petite histoire \u00e0 raconter et on a put donner un point sur cette route, un point d\u2019\u00e9change et de rencontre\u201d, \u201cun collectif qui rencontre un collectif\u201d, d\u00e9bute ainsi l\u2019interview avec nos accueillants, engag\u00e9s \u00e0 l\u2019\u00e9cole Marelle et Compagnie. On sent &#8230; <\/p>\n<div><a href=\"https:\/\/www.altercampagne.net\/?p=14872\" class=\"more-link\">Read More<\/a><\/div>\n","protected":false},"author":214,"featured_media":14873,"comment_status":"closed","ping_status":"closed","sticky":false,"template":"","format":"standard","meta":{"footnotes":""},"categories":[4313,3773,3938,3481],"tags":[3602,4002,4004,4005,4073],"class_list":["post-14872","post","type-post","status-publish","format-standard","has-post-thumbnail","hentry","category-altertour","category-edition-2019","category-education","category-pays-de-la-loire","tag-steiner","tag-la-marelle","tag-montessouri","tag-freinet","tag-marelle-et-compagnie"],"yoast_head":"<!-- This site is optimized with the Yoast SEO plugin v27.3 - https:\/\/yoast.com\/product\/yoast-seo-wordpress\/ -->\n<title>Marelle et Compagnie, une \u00e9cole alternative \u00e0 Saint-Pantaly d\u2019Ans - AlterTour<\/title>\n<meta name=\"robots\" content=\"index, follow, max-snippet:-1, max-image-preview:large, max-video-preview:-1\" \/>\n<link rel=\"canonical\" href=\"https:\/\/www.altercampagne.net\/?p=14872\" \/>\n<meta property=\"og:locale\" content=\"fr_FR\" \/>\n<meta property=\"og:type\" content=\"article\" \/>\n<meta property=\"og:title\" content=\"Marelle et Compagnie, une \u00e9cole alternative \u00e0 Saint-Pantaly d\u2019Ans - AlterTour\" \/>\n<meta property=\"og:description\" content=\"\u201cJe suis tr\u00e8s content de recevoir l\u2019AlterTour, on avait une petite histoire \u00e0 raconter et on a put donner un point sur cette route, un point d\u2019\u00e9change et de rencontre\u201d, \u201cun collectif qui rencontre un collectif\u201d, d\u00e9bute ainsi l\u2019interview avec nos accueillants, engag\u00e9s \u00e0 l\u2019\u00e9cole Marelle et Compagnie. On sent ... Read More\" \/>\n<meta property=\"og:url\" content=\"https:\/\/www.altercampagne.net\/?p=14872\" \/>\n<meta property=\"og:site_name\" content=\"AlterTour\" \/>\n<meta property=\"article:published_time\" content=\"2019-08-05T18:00:51+00:00\" \/>\n<meta property=\"article:modified_time\" content=\"2021-05-06T08:46:40+00:00\" \/>\n<meta property=\"og:image\" content=\"https:\/\/www.altercampagne.net\/wp-content\/uploads\/2019\/08\/2019-08-05-_MG_5137.jpg\" \/>\n\t<meta property=\"og:image:width\" content=\"900\" \/>\n\t<meta property=\"og:image:height\" content=\"470\" \/>\n\t<meta property=\"og:image:type\" content=\"image\/jpeg\" \/>\n<meta name=\"author\" content=\"Mathieu\" \/>\n<meta name=\"twitter:card\" content=\"summary_large_image\" \/>\n<meta name=\"twitter:label1\" content=\"\u00c9crit par\" \/>\n\t<meta name=\"twitter:data1\" content=\"Mathieu\" \/>\n\t<meta name=\"twitter:label2\" content=\"Dur\u00e9e de lecture estim\u00e9e\" \/>\n\t<meta name=\"twitter:data2\" content=\"3 minutes\" \/>\n<script type=\"application\/ld+json\" class=\"yoast-schema-graph\">{\"@context\":\"https:\\\/\\\/schema.org\",\"@graph\":[{\"@type\":\"Article\",\"@id\":\"https:\\\/\\\/www.altercampagne.net\\\/?p=14872#article\",\"isPartOf\":{\"@id\":\"https:\\\/\\\/www.altercampagne.net\\\/?p=14872\"},\"author\":{\"name\":\"Mathieu\",\"@id\":\"https:\\\/\\\/www.altercampagne.net\\\/#\\\/schema\\\/person\\\/0f261460c09e430caa0f9bcffa319109\"},\"headline\":\"Marelle et Compagnie, une \u00e9cole alternative \u00e0 Saint-Pantaly d\u2019Ans\",\"datePublished\":\"2019-08-05T18:00:51+00:00\",\"dateModified\":\"2021-05-06T08:46:40+00:00\",\"mainEntityOfPage\":{\"@id\":\"https:\\\/\\\/www.altercampagne.net\\\/?p=14872\"},\"wordCount\":634,\"image\":{\"@id\":\"https:\\\/\\\/www.altercampagne.net\\\/?p=14872#primaryimage\"},\"thumbnailUrl\":\"https:\\\/\\\/www.altercampagne.net\\\/wp-content\\\/uploads\\\/2019\\\/08\\\/2019-08-05-_MG_5137.jpg\",\"keywords\":[\"Steiner\",\"La Marelle\",\"Montessouri\",\"Freinet\",\"marelle et compagnie\"],\"articleSection\":[\"AlterTour\",\"Edition 2019\",\"Education\",\"Pays de la Loire\"],\"inLanguage\":\"fr-FR\"},{\"@type\":\"WebPage\",\"@id\":\"https:\\\/\\\/www.altercampagne.net\\\/?p=14872\",\"url\":\"https:\\\/\\\/www.altercampagne.net\\\/?p=14872\",\"name\":\"Marelle et Compagnie, une \u00e9cole alternative \u00e0 Saint-Pantaly d\u2019Ans - AlterTour\",\"isPartOf\":{\"@id\":\"https:\\\/\\\/www.altercampagne.net\\\/#website\"},\"primaryImageOfPage\":{\"@id\":\"https:\\\/\\\/www.altercampagne.net\\\/?p=14872#primaryimage\"},\"image\":{\"@id\":\"https:\\\/\\\/www.altercampagne.net\\\/?p=14872#primaryimage\"},\"thumbnailUrl\":\"https:\\\/\\\/www.altercampagne.net\\\/wp-content\\\/uploads\\\/2019\\\/08\\\/2019-08-05-_MG_5137.jpg\",\"datePublished\":\"2019-08-05T18:00:51+00:00\",\"dateModified\":\"2021-05-06T08:46:40+00:00\",\"author\":{\"@id\":\"https:\\\/\\\/www.altercampagne.net\\\/#\\\/schema\\\/person\\\/0f261460c09e430caa0f9bcffa319109\"},\"breadcrumb\":{\"@id\":\"https:\\\/\\\/www.altercampagne.net\\\/?p=14872#breadcrumb\"},\"inLanguage\":\"fr-FR\",\"potentialAction\":[{\"@type\":\"ReadAction\",\"target\":[\"https:\\\/\\\/www.altercampagne.net\\\/?p=14872\"]}]},{\"@type\":\"ImageObject\",\"inLanguage\":\"fr-FR\",\"@id\":\"https:\\\/\\\/www.altercampagne.net\\\/?p=14872#primaryimage\",\"url\":\"https:\\\/\\\/www.altercampagne.net\\\/wp-content\\\/uploads\\\/2019\\\/08\\\/2019-08-05-_MG_5137.jpg\",\"contentUrl\":\"https:\\\/\\\/www.altercampagne.net\\\/wp-content\\\/uploads\\\/2019\\\/08\\\/2019-08-05-_MG_5137.jpg\",\"width\":900,\"height\":470},{\"@type\":\"BreadcrumbList\",\"@id\":\"https:\\\/\\\/www.altercampagne.net\\\/?p=14872#breadcrumb\",\"itemListElement\":[{\"@type\":\"ListItem\",\"position\":1,\"name\":\"Accueil\",\"item\":\"https:\\\/\\\/www.altercampagne.net\\\/\"},{\"@type\":\"ListItem\",\"position\":2,\"name\":\"Marelle et Compagnie, une \u00e9cole alternative \u00e0 Saint-Pantaly d\u2019Ans\"}]},{\"@type\":\"WebSite\",\"@id\":\"https:\\\/\\\/www.altercampagne.net\\\/#website\",\"url\":\"https:\\\/\\\/www.altercampagne.net\\\/\",\"name\":\"AlterTour\",\"description\":\"Reliez les Alternatives \u00e0 v\u00e9lo\",\"potentialAction\":[{\"@type\":\"SearchAction\",\"target\":{\"@type\":\"EntryPoint\",\"urlTemplate\":\"https:\\\/\\\/www.altercampagne.net\\\/?s={search_term_string}\"},\"query-input\":{\"@type\":\"PropertyValueSpecification\",\"valueRequired\":true,\"valueName\":\"search_term_string\"}}],\"inLanguage\":\"fr-FR\"},{\"@type\":\"Person\",\"@id\":\"https:\\\/\\\/www.altercampagne.net\\\/#\\\/schema\\\/person\\\/0f261460c09e430caa0f9bcffa319109\",\"name\":\"Mathieu\",\"image\":{\"@type\":\"ImageObject\",\"inLanguage\":\"fr-FR\",\"@id\":\"https:\\\/\\\/secure.gravatar.com\\\/avatar\\\/aa9d3d24c83f2141e5e2709d0f63d09a99f6be6bb7a50abc4915838d9f54501a?s=96&d=mm&r=g\",\"url\":\"https:\\\/\\\/secure.gravatar.com\\\/avatar\\\/aa9d3d24c83f2141e5e2709d0f63d09a99f6be6bb7a50abc4915838d9f54501a?s=96&d=mm&r=g\",\"contentUrl\":\"https:\\\/\\\/secure.gravatar.com\\\/avatar\\\/aa9d3d24c83f2141e5e2709d0f63d09a99f6be6bb7a50abc4915838d9f54501a?s=96&d=mm&r=g\",\"caption\":\"Mathieu\"},\"url\":\"https:\\\/\\\/www.altercampagne.net\\\/?author=214\"}]}<\/script>\n<!-- \/ Yoast SEO plugin. -->","yoast_head_json":{"title":"Marelle et Compagnie, une \u00e9cole alternative \u00e0 Saint-Pantaly d\u2019Ans - AlterTour","robots":{"index":"index","follow":"follow","max-snippet":"max-snippet:-1","max-image-preview":"max-image-preview:large","max-video-preview":"max-video-preview:-1"},"canonical":"https:\/\/www.altercampagne.net\/?p=14872","og_locale":"fr_FR","og_type":"article","og_title":"Marelle et Compagnie, une \u00e9cole alternative \u00e0 Saint-Pantaly d\u2019Ans - AlterTour","og_description":"\u201cJe suis tr\u00e8s content de recevoir l\u2019AlterTour, on avait une petite histoire \u00e0 raconter et on a put donner un point sur cette route, un point d\u2019\u00e9change et de rencontre\u201d, \u201cun collectif qui rencontre un collectif\u201d, d\u00e9bute ainsi l\u2019interview avec nos accueillants, engag\u00e9s \u00e0 l\u2019\u00e9cole Marelle et Compagnie. On sent ... Read More","og_url":"https:\/\/www.altercampagne.net\/?p=14872","og_site_name":"AlterTour","article_published_time":"2019-08-05T18:00:51+00:00","article_modified_time":"2021-05-06T08:46:40+00:00","og_image":[{"width":900,"height":470,"url":"https:\/\/www.altercampagne.net\/wp-content\/uploads\/2019\/08\/2019-08-05-_MG_5137.jpg","type":"image\/jpeg"}],"author":"Mathieu","twitter_card":"summary_large_image","twitter_misc":{"\u00c9crit par":"Mathieu","Dur\u00e9e de lecture estim\u00e9e":"3 minutes"},"schema":{"@context":"https:\/\/schema.org","@graph":[{"@type":"Article","@id":"https:\/\/www.altercampagne.net\/?p=14872#article","isPartOf":{"@id":"https:\/\/www.altercampagne.net\/?p=14872"},"author":{"name":"Mathieu","@id":"https:\/\/www.altercampagne.net\/#\/schema\/person\/0f261460c09e430caa0f9bcffa319109"},"headline":"Marelle et Compagnie, une \u00e9cole alternative \u00e0 Saint-Pantaly d\u2019Ans","datePublished":"2019-08-05T18:00:51+00:00","dateModified":"2021-05-06T08:46:40+00:00","mainEntityOfPage":{"@id":"https:\/\/www.altercampagne.net\/?p=14872"},"wordCount":634,"image":{"@id":"https:\/\/www.altercampagne.net\/?p=14872#primaryimage"},"thumbnailUrl":"https:\/\/www.altercampagne.net\/wp-content\/uploads\/2019\/08\/2019-08-05-_MG_5137.jpg","keywords":["Steiner","La Marelle","Montessouri","Freinet","marelle et compagnie"],"articleSection":["AlterTour","Edition 2019","Education","Pays de la Loire"],"inLanguage":"fr-FR"},{"@type":"WebPage","@id":"https:\/\/www.altercampagne.net\/?p=14872","url":"https:\/\/www.altercampagne.net\/?p=14872","name":"Marelle et Compagnie, une \u00e9cole alternative \u00e0 Saint-Pantaly d\u2019Ans - AlterTour","isPartOf":{"@id":"https:\/\/www.altercampagne.net\/#website"},"primaryImageOfPage":{"@id":"https:\/\/www.altercampagne.net\/?p=14872#primaryimage"},"image":{"@id":"https:\/\/www.altercampagne.net\/?p=14872#primaryimage"},"thumbnailUrl":"https:\/\/www.altercampagne.net\/wp-content\/uploads\/2019\/08\/2019-08-05-_MG_5137.jpg","datePublished":"2019-08-05T18:00:51+00:00","dateModified":"2021-05-06T08:46:40+00:00","author":{"@id":"https:\/\/www.altercampagne.net\/#\/schema\/person\/0f261460c09e430caa0f9bcffa319109"},"breadcrumb":{"@id":"https:\/\/www.altercampagne.net\/?p=14872#breadcrumb"},"inLanguage":"fr-FR","potentialAction":[{"@type":"ReadAction","target":["https:\/\/www.altercampagne.net\/?p=14872"]}]},{"@type":"ImageObject","inLanguage":"fr-FR","@id":"https:\/\/www.altercampagne.net\/?p=14872#primaryimage","url":"https:\/\/www.altercampagne.net\/wp-content\/uploads\/2019\/08\/2019-08-05-_MG_5137.jpg","contentUrl":"https:\/\/www.altercampagne.net\/wp-content\/uploads\/2019\/08\/2019-08-05-_MG_5137.jpg","width":900,"height":470},{"@type":"BreadcrumbList","@id":"https:\/\/www.altercampagne.net\/?p=14872#breadcrumb","itemListElement":[{"@type":"ListItem","position":1,"name":"Accueil","item":"https:\/\/www.altercampagne.net\/"},{"@type":"ListItem","position":2,"name":"Marelle et Compagnie, une \u00e9cole alternative \u00e0 Saint-Pantaly d\u2019Ans"}]},{"@type":"WebSite","@id":"https:\/\/www.altercampagne.net\/#website","url":"https:\/\/www.altercampagne.net\/","name":"AlterTour","description":"Reliez les Alternatives \u00e0 v\u00e9lo","potentialAction":[{"@type":"SearchAction","target":{"@type":"EntryPoint","urlTemplate":"https:\/\/www.altercampagne.net\/?s={search_term_string}"},"query-input":{"@type":"PropertyValueSpecification","valueRequired":true,"valueName":"search_term_string"}}],"inLanguage":"fr-FR"},{"@type":"Person","@id":"https:\/\/www.altercampagne.net\/#\/schema\/person\/0f261460c09e430caa0f9bcffa319109","name":"Mathieu","image":{"@type":"ImageObject","inLanguage":"fr-FR","@id":"https:\/\/secure.gravatar.com\/avatar\/aa9d3d24c83f2141e5e2709d0f63d09a99f6be6bb7a50abc4915838d9f54501a?s=96&d=mm&r=g","url":"https:\/\/secure.gravatar.com\/avatar\/aa9d3d24c83f2141e5e2709d0f63d09a99f6be6bb7a50abc4915838d9f54501a?s=96&d=mm&r=g","contentUrl":"https:\/\/secure.gravatar.com\/avatar\/aa9d3d24c83f2141e5e2709d0f63d09a99f6be6bb7a50abc4915838d9f54501a?s=96&d=mm&r=g","caption":"Mathieu"},"url":"https:\/\/www.altercampagne.net\/?author=214"}]}},"_links":{"self":[{"href":"https:\/\/www.altercampagne.net\/index.php?rest_route=\/wp\/v2\/posts\/14872","targetHints":{"allow":["GET"]}}],"collection":[{"href":"https:\/\/www.altercampagne.net\/index.php?rest_route=\/wp\/v2\/posts"}],"about":[{"href":"https:\/\/www.altercampagne.net\/index.php?rest_route=\/wp\/v2\/types\/post"}],"author":[{"embeddable":true,"href":"https:\/\/www.altercampagne.net\/index.php?rest_route=\/wp\/v2\/users\/214"}],"replies":[{"embeddable":true,"href":"https:\/\/www.altercampagne.net\/index.php?rest_route=%2Fwp%2Fv2%2Fcomments&post=14872"}],"version-history":[{"count":1,"href":"https:\/\/www.altercampagne.net\/index.php?rest_route=\/wp\/v2\/posts\/14872\/revisions"}],"predecessor-version":[{"id":21767,"href":"https:\/\/www.altercampagne.net\/index.php?rest_route=\/wp\/v2\/posts\/14872\/revisions\/21767"}],"wp:featuredmedia":[{"embeddable":true,"href":"https:\/\/www.altercampagne.net\/index.php?rest_route=\/wp\/v2\/media\/14873"}],"wp:attachment":[{"href":"https:\/\/www.altercampagne.net\/index.php?rest_route=%2Fwp%2Fv2%2Fmedia&parent=14872"}],"wp:term":[{"taxonomy":"category","embeddable":true,"href":"https:\/\/www.altercampagne.net\/index.php?rest_route=%2Fwp%2Fv2%2Fcategories&post=14872"},{"taxonomy":"post_tag","embeddable":true,"href":"https:\/\/www.altercampagne.net\/index.php?rest_route=%2Fwp%2Fv2%2Ftags&post=14872"}],"curies":[{"name":"wp","href":"https:\/\/api.w.org\/{rel}","templated":true}]}}