{"id":14878,"date":"2019-08-03T20:12:03","date_gmt":"2019-08-03T18:12:03","guid":{"rendered":"http:\/\/www.altercampagne.net\/?p=14878"},"modified":"2021-05-06T10:46:40","modified_gmt":"2021-05-06T08:46:40","slug":"lecocentre-du-perigord-lecohameau-de-froidefon-et-lecofestival-des-cars","status":"publish","type":"post","link":"https:\/\/www.altercampagne.net\/?p=14878","title":{"rendered":"L&rsquo;Ecocentre du P\u00e9rigord, l&rsquo;\u00e9cohameau de Froidefon et  l\u2019\u00e9cofestival des Cars"},"content":{"rendered":"\n<p>&nbsp;&nbsp;&nbsp;&nbsp;&nbsp;&nbsp;&nbsp;&nbsp;&nbsp;&nbsp;&nbsp; Arriv\u00e9s le 02 ao\u00fbt \u00e0 l\u2019Ecocentre du P\u00e9rigord de Saint Pierre de Frugie, et \u00e0 son Ecohameau, nous avons d\u00e9couvert l\u2019histoire du site le lendemain matin, samedi 03 ao\u00fbt, lors d\u2019une journ\u00e9e de repos ensoleill\u00e9e. Nos h\u00f4tes, Claude Micmaker, Jocelyne Cambuzat et Juliette H\u00e9rondart nous ont ouvert \u00e0 la m\u00e9moire des lieux, dynamis\u00e9s par leurs volont\u00e9s d\u2019exp\u00e9rimentation \u00e9cologique, aid\u00e9es par le soutien financier de la r\u00e9gion et du d\u00e9partement \u00e0 hauteur de 650 000 euros&nbsp;; entretenues par l\u2019ambition d\u2019\u00e9riger l\u2019\u00e9cocentre comme tiers-lieux -espace de travail partag\u00e9 et collaboratif.<\/p>\n\n\n\n<h4 class=\"wp-block-heading\">Architecture bioclimatique \u00e0 l\u2019\u00e9co-centre du P\u00e9rigord<\/h4>\n\n\n\n<p>&nbsp;&nbsp;&nbsp;&nbsp;&nbsp;&nbsp;&nbsp;&nbsp;&nbsp;&nbsp;&nbsp; Claude Micmaker nous a expos\u00e9 les vertus des mat\u00e9riaux de l\u2019\u00e9cocentre et a d\u00e9voil\u00e9 <strong>quelques rudiments de l\u2019architecture bioclimatique, essentielle pour qui r\u00eave d\u2019une maison en paille-terre<\/strong>&nbsp;; d\u2019une maison en briques monomur&nbsp;; d\u2019une maison en terre crue, en bois ou en chaux-chanvre. L\u2019AlterTour a ainsi b\u00e9n\u00e9fici\u00e9 de l\u2019exp\u00e9rience de l\u2019architecte du site, transmise dans des formations sur le terrain depuis 2003- 2004. Ces formations sont permises par six supports techniques \u00e9lev\u00e9s sur une dalle de 30 m par trente et servant de d\u00e9monstration aux apprenants en \u00e9coconstruction.<\/p>\n\n\n\n<p>&nbsp;&nbsp;&nbsp;&nbsp;&nbsp;&nbsp;&nbsp;&nbsp;&nbsp;&nbsp;<strong>&nbsp; Le choix pr\u00e9f\u00e9rentiel des mat\u00e9riaux du centre de ressource, construit entre 2004 et 2009, s\u2019est ainsi port\u00e9 sur le bois et la terre crue<\/strong>&nbsp;: le bois- isolant et massique- poss\u00e8de des qualit\u00e9s ind\u00e9niables pour la variabilit\u00e9 thermique saisonni\u00e8re. Coupant, du froid ext\u00e9rieur l&rsquo;hiver, il retarde la restitution de la chaleur -la nuit- par son inertie. Ce centre de ressources, surmont\u00e9 d\u2019une coupole qui troue la charpente en pis\u00e9 -de 80 cm d\u2019\u00e9paisseur-, et que le tronc- robuste- d\u2019un ch\u00e2taignier supporte en son centre, abrite aujourd\u2019hui des ouvrages divers empruntables, brassant des questions vastes, embrassant l\u2019artisanat et la philosophie.<\/p>\n\n\n\n<h4 class=\"wp-block-heading\">L\u2019\u00e9co-hameau de Froidefon<\/h4>\n\n\n\n<p>&nbsp;&nbsp;&nbsp;&nbsp;&nbsp;&nbsp;&nbsp;&nbsp;&nbsp;&nbsp;&nbsp; Nos h\u00f4tes vivent aujourd\u2019hui dans un \u00e9cohameau qui jouxte l\u2019Ecocentre du P\u00e9rigord. Il s\u2019agit du \u00e9cohameau de Froidefon, fond\u00e9 en 2009, avec la cr\u00e9ation d\u2019une Soci\u00e9t\u00e9 Civile Immobili\u00e8re. <strong>Plusieurs foyers vivent au sein de cet \u00e9cohameau dont le noyau humain se veut relativement modeste pour en garantir le vivre ensemble collectif<\/strong>&nbsp;; ainsi deux parcelles agricoles appartenant \u00e0 la SCI sont volontairement sauvegard\u00e9es par Jocelyne en attente d\u2019un repreneur \u00e9leveur, contre toute tentation de les transformer en terrain \u00e0 b\u00e2tir.<\/p>\n\n\n\n<p>&nbsp;&nbsp;&nbsp;&nbsp;&nbsp;&nbsp;&nbsp;&nbsp;&nbsp;&nbsp;&nbsp; En rejoignant la SCI il y a peu, Juliette H\u00e9rondart a acquis des parts sociales au sein de la soci\u00e9t\u00e9, \u00e0 hauteur de son investissement dans la maison qu\u2019elle s\u2019est construite. <strong>Juliette nous a fait visiter sa maison en cours de construction, qui suit la technique de paille Nebraska pour l\u2019isolation<\/strong>, support\u00e9 par un cha\u00eenage en bois pour la charpente. La toiture a l\u2019esth\u00e9tique d\u2019un toit de car\u00e8ne, inspir\u00e9 par l\u2019architecte de la Renaissance Philibert de l\u2019Orme. Une quarantaine de professionnels ont depuis mars dernier particip\u00e9 au chantier de construction.<\/p>\n\n\n\n<h4 class=\"wp-block-heading\">L\u2019\u00e9cofestival des Cars&nbsp;<\/h4>\n\n\n\n<p>\u00a0\u00a0\u00a0\u00a0\u00a0\u00a0\u00a0\u00a0\u00a0\u00a0\u00a0 Notre pr\u00e9sence sur ce territoire de Dordogne limitrophe de la Haute-Vienne a justifi\u00e9 un petit tour \u00e0 l\u2019<strong><a rel=\"noreferrer noopener\" aria-label=\"\u00e9cofestival des Cars (s\u2019ouvre dans un nouvel onglet)\" href=\"http:\/\/www.lescarrioles.fr\/\" target=\"_blank\">Ecofestival des Cars<\/a><\/strong>, commune qui a propos\u00e9, pour sa 9<sup>e<\/sup> \u00e9dition, dans son flyer, une rencontre des festivaliers avec l\u2019AlterTour\u00a0! Avant une pr\u00e9sentation mim\u00e9e comment\u00e9e d\u2019une journ\u00e9e d\u2019\u00e9tape-type,\u00a0 certains ont suivi le spectacle offert par Le cirque sans noms, \u00ab\u00a0La Force des choses\u00a0\u00bb\u00a0; spectacle touchant, corporel et acrobatique. <\/p>\n\n\n\n<p>D\u2019autres, comme moi, ont suivi deux guides, Elodie Lerat (de La Compagnie des Simples) et Jean Werlen (animateur nature, sp\u00e9cialiste de la vannerie) pour <strong>une balade botanique \u00e0 la d\u00e9couverte des adventices des jardins.<\/strong> Certaines se mangent, comme le lierre terrestre, qui agr\u00e9mente parfaitement un g\u00e2teau au chocolat&nbsp;; la porcelle enracin\u00e9e -dont on mange au printemps la rosette en salade&nbsp;; l\u2019\u00e9piaire \u2013 lamiac\u00e9e (on se souvient que Fr\u00e9d\u00e9rique Soulard dans son spectacle \u00ab&nbsp;Belle de bitume&nbsp;\u00bb, le 26 juillet, nous a gestuellement d\u00e9fini cette famille de plante aux feuilles oppos\u00e9es d\u00e9cuss\u00e9es&nbsp;! ) aux feuilles au go\u00fbt de champignon quand elles sont cuites. D\u2019autres plantes sont parfaites en vannerie&nbsp;: ainsi l\u2019ortie -dont la partie ligneuse centrale doit \u00eatre extraite avant usage de ses deux parties de tiges qui l\u2019enveloppent&nbsp;; le lien de ronce qui entre dans la fabrication d\u2019un paillassou en paille de seigle ou en jonc, servant aux boulangers de bannetons \u00e0 pain.<\/p>\n\n\n\n<p class=\"has-text-align-right\"><strong>Cl\u00e9mence<\/strong><\/p>\n","protected":false},"excerpt":{"rendered":"<p>&nbsp;&nbsp;&nbsp;&nbsp;&nbsp;&nbsp;&nbsp;&nbsp;&nbsp;&nbsp;&nbsp; Arriv\u00e9s le 02 ao\u00fbt \u00e0 l\u2019Ecocentre du P\u00e9rigord de Saint Pierre de Frugie, et \u00e0 son Ecohameau, nous avons d\u00e9couvert l\u2019histoire du site le lendemain matin, samedi 03 ao\u00fbt, lors d\u2019une journ\u00e9e de repos ensoleill\u00e9e. Nos h\u00f4tes, Claude Micmaker, Jocelyne Cambuzat et Juliette H\u00e9rondart nous ont ouvert \u00e0 la &#8230; <\/p>\n<div><a href=\"https:\/\/www.altercampagne.net\/?p=14878\" class=\"more-link\">Read More<\/a><\/div>\n","protected":false},"author":214,"featured_media":16072,"comment_status":"closed","ping_status":"closed","sticky":false,"template":"","format":"standard","meta":{"footnotes":""},"categories":[4313,3773,3485,3479],"tags":[1706,2768,3957,3988,4009,4075,4076],"class_list":["post-14878","post","type-post","status-publish","format-standard","has-post-thumbnail","hentry","category-altertour","category-edition-2019","category-habitat","category-nouvelle-aquitaine","tag-dordogne","tag-nouvelle-aquitaine","tag-saint-pierre-de-frugie","tag-ecocentre-du-perigord","tag-ecohameau-de-froidefon","tag-ecofestival-des-cars","tag-froidefon"],"yoast_head":"<!-- This site is optimized with the Yoast SEO plugin v27.3 - https:\/\/yoast.com\/product\/yoast-seo-wordpress\/ -->\n<title>L&#039;Ecocentre du P\u00e9rigord, l&#039;\u00e9cohameau de Froidefon et l\u2019\u00e9cofestival des Cars - AlterTour<\/title>\n<meta name=\"robots\" content=\"index, follow, max-snippet:-1, max-image-preview:large, max-video-preview:-1\" \/>\n<link rel=\"canonical\" href=\"https:\/\/www.altercampagne.net\/?p=14878\" \/>\n<meta property=\"og:locale\" content=\"fr_FR\" \/>\n<meta property=\"og:type\" content=\"article\" \/>\n<meta property=\"og:title\" content=\"L&#039;Ecocentre du P\u00e9rigord, l&#039;\u00e9cohameau de Froidefon et l\u2019\u00e9cofestival des Cars - AlterTour\" \/>\n<meta property=\"og:description\" content=\"&nbsp;&nbsp;&nbsp;&nbsp;&nbsp;&nbsp;&nbsp;&nbsp;&nbsp;&nbsp;&nbsp; Arriv\u00e9s le 02 ao\u00fbt \u00e0 l\u2019Ecocentre du P\u00e9rigord de Saint Pierre de Frugie, et \u00e0 son Ecohameau, nous avons d\u00e9couvert l\u2019histoire du site le lendemain matin, samedi 03 ao\u00fbt, lors d\u2019une journ\u00e9e de repos ensoleill\u00e9e. Nos h\u00f4tes, Claude Micmaker, Jocelyne Cambuzat et Juliette H\u00e9rondart nous ont ouvert \u00e0 la ... Read More\" \/>\n<meta property=\"og:url\" content=\"https:\/\/www.altercampagne.net\/?p=14878\" \/>\n<meta property=\"og:site_name\" content=\"AlterTour\" \/>\n<meta property=\"article:published_time\" content=\"2019-08-03T18:12:03+00:00\" \/>\n<meta property=\"article:modified_time\" content=\"2021-05-06T08:46:40+00:00\" \/>\n<meta property=\"og:image\" content=\"https:\/\/www.altercampagne.net\/wp-content\/uploads\/2019\/08\/2019-08-03_MG_4759.jpg\" \/>\n\t<meta property=\"og:image:width\" content=\"900\" \/>\n\t<meta property=\"og:image:height\" content=\"470\" \/>\n\t<meta property=\"og:image:type\" content=\"image\/jpeg\" \/>\n<meta name=\"author\" content=\"Mathieu\" \/>\n<meta name=\"twitter:card\" content=\"summary_large_image\" \/>\n<meta name=\"twitter:label1\" content=\"\u00c9crit par\" \/>\n\t<meta name=\"twitter:data1\" content=\"Mathieu\" \/>\n\t<meta name=\"twitter:label2\" content=\"Dur\u00e9e de lecture estim\u00e9e\" \/>\n\t<meta name=\"twitter:data2\" content=\"4 minutes\" \/>\n<script type=\"application\/ld+json\" class=\"yoast-schema-graph\">{\"@context\":\"https:\\\/\\\/schema.org\",\"@graph\":[{\"@type\":\"Article\",\"@id\":\"https:\\\/\\\/www.altercampagne.net\\\/?p=14878#article\",\"isPartOf\":{\"@id\":\"https:\\\/\\\/www.altercampagne.net\\\/?p=14878\"},\"author\":{\"name\":\"Mathieu\",\"@id\":\"https:\\\/\\\/www.altercampagne.net\\\/#\\\/schema\\\/person\\\/0f261460c09e430caa0f9bcffa319109\"},\"headline\":\"L&rsquo;Ecocentre du P\u00e9rigord, l&rsquo;\u00e9cohameau de Froidefon et l\u2019\u00e9cofestival des Cars\",\"datePublished\":\"2019-08-03T18:12:03+00:00\",\"dateModified\":\"2021-05-06T08:46:40+00:00\",\"mainEntityOfPage\":{\"@id\":\"https:\\\/\\\/www.altercampagne.net\\\/?p=14878\"},\"wordCount\":842,\"image\":{\"@id\":\"https:\\\/\\\/www.altercampagne.net\\\/?p=14878#primaryimage\"},\"thumbnailUrl\":\"https:\\\/\\\/www.altercampagne.net\\\/wp-content\\\/uploads\\\/2019\\\/08\\\/2019-08-03_MG_4759.jpg\",\"keywords\":[\"Dordogne\",\"Nouvelle-Aquitaine\",\"Saint-Pierre-de-Frugie\",\"Ecocentre du P\u00e9rigord\",\"Ecohameau de Froidefon\",\"ecofestival des cars\",\"Froidefon\"],\"articleSection\":[\"AlterTour\",\"Edition 2019\",\"Habitat\",\"Nouvelle-Aquitaine\"],\"inLanguage\":\"fr-FR\"},{\"@type\":\"WebPage\",\"@id\":\"https:\\\/\\\/www.altercampagne.net\\\/?p=14878\",\"url\":\"https:\\\/\\\/www.altercampagne.net\\\/?p=14878\",\"name\":\"L'Ecocentre du P\u00e9rigord, l'\u00e9cohameau de Froidefon et l\u2019\u00e9cofestival des Cars - AlterTour\",\"isPartOf\":{\"@id\":\"https:\\\/\\\/www.altercampagne.net\\\/#website\"},\"primaryImageOfPage\":{\"@id\":\"https:\\\/\\\/www.altercampagne.net\\\/?p=14878#primaryimage\"},\"image\":{\"@id\":\"https:\\\/\\\/www.altercampagne.net\\\/?p=14878#primaryimage\"},\"thumbnailUrl\":\"https:\\\/\\\/www.altercampagne.net\\\/wp-content\\\/uploads\\\/2019\\\/08\\\/2019-08-03_MG_4759.jpg\",\"datePublished\":\"2019-08-03T18:12:03+00:00\",\"dateModified\":\"2021-05-06T08:46:40+00:00\",\"author\":{\"@id\":\"https:\\\/\\\/www.altercampagne.net\\\/#\\\/schema\\\/person\\\/0f261460c09e430caa0f9bcffa319109\"},\"breadcrumb\":{\"@id\":\"https:\\\/\\\/www.altercampagne.net\\\/?p=14878#breadcrumb\"},\"inLanguage\":\"fr-FR\",\"potentialAction\":[{\"@type\":\"ReadAction\",\"target\":[\"https:\\\/\\\/www.altercampagne.net\\\/?p=14878\"]}]},{\"@type\":\"ImageObject\",\"inLanguage\":\"fr-FR\",\"@id\":\"https:\\\/\\\/www.altercampagne.net\\\/?p=14878#primaryimage\",\"url\":\"https:\\\/\\\/www.altercampagne.net\\\/wp-content\\\/uploads\\\/2019\\\/08\\\/2019-08-03_MG_4759.jpg\",\"contentUrl\":\"https:\\\/\\\/www.altercampagne.net\\\/wp-content\\\/uploads\\\/2019\\\/08\\\/2019-08-03_MG_4759.jpg\",\"width\":900,\"height\":470},{\"@type\":\"BreadcrumbList\",\"@id\":\"https:\\\/\\\/www.altercampagne.net\\\/?p=14878#breadcrumb\",\"itemListElement\":[{\"@type\":\"ListItem\",\"position\":1,\"name\":\"Accueil\",\"item\":\"https:\\\/\\\/www.altercampagne.net\\\/\"},{\"@type\":\"ListItem\",\"position\":2,\"name\":\"L&rsquo;Ecocentre du P\u00e9rigord, l&rsquo;\u00e9cohameau de Froidefon et l\u2019\u00e9cofestival des Cars\"}]},{\"@type\":\"WebSite\",\"@id\":\"https:\\\/\\\/www.altercampagne.net\\\/#website\",\"url\":\"https:\\\/\\\/www.altercampagne.net\\\/\",\"name\":\"AlterTour\",\"description\":\"Reliez les Alternatives \u00e0 v\u00e9lo\",\"potentialAction\":[{\"@type\":\"SearchAction\",\"target\":{\"@type\":\"EntryPoint\",\"urlTemplate\":\"https:\\\/\\\/www.altercampagne.net\\\/?s={search_term_string}\"},\"query-input\":{\"@type\":\"PropertyValueSpecification\",\"valueRequired\":true,\"valueName\":\"search_term_string\"}}],\"inLanguage\":\"fr-FR\"},{\"@type\":\"Person\",\"@id\":\"https:\\\/\\\/www.altercampagne.net\\\/#\\\/schema\\\/person\\\/0f261460c09e430caa0f9bcffa319109\",\"name\":\"Mathieu\",\"image\":{\"@type\":\"ImageObject\",\"inLanguage\":\"fr-FR\",\"@id\":\"https:\\\/\\\/secure.gravatar.com\\\/avatar\\\/aa9d3d24c83f2141e5e2709d0f63d09a99f6be6bb7a50abc4915838d9f54501a?s=96&d=mm&r=g\",\"url\":\"https:\\\/\\\/secure.gravatar.com\\\/avatar\\\/aa9d3d24c83f2141e5e2709d0f63d09a99f6be6bb7a50abc4915838d9f54501a?s=96&d=mm&r=g\",\"contentUrl\":\"https:\\\/\\\/secure.gravatar.com\\\/avatar\\\/aa9d3d24c83f2141e5e2709d0f63d09a99f6be6bb7a50abc4915838d9f54501a?s=96&d=mm&r=g\",\"caption\":\"Mathieu\"},\"url\":\"https:\\\/\\\/www.altercampagne.net\\\/?author=214\"}]}<\/script>\n<!-- \/ Yoast SEO plugin. -->","yoast_head_json":{"title":"L'Ecocentre du P\u00e9rigord, l'\u00e9cohameau de Froidefon et l\u2019\u00e9cofestival des Cars - AlterTour","robots":{"index":"index","follow":"follow","max-snippet":"max-snippet:-1","max-image-preview":"max-image-preview:large","max-video-preview":"max-video-preview:-1"},"canonical":"https:\/\/www.altercampagne.net\/?p=14878","og_locale":"fr_FR","og_type":"article","og_title":"L'Ecocentre du P\u00e9rigord, l'\u00e9cohameau de Froidefon et l\u2019\u00e9cofestival des Cars - AlterTour","og_description":"&nbsp;&nbsp;&nbsp;&nbsp;&nbsp;&nbsp;&nbsp;&nbsp;&nbsp;&nbsp;&nbsp; Arriv\u00e9s le 02 ao\u00fbt \u00e0 l\u2019Ecocentre du P\u00e9rigord de Saint Pierre de Frugie, et \u00e0 son Ecohameau, nous avons d\u00e9couvert l\u2019histoire du site le lendemain matin, samedi 03 ao\u00fbt, lors d\u2019une journ\u00e9e de repos ensoleill\u00e9e. Nos h\u00f4tes, Claude Micmaker, Jocelyne Cambuzat et Juliette H\u00e9rondart nous ont ouvert \u00e0 la ... Read More","og_url":"https:\/\/www.altercampagne.net\/?p=14878","og_site_name":"AlterTour","article_published_time":"2019-08-03T18:12:03+00:00","article_modified_time":"2021-05-06T08:46:40+00:00","og_image":[{"width":900,"height":470,"url":"https:\/\/www.altercampagne.net\/wp-content\/uploads\/2019\/08\/2019-08-03_MG_4759.jpg","type":"image\/jpeg"}],"author":"Mathieu","twitter_card":"summary_large_image","twitter_misc":{"\u00c9crit par":"Mathieu","Dur\u00e9e de lecture estim\u00e9e":"4 minutes"},"schema":{"@context":"https:\/\/schema.org","@graph":[{"@type":"Article","@id":"https:\/\/www.altercampagne.net\/?p=14878#article","isPartOf":{"@id":"https:\/\/www.altercampagne.net\/?p=14878"},"author":{"name":"Mathieu","@id":"https:\/\/www.altercampagne.net\/#\/schema\/person\/0f261460c09e430caa0f9bcffa319109"},"headline":"L&rsquo;Ecocentre du P\u00e9rigord, l&rsquo;\u00e9cohameau de Froidefon et l\u2019\u00e9cofestival des Cars","datePublished":"2019-08-03T18:12:03+00:00","dateModified":"2021-05-06T08:46:40+00:00","mainEntityOfPage":{"@id":"https:\/\/www.altercampagne.net\/?p=14878"},"wordCount":842,"image":{"@id":"https:\/\/www.altercampagne.net\/?p=14878#primaryimage"},"thumbnailUrl":"https:\/\/www.altercampagne.net\/wp-content\/uploads\/2019\/08\/2019-08-03_MG_4759.jpg","keywords":["Dordogne","Nouvelle-Aquitaine","Saint-Pierre-de-Frugie","Ecocentre du P\u00e9rigord","Ecohameau de Froidefon","ecofestival des cars","Froidefon"],"articleSection":["AlterTour","Edition 2019","Habitat","Nouvelle-Aquitaine"],"inLanguage":"fr-FR"},{"@type":"WebPage","@id":"https:\/\/www.altercampagne.net\/?p=14878","url":"https:\/\/www.altercampagne.net\/?p=14878","name":"L'Ecocentre du P\u00e9rigord, l'\u00e9cohameau de Froidefon et l\u2019\u00e9cofestival des Cars - AlterTour","isPartOf":{"@id":"https:\/\/www.altercampagne.net\/#website"},"primaryImageOfPage":{"@id":"https:\/\/www.altercampagne.net\/?p=14878#primaryimage"},"image":{"@id":"https:\/\/www.altercampagne.net\/?p=14878#primaryimage"},"thumbnailUrl":"https:\/\/www.altercampagne.net\/wp-content\/uploads\/2019\/08\/2019-08-03_MG_4759.jpg","datePublished":"2019-08-03T18:12:03+00:00","dateModified":"2021-05-06T08:46:40+00:00","author":{"@id":"https:\/\/www.altercampagne.net\/#\/schema\/person\/0f261460c09e430caa0f9bcffa319109"},"breadcrumb":{"@id":"https:\/\/www.altercampagne.net\/?p=14878#breadcrumb"},"inLanguage":"fr-FR","potentialAction":[{"@type":"ReadAction","target":["https:\/\/www.altercampagne.net\/?p=14878"]}]},{"@type":"ImageObject","inLanguage":"fr-FR","@id":"https:\/\/www.altercampagne.net\/?p=14878#primaryimage","url":"https:\/\/www.altercampagne.net\/wp-content\/uploads\/2019\/08\/2019-08-03_MG_4759.jpg","contentUrl":"https:\/\/www.altercampagne.net\/wp-content\/uploads\/2019\/08\/2019-08-03_MG_4759.jpg","width":900,"height":470},{"@type":"BreadcrumbList","@id":"https:\/\/www.altercampagne.net\/?p=14878#breadcrumb","itemListElement":[{"@type":"ListItem","position":1,"name":"Accueil","item":"https:\/\/www.altercampagne.net\/"},{"@type":"ListItem","position":2,"name":"L&rsquo;Ecocentre du P\u00e9rigord, l&rsquo;\u00e9cohameau de Froidefon et l\u2019\u00e9cofestival des Cars"}]},{"@type":"WebSite","@id":"https:\/\/www.altercampagne.net\/#website","url":"https:\/\/www.altercampagne.net\/","name":"AlterTour","description":"Reliez les Alternatives \u00e0 v\u00e9lo","potentialAction":[{"@type":"SearchAction","target":{"@type":"EntryPoint","urlTemplate":"https:\/\/www.altercampagne.net\/?s={search_term_string}"},"query-input":{"@type":"PropertyValueSpecification","valueRequired":true,"valueName":"search_term_string"}}],"inLanguage":"fr-FR"},{"@type":"Person","@id":"https:\/\/www.altercampagne.net\/#\/schema\/person\/0f261460c09e430caa0f9bcffa319109","name":"Mathieu","image":{"@type":"ImageObject","inLanguage":"fr-FR","@id":"https:\/\/secure.gravatar.com\/avatar\/aa9d3d24c83f2141e5e2709d0f63d09a99f6be6bb7a50abc4915838d9f54501a?s=96&d=mm&r=g","url":"https:\/\/secure.gravatar.com\/avatar\/aa9d3d24c83f2141e5e2709d0f63d09a99f6be6bb7a50abc4915838d9f54501a?s=96&d=mm&r=g","contentUrl":"https:\/\/secure.gravatar.com\/avatar\/aa9d3d24c83f2141e5e2709d0f63d09a99f6be6bb7a50abc4915838d9f54501a?s=96&d=mm&r=g","caption":"Mathieu"},"url":"https:\/\/www.altercampagne.net\/?author=214"}]}},"_links":{"self":[{"href":"https:\/\/www.altercampagne.net\/index.php?rest_route=\/wp\/v2\/posts\/14878","targetHints":{"allow":["GET"]}}],"collection":[{"href":"https:\/\/www.altercampagne.net\/index.php?rest_route=\/wp\/v2\/posts"}],"about":[{"href":"https:\/\/www.altercampagne.net\/index.php?rest_route=\/wp\/v2\/types\/post"}],"author":[{"embeddable":true,"href":"https:\/\/www.altercampagne.net\/index.php?rest_route=\/wp\/v2\/users\/214"}],"replies":[{"embeddable":true,"href":"https:\/\/www.altercampagne.net\/index.php?rest_route=%2Fwp%2Fv2%2Fcomments&post=14878"}],"version-history":[{"count":1,"href":"https:\/\/www.altercampagne.net\/index.php?rest_route=\/wp\/v2\/posts\/14878\/revisions"}],"predecessor-version":[{"id":21770,"href":"https:\/\/www.altercampagne.net\/index.php?rest_route=\/wp\/v2\/posts\/14878\/revisions\/21770"}],"wp:featuredmedia":[{"embeddable":true,"href":"https:\/\/www.altercampagne.net\/index.php?rest_route=\/wp\/v2\/media\/16072"}],"wp:attachment":[{"href":"https:\/\/www.altercampagne.net\/index.php?rest_route=%2Fwp%2Fv2%2Fmedia&parent=14878"}],"wp:term":[{"taxonomy":"category","embeddable":true,"href":"https:\/\/www.altercampagne.net\/index.php?rest_route=%2Fwp%2Fv2%2Fcategories&post=14878"},{"taxonomy":"post_tag","embeddable":true,"href":"https:\/\/www.altercampagne.net\/index.php?rest_route=%2Fwp%2Fv2%2Ftags&post=14878"}],"curies":[{"name":"wp","href":"https:\/\/api.w.org\/{rel}","templated":true}]}}