{"id":14899,"date":"2019-08-13T18:55:13","date_gmt":"2019-08-13T16:55:13","guid":{"rendered":"http:\/\/www.altercampagne.net\/?p=14899"},"modified":"2021-05-06T10:45:41","modified_gmt":"2021-05-06T08:45:41","slug":"graines-didees-a-figeac","status":"publish","type":"post","link":"https:\/\/www.altercampagne.net\/?p=14899","title":{"rendered":"Graines d&rsquo;id\u00e9es \u00e0 Figeac"},"content":{"rendered":"\n<p><strong>Apr\u00e8s avoir p\u00e9dal\u00e9 derni\u00e8re notre guide Jacques (jac jac jac\u2026), les altercyclistes arrivent fourbus et contents \u00e0 Figeac. Deux lieux les accueillent&nbsp;: le <\/strong><a rel=\"noreferrer noopener\" aria-label=\"caf\u00e9 associatif l\u2019Arrosoir (s\u2019ouvre dans un nouvel onglet)\" href=\"https:\/\/www.larrosoir.org\/\" target=\"_blank\"><strong>caf\u00e9 associatif l\u2019Arrosoir<\/strong><\/a><strong> et le restaurant <\/strong><a rel=\"noreferrer noopener\" aria-label=\"La Petite Graine  Solidaire (s\u2019ouvre dans un nouvel onglet)\" href=\"https:\/\/www.grainesolidairefigeac.org\/\" target=\"_blank\"><strong>La Petite Graine Solidaire<\/strong><\/a><strong>.<\/strong><\/p>\n\n\n\n<h4 class=\"wp-block-heading\">Au caf\u00e9  l&rsquo;Arrosoir, on cause \u00ab\u00a0parentalit\u00e9\u00a0\u00bb<\/h4>\n\n\n\n<p><strong>L\u2019Arrosoir <\/strong>r\u00e9unit 3000 adh\u00e9rents (!) et une multitude d\u2019activit\u00e9s autour du jeu et de la parentalit\u00e9. Un bel endroit pour l\u2019accueil des familles, o\u00f9 tout le monde se sent bien, enfants, ados et adultes. On vient boire un coup, proposer du shiatsu, \u00e9changer sur la grossesse, se retrouver entre parents qui font l\u2019\u00e9cole \u00e0 la maison, o\u00f9 bien jouer entre copains\u2026 Gare au \u00ab&nbsp;caf\u00e9 des m\u00f4mes&nbsp;\u00bb le mercredi&nbsp;! Tous peuvent trouver leur libert\u00e9 dans ce cadre chaleureux.<\/p>\n\n\n\n<h4 class=\"wp-block-heading\">\u00ab\u00a0Ici on ne demande pas de pourboires, mais des pour-manger&nbsp;\u00bb&nbsp;<\/h4>\n\n\n\n<p><strong>Le restaurant La Petite Graine <\/strong>r\u00e9unit des b\u00e9n\u00e9voles et des salari\u00e9s qui confectionnent des repas \u00e0 partir de produits frais, bio et locaux. Des repas solidaires \u00ab&nbsp;on ne demande pas de pourboires mais des pour-manger&nbsp;\u00bb&nbsp;: les clients peuvent alimenter une caisse volontaire pour donner des repas \u00e0 des associations sociales de Figeac. Et c\u2019est d\u00e9licieux&nbsp;! <\/p>\n\n\n\n<h4 class=\"wp-block-heading\">Un territoire aux initiatives multiples <\/h4>\n\n\n\n<p>Ce m\u00eame midi, d\u2019autres figeacois \u00e9taient invit\u00e9s, ce qui a donn\u00e9 lieu \u00e0 des discussions sur le v\u00e9lo avec <a rel=\"noreferrer noopener\" aria-label=\"La Roue F\u00e9d\u00e8re (s\u2019ouvre dans un nouvel onglet)\" href=\"http:\/\/larouefedere.org\/\" target=\"_blank\"><strong>La Roue F\u00e9d\u00e8re<\/strong><\/a>, l\u2019\u00e9ducation citoyenne avec l<strong>&lsquo;Universit\u00e9 rurale Quercy Rou\u00e8rgue,<\/strong> mais aussi sur l\u2019accueil des migrants, la d\u00e9mocratie, l\u2019\u00e9cologie locale\u2026 Puis nous sommes repartis pour la ferme de Gervaise et Denis \u00e0 Carayac, trouver la paix et les brebis et reposer mollets et neurones trop stimul\u00e9s\u2026<\/p>\n\n\n\n<p>Apr\u00e8s une impro partag\u00e9e avec la Chorale \u00e0 v\u00e9lo qui a donn\u00e9 un concert dans la bergerie, dodo dans une prairie close sous la pleine lune. Pas un loup\u2026<\/p>\n\n\n\n<p class=\"has-text-align-right\"><strong>C\u00e9line <\/strong><\/p>\n","protected":false},"excerpt":{"rendered":"<p>Les altercyclistes arrivent fourbus et contents \u00e0 Figeac, o\u00f9 deux lieux les accueillent : le caf\u00e9 associatif l\u2019Arrosoir et le restaurant La Petite Graine Solidaire.<\/p>\n","protected":false},"author":214,"featured_media":14908,"comment_status":"closed","ping_status":"closed","sticky":false,"template":"","format":"standard","meta":{"footnotes":""},"categories":[4313,3489,3773,3480,3540],"tags":[1915,2785,3263,3955,4019,4020,4069],"class_list":["post-14899","post","type-post","status-publish","format-standard","has-post-thumbnail","hentry","category-altertour","category-alimentation","category-edition-2019","category-occitanie","category-transverse","tag-lot","tag-occitanie","tag-chorale-a-velo","tag-figeac","tag-petite-graine-solidaire","tag-la-roue-federe","tag-arrosoir"],"yoast_head":"<!-- This site is optimized with the Yoast SEO plugin v27.3 - https:\/\/yoast.com\/product\/yoast-seo-wordpress\/ -->\n<title>Graines d&#039;id\u00e9es \u00e0 Figeac - AlterTour<\/title>\n<meta name=\"robots\" content=\"index, follow, max-snippet:-1, max-image-preview:large, max-video-preview:-1\" \/>\n<link rel=\"canonical\" href=\"https:\/\/www.altercampagne.net\/?p=14899\" \/>\n<meta property=\"og:locale\" content=\"fr_FR\" \/>\n<meta property=\"og:type\" content=\"article\" \/>\n<meta property=\"og:title\" content=\"Graines d&#039;id\u00e9es \u00e0 Figeac - AlterTour\" \/>\n<meta property=\"og:description\" content=\"Les altercyclistes arrivent fourbus et contents \u00e0 Figeac, o\u00f9 deux lieux les accueillent : le caf\u00e9 associatif l\u2019Arrosoir et le restaurant La Petite Graine Solidaire.\" \/>\n<meta property=\"og:url\" content=\"https:\/\/www.altercampagne.net\/?p=14899\" \/>\n<meta property=\"og:site_name\" content=\"AlterTour\" \/>\n<meta property=\"article:published_time\" content=\"2019-08-13T16:55:13+00:00\" \/>\n<meta property=\"article:modified_time\" content=\"2021-05-06T08:45:41+00:00\" \/>\n<meta property=\"og:image\" content=\"https:\/\/www.altercampagne.net\/wp-content\/uploads\/2019\/08\/2015-07-22_16.05.jpg\" \/>\n\t<meta property=\"og:image:width\" content=\"800\" \/>\n\t<meta property=\"og:image:height\" content=\"418\" \/>\n\t<meta property=\"og:image:type\" content=\"image\/jpeg\" \/>\n<meta name=\"author\" content=\"Mathieu\" \/>\n<meta name=\"twitter:card\" content=\"summary_large_image\" \/>\n<meta name=\"twitter:label1\" content=\"\u00c9crit par\" \/>\n\t<meta name=\"twitter:data1\" content=\"Mathieu\" \/>\n\t<meta name=\"twitter:label2\" content=\"Dur\u00e9e de lecture estim\u00e9e\" \/>\n\t<meta name=\"twitter:data2\" content=\"2 minutes\" \/>\n<script type=\"application\/ld+json\" class=\"yoast-schema-graph\">{\"@context\":\"https:\\\/\\\/schema.org\",\"@graph\":[{\"@type\":\"Article\",\"@id\":\"https:\\\/\\\/www.altercampagne.net\\\/?p=14899#article\",\"isPartOf\":{\"@id\":\"https:\\\/\\\/www.altercampagne.net\\\/?p=14899\"},\"author\":{\"name\":\"Mathieu\",\"@id\":\"https:\\\/\\\/www.altercampagne.net\\\/#\\\/schema\\\/person\\\/0f261460c09e430caa0f9bcffa319109\"},\"headline\":\"Graines d&rsquo;id\u00e9es \u00e0 Figeac\",\"datePublished\":\"2019-08-13T16:55:13+00:00\",\"dateModified\":\"2021-05-06T08:45:41+00:00\",\"mainEntityOfPage\":{\"@id\":\"https:\\\/\\\/www.altercampagne.net\\\/?p=14899\"},\"wordCount\":323,\"image\":{\"@id\":\"https:\\\/\\\/www.altercampagne.net\\\/?p=14899#primaryimage\"},\"thumbnailUrl\":\"https:\\\/\\\/www.altercampagne.net\\\/wp-content\\\/uploads\\\/2019\\\/08\\\/2015-07-22_16.05.jpg\",\"keywords\":[\"Lot\",\"Occitanie\",\"chorale \u00e0 v\u00e9lo\",\"Figeac\",\"petite graine solidaire\",\"la roue f\u00e9d\u00e8re\",\"Arrosoir\"],\"articleSection\":[\"AlterTour\",\"Alimentation\",\"Edition 2019\",\"Occitanie\",\"Transverse\"],\"inLanguage\":\"fr-FR\"},{\"@type\":\"WebPage\",\"@id\":\"https:\\\/\\\/www.altercampagne.net\\\/?p=14899\",\"url\":\"https:\\\/\\\/www.altercampagne.net\\\/?p=14899\",\"name\":\"Graines d'id\u00e9es \u00e0 Figeac - AlterTour\",\"isPartOf\":{\"@id\":\"https:\\\/\\\/www.altercampagne.net\\\/#website\"},\"primaryImageOfPage\":{\"@id\":\"https:\\\/\\\/www.altercampagne.net\\\/?p=14899#primaryimage\"},\"image\":{\"@id\":\"https:\\\/\\\/www.altercampagne.net\\\/?p=14899#primaryimage\"},\"thumbnailUrl\":\"https:\\\/\\\/www.altercampagne.net\\\/wp-content\\\/uploads\\\/2019\\\/08\\\/2015-07-22_16.05.jpg\",\"datePublished\":\"2019-08-13T16:55:13+00:00\",\"dateModified\":\"2021-05-06T08:45:41+00:00\",\"author\":{\"@id\":\"https:\\\/\\\/www.altercampagne.net\\\/#\\\/schema\\\/person\\\/0f261460c09e430caa0f9bcffa319109\"},\"breadcrumb\":{\"@id\":\"https:\\\/\\\/www.altercampagne.net\\\/?p=14899#breadcrumb\"},\"inLanguage\":\"fr-FR\",\"potentialAction\":[{\"@type\":\"ReadAction\",\"target\":[\"https:\\\/\\\/www.altercampagne.net\\\/?p=14899\"]}]},{\"@type\":\"ImageObject\",\"inLanguage\":\"fr-FR\",\"@id\":\"https:\\\/\\\/www.altercampagne.net\\\/?p=14899#primaryimage\",\"url\":\"https:\\\/\\\/www.altercampagne.net\\\/wp-content\\\/uploads\\\/2019\\\/08\\\/2015-07-22_16.05.jpg\",\"contentUrl\":\"https:\\\/\\\/www.altercampagne.net\\\/wp-content\\\/uploads\\\/2019\\\/08\\\/2015-07-22_16.05.jpg\",\"width\":800,\"height\":418},{\"@type\":\"BreadcrumbList\",\"@id\":\"https:\\\/\\\/www.altercampagne.net\\\/?p=14899#breadcrumb\",\"itemListElement\":[{\"@type\":\"ListItem\",\"position\":1,\"name\":\"Accueil\",\"item\":\"https:\\\/\\\/www.altercampagne.net\\\/\"},{\"@type\":\"ListItem\",\"position\":2,\"name\":\"Graines d&rsquo;id\u00e9es \u00e0 Figeac\"}]},{\"@type\":\"WebSite\",\"@id\":\"https:\\\/\\\/www.altercampagne.net\\\/#website\",\"url\":\"https:\\\/\\\/www.altercampagne.net\\\/\",\"name\":\"AlterTour\",\"description\":\"Reliez les Alternatives \u00e0 v\u00e9lo\",\"potentialAction\":[{\"@type\":\"SearchAction\",\"target\":{\"@type\":\"EntryPoint\",\"urlTemplate\":\"https:\\\/\\\/www.altercampagne.net\\\/?s={search_term_string}\"},\"query-input\":{\"@type\":\"PropertyValueSpecification\",\"valueRequired\":true,\"valueName\":\"search_term_string\"}}],\"inLanguage\":\"fr-FR\"},{\"@type\":\"Person\",\"@id\":\"https:\\\/\\\/www.altercampagne.net\\\/#\\\/schema\\\/person\\\/0f261460c09e430caa0f9bcffa319109\",\"name\":\"Mathieu\",\"image\":{\"@type\":\"ImageObject\",\"inLanguage\":\"fr-FR\",\"@id\":\"https:\\\/\\\/secure.gravatar.com\\\/avatar\\\/aa9d3d24c83f2141e5e2709d0f63d09a99f6be6bb7a50abc4915838d9f54501a?s=96&d=mm&r=g\",\"url\":\"https:\\\/\\\/secure.gravatar.com\\\/avatar\\\/aa9d3d24c83f2141e5e2709d0f63d09a99f6be6bb7a50abc4915838d9f54501a?s=96&d=mm&r=g\",\"contentUrl\":\"https:\\\/\\\/secure.gravatar.com\\\/avatar\\\/aa9d3d24c83f2141e5e2709d0f63d09a99f6be6bb7a50abc4915838d9f54501a?s=96&d=mm&r=g\",\"caption\":\"Mathieu\"},\"url\":\"https:\\\/\\\/www.altercampagne.net\\\/?author=214\"}]}<\/script>\n<!-- \/ Yoast SEO plugin. -->","yoast_head_json":{"title":"Graines d'id\u00e9es \u00e0 Figeac - AlterTour","robots":{"index":"index","follow":"follow","max-snippet":"max-snippet:-1","max-image-preview":"max-image-preview:large","max-video-preview":"max-video-preview:-1"},"canonical":"https:\/\/www.altercampagne.net\/?p=14899","og_locale":"fr_FR","og_type":"article","og_title":"Graines d'id\u00e9es \u00e0 Figeac - AlterTour","og_description":"Les altercyclistes arrivent fourbus et contents \u00e0 Figeac, o\u00f9 deux lieux les accueillent : le caf\u00e9 associatif l\u2019Arrosoir et le restaurant La Petite Graine Solidaire.","og_url":"https:\/\/www.altercampagne.net\/?p=14899","og_site_name":"AlterTour","article_published_time":"2019-08-13T16:55:13+00:00","article_modified_time":"2021-05-06T08:45:41+00:00","og_image":[{"width":800,"height":418,"url":"https:\/\/www.altercampagne.net\/wp-content\/uploads\/2019\/08\/2015-07-22_16.05.jpg","type":"image\/jpeg"}],"author":"Mathieu","twitter_card":"summary_large_image","twitter_misc":{"\u00c9crit par":"Mathieu","Dur\u00e9e de lecture estim\u00e9e":"2 minutes"},"schema":{"@context":"https:\/\/schema.org","@graph":[{"@type":"Article","@id":"https:\/\/www.altercampagne.net\/?p=14899#article","isPartOf":{"@id":"https:\/\/www.altercampagne.net\/?p=14899"},"author":{"name":"Mathieu","@id":"https:\/\/www.altercampagne.net\/#\/schema\/person\/0f261460c09e430caa0f9bcffa319109"},"headline":"Graines d&rsquo;id\u00e9es \u00e0 Figeac","datePublished":"2019-08-13T16:55:13+00:00","dateModified":"2021-05-06T08:45:41+00:00","mainEntityOfPage":{"@id":"https:\/\/www.altercampagne.net\/?p=14899"},"wordCount":323,"image":{"@id":"https:\/\/www.altercampagne.net\/?p=14899#primaryimage"},"thumbnailUrl":"https:\/\/www.altercampagne.net\/wp-content\/uploads\/2019\/08\/2015-07-22_16.05.jpg","keywords":["Lot","Occitanie","chorale \u00e0 v\u00e9lo","Figeac","petite graine solidaire","la roue f\u00e9d\u00e8re","Arrosoir"],"articleSection":["AlterTour","Alimentation","Edition 2019","Occitanie","Transverse"],"inLanguage":"fr-FR"},{"@type":"WebPage","@id":"https:\/\/www.altercampagne.net\/?p=14899","url":"https:\/\/www.altercampagne.net\/?p=14899","name":"Graines d'id\u00e9es \u00e0 Figeac - AlterTour","isPartOf":{"@id":"https:\/\/www.altercampagne.net\/#website"},"primaryImageOfPage":{"@id":"https:\/\/www.altercampagne.net\/?p=14899#primaryimage"},"image":{"@id":"https:\/\/www.altercampagne.net\/?p=14899#primaryimage"},"thumbnailUrl":"https:\/\/www.altercampagne.net\/wp-content\/uploads\/2019\/08\/2015-07-22_16.05.jpg","datePublished":"2019-08-13T16:55:13+00:00","dateModified":"2021-05-06T08:45:41+00:00","author":{"@id":"https:\/\/www.altercampagne.net\/#\/schema\/person\/0f261460c09e430caa0f9bcffa319109"},"breadcrumb":{"@id":"https:\/\/www.altercampagne.net\/?p=14899#breadcrumb"},"inLanguage":"fr-FR","potentialAction":[{"@type":"ReadAction","target":["https:\/\/www.altercampagne.net\/?p=14899"]}]},{"@type":"ImageObject","inLanguage":"fr-FR","@id":"https:\/\/www.altercampagne.net\/?p=14899#primaryimage","url":"https:\/\/www.altercampagne.net\/wp-content\/uploads\/2019\/08\/2015-07-22_16.05.jpg","contentUrl":"https:\/\/www.altercampagne.net\/wp-content\/uploads\/2019\/08\/2015-07-22_16.05.jpg","width":800,"height":418},{"@type":"BreadcrumbList","@id":"https:\/\/www.altercampagne.net\/?p=14899#breadcrumb","itemListElement":[{"@type":"ListItem","position":1,"name":"Accueil","item":"https:\/\/www.altercampagne.net\/"},{"@type":"ListItem","position":2,"name":"Graines d&rsquo;id\u00e9es \u00e0 Figeac"}]},{"@type":"WebSite","@id":"https:\/\/www.altercampagne.net\/#website","url":"https:\/\/www.altercampagne.net\/","name":"AlterTour","description":"Reliez les Alternatives \u00e0 v\u00e9lo","potentialAction":[{"@type":"SearchAction","target":{"@type":"EntryPoint","urlTemplate":"https:\/\/www.altercampagne.net\/?s={search_term_string}"},"query-input":{"@type":"PropertyValueSpecification","valueRequired":true,"valueName":"search_term_string"}}],"inLanguage":"fr-FR"},{"@type":"Person","@id":"https:\/\/www.altercampagne.net\/#\/schema\/person\/0f261460c09e430caa0f9bcffa319109","name":"Mathieu","image":{"@type":"ImageObject","inLanguage":"fr-FR","@id":"https:\/\/secure.gravatar.com\/avatar\/aa9d3d24c83f2141e5e2709d0f63d09a99f6be6bb7a50abc4915838d9f54501a?s=96&d=mm&r=g","url":"https:\/\/secure.gravatar.com\/avatar\/aa9d3d24c83f2141e5e2709d0f63d09a99f6be6bb7a50abc4915838d9f54501a?s=96&d=mm&r=g","contentUrl":"https:\/\/secure.gravatar.com\/avatar\/aa9d3d24c83f2141e5e2709d0f63d09a99f6be6bb7a50abc4915838d9f54501a?s=96&d=mm&r=g","caption":"Mathieu"},"url":"https:\/\/www.altercampagne.net\/?author=214"}]}},"_links":{"self":[{"href":"https:\/\/www.altercampagne.net\/index.php?rest_route=\/wp\/v2\/posts\/14899","targetHints":{"allow":["GET"]}}],"collection":[{"href":"https:\/\/www.altercampagne.net\/index.php?rest_route=\/wp\/v2\/posts"}],"about":[{"href":"https:\/\/www.altercampagne.net\/index.php?rest_route=\/wp\/v2\/types\/post"}],"author":[{"embeddable":true,"href":"https:\/\/www.altercampagne.net\/index.php?rest_route=\/wp\/v2\/users\/214"}],"replies":[{"embeddable":true,"href":"https:\/\/www.altercampagne.net\/index.php?rest_route=%2Fwp%2Fv2%2Fcomments&post=14899"}],"version-history":[{"count":1,"href":"https:\/\/www.altercampagne.net\/index.php?rest_route=\/wp\/v2\/posts\/14899\/revisions"}],"predecessor-version":[{"id":21752,"href":"https:\/\/www.altercampagne.net\/index.php?rest_route=\/wp\/v2\/posts\/14899\/revisions\/21752"}],"wp:featuredmedia":[{"embeddable":true,"href":"https:\/\/www.altercampagne.net\/index.php?rest_route=\/wp\/v2\/media\/14908"}],"wp:attachment":[{"href":"https:\/\/www.altercampagne.net\/index.php?rest_route=%2Fwp%2Fv2%2Fmedia&parent=14899"}],"wp:term":[{"taxonomy":"category","embeddable":true,"href":"https:\/\/www.altercampagne.net\/index.php?rest_route=%2Fwp%2Fv2%2Fcategories&post=14899"},{"taxonomy":"post_tag","embeddable":true,"href":"https:\/\/www.altercampagne.net\/index.php?rest_route=%2Fwp%2Fv2%2Ftags&post=14899"}],"curies":[{"name":"wp","href":"https:\/\/api.w.org\/{rel}","templated":true}]}}