{"id":14915,"date":"2019-08-16T18:03:20","date_gmt":"2019-08-16T16:03:20","guid":{"rendered":"http:\/\/www.altercampagne.net\/?p=14915"},"modified":"2021-05-06T10:44:41","modified_gmt":"2021-05-06T08:44:41","slug":"chapeau-a-la-cheminee","status":"publish","type":"post","link":"https:\/\/www.altercampagne.net\/?p=14915","title":{"rendered":"Chapeau \u00e0 la Chemin\u00e9e"},"content":{"rendered":"\n<p>Une  matin\u00e9e relativement courte nous emmena aujourd&rsquo;hui dans la petite  ville de Septfonds (Tarn et Garonne). <\/p>\n\n\n\n<h4 class=\"wp-block-heading\">Une r\u00e9sidence pour les artistes<\/h4>\n\n\n\n<p>Ancienne place forte de l&rsquo;industrie du chapeau, avec pas moins de 3000 employ\u00e9es (tr\u00e8s majoritairement des femmes (et malheureusement sous-pay\u00e9es)) pour 25 usines, la ville et toute l&rsquo;industrie a rapidement d\u00e9clin\u00e9 \u00e0 la fin de la seconde guerre mondiale. Et c&rsquo;est en 1992 que Daniel a rachet\u00e9 une usine de plus de 3000 m\u00b2 qui avait ferm\u00e9 ses portes en 1985. Pendant  plusieurs ann\u00e9es, Daniel s&rsquo;est d\u00e9men\u00e9 pour faire de ce lieu un espace d&rsquo;accueil et de r\u00e9sidence pour les artistes. Mais face \u00e0 l&rsquo;immensit\u00e9 du projet et un peu d\u00e9pit\u00e9 du retour politique local, il a d\u00e9cid\u00e9 de diviser les lieux en plusieurs espaces vendus s\u00e9par\u00e9ment. C&rsquo;est l\u00e0 que Bruno a rachet\u00e9 l&rsquo;ancienne salle des machines afin de perp\u00e9tuer le projet culturel en place. Rapidement, <a rel=\"noreferrer noopener\" aria-label=\"la Chemin\u00e9e (s\u2019ouvre dans un nouvel onglet)\" href=\"https:\/\/www.lacheminee.fr\/\" target=\"_blank\"><strong>la Chemin\u00e9e<\/strong><\/a> (en hommage \u00e0&#8230; la  chemin\u00e9e industrielle si\u00e9geant fi\u00e8rement dans le jardin) a mu\u00e9 en tiers-lieu avec de nombreux projets en son sein. <\/p>\n\n\n\n<p>Nous avons eu la chance de partager un atelier de maxibustion japonais avec Ga\u00ebtan. Ce soin proche de l&rsquo;acupuncture consigne \u00e0 br\u00fbler de l&rsquo;armoise au-dessus des points sensibles du corps (Gaetan, si tu me lis, d\u00e9sol\u00e9 pour ce  raccourci probablement tr\u00e8s (tr\u00e8s) grossier, je fais au mieux). D&rsquo;autres  soignants utilisent \u00e9galement le lieu ponctuellement. <\/p>\n\n\n\n<h4 class=\"wp-block-heading\">Un carrefour associatif<\/h4>\n\n\n\n<p>Par ailleurs, c&rsquo;est aussi le si\u00e8ge de l&rsquo;association \u00ab\u00a0<a rel=\"noreferrer noopener\" aria-label=\"Histoire recyclable (s\u2019ouvre dans un nouvel onglet)\" href=\"https:\/\/fr-fr.facebook.com\/HIstoiresrecyclables\/\" target=\"_blank\"><strong>Histoire recyclable<\/strong><\/a>\u00a0\u00bb qui \u0153uvre \u00e0 l&rsquo;\u00e9ducation \u00e0 l&rsquo;environnement notamment via un jardin partag\u00e9 mais aussi des animations scolaires et festives. La Chemin\u00e9e est aussi un lieu de rencontre et d&rsquo;\u00e9changes que chapeaute l&rsquo;<a rel=\"noreferrer noopener\" aria-label=\"association Jade (s\u2019ouvre dans un nouvel onglet)\" href=\"https:\/\/www.lacheminee.fr\/presentation\/l-association-jades\" target=\"_blank\"><strong>Association Jade<\/strong><\/a> qui organise de nombreuses activit\u00e9s culturelles. Marco nous a notamment propos\u00e9 une tr\u00e8s agr\u00e9able balade cont\u00e9e \u00e0 travers la ville en m\u00ealant des anecdotes historiques et des l\u00e9gendes anciennes.&nbsp;Un groupe a pu participer \u00e0 un atelier de fabrication de petits modules \u00e0 vent color\u00e9s en forme de poissons. C&rsquo;est Maricoud, la couturi\u00e8re qui a accueilli la petite \u00e9quipe dans son atelier et a aid\u00e9 tout le monde \u00e0 construire son bricolage avec p\u00e9dagogie et un plaisir contagieux. <\/p>\n\n\n\n<h4 class=\"wp-block-heading\">Et une coop\u00e9rative de l&rsquo;ESS ! <\/h4>\n\n\n\n<p>La Chemin\u00e9e abrite aussi une coop\u00e9rative d&rsquo;activit\u00e9s et d&#8217;emplois (CAE) qui aide les entrepreneurs individuels \u00e0 lancer leurs projets dans l&rsquo;\u00e9conomie sociale et solidaire. Les accompagnateurs de la coop\u00e9rative offre de nombreux suivis et conseils (compta, marketing, communication&#8230;) et organise aussi des AG activit\u00e9s de rencontre pour permettre de d\u00e9velopper et ses projets tout en cr\u00e9ant du lien. \u00c0 l&rsquo;heure actuelle, la Chemin\u00e9e cherche un second souffle car Bruno doit d\u00e9m\u00e9nager et essaye donc de trouver un repreneur pour continuer les activit\u00e9s des lieux. Esp\u00e9rons que ce magnifique lieu puisse p\u00e9renniser ses activit\u00e9s et que chacun profite encore longtemps de cet endroit. <\/p>\n\n\n\n<p class=\"has-text-align-right\"><strong>Jonas<\/strong><\/p>\n","protected":false},"excerpt":{"rendered":"<p>C&rsquo;est dans la salle des machines d&rsquo;une industrie de chapeau que La Chemin\u00e9e s&rsquo;est install\u00e9e. Dans ce tiers-lieu, se m\u00ealent un jardin partag\u00e9, activit\u00e9s culturelles, une coop\u00e9rative de l&rsquo;ESS&#8230; L&rsquo;AlterTour a d\u00e9couvert ce lieu magnifique.<\/p>\n","protected":false},"author":214,"featured_media":14916,"comment_status":"closed","ping_status":"closed","sticky":false,"template":"","format":"standard","meta":{"footnotes":""},"categories":[4313,3773,3485,3480,3540],"tags":[1843,2785,4026,4027,4028,4029,4030,4031],"class_list":["post-14915","post","type-post","status-publish","format-standard","has-post-thumbnail","hentry","category-altertour","category-edition-2019","category-habitat","category-occitanie","category-transverse","tag-tarn-et-garonne","tag-occitanie","tag-la-cheminee","tag-septfonds","tag-tiers-lieu","tag-maxibustion","tag-histoire-recyclable","tag-association-jade"],"yoast_head":"<!-- This site is optimized with the Yoast SEO plugin v27.3 - https:\/\/yoast.com\/product\/yoast-seo-wordpress\/ -->\n<title>Chapeau \u00e0 la Chemin\u00e9e - AlterTour<\/title>\n<meta name=\"robots\" content=\"index, follow, max-snippet:-1, max-image-preview:large, max-video-preview:-1\" \/>\n<link rel=\"canonical\" href=\"https:\/\/www.altercampagne.net\/?p=14915\" \/>\n<meta property=\"og:locale\" content=\"fr_FR\" \/>\n<meta property=\"og:type\" content=\"article\" \/>\n<meta property=\"og:title\" content=\"Chapeau \u00e0 la Chemin\u00e9e - AlterTour\" \/>\n<meta property=\"og:description\" content=\"C&#039;est dans la salle des machines d&#039;une industrie de chapeau que La Chemin\u00e9e s&#039;est install\u00e9e. Dans ce tiers-lieu, se m\u00ealent un jardin partag\u00e9, activit\u00e9s culturelles, une coop\u00e9rative de l&#039;ESS... L&#039;AlterTour a d\u00e9couvert ce lieu magnifique.\" \/>\n<meta property=\"og:url\" content=\"https:\/\/www.altercampagne.net\/?p=14915\" \/>\n<meta property=\"og:site_name\" content=\"AlterTour\" \/>\n<meta property=\"article:published_time\" content=\"2019-08-16T16:03:20+00:00\" \/>\n<meta property=\"article:modified_time\" content=\"2021-05-06T08:44:41+00:00\" \/>\n<meta property=\"og:image\" content=\"https:\/\/www.altercampagne.net\/wp-content\/uploads\/2019\/08\/2019-08-16-IMG_20190816_130440.jpg\" \/>\n\t<meta property=\"og:image:width\" content=\"900\" \/>\n\t<meta property=\"og:image:height\" content=\"471\" \/>\n\t<meta property=\"og:image:type\" content=\"image\/jpeg\" \/>\n<meta name=\"author\" content=\"Mathieu\" \/>\n<meta name=\"twitter:card\" content=\"summary_large_image\" \/>\n<meta name=\"twitter:label1\" content=\"\u00c9crit par\" \/>\n\t<meta name=\"twitter:data1\" content=\"Mathieu\" \/>\n\t<meta name=\"twitter:label2\" content=\"Dur\u00e9e de lecture estim\u00e9e\" \/>\n\t<meta name=\"twitter:data2\" content=\"2 minutes\" \/>\n<script type=\"application\/ld+json\" class=\"yoast-schema-graph\">{\"@context\":\"https:\\\/\\\/schema.org\",\"@graph\":[{\"@type\":\"Article\",\"@id\":\"https:\\\/\\\/www.altercampagne.net\\\/?p=14915#article\",\"isPartOf\":{\"@id\":\"https:\\\/\\\/www.altercampagne.net\\\/?p=14915\"},\"author\":{\"name\":\"Mathieu\",\"@id\":\"https:\\\/\\\/www.altercampagne.net\\\/#\\\/schema\\\/person\\\/0f261460c09e430caa0f9bcffa319109\"},\"headline\":\"Chapeau \u00e0 la Chemin\u00e9e\",\"datePublished\":\"2019-08-16T16:03:20+00:00\",\"dateModified\":\"2021-05-06T08:44:41+00:00\",\"mainEntityOfPage\":{\"@id\":\"https:\\\/\\\/www.altercampagne.net\\\/?p=14915\"},\"wordCount\":517,\"image\":{\"@id\":\"https:\\\/\\\/www.altercampagne.net\\\/?p=14915#primaryimage\"},\"thumbnailUrl\":\"https:\\\/\\\/www.altercampagne.net\\\/wp-content\\\/uploads\\\/2019\\\/08\\\/2019-08-16-IMG_20190816_130440.jpg\",\"keywords\":[\"Tarn-et-Garonne\",\"Occitanie\",\"la chemin\u00e9e\",\"septfonds\",\"tiers-lieu\",\"maxibustion\",\"histoire recyclable\",\"association jade\"],\"articleSection\":[\"AlterTour\",\"Edition 2019\",\"Habitat\",\"Occitanie\",\"Transverse\"],\"inLanguage\":\"fr-FR\"},{\"@type\":\"WebPage\",\"@id\":\"https:\\\/\\\/www.altercampagne.net\\\/?p=14915\",\"url\":\"https:\\\/\\\/www.altercampagne.net\\\/?p=14915\",\"name\":\"Chapeau \u00e0 la Chemin\u00e9e - AlterTour\",\"isPartOf\":{\"@id\":\"https:\\\/\\\/www.altercampagne.net\\\/#website\"},\"primaryImageOfPage\":{\"@id\":\"https:\\\/\\\/www.altercampagne.net\\\/?p=14915#primaryimage\"},\"image\":{\"@id\":\"https:\\\/\\\/www.altercampagne.net\\\/?p=14915#primaryimage\"},\"thumbnailUrl\":\"https:\\\/\\\/www.altercampagne.net\\\/wp-content\\\/uploads\\\/2019\\\/08\\\/2019-08-16-IMG_20190816_130440.jpg\",\"datePublished\":\"2019-08-16T16:03:20+00:00\",\"dateModified\":\"2021-05-06T08:44:41+00:00\",\"author\":{\"@id\":\"https:\\\/\\\/www.altercampagne.net\\\/#\\\/schema\\\/person\\\/0f261460c09e430caa0f9bcffa319109\"},\"breadcrumb\":{\"@id\":\"https:\\\/\\\/www.altercampagne.net\\\/?p=14915#breadcrumb\"},\"inLanguage\":\"fr-FR\",\"potentialAction\":[{\"@type\":\"ReadAction\",\"target\":[\"https:\\\/\\\/www.altercampagne.net\\\/?p=14915\"]}]},{\"@type\":\"ImageObject\",\"inLanguage\":\"fr-FR\",\"@id\":\"https:\\\/\\\/www.altercampagne.net\\\/?p=14915#primaryimage\",\"url\":\"https:\\\/\\\/www.altercampagne.net\\\/wp-content\\\/uploads\\\/2019\\\/08\\\/2019-08-16-IMG_20190816_130440.jpg\",\"contentUrl\":\"https:\\\/\\\/www.altercampagne.net\\\/wp-content\\\/uploads\\\/2019\\\/08\\\/2019-08-16-IMG_20190816_130440.jpg\",\"width\":900,\"height\":471},{\"@type\":\"BreadcrumbList\",\"@id\":\"https:\\\/\\\/www.altercampagne.net\\\/?p=14915#breadcrumb\",\"itemListElement\":[{\"@type\":\"ListItem\",\"position\":1,\"name\":\"Accueil\",\"item\":\"https:\\\/\\\/www.altercampagne.net\\\/\"},{\"@type\":\"ListItem\",\"position\":2,\"name\":\"Chapeau \u00e0 la Chemin\u00e9e\"}]},{\"@type\":\"WebSite\",\"@id\":\"https:\\\/\\\/www.altercampagne.net\\\/#website\",\"url\":\"https:\\\/\\\/www.altercampagne.net\\\/\",\"name\":\"AlterTour\",\"description\":\"Reliez les Alternatives \u00e0 v\u00e9lo\",\"potentialAction\":[{\"@type\":\"SearchAction\",\"target\":{\"@type\":\"EntryPoint\",\"urlTemplate\":\"https:\\\/\\\/www.altercampagne.net\\\/?s={search_term_string}\"},\"query-input\":{\"@type\":\"PropertyValueSpecification\",\"valueRequired\":true,\"valueName\":\"search_term_string\"}}],\"inLanguage\":\"fr-FR\"},{\"@type\":\"Person\",\"@id\":\"https:\\\/\\\/www.altercampagne.net\\\/#\\\/schema\\\/person\\\/0f261460c09e430caa0f9bcffa319109\",\"name\":\"Mathieu\",\"image\":{\"@type\":\"ImageObject\",\"inLanguage\":\"fr-FR\",\"@id\":\"https:\\\/\\\/secure.gravatar.com\\\/avatar\\\/aa9d3d24c83f2141e5e2709d0f63d09a99f6be6bb7a50abc4915838d9f54501a?s=96&d=mm&r=g\",\"url\":\"https:\\\/\\\/secure.gravatar.com\\\/avatar\\\/aa9d3d24c83f2141e5e2709d0f63d09a99f6be6bb7a50abc4915838d9f54501a?s=96&d=mm&r=g\",\"contentUrl\":\"https:\\\/\\\/secure.gravatar.com\\\/avatar\\\/aa9d3d24c83f2141e5e2709d0f63d09a99f6be6bb7a50abc4915838d9f54501a?s=96&d=mm&r=g\",\"caption\":\"Mathieu\"},\"url\":\"https:\\\/\\\/www.altercampagne.net\\\/?author=214\"}]}<\/script>\n<!-- \/ Yoast SEO plugin. -->","yoast_head_json":{"title":"Chapeau \u00e0 la Chemin\u00e9e - AlterTour","robots":{"index":"index","follow":"follow","max-snippet":"max-snippet:-1","max-image-preview":"max-image-preview:large","max-video-preview":"max-video-preview:-1"},"canonical":"https:\/\/www.altercampagne.net\/?p=14915","og_locale":"fr_FR","og_type":"article","og_title":"Chapeau \u00e0 la Chemin\u00e9e - AlterTour","og_description":"C'est dans la salle des machines d'une industrie de chapeau que La Chemin\u00e9e s'est install\u00e9e. Dans ce tiers-lieu, se m\u00ealent un jardin partag\u00e9, activit\u00e9s culturelles, une coop\u00e9rative de l'ESS... L'AlterTour a d\u00e9couvert ce lieu magnifique.","og_url":"https:\/\/www.altercampagne.net\/?p=14915","og_site_name":"AlterTour","article_published_time":"2019-08-16T16:03:20+00:00","article_modified_time":"2021-05-06T08:44:41+00:00","og_image":[{"width":900,"height":471,"url":"https:\/\/www.altercampagne.net\/wp-content\/uploads\/2019\/08\/2019-08-16-IMG_20190816_130440.jpg","type":"image\/jpeg"}],"author":"Mathieu","twitter_card":"summary_large_image","twitter_misc":{"\u00c9crit par":"Mathieu","Dur\u00e9e de lecture estim\u00e9e":"2 minutes"},"schema":{"@context":"https:\/\/schema.org","@graph":[{"@type":"Article","@id":"https:\/\/www.altercampagne.net\/?p=14915#article","isPartOf":{"@id":"https:\/\/www.altercampagne.net\/?p=14915"},"author":{"name":"Mathieu","@id":"https:\/\/www.altercampagne.net\/#\/schema\/person\/0f261460c09e430caa0f9bcffa319109"},"headline":"Chapeau \u00e0 la Chemin\u00e9e","datePublished":"2019-08-16T16:03:20+00:00","dateModified":"2021-05-06T08:44:41+00:00","mainEntityOfPage":{"@id":"https:\/\/www.altercampagne.net\/?p=14915"},"wordCount":517,"image":{"@id":"https:\/\/www.altercampagne.net\/?p=14915#primaryimage"},"thumbnailUrl":"https:\/\/www.altercampagne.net\/wp-content\/uploads\/2019\/08\/2019-08-16-IMG_20190816_130440.jpg","keywords":["Tarn-et-Garonne","Occitanie","la chemin\u00e9e","septfonds","tiers-lieu","maxibustion","histoire recyclable","association jade"],"articleSection":["AlterTour","Edition 2019","Habitat","Occitanie","Transverse"],"inLanguage":"fr-FR"},{"@type":"WebPage","@id":"https:\/\/www.altercampagne.net\/?p=14915","url":"https:\/\/www.altercampagne.net\/?p=14915","name":"Chapeau \u00e0 la Chemin\u00e9e - AlterTour","isPartOf":{"@id":"https:\/\/www.altercampagne.net\/#website"},"primaryImageOfPage":{"@id":"https:\/\/www.altercampagne.net\/?p=14915#primaryimage"},"image":{"@id":"https:\/\/www.altercampagne.net\/?p=14915#primaryimage"},"thumbnailUrl":"https:\/\/www.altercampagne.net\/wp-content\/uploads\/2019\/08\/2019-08-16-IMG_20190816_130440.jpg","datePublished":"2019-08-16T16:03:20+00:00","dateModified":"2021-05-06T08:44:41+00:00","author":{"@id":"https:\/\/www.altercampagne.net\/#\/schema\/person\/0f261460c09e430caa0f9bcffa319109"},"breadcrumb":{"@id":"https:\/\/www.altercampagne.net\/?p=14915#breadcrumb"},"inLanguage":"fr-FR","potentialAction":[{"@type":"ReadAction","target":["https:\/\/www.altercampagne.net\/?p=14915"]}]},{"@type":"ImageObject","inLanguage":"fr-FR","@id":"https:\/\/www.altercampagne.net\/?p=14915#primaryimage","url":"https:\/\/www.altercampagne.net\/wp-content\/uploads\/2019\/08\/2019-08-16-IMG_20190816_130440.jpg","contentUrl":"https:\/\/www.altercampagne.net\/wp-content\/uploads\/2019\/08\/2019-08-16-IMG_20190816_130440.jpg","width":900,"height":471},{"@type":"BreadcrumbList","@id":"https:\/\/www.altercampagne.net\/?p=14915#breadcrumb","itemListElement":[{"@type":"ListItem","position":1,"name":"Accueil","item":"https:\/\/www.altercampagne.net\/"},{"@type":"ListItem","position":2,"name":"Chapeau \u00e0 la Chemin\u00e9e"}]},{"@type":"WebSite","@id":"https:\/\/www.altercampagne.net\/#website","url":"https:\/\/www.altercampagne.net\/","name":"AlterTour","description":"Reliez les Alternatives \u00e0 v\u00e9lo","potentialAction":[{"@type":"SearchAction","target":{"@type":"EntryPoint","urlTemplate":"https:\/\/www.altercampagne.net\/?s={search_term_string}"},"query-input":{"@type":"PropertyValueSpecification","valueRequired":true,"valueName":"search_term_string"}}],"inLanguage":"fr-FR"},{"@type":"Person","@id":"https:\/\/www.altercampagne.net\/#\/schema\/person\/0f261460c09e430caa0f9bcffa319109","name":"Mathieu","image":{"@type":"ImageObject","inLanguage":"fr-FR","@id":"https:\/\/secure.gravatar.com\/avatar\/aa9d3d24c83f2141e5e2709d0f63d09a99f6be6bb7a50abc4915838d9f54501a?s=96&d=mm&r=g","url":"https:\/\/secure.gravatar.com\/avatar\/aa9d3d24c83f2141e5e2709d0f63d09a99f6be6bb7a50abc4915838d9f54501a?s=96&d=mm&r=g","contentUrl":"https:\/\/secure.gravatar.com\/avatar\/aa9d3d24c83f2141e5e2709d0f63d09a99f6be6bb7a50abc4915838d9f54501a?s=96&d=mm&r=g","caption":"Mathieu"},"url":"https:\/\/www.altercampagne.net\/?author=214"}]}},"_links":{"self":[{"href":"https:\/\/www.altercampagne.net\/index.php?rest_route=\/wp\/v2\/posts\/14915","targetHints":{"allow":["GET"]}}],"collection":[{"href":"https:\/\/www.altercampagne.net\/index.php?rest_route=\/wp\/v2\/posts"}],"about":[{"href":"https:\/\/www.altercampagne.net\/index.php?rest_route=\/wp\/v2\/types\/post"}],"author":[{"embeddable":true,"href":"https:\/\/www.altercampagne.net\/index.php?rest_route=\/wp\/v2\/users\/214"}],"replies":[{"embeddable":true,"href":"https:\/\/www.altercampagne.net\/index.php?rest_route=%2Fwp%2Fv2%2Fcomments&post=14915"}],"version-history":[{"count":1,"href":"https:\/\/www.altercampagne.net\/index.php?rest_route=\/wp\/v2\/posts\/14915\/revisions"}],"predecessor-version":[{"id":21748,"href":"https:\/\/www.altercampagne.net\/index.php?rest_route=\/wp\/v2\/posts\/14915\/revisions\/21748"}],"wp:featuredmedia":[{"embeddable":true,"href":"https:\/\/www.altercampagne.net\/index.php?rest_route=\/wp\/v2\/media\/14916"}],"wp:attachment":[{"href":"https:\/\/www.altercampagne.net\/index.php?rest_route=%2Fwp%2Fv2%2Fmedia&parent=14915"}],"wp:term":[{"taxonomy":"category","embeddable":true,"href":"https:\/\/www.altercampagne.net\/index.php?rest_route=%2Fwp%2Fv2%2Fcategories&post=14915"},{"taxonomy":"post_tag","embeddable":true,"href":"https:\/\/www.altercampagne.net\/index.php?rest_route=%2Fwp%2Fv2%2Ftags&post=14915"}],"curies":[{"name":"wp","href":"https:\/\/api.w.org\/{rel}","templated":true}]}}