{"id":14920,"date":"2019-08-12T18:24:09","date_gmt":"2019-08-12T16:24:09","guid":{"rendered":"http:\/\/www.altercampagne.net\/?p=14920"},"modified":"2019-12-17T13:08:32","modified_gmt":"2019-12-17T12:08:32","slug":"le-parc-solaire-de-celewatt-a-brengues","status":"publish","type":"post","link":"https:\/\/www.altercampagne.net\/?p=14920","title":{"rendered":"Le parc solaire de C\u00e9l\u00e9Watt \u00e0 Brengues"},"content":{"rendered":"\n<h4 class=\"wp-block-heading\">De Salvezou \u00e0 Brengues, une belle \u00e9tape !<\/h4>\n\n\n\n<p>Apr\u00e8s avoir fait la bringue hier soir, nous nous rendons \u00e0 Brengues aujourd&rsquo;hui. 57 kilom\u00e8tres de pr\u00e9vus, plus de 60 \u00e0 l&rsquo;arriv\u00e9e suite \u00e0 un petit d\u00e9tour fort joli qui nous conduit \u00e0 Lentillac du Causse pour la pause d\u00e9jeun\u00e9 bien m\u00e9rit\u00e9. L&rsquo;apr\u00e8s-midi est assez tranquille le long du C\u00e9l\u00e9, m\u00eame pas de pause fruits secs, juste une petite averse rafra\u00eechissante. Sur le bord de la route, Pascale nous fait don de quelques grosses courgettes qui feront le bonheur des cyclistes affam\u00e9s le soir venu. A deux pas du camping de Brengue o\u00f9 nous avons pu appr\u00e9cier une bonne douche chaude, nous rencontrons quelques membres du collectif <a rel=\"noreferrer noopener\" aria-label=\"C\u00e9l\u00e9Watt (s\u2019ouvre dans un nouvel onglet)\" href=\"https:\/\/www.google.com\/url?sa=t&amp;rct=j&amp;q=&amp;esrc=s&amp;source=web&amp;cd=1&amp;ved=2ahUKEwid6erf6ozkAhVls3EKHVTnCA8QFjAAegQIBhAC&amp;url=https%3A%2F%2Fcelewatt.fr%2F&amp;usg=AOvVaw3s4egjtpfZ4Dh8zVEDkEtE\" target=\"_blank\"><strong>C\u00e9l\u00e9Watt<\/strong><\/a>.<\/p>\n\n\n\n<h4 class=\"wp-block-heading\">C\u00e9l\u00e9Watt, l&rsquo;\u00e9nergie des citoyens<\/h4>\n\n\n\n<p>En 2016, la volont\u00e9 de cinq habitants d&rsquo;adapter \u00e0 l&rsquo;\u00e9nergie le principe du circuit court a permis la cr\u00e9ation d&rsquo;une Soci\u00e9t\u00e9 Coop\u00e9rative d&rsquo;Int\u00e9r\u00eat Collective (SCIC) forte de 415 soci\u00e9taires \u00e0 l&rsquo;heure actuelle. Gr\u00e2ce \u00e0 une gouvernance locale et citoyenne et un financement autonome, un parc solaire au sol a pu \u00eatre install\u00e9 en 2018. Les 862 panneaux qui le compose fournissent 350 000 kW \u00e0 l&rsquo;ann\u00e9e, ce qui fait des 213 habitants les r\u00e9sidents d&rsquo;une commune \u00e0 \u00e9nergie positive. L&rsquo;\u00e9nergie produite est vendue \u00e0 Enercoop au prix fixe de 10cm du kW sur 25 ans. <\/p>\n\n\n\n<h4 class=\"wp-block-heading\">Un, deux, trois parcs solaires<\/h4>\n\n\n\n<p>Tr\u00e8s vite, une foule de mains se l\u00e8vent et les questions fusent dans tous les sens. Le probl\u00e8me de la reproductibilit\u00e9 d&rsquo;un tel projet est abord\u00e9, car aujourd&rsquo;hui Enercoop ne garantit plus un prix de rachat aussi \u00e9lev\u00e9. Cela conduit \u00e0 un rapide sondage sur le nombre de soci\u00e9taires Enercoop parmi nous (environ 50%) et de souligner l&rsquo;importance de se fournir chez ce distributeur pour permettre \u00e0 d&rsquo;autres projets comme celui-ci de voir le jour. Car ce ne sont pas les projets qui manquent&nbsp;! Le collectif souhaiterait construire deux autres parcs comme celui-ci, afin de pouvoir payer un salari\u00e9 et ainsi d\u00e9charger les b\u00e9n\u00e9voles des nombreuses t\u00e2ches qu&rsquo;incombent un tel projet. <\/p>\n\n\n\n<h4 class=\"wp-block-heading\">Au del\u00e0 de l&rsquo;\u00e9lectricit\u00e9 produite <\/h4>\n\n\n\n<p>L&rsquo;impact sur la biodiversit\u00e9 n&rsquo;a pas \u00e9t\u00e9 mis de c\u00f4t\u00e9. Le parc a \u00e9t\u00e9 implant\u00e9 sur une ancienne d\u00e9charge, ne prenant ainsi pas de terres arables. La commune a divis\u00e9 par quatre sa consommation d&rsquo;\u00e9nergie pour l&rsquo;\u00e9clairage public. Le maire du village, soci\u00e9taire convaincu, souligne &lsquo;importance de la plus-value sociale de ce projet (et \u00e9conomique dans une moindre mesure). \u00ab&nbsp;Comme dirait le Colibri, j&rsquo;ai fait ma part&nbsp;\u00bb conclut-il.<\/p>\n\n\n\n<p class=\"has-text-align-right\"><strong>Th\u00e9o<\/strong><\/p>\n","protected":false},"excerpt":{"rendered":"<p> Gr\u00e2ce \u00e0 une gouvernance locale et citoyenne et un financement autonome, un parc solaire au sol a pu \u00eatre install\u00e9 \u00e0 Brengues en 2018. Rencontre avec les citoyens porteurs du projet. <\/p>\n","protected":false},"author":214,"featured_media":14925,"comment_status":"closed","ping_status":"closed","sticky":false,"template":"","format":"standard","meta":{"footnotes":""},"categories":[3773,3487,3480],"tags":[872,1915,2526,2785,3947,4032],"class_list":["post-14920","post","type-post","status-publish","format-standard","has-post-thumbnail","hentry","category-edition-2019","category-energie","category-occitanie","tag-enercoop","tag-lot","tag-scic","tag-occitanie","tag-brengues","tag-celewatt"],"yoast_head":"<!-- This site is optimized with the Yoast SEO plugin v27.3 - https:\/\/yoast.com\/product\/yoast-seo-wordpress\/ -->\n<title>Le parc solaire de C\u00e9l\u00e9Watt \u00e0 Brengues - AlterTour<\/title>\n<meta name=\"robots\" content=\"index, follow, max-snippet:-1, max-image-preview:large, max-video-preview:-1\" \/>\n<link rel=\"canonical\" href=\"https:\/\/www.altercampagne.net\/?p=14920\" \/>\n<meta property=\"og:locale\" content=\"fr_FR\" \/>\n<meta property=\"og:type\" content=\"article\" \/>\n<meta property=\"og:title\" content=\"Le parc solaire de C\u00e9l\u00e9Watt \u00e0 Brengues - AlterTour\" \/>\n<meta property=\"og:description\" content=\"Gr\u00e2ce \u00e0 une gouvernance locale et citoyenne et un financement autonome, un parc solaire au sol a pu \u00eatre install\u00e9 \u00e0 Brengues en 2018. Rencontre avec les citoyens porteurs du projet.\" \/>\n<meta property=\"og:url\" content=\"https:\/\/www.altercampagne.net\/?p=14920\" \/>\n<meta property=\"og:site_name\" content=\"AlterTour\" \/>\n<meta property=\"article:published_time\" content=\"2019-08-12T16:24:09+00:00\" \/>\n<meta property=\"article:modified_time\" content=\"2019-12-17T12:08:32+00:00\" \/>\n<meta property=\"og:image\" content=\"https:\/\/www.altercampagne.net\/wp-content\/uploads\/2019\/08\/2019-08-12-Pour-Bertrand-DELPEUCH-CeleWatt-montre-qun-kWc-local-citoyen-et-moins-cher-que-le-nucleaire-cest-possible-1024x465.jpg\" \/>\n\t<meta property=\"og:image:width\" content=\"890\" \/>\n\t<meta property=\"og:image:height\" content=\"465\" \/>\n\t<meta property=\"og:image:type\" content=\"image\/jpeg\" \/>\n<meta name=\"author\" content=\"Mathieu\" \/>\n<meta name=\"twitter:card\" content=\"summary_large_image\" \/>\n<meta name=\"twitter:label1\" content=\"\u00c9crit par\" \/>\n\t<meta name=\"twitter:data1\" content=\"Mathieu\" \/>\n\t<meta name=\"twitter:label2\" content=\"Dur\u00e9e de lecture estim\u00e9e\" \/>\n\t<meta name=\"twitter:data2\" content=\"2 minutes\" \/>\n<script type=\"application\/ld+json\" class=\"yoast-schema-graph\">{\"@context\":\"https:\\\/\\\/schema.org\",\"@graph\":[{\"@type\":\"Article\",\"@id\":\"https:\\\/\\\/www.altercampagne.net\\\/?p=14920#article\",\"isPartOf\":{\"@id\":\"https:\\\/\\\/www.altercampagne.net\\\/?p=14920\"},\"author\":{\"name\":\"Mathieu\",\"@id\":\"https:\\\/\\\/www.altercampagne.net\\\/#\\\/schema\\\/person\\\/0f261460c09e430caa0f9bcffa319109\"},\"headline\":\"Le parc solaire de C\u00e9l\u00e9Watt \u00e0 Brengues\",\"datePublished\":\"2019-08-12T16:24:09+00:00\",\"dateModified\":\"2019-12-17T12:08:32+00:00\",\"mainEntityOfPage\":{\"@id\":\"https:\\\/\\\/www.altercampagne.net\\\/?p=14920\"},\"wordCount\":452,\"image\":{\"@id\":\"https:\\\/\\\/www.altercampagne.net\\\/?p=14920#primaryimage\"},\"thumbnailUrl\":\"https:\\\/\\\/www.altercampagne.net\\\/wp-content\\\/uploads\\\/2019\\\/08\\\/2019-08-12-Pour-Bertrand-DELPEUCH-CeleWatt-montre-qun-kWc-local-citoyen-et-moins-cher-que-le-nucleaire-cest-possible-1024x465.jpg\",\"keywords\":[\"Enercoop\",\"Lot\",\"scic\",\"Occitanie\",\"Brengues\",\"C\u00e9l\u00e9watt\"],\"articleSection\":[\"Edition 2019\",\"\u00c9nergie\",\"Occitanie\"],\"inLanguage\":\"fr-FR\"},{\"@type\":\"WebPage\",\"@id\":\"https:\\\/\\\/www.altercampagne.net\\\/?p=14920\",\"url\":\"https:\\\/\\\/www.altercampagne.net\\\/?p=14920\",\"name\":\"Le parc solaire de C\u00e9l\u00e9Watt \u00e0 Brengues - AlterTour\",\"isPartOf\":{\"@id\":\"https:\\\/\\\/www.altercampagne.net\\\/#website\"},\"primaryImageOfPage\":{\"@id\":\"https:\\\/\\\/www.altercampagne.net\\\/?p=14920#primaryimage\"},\"image\":{\"@id\":\"https:\\\/\\\/www.altercampagne.net\\\/?p=14920#primaryimage\"},\"thumbnailUrl\":\"https:\\\/\\\/www.altercampagne.net\\\/wp-content\\\/uploads\\\/2019\\\/08\\\/2019-08-12-Pour-Bertrand-DELPEUCH-CeleWatt-montre-qun-kWc-local-citoyen-et-moins-cher-que-le-nucleaire-cest-possible-1024x465.jpg\",\"datePublished\":\"2019-08-12T16:24:09+00:00\",\"dateModified\":\"2019-12-17T12:08:32+00:00\",\"author\":{\"@id\":\"https:\\\/\\\/www.altercampagne.net\\\/#\\\/schema\\\/person\\\/0f261460c09e430caa0f9bcffa319109\"},\"breadcrumb\":{\"@id\":\"https:\\\/\\\/www.altercampagne.net\\\/?p=14920#breadcrumb\"},\"inLanguage\":\"fr-FR\",\"potentialAction\":[{\"@type\":\"ReadAction\",\"target\":[\"https:\\\/\\\/www.altercampagne.net\\\/?p=14920\"]}]},{\"@type\":\"ImageObject\",\"inLanguage\":\"fr-FR\",\"@id\":\"https:\\\/\\\/www.altercampagne.net\\\/?p=14920#primaryimage\",\"url\":\"https:\\\/\\\/www.altercampagne.net\\\/wp-content\\\/uploads\\\/2019\\\/08\\\/2019-08-12-Pour-Bertrand-DELPEUCH-CeleWatt-montre-qun-kWc-local-citoyen-et-moins-cher-que-le-nucleaire-cest-possible-1024x465.jpg\",\"contentUrl\":\"https:\\\/\\\/www.altercampagne.net\\\/wp-content\\\/uploads\\\/2019\\\/08\\\/2019-08-12-Pour-Bertrand-DELPEUCH-CeleWatt-montre-qun-kWc-local-citoyen-et-moins-cher-que-le-nucleaire-cest-possible-1024x465.jpg\",\"width\":890,\"height\":465},{\"@type\":\"BreadcrumbList\",\"@id\":\"https:\\\/\\\/www.altercampagne.net\\\/?p=14920#breadcrumb\",\"itemListElement\":[{\"@type\":\"ListItem\",\"position\":1,\"name\":\"Accueil\",\"item\":\"https:\\\/\\\/www.altercampagne.net\\\/\"},{\"@type\":\"ListItem\",\"position\":2,\"name\":\"Le parc solaire de C\u00e9l\u00e9Watt \u00e0 Brengues\"}]},{\"@type\":\"WebSite\",\"@id\":\"https:\\\/\\\/www.altercampagne.net\\\/#website\",\"url\":\"https:\\\/\\\/www.altercampagne.net\\\/\",\"name\":\"AlterTour\",\"description\":\"Reliez les Alternatives \u00e0 v\u00e9lo\",\"potentialAction\":[{\"@type\":\"SearchAction\",\"target\":{\"@type\":\"EntryPoint\",\"urlTemplate\":\"https:\\\/\\\/www.altercampagne.net\\\/?s={search_term_string}\"},\"query-input\":{\"@type\":\"PropertyValueSpecification\",\"valueRequired\":true,\"valueName\":\"search_term_string\"}}],\"inLanguage\":\"fr-FR\"},{\"@type\":\"Person\",\"@id\":\"https:\\\/\\\/www.altercampagne.net\\\/#\\\/schema\\\/person\\\/0f261460c09e430caa0f9bcffa319109\",\"name\":\"Mathieu\",\"image\":{\"@type\":\"ImageObject\",\"inLanguage\":\"fr-FR\",\"@id\":\"https:\\\/\\\/secure.gravatar.com\\\/avatar\\\/aa9d3d24c83f2141e5e2709d0f63d09a99f6be6bb7a50abc4915838d9f54501a?s=96&d=mm&r=g\",\"url\":\"https:\\\/\\\/secure.gravatar.com\\\/avatar\\\/aa9d3d24c83f2141e5e2709d0f63d09a99f6be6bb7a50abc4915838d9f54501a?s=96&d=mm&r=g\",\"contentUrl\":\"https:\\\/\\\/secure.gravatar.com\\\/avatar\\\/aa9d3d24c83f2141e5e2709d0f63d09a99f6be6bb7a50abc4915838d9f54501a?s=96&d=mm&r=g\",\"caption\":\"Mathieu\"},\"url\":\"https:\\\/\\\/www.altercampagne.net\\\/?author=214\"}]}<\/script>\n<!-- \/ Yoast SEO plugin. -->","yoast_head_json":{"title":"Le parc solaire de C\u00e9l\u00e9Watt \u00e0 Brengues - AlterTour","robots":{"index":"index","follow":"follow","max-snippet":"max-snippet:-1","max-image-preview":"max-image-preview:large","max-video-preview":"max-video-preview:-1"},"canonical":"https:\/\/www.altercampagne.net\/?p=14920","og_locale":"fr_FR","og_type":"article","og_title":"Le parc solaire de C\u00e9l\u00e9Watt \u00e0 Brengues - AlterTour","og_description":"Gr\u00e2ce \u00e0 une gouvernance locale et citoyenne et un financement autonome, un parc solaire au sol a pu \u00eatre install\u00e9 \u00e0 Brengues en 2018. Rencontre avec les citoyens porteurs du projet.","og_url":"https:\/\/www.altercampagne.net\/?p=14920","og_site_name":"AlterTour","article_published_time":"2019-08-12T16:24:09+00:00","article_modified_time":"2019-12-17T12:08:32+00:00","og_image":[{"width":890,"height":465,"url":"https:\/\/www.altercampagne.net\/wp-content\/uploads\/2019\/08\/2019-08-12-Pour-Bertrand-DELPEUCH-CeleWatt-montre-qun-kWc-local-citoyen-et-moins-cher-que-le-nucleaire-cest-possible-1024x465.jpg","type":"image\/jpeg"}],"author":"Mathieu","twitter_card":"summary_large_image","twitter_misc":{"\u00c9crit par":"Mathieu","Dur\u00e9e de lecture estim\u00e9e":"2 minutes"},"schema":{"@context":"https:\/\/schema.org","@graph":[{"@type":"Article","@id":"https:\/\/www.altercampagne.net\/?p=14920#article","isPartOf":{"@id":"https:\/\/www.altercampagne.net\/?p=14920"},"author":{"name":"Mathieu","@id":"https:\/\/www.altercampagne.net\/#\/schema\/person\/0f261460c09e430caa0f9bcffa319109"},"headline":"Le parc solaire de C\u00e9l\u00e9Watt \u00e0 Brengues","datePublished":"2019-08-12T16:24:09+00:00","dateModified":"2019-12-17T12:08:32+00:00","mainEntityOfPage":{"@id":"https:\/\/www.altercampagne.net\/?p=14920"},"wordCount":452,"image":{"@id":"https:\/\/www.altercampagne.net\/?p=14920#primaryimage"},"thumbnailUrl":"https:\/\/www.altercampagne.net\/wp-content\/uploads\/2019\/08\/2019-08-12-Pour-Bertrand-DELPEUCH-CeleWatt-montre-qun-kWc-local-citoyen-et-moins-cher-que-le-nucleaire-cest-possible-1024x465.jpg","keywords":["Enercoop","Lot","scic","Occitanie","Brengues","C\u00e9l\u00e9watt"],"articleSection":["Edition 2019","\u00c9nergie","Occitanie"],"inLanguage":"fr-FR"},{"@type":"WebPage","@id":"https:\/\/www.altercampagne.net\/?p=14920","url":"https:\/\/www.altercampagne.net\/?p=14920","name":"Le parc solaire de C\u00e9l\u00e9Watt \u00e0 Brengues - AlterTour","isPartOf":{"@id":"https:\/\/www.altercampagne.net\/#website"},"primaryImageOfPage":{"@id":"https:\/\/www.altercampagne.net\/?p=14920#primaryimage"},"image":{"@id":"https:\/\/www.altercampagne.net\/?p=14920#primaryimage"},"thumbnailUrl":"https:\/\/www.altercampagne.net\/wp-content\/uploads\/2019\/08\/2019-08-12-Pour-Bertrand-DELPEUCH-CeleWatt-montre-qun-kWc-local-citoyen-et-moins-cher-que-le-nucleaire-cest-possible-1024x465.jpg","datePublished":"2019-08-12T16:24:09+00:00","dateModified":"2019-12-17T12:08:32+00:00","author":{"@id":"https:\/\/www.altercampagne.net\/#\/schema\/person\/0f261460c09e430caa0f9bcffa319109"},"breadcrumb":{"@id":"https:\/\/www.altercampagne.net\/?p=14920#breadcrumb"},"inLanguage":"fr-FR","potentialAction":[{"@type":"ReadAction","target":["https:\/\/www.altercampagne.net\/?p=14920"]}]},{"@type":"ImageObject","inLanguage":"fr-FR","@id":"https:\/\/www.altercampagne.net\/?p=14920#primaryimage","url":"https:\/\/www.altercampagne.net\/wp-content\/uploads\/2019\/08\/2019-08-12-Pour-Bertrand-DELPEUCH-CeleWatt-montre-qun-kWc-local-citoyen-et-moins-cher-que-le-nucleaire-cest-possible-1024x465.jpg","contentUrl":"https:\/\/www.altercampagne.net\/wp-content\/uploads\/2019\/08\/2019-08-12-Pour-Bertrand-DELPEUCH-CeleWatt-montre-qun-kWc-local-citoyen-et-moins-cher-que-le-nucleaire-cest-possible-1024x465.jpg","width":890,"height":465},{"@type":"BreadcrumbList","@id":"https:\/\/www.altercampagne.net\/?p=14920#breadcrumb","itemListElement":[{"@type":"ListItem","position":1,"name":"Accueil","item":"https:\/\/www.altercampagne.net\/"},{"@type":"ListItem","position":2,"name":"Le parc solaire de C\u00e9l\u00e9Watt \u00e0 Brengues"}]},{"@type":"WebSite","@id":"https:\/\/www.altercampagne.net\/#website","url":"https:\/\/www.altercampagne.net\/","name":"AlterTour","description":"Reliez les Alternatives \u00e0 v\u00e9lo","potentialAction":[{"@type":"SearchAction","target":{"@type":"EntryPoint","urlTemplate":"https:\/\/www.altercampagne.net\/?s={search_term_string}"},"query-input":{"@type":"PropertyValueSpecification","valueRequired":true,"valueName":"search_term_string"}}],"inLanguage":"fr-FR"},{"@type":"Person","@id":"https:\/\/www.altercampagne.net\/#\/schema\/person\/0f261460c09e430caa0f9bcffa319109","name":"Mathieu","image":{"@type":"ImageObject","inLanguage":"fr-FR","@id":"https:\/\/secure.gravatar.com\/avatar\/aa9d3d24c83f2141e5e2709d0f63d09a99f6be6bb7a50abc4915838d9f54501a?s=96&d=mm&r=g","url":"https:\/\/secure.gravatar.com\/avatar\/aa9d3d24c83f2141e5e2709d0f63d09a99f6be6bb7a50abc4915838d9f54501a?s=96&d=mm&r=g","contentUrl":"https:\/\/secure.gravatar.com\/avatar\/aa9d3d24c83f2141e5e2709d0f63d09a99f6be6bb7a50abc4915838d9f54501a?s=96&d=mm&r=g","caption":"Mathieu"},"url":"https:\/\/www.altercampagne.net\/?author=214"}]}},"_links":{"self":[{"href":"https:\/\/www.altercampagne.net\/index.php?rest_route=\/wp\/v2\/posts\/14920","targetHints":{"allow":["GET"]}}],"collection":[{"href":"https:\/\/www.altercampagne.net\/index.php?rest_route=\/wp\/v2\/posts"}],"about":[{"href":"https:\/\/www.altercampagne.net\/index.php?rest_route=\/wp\/v2\/types\/post"}],"author":[{"embeddable":true,"href":"https:\/\/www.altercampagne.net\/index.php?rest_route=\/wp\/v2\/users\/214"}],"replies":[{"embeddable":true,"href":"https:\/\/www.altercampagne.net\/index.php?rest_route=%2Fwp%2Fv2%2Fcomments&post=14920"}],"version-history":[{"count":0,"href":"https:\/\/www.altercampagne.net\/index.php?rest_route=\/wp\/v2\/posts\/14920\/revisions"}],"wp:featuredmedia":[{"embeddable":true,"href":"https:\/\/www.altercampagne.net\/index.php?rest_route=\/wp\/v2\/media\/14925"}],"wp:attachment":[{"href":"https:\/\/www.altercampagne.net\/index.php?rest_route=%2Fwp%2Fv2%2Fmedia&parent=14920"}],"wp:term":[{"taxonomy":"category","embeddable":true,"href":"https:\/\/www.altercampagne.net\/index.php?rest_route=%2Fwp%2Fv2%2Fcategories&post=14920"},{"taxonomy":"post_tag","embeddable":true,"href":"https:\/\/www.altercampagne.net\/index.php?rest_route=%2Fwp%2Fv2%2Ftags&post=14920"}],"curies":[{"name":"wp","href":"https:\/\/api.w.org\/{rel}","templated":true}]}}