{"id":15008,"date":"2019-08-18T12:00:09","date_gmt":"2019-08-18T10:00:09","guid":{"rendered":"http:\/\/www.altercampagne.net\/?p=15008"},"modified":"2021-05-06T10:44:40","modified_gmt":"2021-05-06T08:44:40","slug":"saint-anne-le-18-aout","status":"publish","type":"post","link":"https:\/\/www.altercampagne.net\/?p=15008","title":{"rendered":"Solidarit\u00e9 Migrant.e.s Portes de Gascogne"},"content":{"rendered":"\n<h4 class=\"wp-block-heading\">Camping du mouton noir<\/h4>\n\n\n\n<p>Le <strong><a rel=\"noreferrer noopener\" aria-label=\"camping du mouton noir (s\u2019ouvre dans un nouvel onglet)\" href=\"http:\/\/www.camping-mouton-noir.fr\/\" target=\"_blank\">Camping du mouton noir<\/a><\/strong>, c\u2019est le camping \u00e0 la ferme, tenu par Laurence et Patrick. Une ferme avec&nbsp; verger, potager , quelques animaux (des ch\u00e8vres, mais pas de mouton noir), une piscine pour rafra\u00eechir les enfants. C\u2019est <a href=\"https:\/\/www.accueil-paysan.com\/fr\/\" target=\"_blank\" rel=\"noreferrer noopener\" aria-label=\" (s\u2019ouvre dans un nouvel onglet)\">l\u2019accueil paysan<\/a>, dans toute sa simplicit\u00e9. Les moins fatigu\u00e9s iront visiter le petit village de Sarrant et sa librairie-caf\u00e9 qui vaut le d\u00e9tour.<\/p>\n\n\n\n<h4 class=\"wp-block-heading\">L\u2019Association Solidarit\u00e9 Migrant.e.s Pays de Gascogne&nbsp;<\/h4>\n\n\n\n<p>Laurence, Patrick et ses amis nous pr\u00e9sentent une\nassociation originale, dont le but est la solidarit\u00e9 avec les migrants arrivant\nsur le territoire, <strong><a href=\"https:\/\/www.facebook.com\/SolidariteMigrantsPortesDeGascogne\/\">l\u2019association\n\u00ab&nbsp;Solidarit\u00e9 Migrant.e.s Pays de Gascogne&nbsp;\u00bb<\/a><\/strong><\/p>\n\n\n\n<p>Il s\u2019agit principalement des migrants climatiques, c\u2019est \u00e0\ndire ceux qui quittent leurs pays \u00e0 cause des d\u00e9r\u00e8glements climatiques et des\ncatastrophes \u00ab&nbsp;naturelles&nbsp;\u00bb.&nbsp;\nQu\u2019est-ce qui pousse des familles \u00e0 prendre la route quand la vie n\u2019est\nplus possible sur place&nbsp;? La s\u00e9cheresse pour l\u2019Afrique sub-saharienne, la\nmont\u00e9e des eaux rendant les sal\u00e9es les terres arables et donc impropres \u00e0 l\u2019agriculture\ndans les archipels de l\u2019oc\u00e9an indien (Philippines, etc) et en Asie centrale et\ndu Sud, les \u00e9boulements, etc. Et, ironie du sort, ce sont les pays qui \u00e9mettent\nle moins de gaz \u00e0 effet de serre qui sont les plus impact\u00e9s par les changements\nclimatiques&nbsp;: le Bengladesh est le pays qui conna\u00eet le plus de d\u00e9parts. Le\nHonduras a vu sa production de ma\u00efs baisser en quelques ann\u00e9es de 11 millions\nde quintaux \u00e0 4 millions de quintaux, poussant les paysans pauvres \u00e0 l\u2019exil. Du\ncoup 200 femmes ont quitt\u00e9 le Honduras en 2018, elles partent seules vers les\nEtats Unis ou l\u2019Espagne.<\/p>\n\n\n\n<p>En 2015, on comptait 19 millions d\u2019\u00e9migrants sans retour. Il\nest difficile de faire la distinction entre les migrants climatiques,\n\u00e9conomiques ou politiques. Bien souvent les personnes ont perdu leurs papiers\net d\u2019ailleurs comment faire la distinction&nbsp;? Un paysan qui ne parvient\nplus \u00e0 se nourrir \u00e0 cause des changements climatiques devient un migrant\n\u00e9conomique. Alors pourquoi&nbsp; les cat\u00e9goriser,\nc\u2019est sur quoi r\u00e9fl\u00e9chit l\u2019ONU, ne plus faire de distinction entre types de\nmigrants.<\/p>\n\n\n\n<p>On s\u2019attend \u00e0 voir sur les routes 150 \u00e0 200 millions de\nr\u00e9fugi\u00e9s climatiques (consid\u00e9r\u00e9s comme \u00e9conomiques) dans les prochaines ann\u00e9es.\nIl faut donc s\u2019appr\u00eater \u00e0 les recevoir.<\/p>\n\n\n\n<p>C\u2019est ce que fait l\u2019Association &nbsp;Solidarit\u00e9 Migrant.e.s\nPays de Gascogne qui accueille des familles de migrants dont d\u00e9j\u00e0 3 ont obtenu\ndes papiers. Des familles de Rom, venues d\u2019Albanie ont \u00e9t\u00e9 soutenues par\nl\u2019association, leur premier \u00e9tonnement&nbsp;: pouvoir aller au caf\u00e9 avec&nbsp; le reste de la population&nbsp;!&nbsp;<\/p>\n\n\n\n<p>Au-del\u00e0 de la solidarit\u00e9 internationale ainsi cr\u00e9\u00e9e, se sont\ntiss\u00e9s des liens entre les habitants du Gers partageant la m\u00eame envie\nd\u2019accueillir et de partager. Du bien pour tous&nbsp;! <\/p>\n","protected":false},"excerpt":{"rendered":"<p>L\u2019association accueille des familles de migrants arrivant sur le territoire. Des familles de Rom, venues d\u2019Albanie ont \u00e9t\u00e9 soutenues par l\u2019association, leur premier \u00e9tonnement : pouvoir aller au caf\u00e9 avec  le reste de la population ! <\/p>\n","protected":false},"author":206,"featured_media":15009,"comment_status":"closed","ping_status":"closed","sticky":false,"template":"","format":"standard","meta":{"footnotes":""},"categories":[4313,3773,3480,3488],"tags":[324,431,812,1855,3176,4067,4068],"class_list":["post-15008","post","type-post","status-publish","format-standard","has-post-thumbnail","hentry","category-altertour","category-edition-2019","category-occitanie","category-social","tag-refugies-climatiques","tag-accueil-paysan","tag-refugies","tag-gers","tag-occiatinie","tag-camping-du-mouton-noir","tag-sainte-anne"],"yoast_head":"<!-- This site is optimized with the Yoast SEO plugin v27.3 - https:\/\/yoast.com\/product\/yoast-seo-wordpress\/ -->\n<title>Solidarit\u00e9 Migrant.e.s Portes de Gascogne - AlterTour<\/title>\n<meta name=\"robots\" content=\"index, follow, max-snippet:-1, max-image-preview:large, max-video-preview:-1\" \/>\n<link rel=\"canonical\" href=\"https:\/\/www.altercampagne.net\/?p=15008\" \/>\n<meta property=\"og:locale\" content=\"fr_FR\" \/>\n<meta property=\"og:type\" content=\"article\" \/>\n<meta property=\"og:title\" content=\"Solidarit\u00e9 Migrant.e.s Portes de Gascogne - AlterTour\" \/>\n<meta property=\"og:description\" content=\"L\u2019association accueille des familles de migrants arrivant sur le territoire. Des familles de Rom, venues d\u2019Albanie ont \u00e9t\u00e9 soutenues par l\u2019association, leur premier \u00e9tonnement : pouvoir aller au caf\u00e9 avec le reste de la population !\" \/>\n<meta property=\"og:url\" content=\"https:\/\/www.altercampagne.net\/?p=15008\" \/>\n<meta property=\"og:site_name\" content=\"AlterTour\" \/>\n<meta property=\"article:published_time\" content=\"2019-08-18T10:00:09+00:00\" \/>\n<meta property=\"article:modified_time\" content=\"2021-05-06T08:44:40+00:00\" \/>\n<meta property=\"og:image\" content=\"https:\/\/www.altercampagne.net\/wp-content\/uploads\/2019\/08\/IMG_article_def.jpg\" \/>\n\t<meta property=\"og:image:width\" content=\"1000\" \/>\n\t<meta property=\"og:image:height\" content=\"528\" \/>\n\t<meta property=\"og:image:type\" content=\"image\/jpeg\" \/>\n<meta name=\"author\" content=\"Sylvie F\" \/>\n<meta name=\"twitter:card\" content=\"summary_large_image\" \/>\n<meta name=\"twitter:label1\" content=\"\u00c9crit par\" \/>\n\t<meta name=\"twitter:data1\" content=\"Sylvie F\" \/>\n\t<meta name=\"twitter:label2\" content=\"Dur\u00e9e de lecture estim\u00e9e\" \/>\n\t<meta name=\"twitter:data2\" content=\"2 minutes\" \/>\n<script type=\"application\/ld+json\" class=\"yoast-schema-graph\">{\"@context\":\"https:\\\/\\\/schema.org\",\"@graph\":[{\"@type\":\"Article\",\"@id\":\"https:\\\/\\\/www.altercampagne.net\\\/?p=15008#article\",\"isPartOf\":{\"@id\":\"https:\\\/\\\/www.altercampagne.net\\\/?p=15008\"},\"author\":{\"name\":\"Sylvie F\",\"@id\":\"https:\\\/\\\/www.altercampagne.net\\\/#\\\/schema\\\/person\\\/fad5b6595876359c96e756d4d478f820\"},\"headline\":\"Solidarit\u00e9 Migrant.e.s Portes de Gascogne\",\"datePublished\":\"2019-08-18T10:00:09+00:00\",\"dateModified\":\"2021-05-06T08:44:40+00:00\",\"mainEntityOfPage\":{\"@id\":\"https:\\\/\\\/www.altercampagne.net\\\/?p=15008\"},\"wordCount\":501,\"image\":{\"@id\":\"https:\\\/\\\/www.altercampagne.net\\\/?p=15008#primaryimage\"},\"thumbnailUrl\":\"https:\\\/\\\/www.altercampagne.net\\\/wp-content\\\/uploads\\\/2019\\\/08\\\/IMG_article_def.jpg\",\"keywords\":[\"r\u00e9fugi\u00e9s climatiques\",\"accueil paysan\",\"r\u00e9fugi\u00e9s\",\"Gers\",\"Occiatinie\",\"camping du mouton noir\",\"Sainte-Anne\"],\"articleSection\":[\"AlterTour\",\"Edition 2019\",\"Occitanie\",\"Social\"],\"inLanguage\":\"fr-FR\"},{\"@type\":\"WebPage\",\"@id\":\"https:\\\/\\\/www.altercampagne.net\\\/?p=15008\",\"url\":\"https:\\\/\\\/www.altercampagne.net\\\/?p=15008\",\"name\":\"Solidarit\u00e9 Migrant.e.s Portes de Gascogne - AlterTour\",\"isPartOf\":{\"@id\":\"https:\\\/\\\/www.altercampagne.net\\\/#website\"},\"primaryImageOfPage\":{\"@id\":\"https:\\\/\\\/www.altercampagne.net\\\/?p=15008#primaryimage\"},\"image\":{\"@id\":\"https:\\\/\\\/www.altercampagne.net\\\/?p=15008#primaryimage\"},\"thumbnailUrl\":\"https:\\\/\\\/www.altercampagne.net\\\/wp-content\\\/uploads\\\/2019\\\/08\\\/IMG_article_def.jpg\",\"datePublished\":\"2019-08-18T10:00:09+00:00\",\"dateModified\":\"2021-05-06T08:44:40+00:00\",\"author\":{\"@id\":\"https:\\\/\\\/www.altercampagne.net\\\/#\\\/schema\\\/person\\\/fad5b6595876359c96e756d4d478f820\"},\"breadcrumb\":{\"@id\":\"https:\\\/\\\/www.altercampagne.net\\\/?p=15008#breadcrumb\"},\"inLanguage\":\"fr-FR\",\"potentialAction\":[{\"@type\":\"ReadAction\",\"target\":[\"https:\\\/\\\/www.altercampagne.net\\\/?p=15008\"]}]},{\"@type\":\"ImageObject\",\"inLanguage\":\"fr-FR\",\"@id\":\"https:\\\/\\\/www.altercampagne.net\\\/?p=15008#primaryimage\",\"url\":\"https:\\\/\\\/www.altercampagne.net\\\/wp-content\\\/uploads\\\/2019\\\/08\\\/IMG_article_def.jpg\",\"contentUrl\":\"https:\\\/\\\/www.altercampagne.net\\\/wp-content\\\/uploads\\\/2019\\\/08\\\/IMG_article_def.jpg\",\"width\":1000,\"height\":528,\"caption\":\"Discussion sur l'accueil des r\u00e9fugi\u00e9s\"},{\"@type\":\"BreadcrumbList\",\"@id\":\"https:\\\/\\\/www.altercampagne.net\\\/?p=15008#breadcrumb\",\"itemListElement\":[{\"@type\":\"ListItem\",\"position\":1,\"name\":\"Accueil\",\"item\":\"https:\\\/\\\/www.altercampagne.net\\\/\"},{\"@type\":\"ListItem\",\"position\":2,\"name\":\"Solidarit\u00e9 Migrant.e.s Portes de Gascogne\"}]},{\"@type\":\"WebSite\",\"@id\":\"https:\\\/\\\/www.altercampagne.net\\\/#website\",\"url\":\"https:\\\/\\\/www.altercampagne.net\\\/\",\"name\":\"AlterTour\",\"description\":\"Reliez les Alternatives \u00e0 v\u00e9lo\",\"potentialAction\":[{\"@type\":\"SearchAction\",\"target\":{\"@type\":\"EntryPoint\",\"urlTemplate\":\"https:\\\/\\\/www.altercampagne.net\\\/?s={search_term_string}\"},\"query-input\":{\"@type\":\"PropertyValueSpecification\",\"valueRequired\":true,\"valueName\":\"search_term_string\"}}],\"inLanguage\":\"fr-FR\"},{\"@type\":\"Person\",\"@id\":\"https:\\\/\\\/www.altercampagne.net\\\/#\\\/schema\\\/person\\\/fad5b6595876359c96e756d4d478f820\",\"name\":\"Sylvie F\",\"image\":{\"@type\":\"ImageObject\",\"inLanguage\":\"fr-FR\",\"@id\":\"https:\\\/\\\/secure.gravatar.com\\\/avatar\\\/16b2d5f6a1293ef16eadfdd15315bab8d4a87db50333f39a9b9b7a1b269a713f?s=96&d=mm&r=g\",\"url\":\"https:\\\/\\\/secure.gravatar.com\\\/avatar\\\/16b2d5f6a1293ef16eadfdd15315bab8d4a87db50333f39a9b9b7a1b269a713f?s=96&d=mm&r=g\",\"contentUrl\":\"https:\\\/\\\/secure.gravatar.com\\\/avatar\\\/16b2d5f6a1293ef16eadfdd15315bab8d4a87db50333f39a9b9b7a1b269a713f?s=96&d=mm&r=g\",\"caption\":\"Sylvie F\"},\"url\":\"https:\\\/\\\/www.altercampagne.net\\\/?author=206\"}]}<\/script>\n<!-- \/ Yoast SEO plugin. -->","yoast_head_json":{"title":"Solidarit\u00e9 Migrant.e.s Portes de Gascogne - AlterTour","robots":{"index":"index","follow":"follow","max-snippet":"max-snippet:-1","max-image-preview":"max-image-preview:large","max-video-preview":"max-video-preview:-1"},"canonical":"https:\/\/www.altercampagne.net\/?p=15008","og_locale":"fr_FR","og_type":"article","og_title":"Solidarit\u00e9 Migrant.e.s Portes de Gascogne - AlterTour","og_description":"L\u2019association accueille des familles de migrants arrivant sur le territoire. Des familles de Rom, venues d\u2019Albanie ont \u00e9t\u00e9 soutenues par l\u2019association, leur premier \u00e9tonnement : pouvoir aller au caf\u00e9 avec le reste de la population !","og_url":"https:\/\/www.altercampagne.net\/?p=15008","og_site_name":"AlterTour","article_published_time":"2019-08-18T10:00:09+00:00","article_modified_time":"2021-05-06T08:44:40+00:00","og_image":[{"width":1000,"height":528,"url":"https:\/\/www.altercampagne.net\/wp-content\/uploads\/2019\/08\/IMG_article_def.jpg","type":"image\/jpeg"}],"author":"Sylvie F","twitter_card":"summary_large_image","twitter_misc":{"\u00c9crit par":"Sylvie F","Dur\u00e9e de lecture estim\u00e9e":"2 minutes"},"schema":{"@context":"https:\/\/schema.org","@graph":[{"@type":"Article","@id":"https:\/\/www.altercampagne.net\/?p=15008#article","isPartOf":{"@id":"https:\/\/www.altercampagne.net\/?p=15008"},"author":{"name":"Sylvie F","@id":"https:\/\/www.altercampagne.net\/#\/schema\/person\/fad5b6595876359c96e756d4d478f820"},"headline":"Solidarit\u00e9 Migrant.e.s Portes de Gascogne","datePublished":"2019-08-18T10:00:09+00:00","dateModified":"2021-05-06T08:44:40+00:00","mainEntityOfPage":{"@id":"https:\/\/www.altercampagne.net\/?p=15008"},"wordCount":501,"image":{"@id":"https:\/\/www.altercampagne.net\/?p=15008#primaryimage"},"thumbnailUrl":"https:\/\/www.altercampagne.net\/wp-content\/uploads\/2019\/08\/IMG_article_def.jpg","keywords":["r\u00e9fugi\u00e9s climatiques","accueil paysan","r\u00e9fugi\u00e9s","Gers","Occiatinie","camping du mouton noir","Sainte-Anne"],"articleSection":["AlterTour","Edition 2019","Occitanie","Social"],"inLanguage":"fr-FR"},{"@type":"WebPage","@id":"https:\/\/www.altercampagne.net\/?p=15008","url":"https:\/\/www.altercampagne.net\/?p=15008","name":"Solidarit\u00e9 Migrant.e.s Portes de Gascogne - AlterTour","isPartOf":{"@id":"https:\/\/www.altercampagne.net\/#website"},"primaryImageOfPage":{"@id":"https:\/\/www.altercampagne.net\/?p=15008#primaryimage"},"image":{"@id":"https:\/\/www.altercampagne.net\/?p=15008#primaryimage"},"thumbnailUrl":"https:\/\/www.altercampagne.net\/wp-content\/uploads\/2019\/08\/IMG_article_def.jpg","datePublished":"2019-08-18T10:00:09+00:00","dateModified":"2021-05-06T08:44:40+00:00","author":{"@id":"https:\/\/www.altercampagne.net\/#\/schema\/person\/fad5b6595876359c96e756d4d478f820"},"breadcrumb":{"@id":"https:\/\/www.altercampagne.net\/?p=15008#breadcrumb"},"inLanguage":"fr-FR","potentialAction":[{"@type":"ReadAction","target":["https:\/\/www.altercampagne.net\/?p=15008"]}]},{"@type":"ImageObject","inLanguage":"fr-FR","@id":"https:\/\/www.altercampagne.net\/?p=15008#primaryimage","url":"https:\/\/www.altercampagne.net\/wp-content\/uploads\/2019\/08\/IMG_article_def.jpg","contentUrl":"https:\/\/www.altercampagne.net\/wp-content\/uploads\/2019\/08\/IMG_article_def.jpg","width":1000,"height":528,"caption":"Discussion sur l'accueil des r\u00e9fugi\u00e9s"},{"@type":"BreadcrumbList","@id":"https:\/\/www.altercampagne.net\/?p=15008#breadcrumb","itemListElement":[{"@type":"ListItem","position":1,"name":"Accueil","item":"https:\/\/www.altercampagne.net\/"},{"@type":"ListItem","position":2,"name":"Solidarit\u00e9 Migrant.e.s Portes de Gascogne"}]},{"@type":"WebSite","@id":"https:\/\/www.altercampagne.net\/#website","url":"https:\/\/www.altercampagne.net\/","name":"AlterTour","description":"Reliez les Alternatives \u00e0 v\u00e9lo","potentialAction":[{"@type":"SearchAction","target":{"@type":"EntryPoint","urlTemplate":"https:\/\/www.altercampagne.net\/?s={search_term_string}"},"query-input":{"@type":"PropertyValueSpecification","valueRequired":true,"valueName":"search_term_string"}}],"inLanguage":"fr-FR"},{"@type":"Person","@id":"https:\/\/www.altercampagne.net\/#\/schema\/person\/fad5b6595876359c96e756d4d478f820","name":"Sylvie F","image":{"@type":"ImageObject","inLanguage":"fr-FR","@id":"https:\/\/secure.gravatar.com\/avatar\/16b2d5f6a1293ef16eadfdd15315bab8d4a87db50333f39a9b9b7a1b269a713f?s=96&d=mm&r=g","url":"https:\/\/secure.gravatar.com\/avatar\/16b2d5f6a1293ef16eadfdd15315bab8d4a87db50333f39a9b9b7a1b269a713f?s=96&d=mm&r=g","contentUrl":"https:\/\/secure.gravatar.com\/avatar\/16b2d5f6a1293ef16eadfdd15315bab8d4a87db50333f39a9b9b7a1b269a713f?s=96&d=mm&r=g","caption":"Sylvie F"},"url":"https:\/\/www.altercampagne.net\/?author=206"}]}},"_links":{"self":[{"href":"https:\/\/www.altercampagne.net\/index.php?rest_route=\/wp\/v2\/posts\/15008","targetHints":{"allow":["GET"]}}],"collection":[{"href":"https:\/\/www.altercampagne.net\/index.php?rest_route=\/wp\/v2\/posts"}],"about":[{"href":"https:\/\/www.altercampagne.net\/index.php?rest_route=\/wp\/v2\/types\/post"}],"author":[{"embeddable":true,"href":"https:\/\/www.altercampagne.net\/index.php?rest_route=\/wp\/v2\/users\/206"}],"replies":[{"embeddable":true,"href":"https:\/\/www.altercampagne.net\/index.php?rest_route=%2Fwp%2Fv2%2Fcomments&post=15008"}],"version-history":[{"count":1,"href":"https:\/\/www.altercampagne.net\/index.php?rest_route=\/wp\/v2\/posts\/15008\/revisions"}],"predecessor-version":[{"id":21745,"href":"https:\/\/www.altercampagne.net\/index.php?rest_route=\/wp\/v2\/posts\/15008\/revisions\/21745"}],"wp:featuredmedia":[{"embeddable":true,"href":"https:\/\/www.altercampagne.net\/index.php?rest_route=\/wp\/v2\/media\/15009"}],"wp:attachment":[{"href":"https:\/\/www.altercampagne.net\/index.php?rest_route=%2Fwp%2Fv2%2Fmedia&parent=15008"}],"wp:term":[{"taxonomy":"category","embeddable":true,"href":"https:\/\/www.altercampagne.net\/index.php?rest_route=%2Fwp%2Fv2%2Fcategories&post=15008"},{"taxonomy":"post_tag","embeddable":true,"href":"https:\/\/www.altercampagne.net\/index.php?rest_route=%2Fwp%2Fv2%2Ftags&post=15008"}],"curies":[{"name":"wp","href":"https:\/\/api.w.org\/{rel}","templated":true}]}}