{"id":1502,"date":"2015-06-15T16:58:10","date_gmt":"2015-06-15T14:58:10","guid":{"rendered":"http:\/\/www.altercampagne.net\/?p=1502"},"modified":"2020-02-24T17:26:13","modified_gmt":"2020-02-24T16:26:13","slug":"le-centre-culturel-autogere-de-nancy-le-22-juillet-a-nancy","status":"publish","type":"post","link":"https:\/\/www.altercampagne.net\/?p=1502","title":{"rendered":"Le Centre Culturel Autog\u00e9r\u00e9 de Nancy le 22 juillet \u00e0 Nancy"},"content":{"rendered":"<p><a href=\"http:\/\/www.altercampagne.net\/?page_id=172&amp;route=20\"><img loading=\"lazy\" decoding=\"async\" class=\" wp-image-1501 size-medium alignleft\" src=\"http:\/\/www.altercampagne.net\/wp-content\/uploads\/2015\/06\/2015-07-22-CCAN-300x219.jpg\" alt=\"Centre culturel autog\u00e9r\u00e9 de Nancy AlterTour 2015\" width=\"300\" height=\"219\" srcset=\"https:\/\/www.altercampagne.net\/wp-content\/uploads\/2015\/06\/2015-07-22-CCAN-300x219.jpg 300w, https:\/\/www.altercampagne.net\/wp-content\/uploads\/2015\/06\/2015-07-22-CCAN.jpg 960w\" sizes=\"auto, (max-width: 300px) 100vw, 300px\" \/><\/a>Le <em>Centre Culturel Autog\u00e9r\u00e9 de Nancy<\/em>, c\u2019est un esprit 100% ind\u00e9pendant. Y priment les valeurs de d\u00e9mocratie directe et la mise en commun de ressources et d\u2019id\u00e9es. Pour sa cr\u00e9ation en novembre 2011, plusieurs organisations militantes libertaires s\u2019associent afin d\u2019obtenir un lieu de convergence des luttes. Aujourd\u2019hui l\u2019association fonctionne en autogestion : pas de subvention et l\u2019implication active d\u2019une cinquantaine de militantEs au service des cultures alternatives \u00e9mancipatrices plut\u00f4t que marchandes. Ils et elles organisent des soir\u00e9es \u00e0 prix libre sur des th\u00e8mes vari\u00e9s, des luttes anti-carc\u00e9rales \u00e0 celles contre l\u2019enfouissement de d\u00e9chets nucl\u00e9aires, \u00e0 Bure comme ailleurs, en passant par le f\u00e9minisme ou le syndicalisme r\u00e9volutionnaire. Alors, passez au <em>CCAN <\/em>consulter des livres sur la d\u00e9croissance ou discuter autour d\u2019un verre au bar associatif.<\/p>\n<p><b><i>\u00ab&nbsp;Des actions concr\u00e8tes plut\u00f4t que des discours moralisateurs d\u2019\u00e9lus aux d\u00e9cisions versatiles&nbsp;\u00bb<\/i><\/b><\/p>\n<p><b><i>&nbsp;<\/i><\/b><i>\u00ab&nbsp;Pour nous, s\u2019interroger sur le climat c\u2019est r\u00e9fl\u00e9chir \u00e0 l\u2019organisation capitaliste. Les deux sont \u00e9troitement li\u00e9s puisque c\u2019est la recherche permanente de profits qui cr\u00e9e les d\u00e9sordres globaux, notamment climatiques. Nous faisons notre part au travers d\u2019actions qui visent \u00e0 remettre en cause cette organisation \u00e9conomique. Nous choisissons par exemple des fournisseurs locaux et en circuit court pour le bar associatif. Nous accueillons des organisations qui font partie de l\u2019\u00e9cologie radicale comme cette AMAP qui a refus\u00e9 le label AB, ne souhaitant pas entrer dans le jeu financier alors qu\u2019elle fait sa part pour pr\u00e9server le climat. Ce sont des actions positives et concr\u00e8tes qui nous semblent bien plus pertinentes que les discours moralisateurs des \u00e9lus et leurs d\u00e9cisions versatiles en mati\u00e8re de climat.&nbsp;\u00bb<\/i><\/p>\n<p class=\"right\" style=\"text-align: right;\"><i>&nbsp;<\/i><b>4 membres du CCAN<\/b><\/p>\n<p>Extrait du Recueil des Alternatives de l&rsquo;AlterTour 2015, disponible dans le num\u00e9ro de juin de la <a title=\"Revue Silence\" href=\"http:\/\/www.revuesilence.net\/\" target=\"_blank\" rel=\"noopener noreferrer\">Revue Silence<\/a><\/p>\n<p>L&rsquo;AlterTour rendra visite au Centre Culturel Autog\u00e9r\u00e9 de Nancy le 22 juillet 2015 \u00e0 Nancy. Plus d&rsquo;infos sur <a title=\"AlterTour\" href=\"http:\/\/www.altertour.net\/\" target=\"_blank\" rel=\"noopener noreferrer\">http:\/\/www.altertour.net<\/a><\/p>\n<p>Lien vers l&rsquo;<a href=\"http:\/\/www.altercampagne.net\/?page_id=172&amp;route=20\">\u00e9tape du 22 juillet 2015<\/a><\/p>\n","protected":false},"excerpt":{"rendered":"<p>Le Centre Culturel Autog\u00e9r\u00e9 de Nancy, c\u2019est un esprit 100% ind\u00e9pendant. Y priment les valeurs de d\u00e9mocratie directe et la mise en commun de ressources et d\u2019id\u00e9es. Pour sa cr\u00e9ation en novembre 2011, plusieurs organisations militantes libertaires s\u2019associent afin d\u2019obtenir un lieu de convergence des luttes. Aujourd\u2019hui l\u2019association fonctionne en &#8230; <\/p>\n<div><a href=\"https:\/\/www.altercampagne.net\/?p=1502\" class=\"more-link\">Read More<\/a><\/div>\n","protected":false},"author":214,"featured_media":0,"comment_status":"closed","ping_status":"closed","sticky":false,"template":"","format":"standard","meta":{"footnotes":""},"categories":[3475,3460,3542,3488],"tags":[26,35,44,192,217,233,241,242,243,244,1540],"class_list":["post-1502","post","type-post","status-publish","format-standard","hentry","category-grand-est","category-edition-2015","category-lutte","category-social","tag-nancy","tag-autogestion","tag-climat","tag-altertour-2015","tag-decroissance","tag-cop21","tag-ccan","tag-centre-culturel-autogere-de-nancy","tag-mercredi-22-juillet","tag-prix-libre","tag-meurthe-et-moselle","no-post-thumbnail"],"yoast_head":"<!-- This site is optimized with the Yoast SEO plugin v27.3 - https:\/\/yoast.com\/product\/yoast-seo-wordpress\/ -->\n<title>Le Centre Culturel Autog\u00e9r\u00e9 de Nancy le 22 juillet \u00e0 Nancy - AlterTour<\/title>\n<meta name=\"robots\" content=\"index, follow, max-snippet:-1, max-image-preview:large, max-video-preview:-1\" \/>\n<link rel=\"canonical\" href=\"https:\/\/www.altercampagne.net\/?p=1502\" \/>\n<meta property=\"og:locale\" content=\"fr_FR\" \/>\n<meta property=\"og:type\" content=\"article\" \/>\n<meta property=\"og:title\" content=\"Le Centre Culturel Autog\u00e9r\u00e9 de Nancy le 22 juillet \u00e0 Nancy - AlterTour\" \/>\n<meta property=\"og:description\" content=\"Le Centre Culturel Autog\u00e9r\u00e9 de Nancy, c\u2019est un esprit 100% ind\u00e9pendant. Y priment les valeurs de d\u00e9mocratie directe et la mise en commun de ressources et d\u2019id\u00e9es. Pour sa cr\u00e9ation en novembre 2011, plusieurs organisations militantes libertaires s\u2019associent afin d\u2019obtenir un lieu de convergence des luttes. Aujourd\u2019hui l\u2019association fonctionne en ... Read More\" \/>\n<meta property=\"og:url\" content=\"https:\/\/www.altercampagne.net\/?p=1502\" \/>\n<meta property=\"og:site_name\" content=\"AlterTour\" \/>\n<meta property=\"article:published_time\" content=\"2015-06-15T14:58:10+00:00\" \/>\n<meta property=\"article:modified_time\" content=\"2020-02-24T16:26:13+00:00\" \/>\n<meta property=\"og:image\" content=\"http:\/\/www.altercampagne.net\/wp-content\/uploads\/2015\/06\/2015-07-22-CCAN-300x219.jpg\" \/>\n<meta name=\"author\" content=\"Mathieu\" \/>\n<meta name=\"twitter:card\" content=\"summary_large_image\" \/>\n<meta name=\"twitter:label1\" content=\"\u00c9crit par\" \/>\n\t<meta name=\"twitter:data1\" content=\"Mathieu\" \/>\n\t<meta name=\"twitter:label2\" content=\"Dur\u00e9e de lecture estim\u00e9e\" \/>\n\t<meta name=\"twitter:data2\" content=\"2 minutes\" \/>\n<script type=\"application\/ld+json\" class=\"yoast-schema-graph\">{\"@context\":\"https:\\\/\\\/schema.org\",\"@graph\":[{\"@type\":\"Article\",\"@id\":\"https:\\\/\\\/www.altercampagne.net\\\/?p=1502#article\",\"isPartOf\":{\"@id\":\"https:\\\/\\\/www.altercampagne.net\\\/?p=1502\"},\"author\":{\"name\":\"Mathieu\",\"@id\":\"https:\\\/\\\/www.altercampagne.net\\\/#\\\/schema\\\/person\\\/0f261460c09e430caa0f9bcffa319109\"},\"headline\":\"Le Centre Culturel Autog\u00e9r\u00e9 de Nancy le 22 juillet \u00e0 Nancy\",\"datePublished\":\"2015-06-15T14:58:10+00:00\",\"dateModified\":\"2020-02-24T16:26:13+00:00\",\"mainEntityOfPage\":{\"@id\":\"https:\\\/\\\/www.altercampagne.net\\\/?p=1502\"},\"wordCount\":364,\"image\":{\"@id\":\"https:\\\/\\\/www.altercampagne.net\\\/?p=1502#primaryimage\"},\"thumbnailUrl\":\"http:\\\/\\\/www.altercampagne.net\\\/wp-content\\\/uploads\\\/2015\\\/06\\\/2015-07-22-CCAN-300x219.jpg\",\"keywords\":[\"Nancy\",\"autogestion\",\"climat\",\"AlterTour 2015\",\"d\u00e9croissance\",\"cop21\",\"CCAN\",\"Centre Culturel Autog\u00e9r\u00e9 de Nancy\",\"mercredi 22 juillet\",\"prix libre\",\"Meurthe-et-Moselle\"],\"articleSection\":[\"Grand Est\",\"\u00c9dition 2015\",\"Lutte\",\"Social\"],\"inLanguage\":\"fr-FR\"},{\"@type\":\"WebPage\",\"@id\":\"https:\\\/\\\/www.altercampagne.net\\\/?p=1502\",\"url\":\"https:\\\/\\\/www.altercampagne.net\\\/?p=1502\",\"name\":\"Le Centre Culturel Autog\u00e9r\u00e9 de Nancy le 22 juillet \u00e0 Nancy - AlterTour\",\"isPartOf\":{\"@id\":\"https:\\\/\\\/www.altercampagne.net\\\/#website\"},\"primaryImageOfPage\":{\"@id\":\"https:\\\/\\\/www.altercampagne.net\\\/?p=1502#primaryimage\"},\"image\":{\"@id\":\"https:\\\/\\\/www.altercampagne.net\\\/?p=1502#primaryimage\"},\"thumbnailUrl\":\"http:\\\/\\\/www.altercampagne.net\\\/wp-content\\\/uploads\\\/2015\\\/06\\\/2015-07-22-CCAN-300x219.jpg\",\"datePublished\":\"2015-06-15T14:58:10+00:00\",\"dateModified\":\"2020-02-24T16:26:13+00:00\",\"author\":{\"@id\":\"https:\\\/\\\/www.altercampagne.net\\\/#\\\/schema\\\/person\\\/0f261460c09e430caa0f9bcffa319109\"},\"breadcrumb\":{\"@id\":\"https:\\\/\\\/www.altercampagne.net\\\/?p=1502#breadcrumb\"},\"inLanguage\":\"fr-FR\",\"potentialAction\":[{\"@type\":\"ReadAction\",\"target\":[\"https:\\\/\\\/www.altercampagne.net\\\/?p=1502\"]}]},{\"@type\":\"ImageObject\",\"inLanguage\":\"fr-FR\",\"@id\":\"https:\\\/\\\/www.altercampagne.net\\\/?p=1502#primaryimage\",\"url\":\"https:\\\/\\\/www.altercampagne.net\\\/wp-content\\\/uploads\\\/2015\\\/06\\\/2015-07-22-CCAN.jpg\",\"contentUrl\":\"https:\\\/\\\/www.altercampagne.net\\\/wp-content\\\/uploads\\\/2015\\\/06\\\/2015-07-22-CCAN.jpg\",\"width\":960,\"height\":700},{\"@type\":\"BreadcrumbList\",\"@id\":\"https:\\\/\\\/www.altercampagne.net\\\/?p=1502#breadcrumb\",\"itemListElement\":[{\"@type\":\"ListItem\",\"position\":1,\"name\":\"Accueil\",\"item\":\"https:\\\/\\\/www.altercampagne.net\\\/\"},{\"@type\":\"ListItem\",\"position\":2,\"name\":\"Le Centre Culturel Autog\u00e9r\u00e9 de Nancy le 22 juillet \u00e0 Nancy\"}]},{\"@type\":\"WebSite\",\"@id\":\"https:\\\/\\\/www.altercampagne.net\\\/#website\",\"url\":\"https:\\\/\\\/www.altercampagne.net\\\/\",\"name\":\"AlterTour\",\"description\":\"Reliez les Alternatives \u00e0 v\u00e9lo\",\"potentialAction\":[{\"@type\":\"SearchAction\",\"target\":{\"@type\":\"EntryPoint\",\"urlTemplate\":\"https:\\\/\\\/www.altercampagne.net\\\/?s={search_term_string}\"},\"query-input\":{\"@type\":\"PropertyValueSpecification\",\"valueRequired\":true,\"valueName\":\"search_term_string\"}}],\"inLanguage\":\"fr-FR\"},{\"@type\":\"Person\",\"@id\":\"https:\\\/\\\/www.altercampagne.net\\\/#\\\/schema\\\/person\\\/0f261460c09e430caa0f9bcffa319109\",\"name\":\"Mathieu\",\"image\":{\"@type\":\"ImageObject\",\"inLanguage\":\"fr-FR\",\"@id\":\"https:\\\/\\\/secure.gravatar.com\\\/avatar\\\/aa9d3d24c83f2141e5e2709d0f63d09a99f6be6bb7a50abc4915838d9f54501a?s=96&d=mm&r=g\",\"url\":\"https:\\\/\\\/secure.gravatar.com\\\/avatar\\\/aa9d3d24c83f2141e5e2709d0f63d09a99f6be6bb7a50abc4915838d9f54501a?s=96&d=mm&r=g\",\"contentUrl\":\"https:\\\/\\\/secure.gravatar.com\\\/avatar\\\/aa9d3d24c83f2141e5e2709d0f63d09a99f6be6bb7a50abc4915838d9f54501a?s=96&d=mm&r=g\",\"caption\":\"Mathieu\"},\"url\":\"https:\\\/\\\/www.altercampagne.net\\\/?author=214\"}]}<\/script>\n<!-- \/ Yoast SEO plugin. -->","yoast_head_json":{"title":"Le Centre Culturel Autog\u00e9r\u00e9 de Nancy le 22 juillet \u00e0 Nancy - AlterTour","robots":{"index":"index","follow":"follow","max-snippet":"max-snippet:-1","max-image-preview":"max-image-preview:large","max-video-preview":"max-video-preview:-1"},"canonical":"https:\/\/www.altercampagne.net\/?p=1502","og_locale":"fr_FR","og_type":"article","og_title":"Le Centre Culturel Autog\u00e9r\u00e9 de Nancy le 22 juillet \u00e0 Nancy - AlterTour","og_description":"Le Centre Culturel Autog\u00e9r\u00e9 de Nancy, c\u2019est un esprit 100% ind\u00e9pendant. Y priment les valeurs de d\u00e9mocratie directe et la mise en commun de ressources et d\u2019id\u00e9es. Pour sa cr\u00e9ation en novembre 2011, plusieurs organisations militantes libertaires s\u2019associent afin d\u2019obtenir un lieu de convergence des luttes. Aujourd\u2019hui l\u2019association fonctionne en ... Read More","og_url":"https:\/\/www.altercampagne.net\/?p=1502","og_site_name":"AlterTour","article_published_time":"2015-06-15T14:58:10+00:00","article_modified_time":"2020-02-24T16:26:13+00:00","og_image":[{"url":"http:\/\/www.altercampagne.net\/wp-content\/uploads\/2015\/06\/2015-07-22-CCAN-300x219.jpg","type":"","width":"","height":""}],"author":"Mathieu","twitter_card":"summary_large_image","twitter_misc":{"\u00c9crit par":"Mathieu","Dur\u00e9e de lecture estim\u00e9e":"2 minutes"},"schema":{"@context":"https:\/\/schema.org","@graph":[{"@type":"Article","@id":"https:\/\/www.altercampagne.net\/?p=1502#article","isPartOf":{"@id":"https:\/\/www.altercampagne.net\/?p=1502"},"author":{"name":"Mathieu","@id":"https:\/\/www.altercampagne.net\/#\/schema\/person\/0f261460c09e430caa0f9bcffa319109"},"headline":"Le Centre Culturel Autog\u00e9r\u00e9 de Nancy le 22 juillet \u00e0 Nancy","datePublished":"2015-06-15T14:58:10+00:00","dateModified":"2020-02-24T16:26:13+00:00","mainEntityOfPage":{"@id":"https:\/\/www.altercampagne.net\/?p=1502"},"wordCount":364,"image":{"@id":"https:\/\/www.altercampagne.net\/?p=1502#primaryimage"},"thumbnailUrl":"http:\/\/www.altercampagne.net\/wp-content\/uploads\/2015\/06\/2015-07-22-CCAN-300x219.jpg","keywords":["Nancy","autogestion","climat","AlterTour 2015","d\u00e9croissance","cop21","CCAN","Centre Culturel Autog\u00e9r\u00e9 de Nancy","mercredi 22 juillet","prix libre","Meurthe-et-Moselle"],"articleSection":["Grand Est","\u00c9dition 2015","Lutte","Social"],"inLanguage":"fr-FR"},{"@type":"WebPage","@id":"https:\/\/www.altercampagne.net\/?p=1502","url":"https:\/\/www.altercampagne.net\/?p=1502","name":"Le Centre Culturel Autog\u00e9r\u00e9 de Nancy le 22 juillet \u00e0 Nancy - AlterTour","isPartOf":{"@id":"https:\/\/www.altercampagne.net\/#website"},"primaryImageOfPage":{"@id":"https:\/\/www.altercampagne.net\/?p=1502#primaryimage"},"image":{"@id":"https:\/\/www.altercampagne.net\/?p=1502#primaryimage"},"thumbnailUrl":"http:\/\/www.altercampagne.net\/wp-content\/uploads\/2015\/06\/2015-07-22-CCAN-300x219.jpg","datePublished":"2015-06-15T14:58:10+00:00","dateModified":"2020-02-24T16:26:13+00:00","author":{"@id":"https:\/\/www.altercampagne.net\/#\/schema\/person\/0f261460c09e430caa0f9bcffa319109"},"breadcrumb":{"@id":"https:\/\/www.altercampagne.net\/?p=1502#breadcrumb"},"inLanguage":"fr-FR","potentialAction":[{"@type":"ReadAction","target":["https:\/\/www.altercampagne.net\/?p=1502"]}]},{"@type":"ImageObject","inLanguage":"fr-FR","@id":"https:\/\/www.altercampagne.net\/?p=1502#primaryimage","url":"https:\/\/www.altercampagne.net\/wp-content\/uploads\/2015\/06\/2015-07-22-CCAN.jpg","contentUrl":"https:\/\/www.altercampagne.net\/wp-content\/uploads\/2015\/06\/2015-07-22-CCAN.jpg","width":960,"height":700},{"@type":"BreadcrumbList","@id":"https:\/\/www.altercampagne.net\/?p=1502#breadcrumb","itemListElement":[{"@type":"ListItem","position":1,"name":"Accueil","item":"https:\/\/www.altercampagne.net\/"},{"@type":"ListItem","position":2,"name":"Le Centre Culturel Autog\u00e9r\u00e9 de Nancy le 22 juillet \u00e0 Nancy"}]},{"@type":"WebSite","@id":"https:\/\/www.altercampagne.net\/#website","url":"https:\/\/www.altercampagne.net\/","name":"AlterTour","description":"Reliez les Alternatives \u00e0 v\u00e9lo","potentialAction":[{"@type":"SearchAction","target":{"@type":"EntryPoint","urlTemplate":"https:\/\/www.altercampagne.net\/?s={search_term_string}"},"query-input":{"@type":"PropertyValueSpecification","valueRequired":true,"valueName":"search_term_string"}}],"inLanguage":"fr-FR"},{"@type":"Person","@id":"https:\/\/www.altercampagne.net\/#\/schema\/person\/0f261460c09e430caa0f9bcffa319109","name":"Mathieu","image":{"@type":"ImageObject","inLanguage":"fr-FR","@id":"https:\/\/secure.gravatar.com\/avatar\/aa9d3d24c83f2141e5e2709d0f63d09a99f6be6bb7a50abc4915838d9f54501a?s=96&d=mm&r=g","url":"https:\/\/secure.gravatar.com\/avatar\/aa9d3d24c83f2141e5e2709d0f63d09a99f6be6bb7a50abc4915838d9f54501a?s=96&d=mm&r=g","contentUrl":"https:\/\/secure.gravatar.com\/avatar\/aa9d3d24c83f2141e5e2709d0f63d09a99f6be6bb7a50abc4915838d9f54501a?s=96&d=mm&r=g","caption":"Mathieu"},"url":"https:\/\/www.altercampagne.net\/?author=214"}]}},"_links":{"self":[{"href":"https:\/\/www.altercampagne.net\/index.php?rest_route=\/wp\/v2\/posts\/1502","targetHints":{"allow":["GET"]}}],"collection":[{"href":"https:\/\/www.altercampagne.net\/index.php?rest_route=\/wp\/v2\/posts"}],"about":[{"href":"https:\/\/www.altercampagne.net\/index.php?rest_route=\/wp\/v2\/types\/post"}],"author":[{"embeddable":true,"href":"https:\/\/www.altercampagne.net\/index.php?rest_route=\/wp\/v2\/users\/214"}],"replies":[{"embeddable":true,"href":"https:\/\/www.altercampagne.net\/index.php?rest_route=%2Fwp%2Fv2%2Fcomments&post=1502"}],"version-history":[{"count":1,"href":"https:\/\/www.altercampagne.net\/index.php?rest_route=\/wp\/v2\/posts\/1502\/revisions"}],"predecessor-version":[{"id":17454,"href":"https:\/\/www.altercampagne.net\/index.php?rest_route=\/wp\/v2\/posts\/1502\/revisions\/17454"}],"wp:attachment":[{"href":"https:\/\/www.altercampagne.net\/index.php?rest_route=%2Fwp%2Fv2%2Fmedia&parent=1502"}],"wp:term":[{"taxonomy":"category","embeddable":true,"href":"https:\/\/www.altercampagne.net\/index.php?rest_route=%2Fwp%2Fv2%2Fcategories&post=1502"},{"taxonomy":"post_tag","embeddable":true,"href":"https:\/\/www.altercampagne.net\/index.php?rest_route=%2Fwp%2Fv2%2Ftags&post=1502"}],"curies":[{"name":"wp","href":"https:\/\/api.w.org\/{rel}","templated":true}]}}