{"id":15029,"date":"2019-08-20T17:21:28","date_gmt":"2019-08-20T15:21:28","guid":{"rendered":"http:\/\/www.altercampagne.net\/?p=15029"},"modified":"2021-05-06T10:44:40","modified_gmt":"2021-05-06T08:44:40","slug":"de-lherbe-a-laise-a-labri-des-possibles","status":"publish","type":"post","link":"https:\/\/www.altercampagne.net\/?p=15029","title":{"rendered":"De l\u2019Herbe \u00e0 l\u2019Aise \u00e0 l\u2019Abri des Possibles"},"content":{"rendered":"\n<p>Bonne nouvelle pour les agriculteurs, il pleut toute la matin\u00e9e.  C&rsquo;est une moins bonne nouvelle pour les altercyclistes, qui \u00e9mergent de leur tente en cape de pluie.&nbsp; R\u00e9actifs, les pr\u00e9parateurs d\u2019\u00e9tape adaptent le programme \u00e0 la m\u00e9t\u00e9o. Puisque nous ne pouvons pas p\u00e9daler jusqu\u2019au site de l\u2019accueillant, c\u2019est l\u2019accueillant qui viendra \u00e0 nous. <\/p>\n\n\n\n<h4 class=\"wp-block-heading\"> Des herbes aromatiques, m\u00e9dicinales\u2026 et autonomie<\/h4>\n\n\n\n<p>Marc et Lotti, fondateurs de&nbsp;<a rel=\"noreferrer noopener\" aria-label=\" l\u2019Herbe \u00e0 l\u2019aise (s\u2019ouvre dans un nouvel onglet)\" href=\"https:\/\/lherbealaise.com\/\" target=\"_blank\"> <\/a><strong><a rel=\"noreferrer noopener\" aria-label=\" l\u2019Herbe \u00e0 l\u2019aise (s\u2019ouvre dans un nouvel onglet)\" href=\"https:\/\/lherbealaise.com\/\" target=\"_blank\">l\u2019Herbe \u00e0 l\u2019aise<\/a><\/strong>, nous rejoignent donc sous le hangar de la <a href=\"http:\/\/lafermedesarbolets.fr\/\" target=\"_blank\" rel=\"noreferrer noopener\" aria-label=\"Ferme des Arbolets (s\u2019ouvre dans un nouvel onglet)\"><strong>Ferme des Arbolets<\/strong><\/a>. Assis aux pieds de grands silos \u00e0 grains,&nbsp; nous \u00e9coutons avec passion les deux Suisses nous raconter leur exode vers la France lorsqu\u2019ils avaient 20 ans, en qu\u00eate d\u2019une terre pour vivre en autonomie totale sans raccordement \u00e0 l\u2019eau ni \u00e0 l\u2019\u00e9lectricit\u00e9. \u00ab&nbsp;Nous cherchions une ruine \u00e0 retaper, mais en Suisse il n\u2019y a pas de ruines. Et puis niveau climat, la France \u00e9tait un bon compromis entre la Suisse et l\u2019Equateur&nbsp;\u00bb. <\/p>\n\n\n\n<p>Ils posent leurs bagages dans le Gers o\u00f9 ils trouvent le site id\u00e9al, pas trop venteux ni trop vallonn\u00e9 (ils ne se d\u00e9placent qu\u2019\u00e0 v\u00e9lo). Sans bagage acad\u00e9mique, ils apprennent des livres et de leurs propres erreurs. En un an ils retapent la maison, et commencent \u00e0 planter des herbes aromatiques et m\u00e9dicinales, vivant sans \u00e9lectricit\u00e9 et au rythme des saisons. <strong>Ils livrent les herbes et des sirops \u00e0 Auch en carriole \u00e0 v\u00e9lo.<\/strong> Leur famille s\u2019agrandit de deux filles qui se rendent \u00e0 l\u2019\u00e9cole en p\u00e9dalant. Pour la cuisine un four solaire \u00e0 parabole est suffisant. Pour l\u2019eau une pompe immerg\u00e9e fonctionne \u00e0 l\u2019\u00e9nergie solaire et est purifi\u00e9e par un filtre en c\u00e9ramique. Pour la sant\u00e9 les herbes sont efficaces, le m\u00e9decin restant accessible pour les maladies plus graves. Un po\u00eale \u00e0 bois r\u00e9chauffe l\u2019hiver, une saison que Lotti appr\u00e9cie car elle se pr\u00eate au repos et au ralentissement de l\u2019organisme. A les \u00e9couter, vivre para\u00eet simple et \u00e9vident. <strong>La simplicit\u00e9 volontaire se forge tout de m\u00eame au fil des ann\u00e9es pass\u00e9es \u00e0 accorder son mode de vie avec ses convictions<\/strong>. <\/p>\n\n\n\n<h4 class=\"wp-block-heading\">Auch&nbsp;: les alternatives attendent l\u2019AlterTour de pied ferme&nbsp;!<\/h4>\n\n\n\n<p>A 14h, l\u2019\u00e9claircie nous arrache \u00e0 cette magnifique famille et \u00e0 nos amis des Arbolets. Nous rejoignons Auch o\u00f9 nous attendent pas moins de cinq alternatives<a rel=\"noreferrer noopener\" aria-label=\". L\u2019Abri des Possibles (s\u2019ouvre dans un nouvel onglet)\" href=\"https:\/\/fr-fr.facebook.com\/AbridesPossibles\/\" target=\"_blank\">. <\/a><strong><a rel=\"noreferrer noopener\" aria-label=\". L\u2019Abri des Possibles (s\u2019ouvre dans un nouvel onglet)\" href=\"https:\/\/fr-fr.facebook.com\/AbridesPossibles\/\" target=\"_blank\">L\u2019Abri des Possibles<\/a><\/strong>, un caf\u00e9 associatif qui offre un repaire \u00e0 de nombreuses associations, propose des boissons non alcoolis\u00e9es \u00e0 prix libre, et organise de nombreux ateliers p\u00e9dagogiques et soir\u00e9es culturelles. Le<a rel=\"noreferrer noopener\" aria-label=\" Cin\u00e9ma associatif Cin\u00e9 32  (s\u2019ouvre dans un nouvel onglet)\" href=\"https:\/\/www.cine32.com\/\" target=\"_blank\"> <\/a><strong><a rel=\"noreferrer noopener\" aria-label=\" Cin\u00e9ma associatif Cin\u00e9 32  (s\u2019ouvre dans un nouvel onglet)\" href=\"https:\/\/www.cine32.com\/\" target=\"_blank\">Cin\u00e9ma associatif Cin\u00e9 32<\/a><\/strong><a rel=\"noreferrer noopener\" aria-label=\" Cin\u00e9ma associatif Cin\u00e9 32  (s\u2019ouvre dans un nouvel onglet)\" href=\"https:\/\/www.cine32.com\/\" target=\"_blank\"> <\/a>nous fait d\u00e9couvrir les coulisses de sa programmation ind\u00e9pendante.&nbsp; L\u2019association <strong><a rel=\"noreferrer noopener\" aria-label=\"Valoris (s\u2019ouvre dans un nouvel onglet)\" href=\"http:\/\/www.asso-valoris.fr\/\" target=\"_blank\">Valoris<\/a><\/strong> a fond\u00e9 une ressourcerie-recyclerie qui nous expose toutes les \u00e9tapes de l\u2019<em>up-cycling<\/em>, la revalorisation d\u2019objets jet\u00e9s ou donn\u00e9s (l\u2019\u00e9tape apr\u00e8s Emma\u00fcs). <strong>La Caserne d\u2019Espagne<\/strong> est une ancienne caserne militaire, en cours de r\u00e9habilitation par la ville et les habitants. Enfin l\u2019association <strong><a rel=\"noreferrer noopener\" aria-label=\"Atelier du v\u00e9lo (s\u2019ouvre dans un nouvel onglet)\" href=\"http:\/\/avpta.online.fr\/\" target=\"_blank\">Atelier du v\u00e9lo<\/a><\/strong> offre \u00e0 ses adh\u00e9rents l\u2019assistance et les outils pour r\u00e9parer leur v\u00e9lo ou m\u00eame le fabriquer \u00e0 partir de pi\u00e8ces d\u00e9tach\u00e9es, avec une vocation sociale pour tous les publics. Leur nouveau projet est une v\u00e9lo-\u00e9cole pour diffuser cette vision de la mobilit\u00e9. <\/p>\n\n\n\n<p>La journ\u00e9e se termine par une soir\u00e9e festive avec concert et bal traditionnel et un repas organis\u00e9 par l\u2019Abri du possible et leurs amis. D\u00e9cid\u00e9ment Auch est une ville bien altersympathique. <\/p>\n\n\n\n<p>Tous les articles sur l&rsquo;Abri des Possibles : <a href=\"https:\/\/www.altercampagne.net\/?tag=abri-des-possibles\">https:\/\/www.altercampagne.net\/?tag=abri-des-possibles<\/a><\/p>\n","protected":false},"excerpt":{"rendered":"<p>Bonne nouvelle pour les agriculteurs, il pleut toute la matin\u00e9e. C&rsquo;est une moins bonne nouvelle pour les altercyclistes, qui \u00e9mergent de leur tente en cape de pluie.&nbsp; R\u00e9actifs, les pr\u00e9parateurs d\u2019\u00e9tape adaptent le programme \u00e0 la m\u00e9t\u00e9o. Puisque nous ne pouvons pas p\u00e9daler jusqu\u2019au site de l\u2019accueillant, c\u2019est l\u2019accueillant qui &#8230; <\/p>\n<div><a href=\"https:\/\/www.altercampagne.net\/?p=15029\" class=\"more-link\">Read More<\/a><\/div>\n","protected":false},"author":215,"featured_media":15234,"comment_status":"closed","ping_status":"closed","sticky":false,"template":"","format":"standard","meta":{"footnotes":""},"categories":[3483,4313,3773,3480,3488,3540],"tags":[1855,1967,3176,4034,4058,4061],"class_list":["post-15029","post","type-post","status-publish","format-standard","has-post-thumbnail","hentry","category-agriculture","category-altertour","category-edition-2019","category-occitanie","category-social","category-transverse","tag-gers","tag-auch","tag-occiatinie","tag-ferme-des-arbolets","tag-abri-des-possibles","tag-herbe-a-aise"],"yoast_head":"<!-- This site is optimized with the Yoast SEO plugin v27.3 - https:\/\/yoast.com\/product\/yoast-seo-wordpress\/ -->\n<title>De l\u2019Herbe \u00e0 l\u2019Aise \u00e0 l\u2019Abri des Possibles - AlterTour<\/title>\n<meta name=\"robots\" content=\"index, follow, max-snippet:-1, max-image-preview:large, max-video-preview:-1\" \/>\n<link rel=\"canonical\" href=\"https:\/\/www.altercampagne.net\/?p=15029\" \/>\n<meta property=\"og:locale\" content=\"fr_FR\" \/>\n<meta property=\"og:type\" content=\"article\" \/>\n<meta property=\"og:title\" content=\"De l\u2019Herbe \u00e0 l\u2019Aise \u00e0 l\u2019Abri des Possibles - AlterTour\" \/>\n<meta property=\"og:description\" content=\"Bonne nouvelle pour les agriculteurs, il pleut toute la matin\u00e9e. C&rsquo;est une moins bonne nouvelle pour les altercyclistes, qui \u00e9mergent de leur tente en cape de pluie.&nbsp; R\u00e9actifs, les pr\u00e9parateurs d\u2019\u00e9tape adaptent le programme \u00e0 la m\u00e9t\u00e9o. Puisque nous ne pouvons pas p\u00e9daler jusqu\u2019au site de l\u2019accueillant, c\u2019est l\u2019accueillant qui ... Read More\" \/>\n<meta property=\"og:url\" content=\"https:\/\/www.altercampagne.net\/?p=15029\" \/>\n<meta property=\"og:site_name\" content=\"AlterTour\" \/>\n<meta property=\"article:published_time\" content=\"2019-08-20T15:21:28+00:00\" \/>\n<meta property=\"article:modified_time\" content=\"2021-05-06T08:44:40+00:00\" \/>\n<meta property=\"og:image\" content=\"https:\/\/www.altercampagne.net\/wp-content\/uploads\/2019\/08\/2019-08-20-IMG_9682.jpg\" \/>\n\t<meta property=\"og:image:width\" content=\"900\" \/>\n\t<meta property=\"og:image:height\" content=\"470\" \/>\n\t<meta property=\"og:image:type\" content=\"image\/jpeg\" \/>\n<meta name=\"author\" content=\"AlterTour\" \/>\n<meta name=\"twitter:card\" content=\"summary_large_image\" \/>\n<meta name=\"twitter:label1\" content=\"\u00c9crit par\" \/>\n\t<meta name=\"twitter:data1\" content=\"AlterTour\" \/>\n\t<meta name=\"twitter:label2\" content=\"Dur\u00e9e de lecture estim\u00e9e\" \/>\n\t<meta name=\"twitter:data2\" content=\"3 minutes\" \/>\n<script type=\"application\/ld+json\" class=\"yoast-schema-graph\">{\"@context\":\"https:\\\/\\\/schema.org\",\"@graph\":[{\"@type\":\"Article\",\"@id\":\"https:\\\/\\\/www.altercampagne.net\\\/?p=15029#article\",\"isPartOf\":{\"@id\":\"https:\\\/\\\/www.altercampagne.net\\\/?p=15029\"},\"author\":{\"name\":\"AlterTour\",\"@id\":\"https:\\\/\\\/www.altercampagne.net\\\/#\\\/schema\\\/person\\\/e5b68c803196f649c2152249d262d94a\"},\"headline\":\"De l\u2019Herbe \u00e0 l\u2019Aise \u00e0 l\u2019Abri des Possibles\",\"datePublished\":\"2019-08-20T15:21:28+00:00\",\"dateModified\":\"2021-05-06T08:44:40+00:00\",\"mainEntityOfPage\":{\"@id\":\"https:\\\/\\\/www.altercampagne.net\\\/?p=15029\"},\"wordCount\":621,\"image\":{\"@id\":\"https:\\\/\\\/www.altercampagne.net\\\/?p=15029#primaryimage\"},\"thumbnailUrl\":\"https:\\\/\\\/www.altercampagne.net\\\/wp-content\\\/uploads\\\/2019\\\/08\\\/2019-08-20-IMG_9682.jpg\",\"keywords\":[\"Gers\",\"Auch\",\"Occiatinie\",\"Ferme des Arbolets\",\"abri des possibles\",\"herbe \u00e0 aise\"],\"articleSection\":[\"Agriculture\",\"AlterTour\",\"Edition 2019\",\"Occitanie\",\"Social\",\"Transverse\"],\"inLanguage\":\"fr-FR\"},{\"@type\":\"WebPage\",\"@id\":\"https:\\\/\\\/www.altercampagne.net\\\/?p=15029\",\"url\":\"https:\\\/\\\/www.altercampagne.net\\\/?p=15029\",\"name\":\"De l\u2019Herbe \u00e0 l\u2019Aise \u00e0 l\u2019Abri des Possibles - AlterTour\",\"isPartOf\":{\"@id\":\"https:\\\/\\\/www.altercampagne.net\\\/#website\"},\"primaryImageOfPage\":{\"@id\":\"https:\\\/\\\/www.altercampagne.net\\\/?p=15029#primaryimage\"},\"image\":{\"@id\":\"https:\\\/\\\/www.altercampagne.net\\\/?p=15029#primaryimage\"},\"thumbnailUrl\":\"https:\\\/\\\/www.altercampagne.net\\\/wp-content\\\/uploads\\\/2019\\\/08\\\/2019-08-20-IMG_9682.jpg\",\"datePublished\":\"2019-08-20T15:21:28+00:00\",\"dateModified\":\"2021-05-06T08:44:40+00:00\",\"author\":{\"@id\":\"https:\\\/\\\/www.altercampagne.net\\\/#\\\/schema\\\/person\\\/e5b68c803196f649c2152249d262d94a\"},\"breadcrumb\":{\"@id\":\"https:\\\/\\\/www.altercampagne.net\\\/?p=15029#breadcrumb\"},\"inLanguage\":\"fr-FR\",\"potentialAction\":[{\"@type\":\"ReadAction\",\"target\":[\"https:\\\/\\\/www.altercampagne.net\\\/?p=15029\"]}]},{\"@type\":\"ImageObject\",\"inLanguage\":\"fr-FR\",\"@id\":\"https:\\\/\\\/www.altercampagne.net\\\/?p=15029#primaryimage\",\"url\":\"https:\\\/\\\/www.altercampagne.net\\\/wp-content\\\/uploads\\\/2019\\\/08\\\/2019-08-20-IMG_9682.jpg\",\"contentUrl\":\"https:\\\/\\\/www.altercampagne.net\\\/wp-content\\\/uploads\\\/2019\\\/08\\\/2019-08-20-IMG_9682.jpg\",\"width\":900,\"height\":470},{\"@type\":\"BreadcrumbList\",\"@id\":\"https:\\\/\\\/www.altercampagne.net\\\/?p=15029#breadcrumb\",\"itemListElement\":[{\"@type\":\"ListItem\",\"position\":1,\"name\":\"Accueil\",\"item\":\"https:\\\/\\\/www.altercampagne.net\\\/\"},{\"@type\":\"ListItem\",\"position\":2,\"name\":\"De l\u2019Herbe \u00e0 l\u2019Aise \u00e0 l\u2019Abri des Possibles\"}]},{\"@type\":\"WebSite\",\"@id\":\"https:\\\/\\\/www.altercampagne.net\\\/#website\",\"url\":\"https:\\\/\\\/www.altercampagne.net\\\/\",\"name\":\"AlterTour\",\"description\":\"Reliez les Alternatives \u00e0 v\u00e9lo\",\"potentialAction\":[{\"@type\":\"SearchAction\",\"target\":{\"@type\":\"EntryPoint\",\"urlTemplate\":\"https:\\\/\\\/www.altercampagne.net\\\/?s={search_term_string}\"},\"query-input\":{\"@type\":\"PropertyValueSpecification\",\"valueRequired\":true,\"valueName\":\"search_term_string\"}}],\"inLanguage\":\"fr-FR\"},{\"@type\":\"Person\",\"@id\":\"https:\\\/\\\/www.altercampagne.net\\\/#\\\/schema\\\/person\\\/e5b68c803196f649c2152249d262d94a\",\"name\":\"AlterTour\",\"image\":{\"@type\":\"ImageObject\",\"inLanguage\":\"fr-FR\",\"@id\":\"https:\\\/\\\/secure.gravatar.com\\\/avatar\\\/3f2ed77f8506b8ea264ad5938bb0114bfa10f35b64086a66dfbb6e9f58ad9693?s=96&d=mm&r=g\",\"url\":\"https:\\\/\\\/secure.gravatar.com\\\/avatar\\\/3f2ed77f8506b8ea264ad5938bb0114bfa10f35b64086a66dfbb6e9f58ad9693?s=96&d=mm&r=g\",\"contentUrl\":\"https:\\\/\\\/secure.gravatar.com\\\/avatar\\\/3f2ed77f8506b8ea264ad5938bb0114bfa10f35b64086a66dfbb6e9f58ad9693?s=96&d=mm&r=g\",\"caption\":\"AlterTour\"},\"url\":\"https:\\\/\\\/www.altercampagne.net\\\/?author=215\"}]}<\/script>\n<!-- \/ Yoast SEO plugin. -->","yoast_head_json":{"title":"De l\u2019Herbe \u00e0 l\u2019Aise \u00e0 l\u2019Abri des Possibles - AlterTour","robots":{"index":"index","follow":"follow","max-snippet":"max-snippet:-1","max-image-preview":"max-image-preview:large","max-video-preview":"max-video-preview:-1"},"canonical":"https:\/\/www.altercampagne.net\/?p=15029","og_locale":"fr_FR","og_type":"article","og_title":"De l\u2019Herbe \u00e0 l\u2019Aise \u00e0 l\u2019Abri des Possibles - AlterTour","og_description":"Bonne nouvelle pour les agriculteurs, il pleut toute la matin\u00e9e. C&rsquo;est une moins bonne nouvelle pour les altercyclistes, qui \u00e9mergent de leur tente en cape de pluie.&nbsp; R\u00e9actifs, les pr\u00e9parateurs d\u2019\u00e9tape adaptent le programme \u00e0 la m\u00e9t\u00e9o. Puisque nous ne pouvons pas p\u00e9daler jusqu\u2019au site de l\u2019accueillant, c\u2019est l\u2019accueillant qui ... Read More","og_url":"https:\/\/www.altercampagne.net\/?p=15029","og_site_name":"AlterTour","article_published_time":"2019-08-20T15:21:28+00:00","article_modified_time":"2021-05-06T08:44:40+00:00","og_image":[{"width":900,"height":470,"url":"https:\/\/www.altercampagne.net\/wp-content\/uploads\/2019\/08\/2019-08-20-IMG_9682.jpg","type":"image\/jpeg"}],"author":"AlterTour","twitter_card":"summary_large_image","twitter_misc":{"\u00c9crit par":"AlterTour","Dur\u00e9e de lecture estim\u00e9e":"3 minutes"},"schema":{"@context":"https:\/\/schema.org","@graph":[{"@type":"Article","@id":"https:\/\/www.altercampagne.net\/?p=15029#article","isPartOf":{"@id":"https:\/\/www.altercampagne.net\/?p=15029"},"author":{"name":"AlterTour","@id":"https:\/\/www.altercampagne.net\/#\/schema\/person\/e5b68c803196f649c2152249d262d94a"},"headline":"De l\u2019Herbe \u00e0 l\u2019Aise \u00e0 l\u2019Abri des Possibles","datePublished":"2019-08-20T15:21:28+00:00","dateModified":"2021-05-06T08:44:40+00:00","mainEntityOfPage":{"@id":"https:\/\/www.altercampagne.net\/?p=15029"},"wordCount":621,"image":{"@id":"https:\/\/www.altercampagne.net\/?p=15029#primaryimage"},"thumbnailUrl":"https:\/\/www.altercampagne.net\/wp-content\/uploads\/2019\/08\/2019-08-20-IMG_9682.jpg","keywords":["Gers","Auch","Occiatinie","Ferme des Arbolets","abri des possibles","herbe \u00e0 aise"],"articleSection":["Agriculture","AlterTour","Edition 2019","Occitanie","Social","Transverse"],"inLanguage":"fr-FR"},{"@type":"WebPage","@id":"https:\/\/www.altercampagne.net\/?p=15029","url":"https:\/\/www.altercampagne.net\/?p=15029","name":"De l\u2019Herbe \u00e0 l\u2019Aise \u00e0 l\u2019Abri des Possibles - AlterTour","isPartOf":{"@id":"https:\/\/www.altercampagne.net\/#website"},"primaryImageOfPage":{"@id":"https:\/\/www.altercampagne.net\/?p=15029#primaryimage"},"image":{"@id":"https:\/\/www.altercampagne.net\/?p=15029#primaryimage"},"thumbnailUrl":"https:\/\/www.altercampagne.net\/wp-content\/uploads\/2019\/08\/2019-08-20-IMG_9682.jpg","datePublished":"2019-08-20T15:21:28+00:00","dateModified":"2021-05-06T08:44:40+00:00","author":{"@id":"https:\/\/www.altercampagne.net\/#\/schema\/person\/e5b68c803196f649c2152249d262d94a"},"breadcrumb":{"@id":"https:\/\/www.altercampagne.net\/?p=15029#breadcrumb"},"inLanguage":"fr-FR","potentialAction":[{"@type":"ReadAction","target":["https:\/\/www.altercampagne.net\/?p=15029"]}]},{"@type":"ImageObject","inLanguage":"fr-FR","@id":"https:\/\/www.altercampagne.net\/?p=15029#primaryimage","url":"https:\/\/www.altercampagne.net\/wp-content\/uploads\/2019\/08\/2019-08-20-IMG_9682.jpg","contentUrl":"https:\/\/www.altercampagne.net\/wp-content\/uploads\/2019\/08\/2019-08-20-IMG_9682.jpg","width":900,"height":470},{"@type":"BreadcrumbList","@id":"https:\/\/www.altercampagne.net\/?p=15029#breadcrumb","itemListElement":[{"@type":"ListItem","position":1,"name":"Accueil","item":"https:\/\/www.altercampagne.net\/"},{"@type":"ListItem","position":2,"name":"De l\u2019Herbe \u00e0 l\u2019Aise \u00e0 l\u2019Abri des Possibles"}]},{"@type":"WebSite","@id":"https:\/\/www.altercampagne.net\/#website","url":"https:\/\/www.altercampagne.net\/","name":"AlterTour","description":"Reliez les Alternatives \u00e0 v\u00e9lo","potentialAction":[{"@type":"SearchAction","target":{"@type":"EntryPoint","urlTemplate":"https:\/\/www.altercampagne.net\/?s={search_term_string}"},"query-input":{"@type":"PropertyValueSpecification","valueRequired":true,"valueName":"search_term_string"}}],"inLanguage":"fr-FR"},{"@type":"Person","@id":"https:\/\/www.altercampagne.net\/#\/schema\/person\/e5b68c803196f649c2152249d262d94a","name":"AlterTour","image":{"@type":"ImageObject","inLanguage":"fr-FR","@id":"https:\/\/secure.gravatar.com\/avatar\/3f2ed77f8506b8ea264ad5938bb0114bfa10f35b64086a66dfbb6e9f58ad9693?s=96&d=mm&r=g","url":"https:\/\/secure.gravatar.com\/avatar\/3f2ed77f8506b8ea264ad5938bb0114bfa10f35b64086a66dfbb6e9f58ad9693?s=96&d=mm&r=g","contentUrl":"https:\/\/secure.gravatar.com\/avatar\/3f2ed77f8506b8ea264ad5938bb0114bfa10f35b64086a66dfbb6e9f58ad9693?s=96&d=mm&r=g","caption":"AlterTour"},"url":"https:\/\/www.altercampagne.net\/?author=215"}]}},"_links":{"self":[{"href":"https:\/\/www.altercampagne.net\/index.php?rest_route=\/wp\/v2\/posts\/15029","targetHints":{"allow":["GET"]}}],"collection":[{"href":"https:\/\/www.altercampagne.net\/index.php?rest_route=\/wp\/v2\/posts"}],"about":[{"href":"https:\/\/www.altercampagne.net\/index.php?rest_route=\/wp\/v2\/types\/post"}],"author":[{"embeddable":true,"href":"https:\/\/www.altercampagne.net\/index.php?rest_route=\/wp\/v2\/users\/215"}],"replies":[{"embeddable":true,"href":"https:\/\/www.altercampagne.net\/index.php?rest_route=%2Fwp%2Fv2%2Fcomments&post=15029"}],"version-history":[{"count":3,"href":"https:\/\/www.altercampagne.net\/index.php?rest_route=\/wp\/v2\/posts\/15029\/revisions"}],"predecessor-version":[{"id":17594,"href":"https:\/\/www.altercampagne.net\/index.php?rest_route=\/wp\/v2\/posts\/15029\/revisions\/17594"}],"wp:featuredmedia":[{"embeddable":true,"href":"https:\/\/www.altercampagne.net\/index.php?rest_route=\/wp\/v2\/media\/15234"}],"wp:attachment":[{"href":"https:\/\/www.altercampagne.net\/index.php?rest_route=%2Fwp%2Fv2%2Fmedia&parent=15029"}],"wp:term":[{"taxonomy":"category","embeddable":true,"href":"https:\/\/www.altercampagne.net\/index.php?rest_route=%2Fwp%2Fv2%2Fcategories&post=15029"},{"taxonomy":"post_tag","embeddable":true,"href":"https:\/\/www.altercampagne.net\/index.php?rest_route=%2Fwp%2Fv2%2Ftags&post=15029"}],"curies":[{"name":"wp","href":"https:\/\/api.w.org\/{rel}","templated":true}]}}