{"id":15038,"date":"2019-08-11T17:32:54","date_gmt":"2019-08-11T15:32:54","guid":{"rendered":"http:\/\/www.altercampagne.net\/?p=15038"},"modified":"2021-05-06T10:45:41","modified_gmt":"2021-05-06T08:45:41","slug":"le-jardin-biodynamique-de-jackie-a-salvezou","status":"publish","type":"post","link":"https:\/\/www.altercampagne.net\/?p=15038","title":{"rendered":"Le jardin biodynamique de Jackie \u00e0 Salvezou"},"content":{"rendered":"\n<p>Rien ne pr\u00e9destinait Jackie, informaticien de m\u00e9tier, \u00e0 se tourner\nvers la Biodynamie&#8230; si ce n&rsquo;est la d\u00e9couverte d\u00e9cisive, il y a quelques\nann\u00e9es, des bienfaits d&rsquo;une alimentation biodynamique sur la sant\u00e9 de ses\nproches. Ce n&rsquo;est donc probablement pas par hasard s&rsquo;il a choisi en 2011 le\nvillage m\u00e9di\u00e9val au nom \u00e9vocateur de Salvezou (<em>salvo du latin = gu\u00e9rir, sauver<\/em>) pour y cr\u00e9er un jardin potager et\nfloral en biodynamie. Arriv\u00e9 sur les lieux, il d\u00e9couvre une terre abandonn\u00e9e,\npeu fertile et envahie de liserons. Trois ann\u00e9es de pr\u00e9paration de la terre\nseront n\u00e9cessaires avant d&rsquo;y installer ses plants et en faire, \u00e0 force\nd&rsquo;observations et de patience, le jardin enchanteur que nous d\u00e9couvrons. <\/p>\n\n\n\n<p>Devant ce floril\u00e8ge d&rsquo;odeurs, de couleurs et de formes g\u00e9om\u00e9triques, tous\nnos sens sont en \u00e9moi et laissent aux &nbsp;visiteurs des impressions vari\u00e9es : <em>\u00ab\u00a0joyeux d\u00e9sordre\u00a0\u00bb<\/em> pour\ncertains, <em>\u00ab\u00a0c\u00f4t\u00e9<\/em> <em>\u00e9trange et surprenant\u00a0\u00bb<\/em> pour\nd&rsquo;autres. Et pourtant, rien ne semble avoir \u00e9t\u00e9 mis l\u00e0 par hasard&#8230; D\u00e9j\u00e0, la\nconfiguration du lieu. Sur l&rsquo;ext\u00e9rieur des bandes d&rsquo;all\u00e9es tondues alternent\navec des zones laiss\u00e9es libres, pour favoriser la colonisation d&rsquo;insectes pollinisateurs\net autres nicheurs. Au centre, des zones paill\u00e9es aux formes g\u00e9om\u00e9triques qui,\ntels les rayons du soleil, convergent vers le centre du jardin, o\u00f9 si\u00e8gent\ntables et chaises (<em>convergence des\nestomacs<\/em>). Ensuite, le m\u00e9lange des genres&#8230; Ici, plantes exotiques, telles\nAmarante et Wakata\u00ef rivalisent d&rsquo;opulence et c\u00f4toient, sans l&rsquo;ombre d&rsquo;une\njalousie, d&rsquo;autres vivaces plus communes, telles la Bourrache et l&rsquo;Achill\u00e9e.\nL\u00e9gumineuses, c\u00e9r\u00e9ales et autres aromatiques font de m\u00eame. Plants grimpants, de\nnature \u00ab\u00a0cosmique\u00a0\u00bb et plants descendants, \u00ab\u00a0g\u00e9ophile\u00a0\u00bb,\ns&#8217;emm\u00ealent aussi, jusqu&rsquo;aux jeunes plants, qui, \u00e0 c\u00f4t\u00e9 des plus vieux, s&rsquo;en\nm\u00ealent forc\u00e9ment ! Car, comme le dit si bien Jackie : <em>\u00ab\u00a0Lorsqu&rsquo;on est jeune on pompe l&rsquo;\u00e9nergie des vieux qui en\nvieillissant nous la rendent !\u00a0\u00bb <\/em>On l&rsquo;aura vite compris, en biodynamie,\ntout est question d&rsquo;interactions et d&rsquo;alchimie !<\/p>\n\n\n\n<p>C&rsquo;est que sous ses yeux\nrieurs et son air jovial Jackie est aussi sorcier vaudou \u00e0 ses heures ! Si si !\nJ&rsquo;en veux pour preuve ces quelques \u00ab\u00a0recettes\u00a0\u00bb, diss\u00e9min\u00e9e \u00e0 la vol\u00e9e\nau fil de la visite, comme il proc\u00e8derait avec son compost, lorsqu&rsquo;il le r\u00e9pand\nsur son sol.<\/p>\n\n\n\n<p><em>Astuces pour rendre les plantes plus r\u00e9sistantes et garantir un bon\n\u00e9quilibre du sol<\/em> : faire\nune \u00ab\u00a0<em>pr\u00e9paration\u00a0\u00bb<\/em> \u00e0 base de\nbouse et de silice de corne (de vache&#8230; <em>qui\nsait peut-\u00eatre de diable?!) <\/em>et la brasser en un fluide continue d&rsquo;eau ti\u00e8de\npendant 1h avant de la pulv\u00e9riser dilu\u00e9e sur les plantes. <\/p>\n\n\n\n<p><em>Astuces pour pr\u00e9parer la terre et faire de bons semis<\/em> : mettre 1\/3 de compost, 1\/3 de bonne\nterre et 1\/3 de bouse (<em>pour l&rsquo;apport en\nazote<\/em>) et recouvrir le tout de paille.<\/p>\n\n\n\n<p>Au final, dans ce que j&rsquo;en retire, cultiver en biodynamie c&rsquo;est un peu\nconsid\u00e9rer son jardin comme un \u00eatre \u00e0 part enti\u00e8re en respectant sa nature et son\nrythme. Jackie entretient d&rsquo;ailleurs un lien tr\u00e8s familier avec ses plantes\ndont il imagine \u00e0 l&rsquo;avance la personnalit\u00e9 ! Cultiver en biodynamie, c&rsquo;est\naussi observer que cet \u00e9cosyst\u00e8me fonctionne de fa\u00e7on autonome sous l&rsquo;influence\ndes diff\u00e9rents organismes qui le composent. Tout est l\u00e0, pas besoin de chercher\nplus loin. <em>\u00ab\u00a0La quantit\u00e9 de compost\nqu&rsquo;on doit utiliser, c&rsquo;est celle que le terrain peut produire rien de plus !\n\u00ab\u00a0<\/em> Le sol, les diff\u00e9rentes plantes qu&rsquo;on y trouve, les animaux qui l&rsquo;habitent,\nles humains qui le c\u00f4toient&#8230; Tous jouent un r\u00f4le dans son \u00e9quilibre. Il est\ndonc n\u00e9cessaire de rep\u00e9rer les bonnes interactions et leurs effets pour les\nrenforcer, d&rsquo;o\u00f9 l&rsquo;importance de maintenir la biodiversit\u00e9. Enfin, le soin\naccord\u00e9 aux plantes et au milieu dans lequel elles \u00e9voluent, pour r\u00e9parer les\nm\u00e9faits de l&rsquo;activit\u00e9 humaine (pollution, ondes \u00e9lectromagn\u00e9tiques&#8230;) joue un\nr\u00f4le important. A travers notamment certaines pr\u00e9parations biodynamiques que\nnous avons pu d\u00e9couvrir.<\/p>\n\n\n\n<p>En terminant ma visite, je me prends \u00e0 r\u00eaver d&rsquo;une soci\u00e9t\u00e9 o\u00f9, comme\ndans le jardin de Jackie, les conditions seraient r\u00e9unies pour que les\ndiff\u00e9rences et potentialit\u00e9s de chacun puissent alimenter notre intelligence\ncollective&#8230;<\/p>\n\n\n\n<p>En attendant, un grand merci \u00e0 toi Jackie pour ce partage riche et\npour cette passion communicative !<\/p>\n\n\n\n<p>Et si, vous aussi, vous voulez vous initier \u00e0 cette branche de\nsorcellerie qui a le vent en poupe, vous trouverez toutes les informations ici :<\/p>\n\n\n\n<p><strong><a rel=\"noreferrer noopener\" aria-label=\"Mouvement de l'Agriculture Bio Dynamique  (s\u2019ouvre dans un nouvel onglet)\" href=\"https:\/\/www.bio-dynamie.org\/\" target=\"_blank\">Mouvement de l&rsquo;Agriculture Bio Dynamique <\/a><\/strong><\/p>\n\n\n\n<p class=\"has-text-align-right\"><strong>Sophie<\/strong><\/p>\n","protected":false},"excerpt":{"rendered":"<p>Rien ne pr\u00e9destinait Jackie, informaticien de m\u00e9tier, \u00e0 se tourner vers la Biodynamie&#8230; si ce n&rsquo;est la d\u00e9couverte d\u00e9cisive, il y a quelques ann\u00e9es, des bienfaits d&rsquo;une alimentation biodynamique sur la sant\u00e9 de ses proches. Ce n&rsquo;est donc probablement pas par hasard s&rsquo;il a choisi en 2011 le village m\u00e9di\u00e9val &#8230; <\/p>\n<div><a href=\"https:\/\/www.altercampagne.net\/?p=15038\" class=\"more-link\">Read More<\/a><\/div>\n","protected":false},"author":215,"featured_media":15040,"comment_status":"closed","ping_status":"closed","sticky":false,"template":"","format":"standard","meta":{"footnotes":""},"categories":[3483,4313,3773,3480],"tags":[1452,1915,2785,4070,4071],"class_list":["post-15038","post","type-post","status-publish","format-standard","has-post-thumbnail","hentry","category-agriculture","category-altertour","category-edition-2019","category-occitanie","tag-biodynamie","tag-lot","tag-occitanie","tag-salvezou","tag-comite-des-fetes-salvezou"],"yoast_head":"<!-- This site is optimized with the Yoast SEO plugin v27.3 - https:\/\/yoast.com\/product\/yoast-seo-wordpress\/ -->\n<title>Le jardin biodynamique de Jackie \u00e0 Salvezou - AlterTour<\/title>\n<meta name=\"robots\" content=\"index, follow, max-snippet:-1, max-image-preview:large, max-video-preview:-1\" \/>\n<link rel=\"canonical\" href=\"https:\/\/www.altercampagne.net\/?p=15038\" \/>\n<meta property=\"og:locale\" content=\"fr_FR\" \/>\n<meta property=\"og:type\" content=\"article\" \/>\n<meta property=\"og:title\" content=\"Le jardin biodynamique de Jackie \u00e0 Salvezou - AlterTour\" \/>\n<meta property=\"og:description\" content=\"Rien ne pr\u00e9destinait Jackie, informaticien de m\u00e9tier, \u00e0 se tourner vers la Biodynamie&#8230; si ce n&rsquo;est la d\u00e9couverte d\u00e9cisive, il y a quelques ann\u00e9es, des bienfaits d&rsquo;une alimentation biodynamique sur la sant\u00e9 de ses proches. Ce n&rsquo;est donc probablement pas par hasard s&rsquo;il a choisi en 2011 le village m\u00e9di\u00e9val ... Read More\" \/>\n<meta property=\"og:url\" content=\"https:\/\/www.altercampagne.net\/?p=15038\" \/>\n<meta property=\"og:site_name\" content=\"AlterTour\" \/>\n<meta property=\"article:published_time\" content=\"2019-08-11T15:32:54+00:00\" \/>\n<meta property=\"article:modified_time\" content=\"2021-05-06T08:45:41+00:00\" \/>\n<meta property=\"og:image\" content=\"https:\/\/www.altercampagne.net\/wp-content\/uploads\/2019\/08\/2019-08-11-Le-jardin-biodynamique-de-Jackie-a\u0300-Salvezou-Sophie2.jpg\" \/>\n\t<meta property=\"og:image:width\" content=\"1000\" \/>\n\t<meta property=\"og:image:height\" content=\"552\" \/>\n\t<meta property=\"og:image:type\" content=\"image\/jpeg\" \/>\n<meta name=\"author\" content=\"AlterTour\" \/>\n<meta name=\"twitter:card\" content=\"summary_large_image\" \/>\n<meta name=\"twitter:label1\" content=\"\u00c9crit par\" \/>\n\t<meta name=\"twitter:data1\" content=\"AlterTour\" \/>\n\t<meta name=\"twitter:label2\" content=\"Dur\u00e9e de lecture estim\u00e9e\" \/>\n\t<meta name=\"twitter:data2\" content=\"4 minutes\" \/>\n<script type=\"application\/ld+json\" class=\"yoast-schema-graph\">{\"@context\":\"https:\\\/\\\/schema.org\",\"@graph\":[{\"@type\":\"Article\",\"@id\":\"https:\\\/\\\/www.altercampagne.net\\\/?p=15038#article\",\"isPartOf\":{\"@id\":\"https:\\\/\\\/www.altercampagne.net\\\/?p=15038\"},\"author\":{\"name\":\"AlterTour\",\"@id\":\"https:\\\/\\\/www.altercampagne.net\\\/#\\\/schema\\\/person\\\/e5b68c803196f649c2152249d262d94a\"},\"headline\":\"Le jardin biodynamique de Jackie \u00e0 Salvezou\",\"datePublished\":\"2019-08-11T15:32:54+00:00\",\"dateModified\":\"2021-05-06T08:45:41+00:00\",\"mainEntityOfPage\":{\"@id\":\"https:\\\/\\\/www.altercampagne.net\\\/?p=15038\"},\"wordCount\":807,\"image\":{\"@id\":\"https:\\\/\\\/www.altercampagne.net\\\/?p=15038#primaryimage\"},\"thumbnailUrl\":\"https:\\\/\\\/www.altercampagne.net\\\/wp-content\\\/uploads\\\/2019\\\/08\\\/2019-08-11-Le-jardin-biodynamique-de-Jackie-a\u0300-Salvezou-Sophie2.jpg\",\"keywords\":[\"biodynamie\",\"Lot\",\"Occitanie\",\"Salvezou\",\"comit\u00e9 des fetes salvezou\"],\"articleSection\":[\"Agriculture\",\"AlterTour\",\"Edition 2019\",\"Occitanie\"],\"inLanguage\":\"fr-FR\"},{\"@type\":\"WebPage\",\"@id\":\"https:\\\/\\\/www.altercampagne.net\\\/?p=15038\",\"url\":\"https:\\\/\\\/www.altercampagne.net\\\/?p=15038\",\"name\":\"Le jardin biodynamique de Jackie \u00e0 Salvezou - AlterTour\",\"isPartOf\":{\"@id\":\"https:\\\/\\\/www.altercampagne.net\\\/#website\"},\"primaryImageOfPage\":{\"@id\":\"https:\\\/\\\/www.altercampagne.net\\\/?p=15038#primaryimage\"},\"image\":{\"@id\":\"https:\\\/\\\/www.altercampagne.net\\\/?p=15038#primaryimage\"},\"thumbnailUrl\":\"https:\\\/\\\/www.altercampagne.net\\\/wp-content\\\/uploads\\\/2019\\\/08\\\/2019-08-11-Le-jardin-biodynamique-de-Jackie-a\u0300-Salvezou-Sophie2.jpg\",\"datePublished\":\"2019-08-11T15:32:54+00:00\",\"dateModified\":\"2021-05-06T08:45:41+00:00\",\"author\":{\"@id\":\"https:\\\/\\\/www.altercampagne.net\\\/#\\\/schema\\\/person\\\/e5b68c803196f649c2152249d262d94a\"},\"breadcrumb\":{\"@id\":\"https:\\\/\\\/www.altercampagne.net\\\/?p=15038#breadcrumb\"},\"inLanguage\":\"fr-FR\",\"potentialAction\":[{\"@type\":\"ReadAction\",\"target\":[\"https:\\\/\\\/www.altercampagne.net\\\/?p=15038\"]}]},{\"@type\":\"ImageObject\",\"inLanguage\":\"fr-FR\",\"@id\":\"https:\\\/\\\/www.altercampagne.net\\\/?p=15038#primaryimage\",\"url\":\"https:\\\/\\\/www.altercampagne.net\\\/wp-content\\\/uploads\\\/2019\\\/08\\\/2019-08-11-Le-jardin-biodynamique-de-Jackie-a\u0300-Salvezou-Sophie2.jpg\",\"contentUrl\":\"https:\\\/\\\/www.altercampagne.net\\\/wp-content\\\/uploads\\\/2019\\\/08\\\/2019-08-11-Le-jardin-biodynamique-de-Jackie-a\u0300-Salvezou-Sophie2.jpg\",\"width\":1000,\"height\":552},{\"@type\":\"BreadcrumbList\",\"@id\":\"https:\\\/\\\/www.altercampagne.net\\\/?p=15038#breadcrumb\",\"itemListElement\":[{\"@type\":\"ListItem\",\"position\":1,\"name\":\"Accueil\",\"item\":\"https:\\\/\\\/www.altercampagne.net\\\/\"},{\"@type\":\"ListItem\",\"position\":2,\"name\":\"Le jardin biodynamique de Jackie \u00e0 Salvezou\"}]},{\"@type\":\"WebSite\",\"@id\":\"https:\\\/\\\/www.altercampagne.net\\\/#website\",\"url\":\"https:\\\/\\\/www.altercampagne.net\\\/\",\"name\":\"AlterTour\",\"description\":\"Reliez les Alternatives \u00e0 v\u00e9lo\",\"potentialAction\":[{\"@type\":\"SearchAction\",\"target\":{\"@type\":\"EntryPoint\",\"urlTemplate\":\"https:\\\/\\\/www.altercampagne.net\\\/?s={search_term_string}\"},\"query-input\":{\"@type\":\"PropertyValueSpecification\",\"valueRequired\":true,\"valueName\":\"search_term_string\"}}],\"inLanguage\":\"fr-FR\"},{\"@type\":\"Person\",\"@id\":\"https:\\\/\\\/www.altercampagne.net\\\/#\\\/schema\\\/person\\\/e5b68c803196f649c2152249d262d94a\",\"name\":\"AlterTour\",\"image\":{\"@type\":\"ImageObject\",\"inLanguage\":\"fr-FR\",\"@id\":\"https:\\\/\\\/secure.gravatar.com\\\/avatar\\\/3f2ed77f8506b8ea264ad5938bb0114bfa10f35b64086a66dfbb6e9f58ad9693?s=96&d=mm&r=g\",\"url\":\"https:\\\/\\\/secure.gravatar.com\\\/avatar\\\/3f2ed77f8506b8ea264ad5938bb0114bfa10f35b64086a66dfbb6e9f58ad9693?s=96&d=mm&r=g\",\"contentUrl\":\"https:\\\/\\\/secure.gravatar.com\\\/avatar\\\/3f2ed77f8506b8ea264ad5938bb0114bfa10f35b64086a66dfbb6e9f58ad9693?s=96&d=mm&r=g\",\"caption\":\"AlterTour\"},\"url\":\"https:\\\/\\\/www.altercampagne.net\\\/?author=215\"}]}<\/script>\n<!-- \/ Yoast SEO plugin. -->","yoast_head_json":{"title":"Le jardin biodynamique de Jackie \u00e0 Salvezou - AlterTour","robots":{"index":"index","follow":"follow","max-snippet":"max-snippet:-1","max-image-preview":"max-image-preview:large","max-video-preview":"max-video-preview:-1"},"canonical":"https:\/\/www.altercampagne.net\/?p=15038","og_locale":"fr_FR","og_type":"article","og_title":"Le jardin biodynamique de Jackie \u00e0 Salvezou - AlterTour","og_description":"Rien ne pr\u00e9destinait Jackie, informaticien de m\u00e9tier, \u00e0 se tourner vers la Biodynamie&#8230; si ce n&rsquo;est la d\u00e9couverte d\u00e9cisive, il y a quelques ann\u00e9es, des bienfaits d&rsquo;une alimentation biodynamique sur la sant\u00e9 de ses proches. Ce n&rsquo;est donc probablement pas par hasard s&rsquo;il a choisi en 2011 le village m\u00e9di\u00e9val ... Read More","og_url":"https:\/\/www.altercampagne.net\/?p=15038","og_site_name":"AlterTour","article_published_time":"2019-08-11T15:32:54+00:00","article_modified_time":"2021-05-06T08:45:41+00:00","og_image":[{"width":1000,"height":552,"url":"https:\/\/www.altercampagne.net\/wp-content\/uploads\/2019\/08\/2019-08-11-Le-jardin-biodynamique-de-Jackie-a\u0300-Salvezou-Sophie2.jpg","type":"image\/jpeg"}],"author":"AlterTour","twitter_card":"summary_large_image","twitter_misc":{"\u00c9crit par":"AlterTour","Dur\u00e9e de lecture estim\u00e9e":"4 minutes"},"schema":{"@context":"https:\/\/schema.org","@graph":[{"@type":"Article","@id":"https:\/\/www.altercampagne.net\/?p=15038#article","isPartOf":{"@id":"https:\/\/www.altercampagne.net\/?p=15038"},"author":{"name":"AlterTour","@id":"https:\/\/www.altercampagne.net\/#\/schema\/person\/e5b68c803196f649c2152249d262d94a"},"headline":"Le jardin biodynamique de Jackie \u00e0 Salvezou","datePublished":"2019-08-11T15:32:54+00:00","dateModified":"2021-05-06T08:45:41+00:00","mainEntityOfPage":{"@id":"https:\/\/www.altercampagne.net\/?p=15038"},"wordCount":807,"image":{"@id":"https:\/\/www.altercampagne.net\/?p=15038#primaryimage"},"thumbnailUrl":"https:\/\/www.altercampagne.net\/wp-content\/uploads\/2019\/08\/2019-08-11-Le-jardin-biodynamique-de-Jackie-a\u0300-Salvezou-Sophie2.jpg","keywords":["biodynamie","Lot","Occitanie","Salvezou","comit\u00e9 des fetes salvezou"],"articleSection":["Agriculture","AlterTour","Edition 2019","Occitanie"],"inLanguage":"fr-FR"},{"@type":"WebPage","@id":"https:\/\/www.altercampagne.net\/?p=15038","url":"https:\/\/www.altercampagne.net\/?p=15038","name":"Le jardin biodynamique de Jackie \u00e0 Salvezou - AlterTour","isPartOf":{"@id":"https:\/\/www.altercampagne.net\/#website"},"primaryImageOfPage":{"@id":"https:\/\/www.altercampagne.net\/?p=15038#primaryimage"},"image":{"@id":"https:\/\/www.altercampagne.net\/?p=15038#primaryimage"},"thumbnailUrl":"https:\/\/www.altercampagne.net\/wp-content\/uploads\/2019\/08\/2019-08-11-Le-jardin-biodynamique-de-Jackie-a\u0300-Salvezou-Sophie2.jpg","datePublished":"2019-08-11T15:32:54+00:00","dateModified":"2021-05-06T08:45:41+00:00","author":{"@id":"https:\/\/www.altercampagne.net\/#\/schema\/person\/e5b68c803196f649c2152249d262d94a"},"breadcrumb":{"@id":"https:\/\/www.altercampagne.net\/?p=15038#breadcrumb"},"inLanguage":"fr-FR","potentialAction":[{"@type":"ReadAction","target":["https:\/\/www.altercampagne.net\/?p=15038"]}]},{"@type":"ImageObject","inLanguage":"fr-FR","@id":"https:\/\/www.altercampagne.net\/?p=15038#primaryimage","url":"https:\/\/www.altercampagne.net\/wp-content\/uploads\/2019\/08\/2019-08-11-Le-jardin-biodynamique-de-Jackie-a\u0300-Salvezou-Sophie2.jpg","contentUrl":"https:\/\/www.altercampagne.net\/wp-content\/uploads\/2019\/08\/2019-08-11-Le-jardin-biodynamique-de-Jackie-a\u0300-Salvezou-Sophie2.jpg","width":1000,"height":552},{"@type":"BreadcrumbList","@id":"https:\/\/www.altercampagne.net\/?p=15038#breadcrumb","itemListElement":[{"@type":"ListItem","position":1,"name":"Accueil","item":"https:\/\/www.altercampagne.net\/"},{"@type":"ListItem","position":2,"name":"Le jardin biodynamique de Jackie \u00e0 Salvezou"}]},{"@type":"WebSite","@id":"https:\/\/www.altercampagne.net\/#website","url":"https:\/\/www.altercampagne.net\/","name":"AlterTour","description":"Reliez les Alternatives \u00e0 v\u00e9lo","potentialAction":[{"@type":"SearchAction","target":{"@type":"EntryPoint","urlTemplate":"https:\/\/www.altercampagne.net\/?s={search_term_string}"},"query-input":{"@type":"PropertyValueSpecification","valueRequired":true,"valueName":"search_term_string"}}],"inLanguage":"fr-FR"},{"@type":"Person","@id":"https:\/\/www.altercampagne.net\/#\/schema\/person\/e5b68c803196f649c2152249d262d94a","name":"AlterTour","image":{"@type":"ImageObject","inLanguage":"fr-FR","@id":"https:\/\/secure.gravatar.com\/avatar\/3f2ed77f8506b8ea264ad5938bb0114bfa10f35b64086a66dfbb6e9f58ad9693?s=96&d=mm&r=g","url":"https:\/\/secure.gravatar.com\/avatar\/3f2ed77f8506b8ea264ad5938bb0114bfa10f35b64086a66dfbb6e9f58ad9693?s=96&d=mm&r=g","contentUrl":"https:\/\/secure.gravatar.com\/avatar\/3f2ed77f8506b8ea264ad5938bb0114bfa10f35b64086a66dfbb6e9f58ad9693?s=96&d=mm&r=g","caption":"AlterTour"},"url":"https:\/\/www.altercampagne.net\/?author=215"}]}},"_links":{"self":[{"href":"https:\/\/www.altercampagne.net\/index.php?rest_route=\/wp\/v2\/posts\/15038","targetHints":{"allow":["GET"]}}],"collection":[{"href":"https:\/\/www.altercampagne.net\/index.php?rest_route=\/wp\/v2\/posts"}],"about":[{"href":"https:\/\/www.altercampagne.net\/index.php?rest_route=\/wp\/v2\/types\/post"}],"author":[{"embeddable":true,"href":"https:\/\/www.altercampagne.net\/index.php?rest_route=\/wp\/v2\/users\/215"}],"replies":[{"embeddable":true,"href":"https:\/\/www.altercampagne.net\/index.php?rest_route=%2Fwp%2Fv2%2Fcomments&post=15038"}],"version-history":[{"count":1,"href":"https:\/\/www.altercampagne.net\/index.php?rest_route=\/wp\/v2\/posts\/15038\/revisions"}],"predecessor-version":[{"id":21756,"href":"https:\/\/www.altercampagne.net\/index.php?rest_route=\/wp\/v2\/posts\/15038\/revisions\/21756"}],"wp:featuredmedia":[{"embeddable":true,"href":"https:\/\/www.altercampagne.net\/index.php?rest_route=\/wp\/v2\/media\/15040"}],"wp:attachment":[{"href":"https:\/\/www.altercampagne.net\/index.php?rest_route=%2Fwp%2Fv2%2Fmedia&parent=15038"}],"wp:term":[{"taxonomy":"category","embeddable":true,"href":"https:\/\/www.altercampagne.net\/index.php?rest_route=%2Fwp%2Fv2%2Fcategories&post=15038"},{"taxonomy":"post_tag","embeddable":true,"href":"https:\/\/www.altercampagne.net\/index.php?rest_route=%2Fwp%2Fv2%2Ftags&post=15038"}],"curies":[{"name":"wp","href":"https:\/\/api.w.org\/{rel}","templated":true}]}}