{"id":15112,"date":"2019-05-03T17:58:08","date_gmt":"2019-05-03T15:58:08","guid":{"rendered":"http:\/\/www.altercampagne.net\/?p=15112"},"modified":"2019-09-15T17:57:21","modified_gmt":"2019-09-15T15:57:21","slug":"la-petite-ramoniere","status":"publish","type":"post","link":"https:\/\/www.altercampagne.net\/?p=15112","title":{"rendered":"La petite Ramoni\u00e8re"},"content":{"rendered":"\n<p>D\u00e9part de Bourgneuf ce 3 mai, \u00e0 9h direction la Vend\u00e9e.  Le trajet de 37 km nous am\u00e8ne d&rsquo;abord jusqu&rsquo;\u00e0 la c\u00f4te, o\u00f9 le groupe  s&rsquo;octroie une pause avec vue sur l&rsquo;\u00eele de Noirmoutiers, puis \u00e0 travers  le labyrinthe des marais bretons .  Arriv\u00e9e aux alentours de midi \u00e0 la petite Ramoni\u00e8re, \u00e0 quelques  kilom\u00e8tres de Notre-Dame-de-Monts, o\u00f9 nous sommes accueillis par Ingrid  et Fran\u00e7ois. Apr\u00e8s l&rsquo;installation du campement et le repas du midi,  certains partent \u00e0 la plage ou faire les courses pendant les quelques  heures de battement avant la visite. <\/p>\n\n\n\n<h4 class=\"wp-block-heading\"> Bio, mais sans certification<\/h4>\n\n\n\n<p>Fran\u00e7ois nous invite \u00e0 l&rsquo;int\u00e9rieur de la brasserie et nous pr\u00e9sente son projet. Lui et Ingrid ont commenc\u00e9 leur histoire avec la bi\u00e8re en Allemagne, o\u00f9 ils ont v\u00e9cu pendant 6 ans, p\u00e9riode pendant laquelle ils se sont initi\u00e9s aux joies du brassage amateur.\u00a0 De retour en France, Fran\u00e7ois, \u00e9lectronicien, ressent l&rsquo;envie de changer de profession. On lui parle d&rsquo;une ferme \u00e0 reprendre. Quelques temps et quelques r\u00e9novations plus tard Fran\u00e7ois et Ingrid lancent la production de bi\u00e8re. L&rsquo;id\u00e9e: faire un produit local \u00e0 base de produits locaux. Ils ont fait le choix de ne pas avoir recours \u00e0 la certification bio, bien que leur malt soit du malt bio. Ce choix leur laisse plus de libert\u00e9 dans le processus, par exemple celle d&rsquo;int\u00e9grer des plantes sauvages r\u00e9colt\u00e9es par leurs soins. <strong>Plut\u00f4t que d&rsquo;avoir un label sur leur \u00e9tiquette, ils pr\u00e9f\u00e8rent miser sur la transparence et invitent les clients \u00e0 venir visiter leur brasserie et d\u00e9couvrir le processus<\/strong> qui se cache derri\u00e8re.\u00a0 A l&rsquo;origine, le projet comprenait la production des mati\u00e8res premi\u00e8res n\u00e9cessaires \u00e0 la production de leur bi\u00e8re, l&rsquo;orge et le houblon. Le houblon ne s&rsquo;est pas plu dans les marais venteux, mais la production d&rsquo;orge a bien pris et s&rsquo;av\u00e8re suffisante \u00e0 la production de bi\u00e8re annuelle. <\/p>\n\n\n\n<h4 class=\"wp-block-heading\">Le maltage<\/h4>\n\n\n\n<p>Il ne manque \u00e0 l&rsquo;heure actuelle plus que l&rsquo;\u00e9tape de maltage pour atteindre l&rsquo;autonomie en malt. Le projet est en cours et devrait se concr\u00e9tiser d&rsquo;ici un an. <strong>Comme pour la partie brasserie, Fran\u00e7ois et Ingrid misent sur l&rsquo;investissement minimal, sur base de r\u00e9cup, de r\u00e9emploi et de pas mal d&rsquo;inventivit\u00e9<\/strong>. Aujourd&rsquo;hui, avec 2 \u00e0 3 brassins de 8 hl tous les 15 jours r\u00e9alis\u00e9s dans leurs tanks \u00e0 lait bidouill\u00e9s en cuves de brassage, ils ont atteint une production rentable et qui leur convient. Pas envie d&rsquo;augmenter la production, il vaut mieux laisser de la place pour \u00e9merger \u00e0 d&rsquo;autres brasseurs, explique Fran\u00e7ois, car plus une exploitation grandit et augmente sa production, moins elle cr\u00e9e d&#8217;emplois en rapport \u00e0 la production.<\/p>\n\n\n\n<h4 class=\"wp-block-heading\">Harmonie avec l&rsquo;environnement<\/h4>\n\n\n\n<p>Les nouveaux brasseurs veulent \u00e9galement exp\u00e9rimenter une fa\u00e7on de vivre et produire diff\u00e9rente, en harmonie avec l&rsquo;environnement, dans lequel les humains et les autres esp\u00e8ces cohabitent dans un m\u00eame milieu. En lien avec la Ligue de Protection des Oiseaux, ils souhaitent retourner vers l&rsquo;exploitation de <strong>semences anciennes<\/strong>, dont les propri\u00e9t\u00e9s (paille plus haute et r\u00e9colte plus tardive) sont certes moins int\u00e9ressantes du point de vue agronomique, mais plus <strong>favorables aux busards des roseaux qui nichent dans cet habitat<\/strong>.  Apr\u00e8s la visite, place \u00e0\u00a0 la d\u00e9gustation des bi\u00e8res de Fran\u00e7ois et  Ingrid, toutes affubl\u00e9es d&rsquo;une \u00e9tiquette repr\u00e9sentant un oiseau local.  La brasserie de la petite Ramoni\u00e8re, s\u00fbrement la plus petite et la plus  alternative de celles visit\u00e9es lors de ce Bi\u00e8reTour, \u00e9tait  impressionante de bienveillance et de coh\u00e9rence.  <\/p>\n\n\n\n<p>Maelle <\/p>\n","protected":false},"excerpt":{"rendered":"<p>D\u00e9part de Bourgneuf ce 3 mai, \u00e0 9h direction la Vend\u00e9e. Le trajet de 37 km nous am\u00e8ne d&rsquo;abord jusqu&rsquo;\u00e0 la c\u00f4te, o\u00f9 le groupe s&rsquo;octroie une pause avec vue sur l&rsquo;\u00eele de Noirmoutiers, puis \u00e0 travers le labyrinthe des marais bretons . Arriv\u00e9e aux alentours de midi \u00e0 la &#8230; <\/p>\n<div><a href=\"https:\/\/www.altercampagne.net\/?p=15112\" class=\"more-link\">Read More<\/a><\/div>\n","protected":false},"author":206,"featured_media":15231,"comment_status":"closed","ping_status":"closed","sticky":false,"template":"","format":"standard","meta":{"footnotes":""},"categories":[3483,3574,4037,3473,3773],"tags":[2658,4033],"class_list":["post-15112","post","type-post","status-publish","format-standard","has-post-thumbnail","hentry","category-agriculture","category-bieretour","category-biere","category-centre-val-de-loire","category-edition-2019","tag-lpo","tag-maltage"],"yoast_head":"<!-- This site is optimized with the Yoast SEO plugin v27.3 - https:\/\/yoast.com\/product\/yoast-seo-wordpress\/ -->\n<title>La petite Ramoni\u00e8re - AlterTour<\/title>\n<meta name=\"robots\" content=\"index, follow, max-snippet:-1, max-image-preview:large, max-video-preview:-1\" \/>\n<link rel=\"canonical\" href=\"https:\/\/www.altercampagne.net\/?p=15112\" \/>\n<meta property=\"og:locale\" content=\"fr_FR\" \/>\n<meta property=\"og:type\" content=\"article\" \/>\n<meta property=\"og:title\" content=\"La petite Ramoni\u00e8re - AlterTour\" \/>\n<meta property=\"og:description\" content=\"D\u00e9part de Bourgneuf ce 3 mai, \u00e0 9h direction la Vend\u00e9e. Le trajet de 37 km nous am\u00e8ne d&rsquo;abord jusqu&rsquo;\u00e0 la c\u00f4te, o\u00f9 le groupe s&rsquo;octroie une pause avec vue sur l&rsquo;\u00eele de Noirmoutiers, puis \u00e0 travers le labyrinthe des marais bretons . Arriv\u00e9e aux alentours de midi \u00e0 la ... Read More\" \/>\n<meta property=\"og:url\" content=\"https:\/\/www.altercampagne.net\/?p=15112\" \/>\n<meta property=\"og:site_name\" content=\"AlterTour\" \/>\n<meta property=\"article:published_time\" content=\"2019-05-03T15:58:08+00:00\" \/>\n<meta property=\"article:modified_time\" content=\"2019-09-15T15:57:21+00:00\" \/>\n<meta property=\"og:image\" content=\"https:\/\/www.altercampagne.net\/wp-content\/uploads\/2019\/08\/2019-05-10-IMG_7634.jpg\" \/>\n\t<meta property=\"og:image:width\" content=\"900\" \/>\n\t<meta property=\"og:image:height\" content=\"470\" \/>\n\t<meta property=\"og:image:type\" content=\"image\/jpeg\" \/>\n<meta name=\"author\" content=\"Sylvie F\" \/>\n<meta name=\"twitter:card\" content=\"summary_large_image\" \/>\n<meta name=\"twitter:label1\" content=\"\u00c9crit par\" \/>\n\t<meta name=\"twitter:data1\" content=\"Sylvie F\" \/>\n\t<meta name=\"twitter:label2\" content=\"Dur\u00e9e de lecture estim\u00e9e\" \/>\n\t<meta name=\"twitter:data2\" content=\"3 minutes\" \/>\n<script type=\"application\/ld+json\" class=\"yoast-schema-graph\">{\"@context\":\"https:\\\/\\\/schema.org\",\"@graph\":[{\"@type\":\"Article\",\"@id\":\"https:\\\/\\\/www.altercampagne.net\\\/?p=15112#article\",\"isPartOf\":{\"@id\":\"https:\\\/\\\/www.altercampagne.net\\\/?p=15112\"},\"author\":{\"name\":\"Sylvie F\",\"@id\":\"https:\\\/\\\/www.altercampagne.net\\\/#\\\/schema\\\/person\\\/fad5b6595876359c96e756d4d478f820\"},\"headline\":\"La petite Ramoni\u00e8re\",\"datePublished\":\"2019-05-03T15:58:08+00:00\",\"dateModified\":\"2019-09-15T15:57:21+00:00\",\"mainEntityOfPage\":{\"@id\":\"https:\\\/\\\/www.altercampagne.net\\\/?p=15112\"},\"wordCount\":631,\"image\":{\"@id\":\"https:\\\/\\\/www.altercampagne.net\\\/?p=15112#primaryimage\"},\"thumbnailUrl\":\"https:\\\/\\\/www.altercampagne.net\\\/wp-content\\\/uploads\\\/2019\\\/08\\\/2019-05-10-IMG_7634.jpg\",\"keywords\":[\"LPO\",\"maltage\"],\"articleSection\":[\"Agriculture\",\"Bi\u00e8reTour\",\"Bi\u00e8re\",\"Centre-Val de Loire\",\"Edition 2019\"],\"inLanguage\":\"fr-FR\"},{\"@type\":\"WebPage\",\"@id\":\"https:\\\/\\\/www.altercampagne.net\\\/?p=15112\",\"url\":\"https:\\\/\\\/www.altercampagne.net\\\/?p=15112\",\"name\":\"La petite Ramoni\u00e8re - AlterTour\",\"isPartOf\":{\"@id\":\"https:\\\/\\\/www.altercampagne.net\\\/#website\"},\"primaryImageOfPage\":{\"@id\":\"https:\\\/\\\/www.altercampagne.net\\\/?p=15112#primaryimage\"},\"image\":{\"@id\":\"https:\\\/\\\/www.altercampagne.net\\\/?p=15112#primaryimage\"},\"thumbnailUrl\":\"https:\\\/\\\/www.altercampagne.net\\\/wp-content\\\/uploads\\\/2019\\\/08\\\/2019-05-10-IMG_7634.jpg\",\"datePublished\":\"2019-05-03T15:58:08+00:00\",\"dateModified\":\"2019-09-15T15:57:21+00:00\",\"author\":{\"@id\":\"https:\\\/\\\/www.altercampagne.net\\\/#\\\/schema\\\/person\\\/fad5b6595876359c96e756d4d478f820\"},\"breadcrumb\":{\"@id\":\"https:\\\/\\\/www.altercampagne.net\\\/?p=15112#breadcrumb\"},\"inLanguage\":\"fr-FR\",\"potentialAction\":[{\"@type\":\"ReadAction\",\"target\":[\"https:\\\/\\\/www.altercampagne.net\\\/?p=15112\"]}]},{\"@type\":\"ImageObject\",\"inLanguage\":\"fr-FR\",\"@id\":\"https:\\\/\\\/www.altercampagne.net\\\/?p=15112#primaryimage\",\"url\":\"https:\\\/\\\/www.altercampagne.net\\\/wp-content\\\/uploads\\\/2019\\\/08\\\/2019-05-10-IMG_7634.jpg\",\"contentUrl\":\"https:\\\/\\\/www.altercampagne.net\\\/wp-content\\\/uploads\\\/2019\\\/08\\\/2019-05-10-IMG_7634.jpg\",\"width\":900,\"height\":470},{\"@type\":\"BreadcrumbList\",\"@id\":\"https:\\\/\\\/www.altercampagne.net\\\/?p=15112#breadcrumb\",\"itemListElement\":[{\"@type\":\"ListItem\",\"position\":1,\"name\":\"Accueil\",\"item\":\"https:\\\/\\\/www.altercampagne.net\\\/\"},{\"@type\":\"ListItem\",\"position\":2,\"name\":\"La petite Ramoni\u00e8re\"}]},{\"@type\":\"WebSite\",\"@id\":\"https:\\\/\\\/www.altercampagne.net\\\/#website\",\"url\":\"https:\\\/\\\/www.altercampagne.net\\\/\",\"name\":\"AlterTour\",\"description\":\"Reliez les Alternatives \u00e0 v\u00e9lo\",\"potentialAction\":[{\"@type\":\"SearchAction\",\"target\":{\"@type\":\"EntryPoint\",\"urlTemplate\":\"https:\\\/\\\/www.altercampagne.net\\\/?s={search_term_string}\"},\"query-input\":{\"@type\":\"PropertyValueSpecification\",\"valueRequired\":true,\"valueName\":\"search_term_string\"}}],\"inLanguage\":\"fr-FR\"},{\"@type\":\"Person\",\"@id\":\"https:\\\/\\\/www.altercampagne.net\\\/#\\\/schema\\\/person\\\/fad5b6595876359c96e756d4d478f820\",\"name\":\"Sylvie F\",\"image\":{\"@type\":\"ImageObject\",\"inLanguage\":\"fr-FR\",\"@id\":\"https:\\\/\\\/secure.gravatar.com\\\/avatar\\\/16b2d5f6a1293ef16eadfdd15315bab8d4a87db50333f39a9b9b7a1b269a713f?s=96&d=mm&r=g\",\"url\":\"https:\\\/\\\/secure.gravatar.com\\\/avatar\\\/16b2d5f6a1293ef16eadfdd15315bab8d4a87db50333f39a9b9b7a1b269a713f?s=96&d=mm&r=g\",\"contentUrl\":\"https:\\\/\\\/secure.gravatar.com\\\/avatar\\\/16b2d5f6a1293ef16eadfdd15315bab8d4a87db50333f39a9b9b7a1b269a713f?s=96&d=mm&r=g\",\"caption\":\"Sylvie F\"},\"url\":\"https:\\\/\\\/www.altercampagne.net\\\/?author=206\"}]}<\/script>\n<!-- \/ Yoast SEO plugin. -->","yoast_head_json":{"title":"La petite Ramoni\u00e8re - AlterTour","robots":{"index":"index","follow":"follow","max-snippet":"max-snippet:-1","max-image-preview":"max-image-preview:large","max-video-preview":"max-video-preview:-1"},"canonical":"https:\/\/www.altercampagne.net\/?p=15112","og_locale":"fr_FR","og_type":"article","og_title":"La petite Ramoni\u00e8re - AlterTour","og_description":"D\u00e9part de Bourgneuf ce 3 mai, \u00e0 9h direction la Vend\u00e9e. Le trajet de 37 km nous am\u00e8ne d&rsquo;abord jusqu&rsquo;\u00e0 la c\u00f4te, o\u00f9 le groupe s&rsquo;octroie une pause avec vue sur l&rsquo;\u00eele de Noirmoutiers, puis \u00e0 travers le labyrinthe des marais bretons . Arriv\u00e9e aux alentours de midi \u00e0 la ... Read More","og_url":"https:\/\/www.altercampagne.net\/?p=15112","og_site_name":"AlterTour","article_published_time":"2019-05-03T15:58:08+00:00","article_modified_time":"2019-09-15T15:57:21+00:00","og_image":[{"width":900,"height":470,"url":"https:\/\/www.altercampagne.net\/wp-content\/uploads\/2019\/08\/2019-05-10-IMG_7634.jpg","type":"image\/jpeg"}],"author":"Sylvie F","twitter_card":"summary_large_image","twitter_misc":{"\u00c9crit par":"Sylvie F","Dur\u00e9e de lecture estim\u00e9e":"3 minutes"},"schema":{"@context":"https:\/\/schema.org","@graph":[{"@type":"Article","@id":"https:\/\/www.altercampagne.net\/?p=15112#article","isPartOf":{"@id":"https:\/\/www.altercampagne.net\/?p=15112"},"author":{"name":"Sylvie F","@id":"https:\/\/www.altercampagne.net\/#\/schema\/person\/fad5b6595876359c96e756d4d478f820"},"headline":"La petite Ramoni\u00e8re","datePublished":"2019-05-03T15:58:08+00:00","dateModified":"2019-09-15T15:57:21+00:00","mainEntityOfPage":{"@id":"https:\/\/www.altercampagne.net\/?p=15112"},"wordCount":631,"image":{"@id":"https:\/\/www.altercampagne.net\/?p=15112#primaryimage"},"thumbnailUrl":"https:\/\/www.altercampagne.net\/wp-content\/uploads\/2019\/08\/2019-05-10-IMG_7634.jpg","keywords":["LPO","maltage"],"articleSection":["Agriculture","Bi\u00e8reTour","Bi\u00e8re","Centre-Val de Loire","Edition 2019"],"inLanguage":"fr-FR"},{"@type":"WebPage","@id":"https:\/\/www.altercampagne.net\/?p=15112","url":"https:\/\/www.altercampagne.net\/?p=15112","name":"La petite Ramoni\u00e8re - AlterTour","isPartOf":{"@id":"https:\/\/www.altercampagne.net\/#website"},"primaryImageOfPage":{"@id":"https:\/\/www.altercampagne.net\/?p=15112#primaryimage"},"image":{"@id":"https:\/\/www.altercampagne.net\/?p=15112#primaryimage"},"thumbnailUrl":"https:\/\/www.altercampagne.net\/wp-content\/uploads\/2019\/08\/2019-05-10-IMG_7634.jpg","datePublished":"2019-05-03T15:58:08+00:00","dateModified":"2019-09-15T15:57:21+00:00","author":{"@id":"https:\/\/www.altercampagne.net\/#\/schema\/person\/fad5b6595876359c96e756d4d478f820"},"breadcrumb":{"@id":"https:\/\/www.altercampagne.net\/?p=15112#breadcrumb"},"inLanguage":"fr-FR","potentialAction":[{"@type":"ReadAction","target":["https:\/\/www.altercampagne.net\/?p=15112"]}]},{"@type":"ImageObject","inLanguage":"fr-FR","@id":"https:\/\/www.altercampagne.net\/?p=15112#primaryimage","url":"https:\/\/www.altercampagne.net\/wp-content\/uploads\/2019\/08\/2019-05-10-IMG_7634.jpg","contentUrl":"https:\/\/www.altercampagne.net\/wp-content\/uploads\/2019\/08\/2019-05-10-IMG_7634.jpg","width":900,"height":470},{"@type":"BreadcrumbList","@id":"https:\/\/www.altercampagne.net\/?p=15112#breadcrumb","itemListElement":[{"@type":"ListItem","position":1,"name":"Accueil","item":"https:\/\/www.altercampagne.net\/"},{"@type":"ListItem","position":2,"name":"La petite Ramoni\u00e8re"}]},{"@type":"WebSite","@id":"https:\/\/www.altercampagne.net\/#website","url":"https:\/\/www.altercampagne.net\/","name":"AlterTour","description":"Reliez les Alternatives \u00e0 v\u00e9lo","potentialAction":[{"@type":"SearchAction","target":{"@type":"EntryPoint","urlTemplate":"https:\/\/www.altercampagne.net\/?s={search_term_string}"},"query-input":{"@type":"PropertyValueSpecification","valueRequired":true,"valueName":"search_term_string"}}],"inLanguage":"fr-FR"},{"@type":"Person","@id":"https:\/\/www.altercampagne.net\/#\/schema\/person\/fad5b6595876359c96e756d4d478f820","name":"Sylvie F","image":{"@type":"ImageObject","inLanguage":"fr-FR","@id":"https:\/\/secure.gravatar.com\/avatar\/16b2d5f6a1293ef16eadfdd15315bab8d4a87db50333f39a9b9b7a1b269a713f?s=96&d=mm&r=g","url":"https:\/\/secure.gravatar.com\/avatar\/16b2d5f6a1293ef16eadfdd15315bab8d4a87db50333f39a9b9b7a1b269a713f?s=96&d=mm&r=g","contentUrl":"https:\/\/secure.gravatar.com\/avatar\/16b2d5f6a1293ef16eadfdd15315bab8d4a87db50333f39a9b9b7a1b269a713f?s=96&d=mm&r=g","caption":"Sylvie F"},"url":"https:\/\/www.altercampagne.net\/?author=206"}]}},"_links":{"self":[{"href":"https:\/\/www.altercampagne.net\/index.php?rest_route=\/wp\/v2\/posts\/15112","targetHints":{"allow":["GET"]}}],"collection":[{"href":"https:\/\/www.altercampagne.net\/index.php?rest_route=\/wp\/v2\/posts"}],"about":[{"href":"https:\/\/www.altercampagne.net\/index.php?rest_route=\/wp\/v2\/types\/post"}],"author":[{"embeddable":true,"href":"https:\/\/www.altercampagne.net\/index.php?rest_route=\/wp\/v2\/users\/206"}],"replies":[{"embeddable":true,"href":"https:\/\/www.altercampagne.net\/index.php?rest_route=%2Fwp%2Fv2%2Fcomments&post=15112"}],"version-history":[{"count":0,"href":"https:\/\/www.altercampagne.net\/index.php?rest_route=\/wp\/v2\/posts\/15112\/revisions"}],"wp:featuredmedia":[{"embeddable":true,"href":"https:\/\/www.altercampagne.net\/index.php?rest_route=\/wp\/v2\/media\/15231"}],"wp:attachment":[{"href":"https:\/\/www.altercampagne.net\/index.php?rest_route=%2Fwp%2Fv2%2Fmedia&parent=15112"}],"wp:term":[{"taxonomy":"category","embeddable":true,"href":"https:\/\/www.altercampagne.net\/index.php?rest_route=%2Fwp%2Fv2%2Fcategories&post=15112"},{"taxonomy":"post_tag","embeddable":true,"href":"https:\/\/www.altercampagne.net\/index.php?rest_route=%2Fwp%2Fv2%2Ftags&post=15112"}],"curies":[{"name":"wp","href":"https:\/\/api.w.org\/{rel}","templated":true}]}}