{"id":1519,"date":"2015-06-18T11:27:32","date_gmt":"2015-06-18T09:27:32","guid":{"rendered":"http:\/\/www.altercampagne.net\/?p=1519"},"modified":"2020-02-24T15:21:40","modified_gmt":"2020-02-24T14:21:40","slug":"rencontre-avec-graine-dortie-le-24-juillet-2015-a-ancy-sur-mozelle","status":"publish","type":"post","link":"https:\/\/www.altercampagne.net\/?p=1519","title":{"rendered":"Rencontre avec Graine d&rsquo;Ortie le 24 juillet 2015 \u00e0 Ancy sur Mozelle"},"content":{"rendered":"<p><a href=\"http:\/\/www.altercampagne.net\/?page_id=172&amp;route=15\"><img loading=\"lazy\" decoding=\"async\" class=\" wp-image-1221 size-medium alignleft\" src=\"http:\/\/www.altercampagne.net\/wp-content\/uploads\/2015\/04\/2015-07-24-graine-d-ortie-300x219.jpg\" alt=\"Graine d'ortie AlterTour 2015\" width=\"300\" height=\"219\" srcset=\"https:\/\/www.altercampagne.net\/wp-content\/uploads\/2015\/04\/2015-07-24-graine-d-ortie-300x219.jpg 300w, https:\/\/www.altercampagne.net\/wp-content\/uploads\/2015\/04\/2015-07-24-graine-d-ortie.jpg 960w\" sizes=\"auto, (max-width: 300px) 100vw, 300px\" \/><\/a>Les enfants sont contents\u2026 Et les grands aussi&nbsp;! L\u2019association <i>Graine d\u2019Ortie <\/i>d\u2019Ancy sur Mozelle d\u00e9veloppe la conscience \u00e9co-citoyenne pour, selon la formule consacr\u00e9e, les 7 \u00e0 77 ans. Au sein du \u00ab&nbsp;Club Nature&nbsp;\u00bb, les plus jeunes travaillent \u00e0 l\u2019ann\u00e9e sur une th\u00e9matique choisie comme \u00ab&nbsp;Les oiseaux&nbsp;\u00bb, \u00ab&nbsp;L\u2019\u00e9nergie&nbsp;\u00bb ou \u00ab&nbsp;La pollution&nbsp;\u00bb. Les savoirs acquis au travers de sorties et d\u2019ateliers sont synth\u00e9tis\u00e9s dans le <i>P\u2019tit Canard Nature<\/i>, un journal \u00e0 partager ensuite avec les grands. Autres leviers de sensibilisation, la culture et l\u2019humour. Pour la <i>F\u00eate de la science<\/i>, la compagnie <i>Collapsart <\/i>est venue expliquer \u00ab&nbsp;Les myst\u00e8res du sol&nbsp;\u00bb, un spectacle scientifiquement valid\u00e9. Le jardin p\u00e9dagogique lanc\u00e9 en 1991 par l\u2019instituteur du village rassemble r\u00e9guli\u00e8rement parents et enfants. On y apprend le mara\u00eechage. Bio bien s\u00fbr. Sans oublier la quadruple AMAP, l\u00e9gumes\/\u0153ufs, fromage, pain, fruits\/jus de fruits. Point d\u2019orgue de l\u2019asso\u2019, la <i>F\u00eate du printemps <\/i>en mai. Elle draine 800 \u00e0 1000 personnes autour d\u2019ateliers, de conf\u00e9rences et de stands.<\/p>\n<p>Graine d&rsquo;Ortie accueillera l&rsquo;AlterTour le 24 juillet 2015 \u00e0 Ancy-sur-Moselle. Lien vers l\u2019<a href=\"http:\/\/www.altercampagne.net\/?page_id=172&amp;route=15\">\u00e9tape du 24 juillet 2015<\/a><\/p>\n","protected":false},"excerpt":{"rendered":"<p>Les enfants sont contents\u2026 Et les grands aussi&nbsp;! L\u2019association Graine d\u2019Ortie d\u2019Ancy sur Mozelle d\u00e9veloppe la conscience \u00e9co-citoyenne pour, selon la formule consacr\u00e9e, les 7 \u00e0 77 ans. Au sein du \u00ab&nbsp;Club Nature&nbsp;\u00bb, les plus jeunes travaillent \u00e0 l\u2019ann\u00e9e sur une th\u00e9matique choisie comme \u00ab&nbsp;Les oiseaux&nbsp;\u00bb, \u00ab&nbsp;L\u2019\u00e9nergie&nbsp;\u00bb ou \u00ab&nbsp;La pollution&nbsp;\u00bb. &#8230; <\/p>\n<div><a href=\"https:\/\/www.altercampagne.net\/?p=1519\" class=\"more-link\">Read More<\/a><\/div>\n","protected":false},"author":214,"featured_media":0,"comment_status":"closed","ping_status":"closed","sticky":false,"template":"","format":"standard","meta":{"footnotes":""},"categories":[3475,3938,3486,3460],"tags":[44,192,233,247,252,253,254,255,256,257,258,259,260,261,1546],"class_list":["post-1519","post","type-post","status-publish","format-standard","hentry","category-grand-est","category-education","category-environnement","category-edition-2015","tag-climat","tag-altertour-2015","tag-cop21","tag-lorraine","tag-reliez-les-alternatives-a-velo","tag-autre-tour-de-france","tag-amap","tag-ancy-sur-mozelle","tag-bio","tag-club-nature","tag-eco-citoyen","tag-energie","tag-graine-dortie","tag-pollution","tag-moselle","no-post-thumbnail"],"yoast_head":"<!-- This site is optimized with the Yoast SEO plugin v27.3 - https:\/\/yoast.com\/product\/yoast-seo-wordpress\/ -->\n<title>Rencontre avec Graine d&#039;Ortie le 24 juillet 2015 \u00e0 Ancy sur Mozelle - AlterTour<\/title>\n<meta name=\"robots\" content=\"index, follow, max-snippet:-1, max-image-preview:large, max-video-preview:-1\" \/>\n<link rel=\"canonical\" href=\"https:\/\/www.altercampagne.net\/?p=1519\" \/>\n<meta property=\"og:locale\" content=\"fr_FR\" \/>\n<meta property=\"og:type\" content=\"article\" \/>\n<meta property=\"og:title\" content=\"Rencontre avec Graine d&#039;Ortie le 24 juillet 2015 \u00e0 Ancy sur Mozelle - AlterTour\" \/>\n<meta property=\"og:description\" content=\"Les enfants sont contents\u2026 Et les grands aussi&nbsp;! L\u2019association Graine d\u2019Ortie d\u2019Ancy sur Mozelle d\u00e9veloppe la conscience \u00e9co-citoyenne pour, selon la formule consacr\u00e9e, les 7 \u00e0 77 ans. Au sein du \u00ab&nbsp;Club Nature&nbsp;\u00bb, les plus jeunes travaillent \u00e0 l\u2019ann\u00e9e sur une th\u00e9matique choisie comme \u00ab&nbsp;Les oiseaux&nbsp;\u00bb, \u00ab&nbsp;L\u2019\u00e9nergie&nbsp;\u00bb ou \u00ab&nbsp;La pollution&nbsp;\u00bb. ... Read More\" \/>\n<meta property=\"og:url\" content=\"https:\/\/www.altercampagne.net\/?p=1519\" \/>\n<meta property=\"og:site_name\" content=\"AlterTour\" \/>\n<meta property=\"article:published_time\" content=\"2015-06-18T09:27:32+00:00\" \/>\n<meta property=\"article:modified_time\" content=\"2020-02-24T14:21:40+00:00\" \/>\n<meta property=\"og:image\" content=\"http:\/\/www.altercampagne.net\/wp-content\/uploads\/2015\/04\/2015-07-24-graine-d-ortie-300x219.jpg\" \/>\n<meta name=\"author\" content=\"Mathieu\" \/>\n<meta name=\"twitter:card\" content=\"summary_large_image\" \/>\n<meta name=\"twitter:label1\" content=\"\u00c9crit par\" \/>\n\t<meta name=\"twitter:data1\" content=\"Mathieu\" \/>\n\t<meta name=\"twitter:label2\" content=\"Dur\u00e9e de lecture estim\u00e9e\" \/>\n\t<meta name=\"twitter:data2\" content=\"1 minute\" \/>\n<script type=\"application\/ld+json\" class=\"yoast-schema-graph\">{\"@context\":\"https:\\\/\\\/schema.org\",\"@graph\":[{\"@type\":\"Article\",\"@id\":\"https:\\\/\\\/www.altercampagne.net\\\/?p=1519#article\",\"isPartOf\":{\"@id\":\"https:\\\/\\\/www.altercampagne.net\\\/?p=1519\"},\"author\":{\"name\":\"Mathieu\",\"@id\":\"https:\\\/\\\/www.altercampagne.net\\\/#\\\/schema\\\/person\\\/0f261460c09e430caa0f9bcffa319109\"},\"headline\":\"Rencontre avec Graine d&rsquo;Ortie le 24 juillet 2015 \u00e0 Ancy sur Mozelle\",\"datePublished\":\"2015-06-18T09:27:32+00:00\",\"dateModified\":\"2020-02-24T14:21:40+00:00\",\"mainEntityOfPage\":{\"@id\":\"https:\\\/\\\/www.altercampagne.net\\\/?p=1519\"},\"wordCount\":216,\"image\":{\"@id\":\"https:\\\/\\\/www.altercampagne.net\\\/?p=1519#primaryimage\"},\"thumbnailUrl\":\"http:\\\/\\\/www.altercampagne.net\\\/wp-content\\\/uploads\\\/2015\\\/04\\\/2015-07-24-graine-d-ortie-300x219.jpg\",\"keywords\":[\"climat\",\"AlterTour 2015\",\"cop21\",\"Lorraine\",\"reliez les alternatives \u00e0 v\u00e9lo\",\"autre tour de France\",\"AMAP\",\"Ancy-sur-Mozelle\",\"bio\",\"club nature\",\"\u00e9co-citoyen\",\"\u00e9nergie\",\"Graine d'ortie\",\"pollution\",\"Moselle\"],\"articleSection\":[\"Grand Est\",\"Education\",\"Environnement\",\"\u00c9dition 2015\"],\"inLanguage\":\"fr-FR\"},{\"@type\":\"WebPage\",\"@id\":\"https:\\\/\\\/www.altercampagne.net\\\/?p=1519\",\"url\":\"https:\\\/\\\/www.altercampagne.net\\\/?p=1519\",\"name\":\"Rencontre avec Graine d'Ortie le 24 juillet 2015 \u00e0 Ancy sur Mozelle - AlterTour\",\"isPartOf\":{\"@id\":\"https:\\\/\\\/www.altercampagne.net\\\/#website\"},\"primaryImageOfPage\":{\"@id\":\"https:\\\/\\\/www.altercampagne.net\\\/?p=1519#primaryimage\"},\"image\":{\"@id\":\"https:\\\/\\\/www.altercampagne.net\\\/?p=1519#primaryimage\"},\"thumbnailUrl\":\"http:\\\/\\\/www.altercampagne.net\\\/wp-content\\\/uploads\\\/2015\\\/04\\\/2015-07-24-graine-d-ortie-300x219.jpg\",\"datePublished\":\"2015-06-18T09:27:32+00:00\",\"dateModified\":\"2020-02-24T14:21:40+00:00\",\"author\":{\"@id\":\"https:\\\/\\\/www.altercampagne.net\\\/#\\\/schema\\\/person\\\/0f261460c09e430caa0f9bcffa319109\"},\"breadcrumb\":{\"@id\":\"https:\\\/\\\/www.altercampagne.net\\\/?p=1519#breadcrumb\"},\"inLanguage\":\"fr-FR\",\"potentialAction\":[{\"@type\":\"ReadAction\",\"target\":[\"https:\\\/\\\/www.altercampagne.net\\\/?p=1519\"]}]},{\"@type\":\"ImageObject\",\"inLanguage\":\"fr-FR\",\"@id\":\"https:\\\/\\\/www.altercampagne.net\\\/?p=1519#primaryimage\",\"url\":\"https:\\\/\\\/www.altercampagne.net\\\/wp-content\\\/uploads\\\/2015\\\/04\\\/2015-07-24-graine-d-ortie.jpg\",\"contentUrl\":\"https:\\\/\\\/www.altercampagne.net\\\/wp-content\\\/uploads\\\/2015\\\/04\\\/2015-07-24-graine-d-ortie.jpg\",\"width\":960,\"height\":700,\"caption\":\"Graine d'ortie AlterTour 2015\"},{\"@type\":\"BreadcrumbList\",\"@id\":\"https:\\\/\\\/www.altercampagne.net\\\/?p=1519#breadcrumb\",\"itemListElement\":[{\"@type\":\"ListItem\",\"position\":1,\"name\":\"Accueil\",\"item\":\"https:\\\/\\\/www.altercampagne.net\\\/\"},{\"@type\":\"ListItem\",\"position\":2,\"name\":\"Rencontre avec Graine d&rsquo;Ortie le 24 juillet 2015 \u00e0 Ancy sur Mozelle\"}]},{\"@type\":\"WebSite\",\"@id\":\"https:\\\/\\\/www.altercampagne.net\\\/#website\",\"url\":\"https:\\\/\\\/www.altercampagne.net\\\/\",\"name\":\"AlterTour\",\"description\":\"Reliez les Alternatives \u00e0 v\u00e9lo\",\"potentialAction\":[{\"@type\":\"SearchAction\",\"target\":{\"@type\":\"EntryPoint\",\"urlTemplate\":\"https:\\\/\\\/www.altercampagne.net\\\/?s={search_term_string}\"},\"query-input\":{\"@type\":\"PropertyValueSpecification\",\"valueRequired\":true,\"valueName\":\"search_term_string\"}}],\"inLanguage\":\"fr-FR\"},{\"@type\":\"Person\",\"@id\":\"https:\\\/\\\/www.altercampagne.net\\\/#\\\/schema\\\/person\\\/0f261460c09e430caa0f9bcffa319109\",\"name\":\"Mathieu\",\"image\":{\"@type\":\"ImageObject\",\"inLanguage\":\"fr-FR\",\"@id\":\"https:\\\/\\\/secure.gravatar.com\\\/avatar\\\/aa9d3d24c83f2141e5e2709d0f63d09a99f6be6bb7a50abc4915838d9f54501a?s=96&d=mm&r=g\",\"url\":\"https:\\\/\\\/secure.gravatar.com\\\/avatar\\\/aa9d3d24c83f2141e5e2709d0f63d09a99f6be6bb7a50abc4915838d9f54501a?s=96&d=mm&r=g\",\"contentUrl\":\"https:\\\/\\\/secure.gravatar.com\\\/avatar\\\/aa9d3d24c83f2141e5e2709d0f63d09a99f6be6bb7a50abc4915838d9f54501a?s=96&d=mm&r=g\",\"caption\":\"Mathieu\"},\"url\":\"https:\\\/\\\/www.altercampagne.net\\\/?author=214\"}]}<\/script>\n<!-- \/ Yoast SEO plugin. -->","yoast_head_json":{"title":"Rencontre avec Graine d'Ortie le 24 juillet 2015 \u00e0 Ancy sur Mozelle - AlterTour","robots":{"index":"index","follow":"follow","max-snippet":"max-snippet:-1","max-image-preview":"max-image-preview:large","max-video-preview":"max-video-preview:-1"},"canonical":"https:\/\/www.altercampagne.net\/?p=1519","og_locale":"fr_FR","og_type":"article","og_title":"Rencontre avec Graine d'Ortie le 24 juillet 2015 \u00e0 Ancy sur Mozelle - AlterTour","og_description":"Les enfants sont contents\u2026 Et les grands aussi&nbsp;! L\u2019association Graine d\u2019Ortie d\u2019Ancy sur Mozelle d\u00e9veloppe la conscience \u00e9co-citoyenne pour, selon la formule consacr\u00e9e, les 7 \u00e0 77 ans. Au sein du \u00ab&nbsp;Club Nature&nbsp;\u00bb, les plus jeunes travaillent \u00e0 l\u2019ann\u00e9e sur une th\u00e9matique choisie comme \u00ab&nbsp;Les oiseaux&nbsp;\u00bb, \u00ab&nbsp;L\u2019\u00e9nergie&nbsp;\u00bb ou \u00ab&nbsp;La pollution&nbsp;\u00bb. ... Read More","og_url":"https:\/\/www.altercampagne.net\/?p=1519","og_site_name":"AlterTour","article_published_time":"2015-06-18T09:27:32+00:00","article_modified_time":"2020-02-24T14:21:40+00:00","og_image":[{"url":"http:\/\/www.altercampagne.net\/wp-content\/uploads\/2015\/04\/2015-07-24-graine-d-ortie-300x219.jpg","type":"","width":"","height":""}],"author":"Mathieu","twitter_card":"summary_large_image","twitter_misc":{"\u00c9crit par":"Mathieu","Dur\u00e9e de lecture estim\u00e9e":"1 minute"},"schema":{"@context":"https:\/\/schema.org","@graph":[{"@type":"Article","@id":"https:\/\/www.altercampagne.net\/?p=1519#article","isPartOf":{"@id":"https:\/\/www.altercampagne.net\/?p=1519"},"author":{"name":"Mathieu","@id":"https:\/\/www.altercampagne.net\/#\/schema\/person\/0f261460c09e430caa0f9bcffa319109"},"headline":"Rencontre avec Graine d&rsquo;Ortie le 24 juillet 2015 \u00e0 Ancy sur Mozelle","datePublished":"2015-06-18T09:27:32+00:00","dateModified":"2020-02-24T14:21:40+00:00","mainEntityOfPage":{"@id":"https:\/\/www.altercampagne.net\/?p=1519"},"wordCount":216,"image":{"@id":"https:\/\/www.altercampagne.net\/?p=1519#primaryimage"},"thumbnailUrl":"http:\/\/www.altercampagne.net\/wp-content\/uploads\/2015\/04\/2015-07-24-graine-d-ortie-300x219.jpg","keywords":["climat","AlterTour 2015","cop21","Lorraine","reliez les alternatives \u00e0 v\u00e9lo","autre tour de France","AMAP","Ancy-sur-Mozelle","bio","club nature","\u00e9co-citoyen","\u00e9nergie","Graine d'ortie","pollution","Moselle"],"articleSection":["Grand Est","Education","Environnement","\u00c9dition 2015"],"inLanguage":"fr-FR"},{"@type":"WebPage","@id":"https:\/\/www.altercampagne.net\/?p=1519","url":"https:\/\/www.altercampagne.net\/?p=1519","name":"Rencontre avec Graine d'Ortie le 24 juillet 2015 \u00e0 Ancy sur Mozelle - AlterTour","isPartOf":{"@id":"https:\/\/www.altercampagne.net\/#website"},"primaryImageOfPage":{"@id":"https:\/\/www.altercampagne.net\/?p=1519#primaryimage"},"image":{"@id":"https:\/\/www.altercampagne.net\/?p=1519#primaryimage"},"thumbnailUrl":"http:\/\/www.altercampagne.net\/wp-content\/uploads\/2015\/04\/2015-07-24-graine-d-ortie-300x219.jpg","datePublished":"2015-06-18T09:27:32+00:00","dateModified":"2020-02-24T14:21:40+00:00","author":{"@id":"https:\/\/www.altercampagne.net\/#\/schema\/person\/0f261460c09e430caa0f9bcffa319109"},"breadcrumb":{"@id":"https:\/\/www.altercampagne.net\/?p=1519#breadcrumb"},"inLanguage":"fr-FR","potentialAction":[{"@type":"ReadAction","target":["https:\/\/www.altercampagne.net\/?p=1519"]}]},{"@type":"ImageObject","inLanguage":"fr-FR","@id":"https:\/\/www.altercampagne.net\/?p=1519#primaryimage","url":"https:\/\/www.altercampagne.net\/wp-content\/uploads\/2015\/04\/2015-07-24-graine-d-ortie.jpg","contentUrl":"https:\/\/www.altercampagne.net\/wp-content\/uploads\/2015\/04\/2015-07-24-graine-d-ortie.jpg","width":960,"height":700,"caption":"Graine d'ortie AlterTour 2015"},{"@type":"BreadcrumbList","@id":"https:\/\/www.altercampagne.net\/?p=1519#breadcrumb","itemListElement":[{"@type":"ListItem","position":1,"name":"Accueil","item":"https:\/\/www.altercampagne.net\/"},{"@type":"ListItem","position":2,"name":"Rencontre avec Graine d&rsquo;Ortie le 24 juillet 2015 \u00e0 Ancy sur Mozelle"}]},{"@type":"WebSite","@id":"https:\/\/www.altercampagne.net\/#website","url":"https:\/\/www.altercampagne.net\/","name":"AlterTour","description":"Reliez les Alternatives \u00e0 v\u00e9lo","potentialAction":[{"@type":"SearchAction","target":{"@type":"EntryPoint","urlTemplate":"https:\/\/www.altercampagne.net\/?s={search_term_string}"},"query-input":{"@type":"PropertyValueSpecification","valueRequired":true,"valueName":"search_term_string"}}],"inLanguage":"fr-FR"},{"@type":"Person","@id":"https:\/\/www.altercampagne.net\/#\/schema\/person\/0f261460c09e430caa0f9bcffa319109","name":"Mathieu","image":{"@type":"ImageObject","inLanguage":"fr-FR","@id":"https:\/\/secure.gravatar.com\/avatar\/aa9d3d24c83f2141e5e2709d0f63d09a99f6be6bb7a50abc4915838d9f54501a?s=96&d=mm&r=g","url":"https:\/\/secure.gravatar.com\/avatar\/aa9d3d24c83f2141e5e2709d0f63d09a99f6be6bb7a50abc4915838d9f54501a?s=96&d=mm&r=g","contentUrl":"https:\/\/secure.gravatar.com\/avatar\/aa9d3d24c83f2141e5e2709d0f63d09a99f6be6bb7a50abc4915838d9f54501a?s=96&d=mm&r=g","caption":"Mathieu"},"url":"https:\/\/www.altercampagne.net\/?author=214"}]}},"_links":{"self":[{"href":"https:\/\/www.altercampagne.net\/index.php?rest_route=\/wp\/v2\/posts\/1519","targetHints":{"allow":["GET"]}}],"collection":[{"href":"https:\/\/www.altercampagne.net\/index.php?rest_route=\/wp\/v2\/posts"}],"about":[{"href":"https:\/\/www.altercampagne.net\/index.php?rest_route=\/wp\/v2\/types\/post"}],"author":[{"embeddable":true,"href":"https:\/\/www.altercampagne.net\/index.php?rest_route=\/wp\/v2\/users\/214"}],"replies":[{"embeddable":true,"href":"https:\/\/www.altercampagne.net\/index.php?rest_route=%2Fwp%2Fv2%2Fcomments&post=1519"}],"version-history":[{"count":1,"href":"https:\/\/www.altercampagne.net\/index.php?rest_route=\/wp\/v2\/posts\/1519\/revisions"}],"predecessor-version":[{"id":17360,"href":"https:\/\/www.altercampagne.net\/index.php?rest_route=\/wp\/v2\/posts\/1519\/revisions\/17360"}],"wp:attachment":[{"href":"https:\/\/www.altercampagne.net\/index.php?rest_route=%2Fwp%2Fv2%2Fmedia&parent=1519"}],"wp:term":[{"taxonomy":"category","embeddable":true,"href":"https:\/\/www.altercampagne.net\/index.php?rest_route=%2Fwp%2Fv2%2Fcategories&post=1519"},{"taxonomy":"post_tag","embeddable":true,"href":"https:\/\/www.altercampagne.net\/index.php?rest_route=%2Fwp%2Fv2%2Ftags&post=1519"}],"curies":[{"name":"wp","href":"https:\/\/api.w.org\/{rel}","templated":true}]}}