{"id":15225,"date":"2019-08-19T21:07:25","date_gmt":"2019-08-19T19:07:25","guid":{"rendered":"http:\/\/www.altercampagne.net\/?p=15225"},"modified":"2021-05-06T10:44:40","modified_gmt":"2021-05-06T08:44:40","slug":"la-ferme-des-arbolets-transmission-et-transition","status":"publish","type":"post","link":"https:\/\/www.altercampagne.net\/?p=15225","title":{"rendered":"La Ferme des Arbolets, transmission et  transition"},"content":{"rendered":"\n<p>&nbsp;Nous d\u00e9valons une derni\u00e8re pente et arrivons \u00e0 la&nbsp;<a rel=\"noreferrer noopener\" aria-label=\" (s\u2019ouvre dans un nouvel onglet)\" href=\"http:\/\/lafermedesarbolets.fr\/\" target=\"_blank\"><strong>Ferme des Arbolets<\/strong><\/a>.  Ancien voyageur et woofeur, Hugues Ancellin, a lanc\u00e9 un \u00e9levage de brebis et ch\u00e8vres avec transformation du lait en fromages et yaourts. Il a cr\u00e9\u00e9 en 2016 avec 2 amis ce projet de ferme collective bio, durable et transmissible selon de nouvelles modalit\u00e9s. <a rel=\"noreferrer noopener\" aria-label=\"No\u00e9mie (s\u2019ouvre dans un nouvel onglet)\" href=\"https:\/\/www.leporcnoirdenoemie.fr\/\" target=\"_blank\"><strong>No\u00e9mie<\/strong><\/a>, \u00e9l\u00e8ve des poules pondeuses et des porcs noirs en plein air, Philippine et Benjamin, sont mara\u00eechers. Ils nous pr\u00e9sentent leur projet, leur vie r\u00eav\u00e9e : faire un m\u00e9tier qu\u2019on aime, qui a du sens\u2026 et laisse du temps !<\/p>\n\n\n\n<p>Ils sont regroup\u00e9s en collectif d\u2019entreprises agricoles, ind\u00e9pendantes dans  leur gestion mais li\u00e9es dans le projet : construire la maison collective de la ferme et mettre en commun le foncier porteur des outils de travail : bergerie, parcelles de mara\u00eechage, etc\u2026 Aucun n\u2019habite dans la ferme qui pour l\u2019instant est la propri\u00e9t\u00e9 de Marie-Sylvie, la m\u00e8re de Hugues. Elle pose la question de la transition : pendant des ann\u00e9es elle a pratiqu\u00e9 ici l\u2019\u00e9levage de porcs hors-sol. Que faire de cet ancien b\u00e2ti ? Peut-on utiliser ces murs pour un projet culturel ? La conversion semble encore difficile et le nouveau monde se construit pour l&rsquo;instant \u00e0 c\u00f4t\u00e9, notamment gr\u00e2ce \u00e0 l&rsquo;appui de Marie-Sylvie.<\/p>\n\n\n\n<p>Tous les articles sur la Ferme des Arbolets : <a href=\"https:\/\/www.altercampagne.net\/?tag=ferme-des-arbolets\">https:\/\/www.altercampagne.net\/?tag=ferme-des-arbolets<\/a><\/p>\n\n\n\n<p class=\"has-text-align-right\"><strong>Danielle <\/strong><\/p>\n","protected":false},"excerpt":{"rendered":"<p>&nbsp;Nous d\u00e9valons une derni\u00e8re pente et arrivons \u00e0 la&nbsp;Ferme des Arbolets. Ancien voyageur et woofeur, Hugues Ancellin, a lanc\u00e9 un \u00e9levage de brebis et ch\u00e8vres avec transformation du lait en fromages et yaourts. Il a cr\u00e9\u00e9 en 2016 avec 2 amis ce projet de ferme collective bio, durable et transmissible &#8230; <\/p>\n<div><a href=\"https:\/\/www.altercampagne.net\/?p=15225\" class=\"more-link\">Read More<\/a><\/div>\n","protected":false},"author":176,"featured_media":15226,"comment_status":"closed","ping_status":"closed","sticky":false,"template":"","format":"standard","meta":{"footnotes":""},"categories":[3483,4313,3773,3480],"tags":[4034],"class_list":["post-15225","post","type-post","status-publish","format-standard","has-post-thumbnail","hentry","category-agriculture","category-altertour","category-edition-2019","category-occitanie","tag-ferme-des-arbolets"],"yoast_head":"<!-- This site is optimized with the Yoast SEO plugin v27.3 - https:\/\/yoast.com\/product\/yoast-seo-wordpress\/ -->\n<title>La Ferme des Arbolets, transmission et transition - AlterTour<\/title>\n<meta name=\"robots\" content=\"index, follow, max-snippet:-1, max-image-preview:large, max-video-preview:-1\" \/>\n<link rel=\"canonical\" href=\"https:\/\/www.altercampagne.net\/?p=15225\" \/>\n<meta property=\"og:locale\" content=\"fr_FR\" \/>\n<meta property=\"og:type\" content=\"article\" \/>\n<meta property=\"og:title\" content=\"La Ferme des Arbolets, transmission et transition - AlterTour\" \/>\n<meta property=\"og:description\" content=\"&nbsp;Nous d\u00e9valons une derni\u00e8re pente et arrivons \u00e0 la&nbsp;Ferme des Arbolets. Ancien voyageur et woofeur, Hugues Ancellin, a lanc\u00e9 un \u00e9levage de brebis et ch\u00e8vres avec transformation du lait en fromages et yaourts. Il a cr\u00e9\u00e9 en 2016 avec 2 amis ce projet de ferme collective bio, durable et transmissible ... Read More\" \/>\n<meta property=\"og:url\" content=\"https:\/\/www.altercampagne.net\/?p=15225\" \/>\n<meta property=\"og:site_name\" content=\"AlterTour\" \/>\n<meta property=\"article:published_time\" content=\"2019-08-19T19:07:25+00:00\" \/>\n<meta property=\"article:modified_time\" content=\"2021-05-06T08:44:40+00:00\" \/>\n<meta property=\"og:image\" content=\"https:\/\/www.altercampagne.net\/wp-content\/uploads\/2019\/09\/2019-08-19-IMG_9546.jpg\" \/>\n\t<meta property=\"og:image:width\" content=\"900\" \/>\n\t<meta property=\"og:image:height\" content=\"470\" \/>\n\t<meta property=\"og:image:type\" content=\"image\/jpeg\" \/>\n<meta name=\"author\" content=\"Danielle\" \/>\n<meta name=\"twitter:card\" content=\"summary_large_image\" \/>\n<meta name=\"twitter:label1\" content=\"\u00c9crit par\" \/>\n\t<meta name=\"twitter:data1\" content=\"Danielle\" \/>\n\t<meta name=\"twitter:label2\" content=\"Dur\u00e9e de lecture estim\u00e9e\" \/>\n\t<meta name=\"twitter:data2\" content=\"1 minute\" \/>\n<script type=\"application\/ld+json\" class=\"yoast-schema-graph\">{\"@context\":\"https:\\\/\\\/schema.org\",\"@graph\":[{\"@type\":\"Article\",\"@id\":\"https:\\\/\\\/www.altercampagne.net\\\/?p=15225#article\",\"isPartOf\":{\"@id\":\"https:\\\/\\\/www.altercampagne.net\\\/?p=15225\"},\"author\":{\"name\":\"Danielle\",\"@id\":\"https:\\\/\\\/www.altercampagne.net\\\/#\\\/schema\\\/person\\\/51a66b19d7cefe375b07ec2f79a4163e\"},\"headline\":\"La Ferme des Arbolets, transmission et transition\",\"datePublished\":\"2019-08-19T19:07:25+00:00\",\"dateModified\":\"2021-05-06T08:44:40+00:00\",\"mainEntityOfPage\":{\"@id\":\"https:\\\/\\\/www.altercampagne.net\\\/?p=15225\"},\"wordCount\":249,\"image\":{\"@id\":\"https:\\\/\\\/www.altercampagne.net\\\/?p=15225#primaryimage\"},\"thumbnailUrl\":\"https:\\\/\\\/www.altercampagne.net\\\/wp-content\\\/uploads\\\/2019\\\/09\\\/2019-08-19-IMG_9546.jpg\",\"keywords\":[\"Ferme des Arbolets\"],\"articleSection\":[\"Agriculture\",\"AlterTour\",\"Edition 2019\",\"Occitanie\"],\"inLanguage\":\"fr-FR\"},{\"@type\":\"WebPage\",\"@id\":\"https:\\\/\\\/www.altercampagne.net\\\/?p=15225\",\"url\":\"https:\\\/\\\/www.altercampagne.net\\\/?p=15225\",\"name\":\"La Ferme des Arbolets, transmission et transition - AlterTour\",\"isPartOf\":{\"@id\":\"https:\\\/\\\/www.altercampagne.net\\\/#website\"},\"primaryImageOfPage\":{\"@id\":\"https:\\\/\\\/www.altercampagne.net\\\/?p=15225#primaryimage\"},\"image\":{\"@id\":\"https:\\\/\\\/www.altercampagne.net\\\/?p=15225#primaryimage\"},\"thumbnailUrl\":\"https:\\\/\\\/www.altercampagne.net\\\/wp-content\\\/uploads\\\/2019\\\/09\\\/2019-08-19-IMG_9546.jpg\",\"datePublished\":\"2019-08-19T19:07:25+00:00\",\"dateModified\":\"2021-05-06T08:44:40+00:00\",\"author\":{\"@id\":\"https:\\\/\\\/www.altercampagne.net\\\/#\\\/schema\\\/person\\\/51a66b19d7cefe375b07ec2f79a4163e\"},\"breadcrumb\":{\"@id\":\"https:\\\/\\\/www.altercampagne.net\\\/?p=15225#breadcrumb\"},\"inLanguage\":\"fr-FR\",\"potentialAction\":[{\"@type\":\"ReadAction\",\"target\":[\"https:\\\/\\\/www.altercampagne.net\\\/?p=15225\"]}]},{\"@type\":\"ImageObject\",\"inLanguage\":\"fr-FR\",\"@id\":\"https:\\\/\\\/www.altercampagne.net\\\/?p=15225#primaryimage\",\"url\":\"https:\\\/\\\/www.altercampagne.net\\\/wp-content\\\/uploads\\\/2019\\\/09\\\/2019-08-19-IMG_9546.jpg\",\"contentUrl\":\"https:\\\/\\\/www.altercampagne.net\\\/wp-content\\\/uploads\\\/2019\\\/09\\\/2019-08-19-IMG_9546.jpg\",\"width\":900,\"height\":470},{\"@type\":\"BreadcrumbList\",\"@id\":\"https:\\\/\\\/www.altercampagne.net\\\/?p=15225#breadcrumb\",\"itemListElement\":[{\"@type\":\"ListItem\",\"position\":1,\"name\":\"Accueil\",\"item\":\"https:\\\/\\\/www.altercampagne.net\\\/\"},{\"@type\":\"ListItem\",\"position\":2,\"name\":\"La Ferme des Arbolets, transmission et transition\"}]},{\"@type\":\"WebSite\",\"@id\":\"https:\\\/\\\/www.altercampagne.net\\\/#website\",\"url\":\"https:\\\/\\\/www.altercampagne.net\\\/\",\"name\":\"AlterTour\",\"description\":\"Reliez les Alternatives \u00e0 v\u00e9lo\",\"potentialAction\":[{\"@type\":\"SearchAction\",\"target\":{\"@type\":\"EntryPoint\",\"urlTemplate\":\"https:\\\/\\\/www.altercampagne.net\\\/?s={search_term_string}\"},\"query-input\":{\"@type\":\"PropertyValueSpecification\",\"valueRequired\":true,\"valueName\":\"search_term_string\"}}],\"inLanguage\":\"fr-FR\"},{\"@type\":\"Person\",\"@id\":\"https:\\\/\\\/www.altercampagne.net\\\/#\\\/schema\\\/person\\\/51a66b19d7cefe375b07ec2f79a4163e\",\"name\":\"Danielle\",\"image\":{\"@type\":\"ImageObject\",\"inLanguage\":\"fr-FR\",\"@id\":\"https:\\\/\\\/secure.gravatar.com\\\/avatar\\\/04d576be7738f1d143003cddc1b859129ca5325fbbfe0ceb5cba7ee2583933ec?s=96&d=mm&r=g\",\"url\":\"https:\\\/\\\/secure.gravatar.com\\\/avatar\\\/04d576be7738f1d143003cddc1b859129ca5325fbbfe0ceb5cba7ee2583933ec?s=96&d=mm&r=g\",\"contentUrl\":\"https:\\\/\\\/secure.gravatar.com\\\/avatar\\\/04d576be7738f1d143003cddc1b859129ca5325fbbfe0ceb5cba7ee2583933ec?s=96&d=mm&r=g\",\"caption\":\"Danielle\"},\"url\":\"https:\\\/\\\/www.altercampagne.net\\\/?author=176\"}]}<\/script>\n<!-- \/ Yoast SEO plugin. -->","yoast_head_json":{"title":"La Ferme des Arbolets, transmission et transition - AlterTour","robots":{"index":"index","follow":"follow","max-snippet":"max-snippet:-1","max-image-preview":"max-image-preview:large","max-video-preview":"max-video-preview:-1"},"canonical":"https:\/\/www.altercampagne.net\/?p=15225","og_locale":"fr_FR","og_type":"article","og_title":"La Ferme des Arbolets, transmission et transition - AlterTour","og_description":"&nbsp;Nous d\u00e9valons une derni\u00e8re pente et arrivons \u00e0 la&nbsp;Ferme des Arbolets. Ancien voyageur et woofeur, Hugues Ancellin, a lanc\u00e9 un \u00e9levage de brebis et ch\u00e8vres avec transformation du lait en fromages et yaourts. Il a cr\u00e9\u00e9 en 2016 avec 2 amis ce projet de ferme collective bio, durable et transmissible ... Read More","og_url":"https:\/\/www.altercampagne.net\/?p=15225","og_site_name":"AlterTour","article_published_time":"2019-08-19T19:07:25+00:00","article_modified_time":"2021-05-06T08:44:40+00:00","og_image":[{"width":900,"height":470,"url":"https:\/\/www.altercampagne.net\/wp-content\/uploads\/2019\/09\/2019-08-19-IMG_9546.jpg","type":"image\/jpeg"}],"author":"Danielle","twitter_card":"summary_large_image","twitter_misc":{"\u00c9crit par":"Danielle","Dur\u00e9e de lecture estim\u00e9e":"1 minute"},"schema":{"@context":"https:\/\/schema.org","@graph":[{"@type":"Article","@id":"https:\/\/www.altercampagne.net\/?p=15225#article","isPartOf":{"@id":"https:\/\/www.altercampagne.net\/?p=15225"},"author":{"name":"Danielle","@id":"https:\/\/www.altercampagne.net\/#\/schema\/person\/51a66b19d7cefe375b07ec2f79a4163e"},"headline":"La Ferme des Arbolets, transmission et transition","datePublished":"2019-08-19T19:07:25+00:00","dateModified":"2021-05-06T08:44:40+00:00","mainEntityOfPage":{"@id":"https:\/\/www.altercampagne.net\/?p=15225"},"wordCount":249,"image":{"@id":"https:\/\/www.altercampagne.net\/?p=15225#primaryimage"},"thumbnailUrl":"https:\/\/www.altercampagne.net\/wp-content\/uploads\/2019\/09\/2019-08-19-IMG_9546.jpg","keywords":["Ferme des Arbolets"],"articleSection":["Agriculture","AlterTour","Edition 2019","Occitanie"],"inLanguage":"fr-FR"},{"@type":"WebPage","@id":"https:\/\/www.altercampagne.net\/?p=15225","url":"https:\/\/www.altercampagne.net\/?p=15225","name":"La Ferme des Arbolets, transmission et transition - AlterTour","isPartOf":{"@id":"https:\/\/www.altercampagne.net\/#website"},"primaryImageOfPage":{"@id":"https:\/\/www.altercampagne.net\/?p=15225#primaryimage"},"image":{"@id":"https:\/\/www.altercampagne.net\/?p=15225#primaryimage"},"thumbnailUrl":"https:\/\/www.altercampagne.net\/wp-content\/uploads\/2019\/09\/2019-08-19-IMG_9546.jpg","datePublished":"2019-08-19T19:07:25+00:00","dateModified":"2021-05-06T08:44:40+00:00","author":{"@id":"https:\/\/www.altercampagne.net\/#\/schema\/person\/51a66b19d7cefe375b07ec2f79a4163e"},"breadcrumb":{"@id":"https:\/\/www.altercampagne.net\/?p=15225#breadcrumb"},"inLanguage":"fr-FR","potentialAction":[{"@type":"ReadAction","target":["https:\/\/www.altercampagne.net\/?p=15225"]}]},{"@type":"ImageObject","inLanguage":"fr-FR","@id":"https:\/\/www.altercampagne.net\/?p=15225#primaryimage","url":"https:\/\/www.altercampagne.net\/wp-content\/uploads\/2019\/09\/2019-08-19-IMG_9546.jpg","contentUrl":"https:\/\/www.altercampagne.net\/wp-content\/uploads\/2019\/09\/2019-08-19-IMG_9546.jpg","width":900,"height":470},{"@type":"BreadcrumbList","@id":"https:\/\/www.altercampagne.net\/?p=15225#breadcrumb","itemListElement":[{"@type":"ListItem","position":1,"name":"Accueil","item":"https:\/\/www.altercampagne.net\/"},{"@type":"ListItem","position":2,"name":"La Ferme des Arbolets, transmission et transition"}]},{"@type":"WebSite","@id":"https:\/\/www.altercampagne.net\/#website","url":"https:\/\/www.altercampagne.net\/","name":"AlterTour","description":"Reliez les Alternatives \u00e0 v\u00e9lo","potentialAction":[{"@type":"SearchAction","target":{"@type":"EntryPoint","urlTemplate":"https:\/\/www.altercampagne.net\/?s={search_term_string}"},"query-input":{"@type":"PropertyValueSpecification","valueRequired":true,"valueName":"search_term_string"}}],"inLanguage":"fr-FR"},{"@type":"Person","@id":"https:\/\/www.altercampagne.net\/#\/schema\/person\/51a66b19d7cefe375b07ec2f79a4163e","name":"Danielle","image":{"@type":"ImageObject","inLanguage":"fr-FR","@id":"https:\/\/secure.gravatar.com\/avatar\/04d576be7738f1d143003cddc1b859129ca5325fbbfe0ceb5cba7ee2583933ec?s=96&d=mm&r=g","url":"https:\/\/secure.gravatar.com\/avatar\/04d576be7738f1d143003cddc1b859129ca5325fbbfe0ceb5cba7ee2583933ec?s=96&d=mm&r=g","contentUrl":"https:\/\/secure.gravatar.com\/avatar\/04d576be7738f1d143003cddc1b859129ca5325fbbfe0ceb5cba7ee2583933ec?s=96&d=mm&r=g","caption":"Danielle"},"url":"https:\/\/www.altercampagne.net\/?author=176"}]}},"_links":{"self":[{"href":"https:\/\/www.altercampagne.net\/index.php?rest_route=\/wp\/v2\/posts\/15225","targetHints":{"allow":["GET"]}}],"collection":[{"href":"https:\/\/www.altercampagne.net\/index.php?rest_route=\/wp\/v2\/posts"}],"about":[{"href":"https:\/\/www.altercampagne.net\/index.php?rest_route=\/wp\/v2\/types\/post"}],"author":[{"embeddable":true,"href":"https:\/\/www.altercampagne.net\/index.php?rest_route=\/wp\/v2\/users\/176"}],"replies":[{"embeddable":true,"href":"https:\/\/www.altercampagne.net\/index.php?rest_route=%2Fwp%2Fv2%2Fcomments&post=15225"}],"version-history":[{"count":3,"href":"https:\/\/www.altercampagne.net\/index.php?rest_route=\/wp\/v2\/posts\/15225\/revisions"}],"predecessor-version":[{"id":17596,"href":"https:\/\/www.altercampagne.net\/index.php?rest_route=\/wp\/v2\/posts\/15225\/revisions\/17596"}],"wp:featuredmedia":[{"embeddable":true,"href":"https:\/\/www.altercampagne.net\/index.php?rest_route=\/wp\/v2\/media\/15226"}],"wp:attachment":[{"href":"https:\/\/www.altercampagne.net\/index.php?rest_route=%2Fwp%2Fv2%2Fmedia&parent=15225"}],"wp:term":[{"taxonomy":"category","embeddable":true,"href":"https:\/\/www.altercampagne.net\/index.php?rest_route=%2Fwp%2Fv2%2Fcategories&post=15225"},{"taxonomy":"post_tag","embeddable":true,"href":"https:\/\/www.altercampagne.net\/index.php?rest_route=%2Fwp%2Fv2%2Ftags&post=15225"}],"curies":[{"name":"wp","href":"https:\/\/api.w.org\/{rel}","templated":true}]}}