{"id":1523,"date":"2015-06-19T08:07:59","date_gmt":"2015-06-19T06:07:59","guid":{"rendered":"http:\/\/www.altercampagne.net\/?p=1523"},"modified":"2020-02-24T15:21:06","modified_gmt":"2020-02-24T14:21:06","slug":"convergence-avec-le-tour-alternatiba-du-27-au-30-juillet-2015","status":"publish","type":"post","link":"https:\/\/www.altercampagne.net\/?p=1523","title":{"rendered":"Convergence avec le Tour Alternatiba du 27 au 30 juillet 2015"},"content":{"rendered":"<p><a href=\"http:\/\/www.altercampagne.net\/wp-content\/uploads\/2015\/04\/2015-07-27-Tour-Tandem-Alternatiba.jpg\"><img loading=\"lazy\" decoding=\"async\" class=\" wp-image-1223 size-medium alignright\" src=\"http:\/\/www.altercampagne.net\/wp-content\/uploads\/2015\/04\/2015-07-27-Tour-Tandem-Alternatiba-300x219.jpg\" alt=\"Tour Alternatiba AlterTour 2015\" width=\"300\" height=\"219\" srcset=\"https:\/\/www.altercampagne.net\/wp-content\/uploads\/2015\/04\/2015-07-27-Tour-Tandem-Alternatiba-300x219.jpg 300w, https:\/\/www.altercampagne.net\/wp-content\/uploads\/2015\/04\/2015-07-27-Tour-Tandem-Alternatiba.jpg 960w\" sizes=\"auto, (max-width: 300px) 100vw, 300px\" \/><\/a>Devinette&nbsp;: qui suis-je&nbsp;? De Bayonne \u00e0 Paris, je passe aussi par 5 pays europ\u00e9ens. J\u2019avance gr\u00e2ce \u00e0 une quadruplette, un v\u00e9lo 4 places, et deux triplettes avec plein de gens diff\u00e9rents dessus qui feront 187 \u00e9tapes. Elles sont l\u2019occasion de r\u00e9v\u00e9ler les alternatives de nos territoires pour relever le d\u00e9fi climatique et construire un monde meilleur, dans tous les domaines du quotidien&nbsp;: alimentation et agriculture, transports, \u00e9nergie, \u00e9co-habitat, etc. Du 5 juin au 26 septembre 2015, je vais proposer beaucoup d\u2019activit\u00e9s&nbsp;: v\u00e9lorutions, repas partag\u00e9s, animations, conf\u00e9rences, pr\u00e9paration de la mobilisation pour le sommet COP21 sur le climat de Paris 2015, pactes des \u00e9lus pour la transition, p\u00e9tition pour le climat, livre des alternatives, festivit\u00e9s&#8230;. Qui suis-je&nbsp;? L\u2019AlterTour&nbsp;? Eh bien non&nbsp;! Mais <i>Alternatiba <\/i>et ses 5000 km \u00e0 v\u00e9lo pour le climat. Mais ces deux manifestations-s\u0153urs convergeront les 27 et 30 juillet entre Thionville et Charleville-M\u00e9zi\u00e8re. Rejoignez-nous&nbsp;!!!<\/p>\n<p><b><i>\u00ab&nbsp;La th\u00e9matique du climat relie tout ou presque de notre quotidien&nbsp;\u00bb<\/i><\/b><\/p>\n<p><i>\u00ab&nbsp;Votre th\u00e9matique 2015 \u00ab&nbsp;E(t)moi pour le climat&nbsp;\u00bb, fait bien \u00e9videmment penser \u00e0 \u00ab&nbsp;Et moi&nbsp;? Qu\u2019est-ce que je peux faire&nbsp;?&nbsp;\u00bb. Et \u00e7a tombe bien puisque justement, tout le monde peut \u00eatre acteur. La th\u00e9matique du climat est tellement transversale, elle relie tellement de choses, si ce n\u2019est tout ou presque de notre vie courante&nbsp;! Que ce soit en consid\u00e9rant l\u2019alimentation, le transport, le logement, la gestion des d\u00e9chets, le syst\u00e8me \u00e9conomique, et bien s\u00fbr la production et la consommation d\u2019\u00e9nergie, si tout le monde s\u2019y met, cela contribuera \u00e0 la sauvegarde d\u2019un climat encore vivable. Et les solutions font forc\u00e9ment appel \u00e0 des notions plus sociales comme le partage, la solidarit\u00e9. Je parlais \u00e0 l\u2019instant de d\u00e9chets. Il va falloir entrer dans une logique du z\u00e9ro d\u00e9chet en r\u00e9parant et en aidant \u00e0 r\u00e9parer, en recyclant, en partageant, en donnant. Les alternatives au changement climatique existent, sont nombreuses et nous montrent la direction d\u2019une soci\u00e9t\u00e9 plus humaine, plus d\u00e9sirable. Qu\u2019attendons-nous&nbsp;?&nbsp;\u00bb<\/i><\/p>\n<p class=\"right\" style=\"text-align: right;\"><i>&nbsp;<\/i><b>Yannick, organisateur et passager de la quadriplette<\/b><\/p>\n<p>Extrait du Recueil des Alternatives de l&rsquo;AlterTour 2015, disponible dans le num\u00e9ro de juin de la <a title=\"Revue Silence\" href=\"http:\/\/www.revuesilence.net\/\" target=\"_blank\" rel=\"noopener noreferrer\">Revue Silence<\/a><\/p>\n<p>Le Tour Alternatiba et l&rsquo;AlterTour convergeront du 27 au 30 de Thionville \u00e0 Charleville-M\u00e9zi\u00e8res. Lien vers la fiche <a href=\"http:\/\/www.altercampagne.net\/?page_id=172&amp;route=21\">\u00e9tape du 27 juillet 2015<\/a><\/p>\n","protected":false},"excerpt":{"rendered":"<p>Devinette&nbsp;: qui suis-je&nbsp;? De Bayonne \u00e0 Paris, je passe aussi par 5 pays europ\u00e9ens. J\u2019avance gr\u00e2ce \u00e0 une quadruplette, un v\u00e9lo 4 places, et deux triplettes avec plein de gens diff\u00e9rents dessus qui feront 187 \u00e9tapes. Elles sont l\u2019occasion de r\u00e9v\u00e9ler les alternatives de nos territoires pour relever le d\u00e9fi &#8230; <\/p>\n<div><a href=\"https:\/\/www.altercampagne.net\/?p=1523\" class=\"more-link\">Read More<\/a><\/div>\n","protected":false},"author":214,"featured_media":0,"comment_status":"closed","ping_status":"closed","sticky":false,"template":"","format":"standard","meta":{"footnotes":""},"categories":[3460,3542,3540],"tags":[11,44,68,102,192,218,233,252,253,263,264,1672],"class_list":["post-1523","post","type-post","status-publish","format-standard","hentry","category-edition-2015","category-lutte","category-transverse","tag-alternatiba","tag-climat","tag-paris","tag-velorution","tag-altertour-2015","tag-tour-alternatiba","tag-cop21","tag-reliez-les-alternatives-a-velo","tag-autre-tour-de-france","tag-bayonne","tag-tour-tandem","tag-1672","no-post-thumbnail"],"yoast_head":"<!-- This site is optimized with the Yoast SEO plugin v27.3 - https:\/\/yoast.com\/product\/yoast-seo-wordpress\/ -->\n<title>Convergence avec le Tour Alternatiba du 27 au 30 juillet 2015 - AlterTour<\/title>\n<meta name=\"robots\" content=\"index, follow, max-snippet:-1, max-image-preview:large, max-video-preview:-1\" \/>\n<link rel=\"canonical\" href=\"https:\/\/www.altercampagne.net\/?p=1523\" \/>\n<meta property=\"og:locale\" content=\"fr_FR\" \/>\n<meta property=\"og:type\" content=\"article\" \/>\n<meta property=\"og:title\" content=\"Convergence avec le Tour Alternatiba du 27 au 30 juillet 2015 - AlterTour\" \/>\n<meta property=\"og:description\" content=\"Devinette&nbsp;: qui suis-je&nbsp;? De Bayonne \u00e0 Paris, je passe aussi par 5 pays europ\u00e9ens. J\u2019avance gr\u00e2ce \u00e0 une quadruplette, un v\u00e9lo 4 places, et deux triplettes avec plein de gens diff\u00e9rents dessus qui feront 187 \u00e9tapes. Elles sont l\u2019occasion de r\u00e9v\u00e9ler les alternatives de nos territoires pour relever le d\u00e9fi ... Read More\" \/>\n<meta property=\"og:url\" content=\"https:\/\/www.altercampagne.net\/?p=1523\" \/>\n<meta property=\"og:site_name\" content=\"AlterTour\" \/>\n<meta property=\"article:published_time\" content=\"2015-06-19T06:07:59+00:00\" \/>\n<meta property=\"article:modified_time\" content=\"2020-02-24T14:21:06+00:00\" \/>\n<meta property=\"og:image\" content=\"http:\/\/www.altercampagne.net\/wp-content\/uploads\/2015\/04\/2015-07-27-Tour-Tandem-Alternatiba-300x219.jpg\" \/>\n<meta name=\"author\" content=\"Mathieu\" \/>\n<meta name=\"twitter:card\" content=\"summary_large_image\" \/>\n<meta name=\"twitter:label1\" content=\"\u00c9crit par\" \/>\n\t<meta name=\"twitter:data1\" content=\"Mathieu\" \/>\n\t<meta name=\"twitter:label2\" content=\"Dur\u00e9e de lecture estim\u00e9e\" \/>\n\t<meta name=\"twitter:data2\" content=\"2 minutes\" \/>\n<script type=\"application\/ld+json\" class=\"yoast-schema-graph\">{\"@context\":\"https:\\\/\\\/schema.org\",\"@graph\":[{\"@type\":\"Article\",\"@id\":\"https:\\\/\\\/www.altercampagne.net\\\/?p=1523#article\",\"isPartOf\":{\"@id\":\"https:\\\/\\\/www.altercampagne.net\\\/?p=1523\"},\"author\":{\"name\":\"Mathieu\",\"@id\":\"https:\\\/\\\/www.altercampagne.net\\\/#\\\/schema\\\/person\\\/0f261460c09e430caa0f9bcffa319109\"},\"headline\":\"Convergence avec le Tour Alternatiba du 27 au 30 juillet 2015\",\"datePublished\":\"2015-06-19T06:07:59+00:00\",\"dateModified\":\"2020-02-24T14:21:06+00:00\",\"mainEntityOfPage\":{\"@id\":\"https:\\\/\\\/www.altercampagne.net\\\/?p=1523\"},\"wordCount\":421,\"image\":{\"@id\":\"https:\\\/\\\/www.altercampagne.net\\\/?p=1523#primaryimage\"},\"thumbnailUrl\":\"http:\\\/\\\/www.altercampagne.net\\\/wp-content\\\/uploads\\\/2015\\\/04\\\/2015-07-27-Tour-Tandem-Alternatiba-300x219.jpg\",\"keywords\":[\"alternatiba\",\"climat\",\"paris\",\"v\u00e9lorution\",\"AlterTour 2015\",\"Tour Alternatiba\",\"cop21\",\"reliez les alternatives \u00e0 v\u00e9lo\",\"autre tour de France\",\"Bayonne\",\"tour tandem\",\"2015\"],\"articleSection\":[\"\u00c9dition 2015\",\"Lutte\",\"Transverse\"],\"inLanguage\":\"fr-FR\"},{\"@type\":\"WebPage\",\"@id\":\"https:\\\/\\\/www.altercampagne.net\\\/?p=1523\",\"url\":\"https:\\\/\\\/www.altercampagne.net\\\/?p=1523\",\"name\":\"Convergence avec le Tour Alternatiba du 27 au 30 juillet 2015 - AlterTour\",\"isPartOf\":{\"@id\":\"https:\\\/\\\/www.altercampagne.net\\\/#website\"},\"primaryImageOfPage\":{\"@id\":\"https:\\\/\\\/www.altercampagne.net\\\/?p=1523#primaryimage\"},\"image\":{\"@id\":\"https:\\\/\\\/www.altercampagne.net\\\/?p=1523#primaryimage\"},\"thumbnailUrl\":\"http:\\\/\\\/www.altercampagne.net\\\/wp-content\\\/uploads\\\/2015\\\/04\\\/2015-07-27-Tour-Tandem-Alternatiba-300x219.jpg\",\"datePublished\":\"2015-06-19T06:07:59+00:00\",\"dateModified\":\"2020-02-24T14:21:06+00:00\",\"author\":{\"@id\":\"https:\\\/\\\/www.altercampagne.net\\\/#\\\/schema\\\/person\\\/0f261460c09e430caa0f9bcffa319109\"},\"breadcrumb\":{\"@id\":\"https:\\\/\\\/www.altercampagne.net\\\/?p=1523#breadcrumb\"},\"inLanguage\":\"fr-FR\",\"potentialAction\":[{\"@type\":\"ReadAction\",\"target\":[\"https:\\\/\\\/www.altercampagne.net\\\/?p=1523\"]}]},{\"@type\":\"ImageObject\",\"inLanguage\":\"fr-FR\",\"@id\":\"https:\\\/\\\/www.altercampagne.net\\\/?p=1523#primaryimage\",\"url\":\"https:\\\/\\\/www.altercampagne.net\\\/wp-content\\\/uploads\\\/2015\\\/04\\\/2015-07-27-Tour-Tandem-Alternatiba.jpg\",\"contentUrl\":\"https:\\\/\\\/www.altercampagne.net\\\/wp-content\\\/uploads\\\/2015\\\/04\\\/2015-07-27-Tour-Tandem-Alternatiba.jpg\",\"width\":960,\"height\":700,\"caption\":\"Tour Alternatiba AlterTour 2015\"},{\"@type\":\"BreadcrumbList\",\"@id\":\"https:\\\/\\\/www.altercampagne.net\\\/?p=1523#breadcrumb\",\"itemListElement\":[{\"@type\":\"ListItem\",\"position\":1,\"name\":\"Accueil\",\"item\":\"https:\\\/\\\/www.altercampagne.net\\\/\"},{\"@type\":\"ListItem\",\"position\":2,\"name\":\"Convergence avec le Tour Alternatiba du 27 au 30 juillet 2015\"}]},{\"@type\":\"WebSite\",\"@id\":\"https:\\\/\\\/www.altercampagne.net\\\/#website\",\"url\":\"https:\\\/\\\/www.altercampagne.net\\\/\",\"name\":\"AlterTour\",\"description\":\"Reliez les Alternatives \u00e0 v\u00e9lo\",\"potentialAction\":[{\"@type\":\"SearchAction\",\"target\":{\"@type\":\"EntryPoint\",\"urlTemplate\":\"https:\\\/\\\/www.altercampagne.net\\\/?s={search_term_string}\"},\"query-input\":{\"@type\":\"PropertyValueSpecification\",\"valueRequired\":true,\"valueName\":\"search_term_string\"}}],\"inLanguage\":\"fr-FR\"},{\"@type\":\"Person\",\"@id\":\"https:\\\/\\\/www.altercampagne.net\\\/#\\\/schema\\\/person\\\/0f261460c09e430caa0f9bcffa319109\",\"name\":\"Mathieu\",\"image\":{\"@type\":\"ImageObject\",\"inLanguage\":\"fr-FR\",\"@id\":\"https:\\\/\\\/secure.gravatar.com\\\/avatar\\\/aa9d3d24c83f2141e5e2709d0f63d09a99f6be6bb7a50abc4915838d9f54501a?s=96&d=mm&r=g\",\"url\":\"https:\\\/\\\/secure.gravatar.com\\\/avatar\\\/aa9d3d24c83f2141e5e2709d0f63d09a99f6be6bb7a50abc4915838d9f54501a?s=96&d=mm&r=g\",\"contentUrl\":\"https:\\\/\\\/secure.gravatar.com\\\/avatar\\\/aa9d3d24c83f2141e5e2709d0f63d09a99f6be6bb7a50abc4915838d9f54501a?s=96&d=mm&r=g\",\"caption\":\"Mathieu\"},\"url\":\"https:\\\/\\\/www.altercampagne.net\\\/?author=214\"}]}<\/script>\n<!-- \/ Yoast SEO plugin. -->","yoast_head_json":{"title":"Convergence avec le Tour Alternatiba du 27 au 30 juillet 2015 - AlterTour","robots":{"index":"index","follow":"follow","max-snippet":"max-snippet:-1","max-image-preview":"max-image-preview:large","max-video-preview":"max-video-preview:-1"},"canonical":"https:\/\/www.altercampagne.net\/?p=1523","og_locale":"fr_FR","og_type":"article","og_title":"Convergence avec le Tour Alternatiba du 27 au 30 juillet 2015 - AlterTour","og_description":"Devinette&nbsp;: qui suis-je&nbsp;? De Bayonne \u00e0 Paris, je passe aussi par 5 pays europ\u00e9ens. J\u2019avance gr\u00e2ce \u00e0 une quadruplette, un v\u00e9lo 4 places, et deux triplettes avec plein de gens diff\u00e9rents dessus qui feront 187 \u00e9tapes. Elles sont l\u2019occasion de r\u00e9v\u00e9ler les alternatives de nos territoires pour relever le d\u00e9fi ... Read More","og_url":"https:\/\/www.altercampagne.net\/?p=1523","og_site_name":"AlterTour","article_published_time":"2015-06-19T06:07:59+00:00","article_modified_time":"2020-02-24T14:21:06+00:00","og_image":[{"url":"http:\/\/www.altercampagne.net\/wp-content\/uploads\/2015\/04\/2015-07-27-Tour-Tandem-Alternatiba-300x219.jpg","type":"","width":"","height":""}],"author":"Mathieu","twitter_card":"summary_large_image","twitter_misc":{"\u00c9crit par":"Mathieu","Dur\u00e9e de lecture estim\u00e9e":"2 minutes"},"schema":{"@context":"https:\/\/schema.org","@graph":[{"@type":"Article","@id":"https:\/\/www.altercampagne.net\/?p=1523#article","isPartOf":{"@id":"https:\/\/www.altercampagne.net\/?p=1523"},"author":{"name":"Mathieu","@id":"https:\/\/www.altercampagne.net\/#\/schema\/person\/0f261460c09e430caa0f9bcffa319109"},"headline":"Convergence avec le Tour Alternatiba du 27 au 30 juillet 2015","datePublished":"2015-06-19T06:07:59+00:00","dateModified":"2020-02-24T14:21:06+00:00","mainEntityOfPage":{"@id":"https:\/\/www.altercampagne.net\/?p=1523"},"wordCount":421,"image":{"@id":"https:\/\/www.altercampagne.net\/?p=1523#primaryimage"},"thumbnailUrl":"http:\/\/www.altercampagne.net\/wp-content\/uploads\/2015\/04\/2015-07-27-Tour-Tandem-Alternatiba-300x219.jpg","keywords":["alternatiba","climat","paris","v\u00e9lorution","AlterTour 2015","Tour Alternatiba","cop21","reliez les alternatives \u00e0 v\u00e9lo","autre tour de France","Bayonne","tour tandem","2015"],"articleSection":["\u00c9dition 2015","Lutte","Transverse"],"inLanguage":"fr-FR"},{"@type":"WebPage","@id":"https:\/\/www.altercampagne.net\/?p=1523","url":"https:\/\/www.altercampagne.net\/?p=1523","name":"Convergence avec le Tour Alternatiba du 27 au 30 juillet 2015 - AlterTour","isPartOf":{"@id":"https:\/\/www.altercampagne.net\/#website"},"primaryImageOfPage":{"@id":"https:\/\/www.altercampagne.net\/?p=1523#primaryimage"},"image":{"@id":"https:\/\/www.altercampagne.net\/?p=1523#primaryimage"},"thumbnailUrl":"http:\/\/www.altercampagne.net\/wp-content\/uploads\/2015\/04\/2015-07-27-Tour-Tandem-Alternatiba-300x219.jpg","datePublished":"2015-06-19T06:07:59+00:00","dateModified":"2020-02-24T14:21:06+00:00","author":{"@id":"https:\/\/www.altercampagne.net\/#\/schema\/person\/0f261460c09e430caa0f9bcffa319109"},"breadcrumb":{"@id":"https:\/\/www.altercampagne.net\/?p=1523#breadcrumb"},"inLanguage":"fr-FR","potentialAction":[{"@type":"ReadAction","target":["https:\/\/www.altercampagne.net\/?p=1523"]}]},{"@type":"ImageObject","inLanguage":"fr-FR","@id":"https:\/\/www.altercampagne.net\/?p=1523#primaryimage","url":"https:\/\/www.altercampagne.net\/wp-content\/uploads\/2015\/04\/2015-07-27-Tour-Tandem-Alternatiba.jpg","contentUrl":"https:\/\/www.altercampagne.net\/wp-content\/uploads\/2015\/04\/2015-07-27-Tour-Tandem-Alternatiba.jpg","width":960,"height":700,"caption":"Tour Alternatiba AlterTour 2015"},{"@type":"BreadcrumbList","@id":"https:\/\/www.altercampagne.net\/?p=1523#breadcrumb","itemListElement":[{"@type":"ListItem","position":1,"name":"Accueil","item":"https:\/\/www.altercampagne.net\/"},{"@type":"ListItem","position":2,"name":"Convergence avec le Tour Alternatiba du 27 au 30 juillet 2015"}]},{"@type":"WebSite","@id":"https:\/\/www.altercampagne.net\/#website","url":"https:\/\/www.altercampagne.net\/","name":"AlterTour","description":"Reliez les Alternatives \u00e0 v\u00e9lo","potentialAction":[{"@type":"SearchAction","target":{"@type":"EntryPoint","urlTemplate":"https:\/\/www.altercampagne.net\/?s={search_term_string}"},"query-input":{"@type":"PropertyValueSpecification","valueRequired":true,"valueName":"search_term_string"}}],"inLanguage":"fr-FR"},{"@type":"Person","@id":"https:\/\/www.altercampagne.net\/#\/schema\/person\/0f261460c09e430caa0f9bcffa319109","name":"Mathieu","image":{"@type":"ImageObject","inLanguage":"fr-FR","@id":"https:\/\/secure.gravatar.com\/avatar\/aa9d3d24c83f2141e5e2709d0f63d09a99f6be6bb7a50abc4915838d9f54501a?s=96&d=mm&r=g","url":"https:\/\/secure.gravatar.com\/avatar\/aa9d3d24c83f2141e5e2709d0f63d09a99f6be6bb7a50abc4915838d9f54501a?s=96&d=mm&r=g","contentUrl":"https:\/\/secure.gravatar.com\/avatar\/aa9d3d24c83f2141e5e2709d0f63d09a99f6be6bb7a50abc4915838d9f54501a?s=96&d=mm&r=g","caption":"Mathieu"},"url":"https:\/\/www.altercampagne.net\/?author=214"}]}},"_links":{"self":[{"href":"https:\/\/www.altercampagne.net\/index.php?rest_route=\/wp\/v2\/posts\/1523","targetHints":{"allow":["GET"]}}],"collection":[{"href":"https:\/\/www.altercampagne.net\/index.php?rest_route=\/wp\/v2\/posts"}],"about":[{"href":"https:\/\/www.altercampagne.net\/index.php?rest_route=\/wp\/v2\/types\/post"}],"author":[{"embeddable":true,"href":"https:\/\/www.altercampagne.net\/index.php?rest_route=\/wp\/v2\/users\/214"}],"replies":[{"embeddable":true,"href":"https:\/\/www.altercampagne.net\/index.php?rest_route=%2Fwp%2Fv2%2Fcomments&post=1523"}],"version-history":[{"count":1,"href":"https:\/\/www.altercampagne.net\/index.php?rest_route=\/wp\/v2\/posts\/1523\/revisions"}],"predecessor-version":[{"id":17359,"href":"https:\/\/www.altercampagne.net\/index.php?rest_route=\/wp\/v2\/posts\/1523\/revisions\/17359"}],"wp:attachment":[{"href":"https:\/\/www.altercampagne.net\/index.php?rest_route=%2Fwp%2Fv2%2Fmedia&parent=1523"}],"wp:term":[{"taxonomy":"category","embeddable":true,"href":"https:\/\/www.altercampagne.net\/index.php?rest_route=%2Fwp%2Fv2%2Fcategories&post=1523"},{"taxonomy":"post_tag","embeddable":true,"href":"https:\/\/www.altercampagne.net\/index.php?rest_route=%2Fwp%2Fv2%2Ftags&post=1523"}],"curies":[{"name":"wp","href":"https:\/\/api.w.org\/{rel}","templated":true}]}}