{"id":15345,"date":"2019-08-17T20:23:57","date_gmt":"2019-08-17T18:23:57","guid":{"rendered":"http:\/\/www.altercampagne.net\/?p=15345"},"modified":"2021-05-06T10:44:40","modified_gmt":"2021-05-06T08:44:40","slug":"le-maraichage-comme-a-la-maison","status":"publish","type":"post","link":"https:\/\/www.altercampagne.net\/?p=15345","title":{"rendered":"Le mara\u00eechage comme \u00e0 la maison !"},"content":{"rendered":"\n<p>La nuit a \u00e9t\u00e9 br\u00e8ve. Nous partons \u00e0 huit heures p\u00e9tantes sur la route des gorges de l\u2019Aveyron. On s\u2019arr\u00eate pr\u00e8s de Montauban, pour pique-niquer, et se ressourcer \u00e0 l\u2019ombre d\u2019un grand tilleul. L\u2019apr\u00e8s-midi, la mont\u00e9e fait grossir notre c\u0153ur, nos poumons et nos quadriceps. <\/p>\n\n\n\n<p>En fin d\u2019apr\u00e8s-midi, nous arrivons \u00e0 Bourret (82) aux <strong><a rel=\"noreferrer noopener\" aria-label=\"Jardins d\u2019Agr\u00e8s (s\u2019ouvre dans un nouvel onglet)\" href=\"https:\/\/lejardindagres.fr\/\" target=\"_blank\">Jardins d\u2019Agr\u00e8s<\/a><\/strong>. Le lieu a \u00e9t\u00e9 investi par Jean-Yves, mara\u00eecher bio, il y a environ quatre ans. D\u2019anciennes parcelles c\u00e9r\u00e9ali\u00e8res conventionnelles ont \u00e9t\u00e9 progressivement convertis en zone d\u2019agroforesterie, o\u00f9 \u00e0 terme les ch\u00eanes, fr\u00eanes, p\u00eachers, pommiers et poiriers fourniront d\u2019ombre et d\u2019abri \u00e0 nos chers l\u00e9gumes-racines, feuilles et fruits. Jean-Yves cultive ses l\u00e9gumes comme au jardin, avec tr\u00e8s peu de m\u00e9canisation. Le temps de pousser est laiss\u00e9 aux l\u00e9gumes qui sont r\u00e9colt\u00e9s \u00e0 pleine maturit\u00e9 et livr\u00e9s le plus rapidement possible. Cela leurs permet d\u2019\u00eatre charg\u00e9s de vitamines et nutriments qui leurs donnent un go\u00fbt incomparable. Le cheminement en termes de \u00ab&nbsp;d\u00e9sherbage&nbsp;\u00bb nous a \u00e9t\u00e9 expliqu\u00e9, c\u2019est-\u00e0-dire les difficult\u00e9s pratiques de la grelinette sur une grande surface, les difficult\u00e9s \u00e9cologiques des b\u00e2ches plastiques. <\/p>\n\n\n\n<p>Jean-Yves a r\u00e9cemment investi dans du compost produit aux alentours, \u00e0 partir de d\u00e9chets verts, qu\u2019il r\u00e9pand sur le sol avant de planter. Cela permet aux jeunes l\u00e9gumes de se nourrir sans grande comp\u00e9tition lors des premi\u00e8res semaines en terre. <\/p>\n\n\n\n<p>Les l\u00e9gumes sont distribu\u00e9 toutes toutes les semaines sous forme de panier par les AMAP de Sept-Deniers et Montech. Apr\u00e8s une journ\u00e9e bien remplie, nous avons pass\u00e9 une belle soir\u00e9e de rencontres avec le groupe de l&rsquo;\u00c9chapp\u00e9e Belle*.<\/p>\n\n\n\n<p>*L\u2019\u00c9chapp\u00e9e Belle est un parcours parall\u00e8le de l&rsquo;AlterTour en plus petit groupe et sans v\u00e9hicule.<\/p>\n\n\n\n<p class=\"has-text-align-right\"><strong>Georges<\/strong><\/p>\n","protected":false},"excerpt":{"rendered":"<p>La nuit a \u00e9t\u00e9 br\u00e8ve. Nous partons \u00e0 huit heures p\u00e9tantes sur la route des gorges de l\u2019Aveyron. On s\u2019arr\u00eate pr\u00e8s de Montauban, pour pique-niquer, et se ressourcer \u00e0 l\u2019ombre d\u2019un grand tilleul. L\u2019apr\u00e8s-midi, la mont\u00e9e fait grossir notre c\u0153ur, nos poumons et nos quadriceps. En fin d\u2019apr\u00e8s-midi, nous arrivons &#8230; <\/p>\n<div><a href=\"https:\/\/www.altercampagne.net\/?p=15345\" class=\"more-link\">Read More<\/a><\/div>\n","protected":false},"author":214,"featured_media":15346,"comment_status":"closed","ping_status":"closed","sticky":false,"template":"","format":"standard","meta":{"footnotes":""},"categories":[3483,4313,3773,3480],"tags":[254,1843,1855,2785,4036],"class_list":["post-15345","post","type-post","status-publish","format-standard","has-post-thumbnail","hentry","category-agriculture","category-altertour","category-edition-2019","category-occitanie","tag-amap","tag-tarn-et-garonne","tag-gers","tag-occitanie","tag-bourret"],"yoast_head":"<!-- This site is optimized with the Yoast SEO plugin v27.3 - https:\/\/yoast.com\/product\/yoast-seo-wordpress\/ -->\n<title>Le mara\u00eechage comme \u00e0 la maison ! - AlterTour<\/title>\n<meta name=\"robots\" content=\"index, follow, max-snippet:-1, max-image-preview:large, max-video-preview:-1\" \/>\n<link rel=\"canonical\" href=\"https:\/\/www.altercampagne.net\/?p=15345\" \/>\n<meta property=\"og:locale\" content=\"fr_FR\" \/>\n<meta property=\"og:type\" content=\"article\" \/>\n<meta property=\"og:title\" content=\"Le mara\u00eechage comme \u00e0 la maison ! - AlterTour\" \/>\n<meta property=\"og:description\" content=\"La nuit a \u00e9t\u00e9 br\u00e8ve. Nous partons \u00e0 huit heures p\u00e9tantes sur la route des gorges de l\u2019Aveyron. On s\u2019arr\u00eate pr\u00e8s de Montauban, pour pique-niquer, et se ressourcer \u00e0 l\u2019ombre d\u2019un grand tilleul. L\u2019apr\u00e8s-midi, la mont\u00e9e fait grossir notre c\u0153ur, nos poumons et nos quadriceps. En fin d\u2019apr\u00e8s-midi, nous arrivons ... Read More\" \/>\n<meta property=\"og:url\" content=\"https:\/\/www.altercampagne.net\/?p=15345\" \/>\n<meta property=\"og:site_name\" content=\"AlterTour\" \/>\n<meta property=\"article:published_time\" content=\"2019-08-17T18:23:57+00:00\" \/>\n<meta property=\"article:modified_time\" content=\"2021-05-06T08:44:40+00:00\" \/>\n<meta property=\"og:image\" content=\"https:\/\/www.altercampagne.net\/wp-content\/uploads\/2019\/09\/2019-08-17-Port-de-Montauban.jpg\" \/>\n\t<meta property=\"og:image:width\" content=\"900\" \/>\n\t<meta property=\"og:image:height\" content=\"470\" \/>\n\t<meta property=\"og:image:type\" content=\"image\/jpeg\" \/>\n<meta name=\"author\" content=\"Mathieu\" \/>\n<meta name=\"twitter:card\" content=\"summary_large_image\" \/>\n<meta name=\"twitter:label1\" content=\"\u00c9crit par\" \/>\n\t<meta name=\"twitter:data1\" content=\"Mathieu\" \/>\n\t<meta name=\"twitter:label2\" content=\"Dur\u00e9e de lecture estim\u00e9e\" \/>\n\t<meta name=\"twitter:data2\" content=\"2 minutes\" \/>\n<script type=\"application\/ld+json\" class=\"yoast-schema-graph\">{\"@context\":\"https:\\\/\\\/schema.org\",\"@graph\":[{\"@type\":\"Article\",\"@id\":\"https:\\\/\\\/www.altercampagne.net\\\/?p=15345#article\",\"isPartOf\":{\"@id\":\"https:\\\/\\\/www.altercampagne.net\\\/?p=15345\"},\"author\":{\"name\":\"Mathieu\",\"@id\":\"https:\\\/\\\/www.altercampagne.net\\\/#\\\/schema\\\/person\\\/0f261460c09e430caa0f9bcffa319109\"},\"headline\":\"Le mara\u00eechage comme \u00e0 la maison !\",\"datePublished\":\"2019-08-17T18:23:57+00:00\",\"dateModified\":\"2021-05-06T08:44:40+00:00\",\"mainEntityOfPage\":{\"@id\":\"https:\\\/\\\/www.altercampagne.net\\\/?p=15345\"},\"wordCount\":333,\"image\":{\"@id\":\"https:\\\/\\\/www.altercampagne.net\\\/?p=15345#primaryimage\"},\"thumbnailUrl\":\"https:\\\/\\\/www.altercampagne.net\\\/wp-content\\\/uploads\\\/2019\\\/09\\\/2019-08-17-Port-de-Montauban.jpg\",\"keywords\":[\"AMAP\",\"Tarn-et-Garonne\",\"Gers\",\"Occitanie\",\"Bourret\"],\"articleSection\":[\"Agriculture\",\"AlterTour\",\"Edition 2019\",\"Occitanie\"],\"inLanguage\":\"fr-FR\"},{\"@type\":\"WebPage\",\"@id\":\"https:\\\/\\\/www.altercampagne.net\\\/?p=15345\",\"url\":\"https:\\\/\\\/www.altercampagne.net\\\/?p=15345\",\"name\":\"Le mara\u00eechage comme \u00e0 la maison ! - AlterTour\",\"isPartOf\":{\"@id\":\"https:\\\/\\\/www.altercampagne.net\\\/#website\"},\"primaryImageOfPage\":{\"@id\":\"https:\\\/\\\/www.altercampagne.net\\\/?p=15345#primaryimage\"},\"image\":{\"@id\":\"https:\\\/\\\/www.altercampagne.net\\\/?p=15345#primaryimage\"},\"thumbnailUrl\":\"https:\\\/\\\/www.altercampagne.net\\\/wp-content\\\/uploads\\\/2019\\\/09\\\/2019-08-17-Port-de-Montauban.jpg\",\"datePublished\":\"2019-08-17T18:23:57+00:00\",\"dateModified\":\"2021-05-06T08:44:40+00:00\",\"author\":{\"@id\":\"https:\\\/\\\/www.altercampagne.net\\\/#\\\/schema\\\/person\\\/0f261460c09e430caa0f9bcffa319109\"},\"breadcrumb\":{\"@id\":\"https:\\\/\\\/www.altercampagne.net\\\/?p=15345#breadcrumb\"},\"inLanguage\":\"fr-FR\",\"potentialAction\":[{\"@type\":\"ReadAction\",\"target\":[\"https:\\\/\\\/www.altercampagne.net\\\/?p=15345\"]}]},{\"@type\":\"ImageObject\",\"inLanguage\":\"fr-FR\",\"@id\":\"https:\\\/\\\/www.altercampagne.net\\\/?p=15345#primaryimage\",\"url\":\"https:\\\/\\\/www.altercampagne.net\\\/wp-content\\\/uploads\\\/2019\\\/09\\\/2019-08-17-Port-de-Montauban.jpg\",\"contentUrl\":\"https:\\\/\\\/www.altercampagne.net\\\/wp-content\\\/uploads\\\/2019\\\/09\\\/2019-08-17-Port-de-Montauban.jpg\",\"width\":900,\"height\":470},{\"@type\":\"BreadcrumbList\",\"@id\":\"https:\\\/\\\/www.altercampagne.net\\\/?p=15345#breadcrumb\",\"itemListElement\":[{\"@type\":\"ListItem\",\"position\":1,\"name\":\"Accueil\",\"item\":\"https:\\\/\\\/www.altercampagne.net\\\/\"},{\"@type\":\"ListItem\",\"position\":2,\"name\":\"Le mara\u00eechage comme \u00e0 la maison !\"}]},{\"@type\":\"WebSite\",\"@id\":\"https:\\\/\\\/www.altercampagne.net\\\/#website\",\"url\":\"https:\\\/\\\/www.altercampagne.net\\\/\",\"name\":\"AlterTour\",\"description\":\"Reliez les Alternatives \u00e0 v\u00e9lo\",\"potentialAction\":[{\"@type\":\"SearchAction\",\"target\":{\"@type\":\"EntryPoint\",\"urlTemplate\":\"https:\\\/\\\/www.altercampagne.net\\\/?s={search_term_string}\"},\"query-input\":{\"@type\":\"PropertyValueSpecification\",\"valueRequired\":true,\"valueName\":\"search_term_string\"}}],\"inLanguage\":\"fr-FR\"},{\"@type\":\"Person\",\"@id\":\"https:\\\/\\\/www.altercampagne.net\\\/#\\\/schema\\\/person\\\/0f261460c09e430caa0f9bcffa319109\",\"name\":\"Mathieu\",\"image\":{\"@type\":\"ImageObject\",\"inLanguage\":\"fr-FR\",\"@id\":\"https:\\\/\\\/secure.gravatar.com\\\/avatar\\\/aa9d3d24c83f2141e5e2709d0f63d09a99f6be6bb7a50abc4915838d9f54501a?s=96&d=mm&r=g\",\"url\":\"https:\\\/\\\/secure.gravatar.com\\\/avatar\\\/aa9d3d24c83f2141e5e2709d0f63d09a99f6be6bb7a50abc4915838d9f54501a?s=96&d=mm&r=g\",\"contentUrl\":\"https:\\\/\\\/secure.gravatar.com\\\/avatar\\\/aa9d3d24c83f2141e5e2709d0f63d09a99f6be6bb7a50abc4915838d9f54501a?s=96&d=mm&r=g\",\"caption\":\"Mathieu\"},\"url\":\"https:\\\/\\\/www.altercampagne.net\\\/?author=214\"}]}<\/script>\n<!-- \/ Yoast SEO plugin. -->","yoast_head_json":{"title":"Le mara\u00eechage comme \u00e0 la maison ! - AlterTour","robots":{"index":"index","follow":"follow","max-snippet":"max-snippet:-1","max-image-preview":"max-image-preview:large","max-video-preview":"max-video-preview:-1"},"canonical":"https:\/\/www.altercampagne.net\/?p=15345","og_locale":"fr_FR","og_type":"article","og_title":"Le mara\u00eechage comme \u00e0 la maison ! - AlterTour","og_description":"La nuit a \u00e9t\u00e9 br\u00e8ve. Nous partons \u00e0 huit heures p\u00e9tantes sur la route des gorges de l\u2019Aveyron. On s\u2019arr\u00eate pr\u00e8s de Montauban, pour pique-niquer, et se ressourcer \u00e0 l\u2019ombre d\u2019un grand tilleul. L\u2019apr\u00e8s-midi, la mont\u00e9e fait grossir notre c\u0153ur, nos poumons et nos quadriceps. En fin d\u2019apr\u00e8s-midi, nous arrivons ... Read More","og_url":"https:\/\/www.altercampagne.net\/?p=15345","og_site_name":"AlterTour","article_published_time":"2019-08-17T18:23:57+00:00","article_modified_time":"2021-05-06T08:44:40+00:00","og_image":[{"width":900,"height":470,"url":"https:\/\/www.altercampagne.net\/wp-content\/uploads\/2019\/09\/2019-08-17-Port-de-Montauban.jpg","type":"image\/jpeg"}],"author":"Mathieu","twitter_card":"summary_large_image","twitter_misc":{"\u00c9crit par":"Mathieu","Dur\u00e9e de lecture estim\u00e9e":"2 minutes"},"schema":{"@context":"https:\/\/schema.org","@graph":[{"@type":"Article","@id":"https:\/\/www.altercampagne.net\/?p=15345#article","isPartOf":{"@id":"https:\/\/www.altercampagne.net\/?p=15345"},"author":{"name":"Mathieu","@id":"https:\/\/www.altercampagne.net\/#\/schema\/person\/0f261460c09e430caa0f9bcffa319109"},"headline":"Le mara\u00eechage comme \u00e0 la maison !","datePublished":"2019-08-17T18:23:57+00:00","dateModified":"2021-05-06T08:44:40+00:00","mainEntityOfPage":{"@id":"https:\/\/www.altercampagne.net\/?p=15345"},"wordCount":333,"image":{"@id":"https:\/\/www.altercampagne.net\/?p=15345#primaryimage"},"thumbnailUrl":"https:\/\/www.altercampagne.net\/wp-content\/uploads\/2019\/09\/2019-08-17-Port-de-Montauban.jpg","keywords":["AMAP","Tarn-et-Garonne","Gers","Occitanie","Bourret"],"articleSection":["Agriculture","AlterTour","Edition 2019","Occitanie"],"inLanguage":"fr-FR"},{"@type":"WebPage","@id":"https:\/\/www.altercampagne.net\/?p=15345","url":"https:\/\/www.altercampagne.net\/?p=15345","name":"Le mara\u00eechage comme \u00e0 la maison ! - AlterTour","isPartOf":{"@id":"https:\/\/www.altercampagne.net\/#website"},"primaryImageOfPage":{"@id":"https:\/\/www.altercampagne.net\/?p=15345#primaryimage"},"image":{"@id":"https:\/\/www.altercampagne.net\/?p=15345#primaryimage"},"thumbnailUrl":"https:\/\/www.altercampagne.net\/wp-content\/uploads\/2019\/09\/2019-08-17-Port-de-Montauban.jpg","datePublished":"2019-08-17T18:23:57+00:00","dateModified":"2021-05-06T08:44:40+00:00","author":{"@id":"https:\/\/www.altercampagne.net\/#\/schema\/person\/0f261460c09e430caa0f9bcffa319109"},"breadcrumb":{"@id":"https:\/\/www.altercampagne.net\/?p=15345#breadcrumb"},"inLanguage":"fr-FR","potentialAction":[{"@type":"ReadAction","target":["https:\/\/www.altercampagne.net\/?p=15345"]}]},{"@type":"ImageObject","inLanguage":"fr-FR","@id":"https:\/\/www.altercampagne.net\/?p=15345#primaryimage","url":"https:\/\/www.altercampagne.net\/wp-content\/uploads\/2019\/09\/2019-08-17-Port-de-Montauban.jpg","contentUrl":"https:\/\/www.altercampagne.net\/wp-content\/uploads\/2019\/09\/2019-08-17-Port-de-Montauban.jpg","width":900,"height":470},{"@type":"BreadcrumbList","@id":"https:\/\/www.altercampagne.net\/?p=15345#breadcrumb","itemListElement":[{"@type":"ListItem","position":1,"name":"Accueil","item":"https:\/\/www.altercampagne.net\/"},{"@type":"ListItem","position":2,"name":"Le mara\u00eechage comme \u00e0 la maison !"}]},{"@type":"WebSite","@id":"https:\/\/www.altercampagne.net\/#website","url":"https:\/\/www.altercampagne.net\/","name":"AlterTour","description":"Reliez les Alternatives \u00e0 v\u00e9lo","potentialAction":[{"@type":"SearchAction","target":{"@type":"EntryPoint","urlTemplate":"https:\/\/www.altercampagne.net\/?s={search_term_string}"},"query-input":{"@type":"PropertyValueSpecification","valueRequired":true,"valueName":"search_term_string"}}],"inLanguage":"fr-FR"},{"@type":"Person","@id":"https:\/\/www.altercampagne.net\/#\/schema\/person\/0f261460c09e430caa0f9bcffa319109","name":"Mathieu","image":{"@type":"ImageObject","inLanguage":"fr-FR","@id":"https:\/\/secure.gravatar.com\/avatar\/aa9d3d24c83f2141e5e2709d0f63d09a99f6be6bb7a50abc4915838d9f54501a?s=96&d=mm&r=g","url":"https:\/\/secure.gravatar.com\/avatar\/aa9d3d24c83f2141e5e2709d0f63d09a99f6be6bb7a50abc4915838d9f54501a?s=96&d=mm&r=g","contentUrl":"https:\/\/secure.gravatar.com\/avatar\/aa9d3d24c83f2141e5e2709d0f63d09a99f6be6bb7a50abc4915838d9f54501a?s=96&d=mm&r=g","caption":"Mathieu"},"url":"https:\/\/www.altercampagne.net\/?author=214"}]}},"_links":{"self":[{"href":"https:\/\/www.altercampagne.net\/index.php?rest_route=\/wp\/v2\/posts\/15345","targetHints":{"allow":["GET"]}}],"collection":[{"href":"https:\/\/www.altercampagne.net\/index.php?rest_route=\/wp\/v2\/posts"}],"about":[{"href":"https:\/\/www.altercampagne.net\/index.php?rest_route=\/wp\/v2\/types\/post"}],"author":[{"embeddable":true,"href":"https:\/\/www.altercampagne.net\/index.php?rest_route=\/wp\/v2\/users\/214"}],"replies":[{"embeddable":true,"href":"https:\/\/www.altercampagne.net\/index.php?rest_route=%2Fwp%2Fv2%2Fcomments&post=15345"}],"version-history":[{"count":1,"href":"https:\/\/www.altercampagne.net\/index.php?rest_route=\/wp\/v2\/posts\/15345\/revisions"}],"predecessor-version":[{"id":21746,"href":"https:\/\/www.altercampagne.net\/index.php?rest_route=\/wp\/v2\/posts\/15345\/revisions\/21746"}],"wp:featuredmedia":[{"embeddable":true,"href":"https:\/\/www.altercampagne.net\/index.php?rest_route=\/wp\/v2\/media\/15346"}],"wp:attachment":[{"href":"https:\/\/www.altercampagne.net\/index.php?rest_route=%2Fwp%2Fv2%2Fmedia&parent=15345"}],"wp:term":[{"taxonomy":"category","embeddable":true,"href":"https:\/\/www.altercampagne.net\/index.php?rest_route=%2Fwp%2Fv2%2Fcategories&post=15345"},{"taxonomy":"post_tag","embeddable":true,"href":"https:\/\/www.altercampagne.net\/index.php?rest_route=%2Fwp%2Fv2%2Ftags&post=15345"}],"curies":[{"name":"wp","href":"https:\/\/api.w.org\/{rel}","templated":true}]}}