{"id":1536,"date":"2015-06-24T12:00:09","date_gmt":"2015-06-24T10:00:09","guid":{"rendered":"http:\/\/www.altercampagne.net\/?p=1536"},"modified":"2020-02-24T15:18:00","modified_gmt":"2020-02-24T14:18:00","slug":"si-stee-etait-a-refaire-ils-feraient-pareil-mercredi-5-aout-a-braibant","status":"publish","type":"post","link":"https:\/\/www.altercampagne.net\/?p=1536","title":{"rendered":"Si Stee \u00e9tait \u00e0 refaire ? Ils feraient pareil :-) &#8211; mercredi 5 ao\u00fbt \u00e0 Braibant"},"content":{"rendered":"<p><img loading=\"lazy\" decoding=\"async\" class=\" alignleft\" style=\"width: 300; height: 219px;\" src=\"http:\/\/www.altercampagne.net\/wp-content\/uploads\/2015\/04\/2015-08-05-ferme-de-stee.jpg\" alt=\"Ferme de stee AlterTour 2015\" width=\"300\" height=\"219\"><\/p>\n<p>Marc et Marie-Claire Wylock-Vanwynsberghe ont repris la ferme il y a trente ans&nbsp;:&nbsp;\u00ab&nbsp;nous avions des blancs bleus belges et des Holstein. Nos terres de cultures servaient en partie \u00e0 nourrir nos b\u00eates et en partie \u00e0 produire des denr\u00e9es \u00e0 caract\u00e8res industriels&nbsp;\u00bb, explique Marc. Tout ce labeur servait \u00e0 la grande distribution. La famille Wylock estimait ne pas toucher suffisamment pour le travail accompli. Peu \u00e0 peu, la Ferme de St\u00e9e s&rsquo;est ouverte vers l&rsquo;ext\u00e9rieur et a d\u00e9cid\u00e9 de ma\u00eetriser, autant que faire se peut, l&rsquo;ensemble des circuits (de la production \u00e0 la distribution).<\/p>\n<p>\u00ab&nbsp;Nous avons remplac\u00e9 les cultures \u00e0 finalit\u00e9 industrielle (c\u00e9r\u00e9ales et betteraves) par du fourrage afin de nourrir nos animaux avec des aliments en provenance uniquement de notre ferme&nbsp;\u00bb, commente Marie-Claire. En effet, les vastes \u00e9tendues de cultures se sont transform\u00e9es en une combinaison complexe de pois, luzerne, ray grass et tr\u00e8fles.<\/p>\n<div>\n<p>Un r\u00eave et aucun regret<\/p>\n<p>Marie-Claire Wylock est d\u00e9finitivement positive. Elle ne regrette en rien sa d\u00e9marche et n\u2019a qu\u2019un souhait : que le succ\u00e8s de ses produits se prolonge aupr\u00e8s du public. Bien s\u00fbr la d\u00e9marche de la vente directe n\u2019est pas facile tous les jours. Il y a la surcharge de travail, la difficult\u00e9 de se faire conna\u00eetre. Il y a aussi une remise en question quotidienne. Ainsi Marie-Claire \u00e9voque l\u2019apprentissage qu\u2019il a fallu faire de la gestion des stocks avec des produits au lait cru.<\/p>\n<p>Mais par-dessus tout, ce qui reste, c\u2019est la fiert\u00e9 de valoriser la production de sa ferme avec des produits nobles et appr\u00e9ci\u00e9s par la client\u00e8le.<\/p>\n<\/div>\n<p><a href=\"http:\/\/www.saveurspaysannes.be\/m\/index.php?option=com_content&amp;view=article&amp;id=171:ferme-de-stee&amp;catid=5:liste-des-producteurs&amp;Itemid=28\">Ferme de stee<\/a><\/p>\n<p>La ferme de Stee accueillera l\u2019AlterTour le 5 ao\u00fbt 2015 \u00e0 Braibant. Lien vers l\u2019\u00e9tape du <a href=\"http:\/\/www.altercampagne.net\/?page_id=172&amp;route=30\" target=\"_blank\" rel=\"noopener noreferrer\">Mercredi 5 ao\u00fbt<\/a><\/p>\n<p>&nbsp;<\/p>\n<p>&nbsp;<\/p>\n","protected":false},"excerpt":{"rendered":"<p>Marc et Marie-Claire Wylock-Vanwynsberghe ont repris la ferme il y a trente ans&nbsp;:&nbsp;\u00ab&nbsp;nous avions des blancs bleus belges et des Holstein. Nos terres de cultures servaient en partie \u00e0 nourrir nos b\u00eates et en partie \u00e0 produire des denr\u00e9es \u00e0 caract\u00e8res industriels&nbsp;\u00bb, explique Marc. Tout ce labeur servait \u00e0 la &#8230; <\/p>\n<div><a href=\"https:\/\/www.altercampagne.net\/?p=1536\" class=\"more-link\">Read More<\/a><\/div>\n","protected":false},"author":215,"featured_media":0,"comment_status":"closed","ping_status":"closed","sticky":false,"template":"","format":"standard","meta":{"footnotes":""},"categories":[3483,3526,3460],"tags":[272,1587,1586,1585,1584,1583,1521,1505,347,273,23,271,265,256,252,233,192,73,44],"class_list":["post-1536","post","type-post","status-publish","format-standard","hentry","category-agriculture","category-belgique","category-edition-2015","tag-agriculture-durable","tag-ciney","tag-braibant","tag-marie-claire-wylock-vanwynsberghe","tag-marc-wylock-vanwynsberghe","tag-famille-wylock","tag-province-de-namur","tag-region-wallonne","tag-ferme-de-stee","tag-circuits-courts","tag-belgique","tag-autonomie","tag-autre-tour-de-france-a-velo","tag-bio","tag-reliez-les-alternatives-a-velo","tag-cop21","tag-altertour-2015","tag-transition","tag-climat","no-post-thumbnail"],"yoast_head":"<!-- This site is optimized with the Yoast SEO plugin v27.3 - https:\/\/yoast.com\/product\/yoast-seo-wordpress\/ -->\n<title>Si Stee \u00e9tait \u00e0 refaire ? Ils feraient pareil :-) - mercredi 5 ao\u00fbt \u00e0 Braibant - AlterTour<\/title>\n<meta name=\"robots\" content=\"index, follow, max-snippet:-1, max-image-preview:large, max-video-preview:-1\" \/>\n<link rel=\"canonical\" href=\"https:\/\/www.altercampagne.net\/?p=1536\" \/>\n<meta property=\"og:locale\" content=\"fr_FR\" \/>\n<meta property=\"og:type\" content=\"article\" \/>\n<meta property=\"og:title\" content=\"Si Stee \u00e9tait \u00e0 refaire ? Ils feraient pareil :-) - mercredi 5 ao\u00fbt \u00e0 Braibant - AlterTour\" \/>\n<meta property=\"og:description\" content=\"Marc et Marie-Claire Wylock-Vanwynsberghe ont repris la ferme il y a trente ans&nbsp;:&nbsp;\u00ab&nbsp;nous avions des blancs bleus belges et des Holstein. Nos terres de cultures servaient en partie \u00e0 nourrir nos b\u00eates et en partie \u00e0 produire des denr\u00e9es \u00e0 caract\u00e8res industriels&nbsp;\u00bb, explique Marc. Tout ce labeur servait \u00e0 la ... Read More\" \/>\n<meta property=\"og:url\" content=\"https:\/\/www.altercampagne.net\/?p=1536\" \/>\n<meta property=\"og:site_name\" content=\"AlterTour\" \/>\n<meta property=\"article:published_time\" content=\"2015-06-24T10:00:09+00:00\" \/>\n<meta property=\"article:modified_time\" content=\"2020-02-24T14:18:00+00:00\" \/>\n<meta property=\"og:image\" content=\"http:\/\/www.altercampagne.net\/wp-content\/uploads\/2015\/04\/2015-08-05-ferme-de-stee.jpg\" \/>\n<meta name=\"author\" content=\"AlterTour\" \/>\n<meta name=\"twitter:card\" content=\"summary_large_image\" \/>\n<meta name=\"twitter:label1\" content=\"\u00c9crit par\" \/>\n\t<meta name=\"twitter:data1\" content=\"AlterTour\" \/>\n\t<meta name=\"twitter:label2\" content=\"Dur\u00e9e de lecture estim\u00e9e\" \/>\n\t<meta name=\"twitter:data2\" content=\"2 minutes\" \/>\n<script type=\"application\/ld+json\" class=\"yoast-schema-graph\">{\"@context\":\"https:\\\/\\\/schema.org\",\"@graph\":[{\"@type\":\"Article\",\"@id\":\"https:\\\/\\\/www.altercampagne.net\\\/?p=1536#article\",\"isPartOf\":{\"@id\":\"https:\\\/\\\/www.altercampagne.net\\\/?p=1536\"},\"author\":{\"name\":\"AlterTour\",\"@id\":\"https:\\\/\\\/www.altercampagne.net\\\/#\\\/schema\\\/person\\\/e5b68c803196f649c2152249d262d94a\"},\"headline\":\"Si Stee \u00e9tait \u00e0 refaire ? Ils feraient pareil :-) &#8211; mercredi 5 ao\u00fbt \u00e0 Braibant\",\"datePublished\":\"2015-06-24T10:00:09+00:00\",\"dateModified\":\"2020-02-24T14:18:00+00:00\",\"mainEntityOfPage\":{\"@id\":\"https:\\\/\\\/www.altercampagne.net\\\/?p=1536\"},\"wordCount\":325,\"image\":{\"@id\":\"https:\\\/\\\/www.altercampagne.net\\\/?p=1536#primaryimage\"},\"thumbnailUrl\":\"http:\\\/\\\/www.altercampagne.net\\\/wp-content\\\/uploads\\\/2015\\\/04\\\/2015-08-05-ferme-de-stee.jpg\",\"keywords\":[\"agriculture durable\",\"ciney\",\"Braibant\",\"Marie-Claire Wylock-Vanwynsberghe\",\"Marc Wylock-Vanwynsberghe\",\"famille Wylock\",\"province de Namur\",\"R\u00e9gion wallonne\",\"ferme de st\u00e9e\",\"circuits courts\",\"belgique\",\"autonomie\",\"autre tour de France \u00e0 v\u00e9lo\",\"bio\",\"reliez les alternatives \u00e0 v\u00e9lo\",\"cop21\",\"AlterTour 2015\",\"Transition\",\"climat\"],\"articleSection\":[\"Agriculture\",\"Belgique\",\"\u00c9dition 2015\"],\"inLanguage\":\"fr-FR\"},{\"@type\":\"WebPage\",\"@id\":\"https:\\\/\\\/www.altercampagne.net\\\/?p=1536\",\"url\":\"https:\\\/\\\/www.altercampagne.net\\\/?p=1536\",\"name\":\"Si Stee \u00e9tait \u00e0 refaire ? Ils feraient pareil :-) - mercredi 5 ao\u00fbt \u00e0 Braibant - AlterTour\",\"isPartOf\":{\"@id\":\"https:\\\/\\\/www.altercampagne.net\\\/#website\"},\"primaryImageOfPage\":{\"@id\":\"https:\\\/\\\/www.altercampagne.net\\\/?p=1536#primaryimage\"},\"image\":{\"@id\":\"https:\\\/\\\/www.altercampagne.net\\\/?p=1536#primaryimage\"},\"thumbnailUrl\":\"http:\\\/\\\/www.altercampagne.net\\\/wp-content\\\/uploads\\\/2015\\\/04\\\/2015-08-05-ferme-de-stee.jpg\",\"datePublished\":\"2015-06-24T10:00:09+00:00\",\"dateModified\":\"2020-02-24T14:18:00+00:00\",\"author\":{\"@id\":\"https:\\\/\\\/www.altercampagne.net\\\/#\\\/schema\\\/person\\\/e5b68c803196f649c2152249d262d94a\"},\"breadcrumb\":{\"@id\":\"https:\\\/\\\/www.altercampagne.net\\\/?p=1536#breadcrumb\"},\"inLanguage\":\"fr-FR\",\"potentialAction\":[{\"@type\":\"ReadAction\",\"target\":[\"https:\\\/\\\/www.altercampagne.net\\\/?p=1536\"]}]},{\"@type\":\"ImageObject\",\"inLanguage\":\"fr-FR\",\"@id\":\"https:\\\/\\\/www.altercampagne.net\\\/?p=1536#primaryimage\",\"url\":\"https:\\\/\\\/www.altercampagne.net\\\/wp-content\\\/uploads\\\/2015\\\/04\\\/2015-08-05-ferme-de-stee.jpg\",\"contentUrl\":\"https:\\\/\\\/www.altercampagne.net\\\/wp-content\\\/uploads\\\/2015\\\/04\\\/2015-08-05-ferme-de-stee.jpg\",\"width\":960,\"height\":700,\"caption\":\"Ferme de St\u00e9e AlterTour 2015\"},{\"@type\":\"BreadcrumbList\",\"@id\":\"https:\\\/\\\/www.altercampagne.net\\\/?p=1536#breadcrumb\",\"itemListElement\":[{\"@type\":\"ListItem\",\"position\":1,\"name\":\"Accueil\",\"item\":\"https:\\\/\\\/www.altercampagne.net\\\/\"},{\"@type\":\"ListItem\",\"position\":2,\"name\":\"Si Stee \u00e9tait \u00e0 refaire ? Ils feraient pareil :-) &#8211; mercredi 5 ao\u00fbt \u00e0 Braibant\"}]},{\"@type\":\"WebSite\",\"@id\":\"https:\\\/\\\/www.altercampagne.net\\\/#website\",\"url\":\"https:\\\/\\\/www.altercampagne.net\\\/\",\"name\":\"AlterTour\",\"description\":\"Reliez les Alternatives \u00e0 v\u00e9lo\",\"potentialAction\":[{\"@type\":\"SearchAction\",\"target\":{\"@type\":\"EntryPoint\",\"urlTemplate\":\"https:\\\/\\\/www.altercampagne.net\\\/?s={search_term_string}\"},\"query-input\":{\"@type\":\"PropertyValueSpecification\",\"valueRequired\":true,\"valueName\":\"search_term_string\"}}],\"inLanguage\":\"fr-FR\"},{\"@type\":\"Person\",\"@id\":\"https:\\\/\\\/www.altercampagne.net\\\/#\\\/schema\\\/person\\\/e5b68c803196f649c2152249d262d94a\",\"name\":\"AlterTour\",\"image\":{\"@type\":\"ImageObject\",\"inLanguage\":\"fr-FR\",\"@id\":\"https:\\\/\\\/secure.gravatar.com\\\/avatar\\\/3f2ed77f8506b8ea264ad5938bb0114bfa10f35b64086a66dfbb6e9f58ad9693?s=96&d=mm&r=g\",\"url\":\"https:\\\/\\\/secure.gravatar.com\\\/avatar\\\/3f2ed77f8506b8ea264ad5938bb0114bfa10f35b64086a66dfbb6e9f58ad9693?s=96&d=mm&r=g\",\"contentUrl\":\"https:\\\/\\\/secure.gravatar.com\\\/avatar\\\/3f2ed77f8506b8ea264ad5938bb0114bfa10f35b64086a66dfbb6e9f58ad9693?s=96&d=mm&r=g\",\"caption\":\"AlterTour\"},\"url\":\"https:\\\/\\\/www.altercampagne.net\\\/?author=215\"}]}<\/script>\n<!-- \/ Yoast SEO plugin. -->","yoast_head_json":{"title":"Si Stee \u00e9tait \u00e0 refaire ? Ils feraient pareil :-) - mercredi 5 ao\u00fbt \u00e0 Braibant - AlterTour","robots":{"index":"index","follow":"follow","max-snippet":"max-snippet:-1","max-image-preview":"max-image-preview:large","max-video-preview":"max-video-preview:-1"},"canonical":"https:\/\/www.altercampagne.net\/?p=1536","og_locale":"fr_FR","og_type":"article","og_title":"Si Stee \u00e9tait \u00e0 refaire ? Ils feraient pareil :-) - mercredi 5 ao\u00fbt \u00e0 Braibant - AlterTour","og_description":"Marc et Marie-Claire Wylock-Vanwynsberghe ont repris la ferme il y a trente ans&nbsp;:&nbsp;\u00ab&nbsp;nous avions des blancs bleus belges et des Holstein. Nos terres de cultures servaient en partie \u00e0 nourrir nos b\u00eates et en partie \u00e0 produire des denr\u00e9es \u00e0 caract\u00e8res industriels&nbsp;\u00bb, explique Marc. Tout ce labeur servait \u00e0 la ... Read More","og_url":"https:\/\/www.altercampagne.net\/?p=1536","og_site_name":"AlterTour","article_published_time":"2015-06-24T10:00:09+00:00","article_modified_time":"2020-02-24T14:18:00+00:00","og_image":[{"url":"http:\/\/www.altercampagne.net\/wp-content\/uploads\/2015\/04\/2015-08-05-ferme-de-stee.jpg","type":"","width":"","height":""}],"author":"AlterTour","twitter_card":"summary_large_image","twitter_misc":{"\u00c9crit par":"AlterTour","Dur\u00e9e de lecture estim\u00e9e":"2 minutes"},"schema":{"@context":"https:\/\/schema.org","@graph":[{"@type":"Article","@id":"https:\/\/www.altercampagne.net\/?p=1536#article","isPartOf":{"@id":"https:\/\/www.altercampagne.net\/?p=1536"},"author":{"name":"AlterTour","@id":"https:\/\/www.altercampagne.net\/#\/schema\/person\/e5b68c803196f649c2152249d262d94a"},"headline":"Si Stee \u00e9tait \u00e0 refaire ? Ils feraient pareil :-) &#8211; mercredi 5 ao\u00fbt \u00e0 Braibant","datePublished":"2015-06-24T10:00:09+00:00","dateModified":"2020-02-24T14:18:00+00:00","mainEntityOfPage":{"@id":"https:\/\/www.altercampagne.net\/?p=1536"},"wordCount":325,"image":{"@id":"https:\/\/www.altercampagne.net\/?p=1536#primaryimage"},"thumbnailUrl":"http:\/\/www.altercampagne.net\/wp-content\/uploads\/2015\/04\/2015-08-05-ferme-de-stee.jpg","keywords":["agriculture durable","ciney","Braibant","Marie-Claire Wylock-Vanwynsberghe","Marc Wylock-Vanwynsberghe","famille Wylock","province de Namur","R\u00e9gion wallonne","ferme de st\u00e9e","circuits courts","belgique","autonomie","autre tour de France \u00e0 v\u00e9lo","bio","reliez les alternatives \u00e0 v\u00e9lo","cop21","AlterTour 2015","Transition","climat"],"articleSection":["Agriculture","Belgique","\u00c9dition 2015"],"inLanguage":"fr-FR"},{"@type":"WebPage","@id":"https:\/\/www.altercampagne.net\/?p=1536","url":"https:\/\/www.altercampagne.net\/?p=1536","name":"Si Stee \u00e9tait \u00e0 refaire ? Ils feraient pareil :-) - mercredi 5 ao\u00fbt \u00e0 Braibant - AlterTour","isPartOf":{"@id":"https:\/\/www.altercampagne.net\/#website"},"primaryImageOfPage":{"@id":"https:\/\/www.altercampagne.net\/?p=1536#primaryimage"},"image":{"@id":"https:\/\/www.altercampagne.net\/?p=1536#primaryimage"},"thumbnailUrl":"http:\/\/www.altercampagne.net\/wp-content\/uploads\/2015\/04\/2015-08-05-ferme-de-stee.jpg","datePublished":"2015-06-24T10:00:09+00:00","dateModified":"2020-02-24T14:18:00+00:00","author":{"@id":"https:\/\/www.altercampagne.net\/#\/schema\/person\/e5b68c803196f649c2152249d262d94a"},"breadcrumb":{"@id":"https:\/\/www.altercampagne.net\/?p=1536#breadcrumb"},"inLanguage":"fr-FR","potentialAction":[{"@type":"ReadAction","target":["https:\/\/www.altercampagne.net\/?p=1536"]}]},{"@type":"ImageObject","inLanguage":"fr-FR","@id":"https:\/\/www.altercampagne.net\/?p=1536#primaryimage","url":"https:\/\/www.altercampagne.net\/wp-content\/uploads\/2015\/04\/2015-08-05-ferme-de-stee.jpg","contentUrl":"https:\/\/www.altercampagne.net\/wp-content\/uploads\/2015\/04\/2015-08-05-ferme-de-stee.jpg","width":960,"height":700,"caption":"Ferme de St\u00e9e AlterTour 2015"},{"@type":"BreadcrumbList","@id":"https:\/\/www.altercampagne.net\/?p=1536#breadcrumb","itemListElement":[{"@type":"ListItem","position":1,"name":"Accueil","item":"https:\/\/www.altercampagne.net\/"},{"@type":"ListItem","position":2,"name":"Si Stee \u00e9tait \u00e0 refaire ? Ils feraient pareil :-) &#8211; mercredi 5 ao\u00fbt \u00e0 Braibant"}]},{"@type":"WebSite","@id":"https:\/\/www.altercampagne.net\/#website","url":"https:\/\/www.altercampagne.net\/","name":"AlterTour","description":"Reliez les Alternatives \u00e0 v\u00e9lo","potentialAction":[{"@type":"SearchAction","target":{"@type":"EntryPoint","urlTemplate":"https:\/\/www.altercampagne.net\/?s={search_term_string}"},"query-input":{"@type":"PropertyValueSpecification","valueRequired":true,"valueName":"search_term_string"}}],"inLanguage":"fr-FR"},{"@type":"Person","@id":"https:\/\/www.altercampagne.net\/#\/schema\/person\/e5b68c803196f649c2152249d262d94a","name":"AlterTour","image":{"@type":"ImageObject","inLanguage":"fr-FR","@id":"https:\/\/secure.gravatar.com\/avatar\/3f2ed77f8506b8ea264ad5938bb0114bfa10f35b64086a66dfbb6e9f58ad9693?s=96&d=mm&r=g","url":"https:\/\/secure.gravatar.com\/avatar\/3f2ed77f8506b8ea264ad5938bb0114bfa10f35b64086a66dfbb6e9f58ad9693?s=96&d=mm&r=g","contentUrl":"https:\/\/secure.gravatar.com\/avatar\/3f2ed77f8506b8ea264ad5938bb0114bfa10f35b64086a66dfbb6e9f58ad9693?s=96&d=mm&r=g","caption":"AlterTour"},"url":"https:\/\/www.altercampagne.net\/?author=215"}]}},"_links":{"self":[{"href":"https:\/\/www.altercampagne.net\/index.php?rest_route=\/wp\/v2\/posts\/1536","targetHints":{"allow":["GET"]}}],"collection":[{"href":"https:\/\/www.altercampagne.net\/index.php?rest_route=\/wp\/v2\/posts"}],"about":[{"href":"https:\/\/www.altercampagne.net\/index.php?rest_route=\/wp\/v2\/types\/post"}],"author":[{"embeddable":true,"href":"https:\/\/www.altercampagne.net\/index.php?rest_route=\/wp\/v2\/users\/215"}],"replies":[{"embeddable":true,"href":"https:\/\/www.altercampagne.net\/index.php?rest_route=%2Fwp%2Fv2%2Fcomments&post=1536"}],"version-history":[{"count":1,"href":"https:\/\/www.altercampagne.net\/index.php?rest_route=\/wp\/v2\/posts\/1536\/revisions"}],"predecessor-version":[{"id":17353,"href":"https:\/\/www.altercampagne.net\/index.php?rest_route=\/wp\/v2\/posts\/1536\/revisions\/17353"}],"wp:attachment":[{"href":"https:\/\/www.altercampagne.net\/index.php?rest_route=%2Fwp%2Fv2%2Fmedia&parent=1536"}],"wp:term":[{"taxonomy":"category","embeddable":true,"href":"https:\/\/www.altercampagne.net\/index.php?rest_route=%2Fwp%2Fv2%2Fcategories&post=1536"},{"taxonomy":"post_tag","embeddable":true,"href":"https:\/\/www.altercampagne.net\/index.php?rest_route=%2Fwp%2Fv2%2Ftags&post=1536"}],"curies":[{"name":"wp","href":"https:\/\/api.w.org\/{rel}","templated":true}]}}