{"id":1540,"date":"2015-06-25T12:00:08","date_gmt":"2015-06-25T10:00:08","guid":{"rendered":"http:\/\/www.altercampagne.net\/?p=1540"},"modified":"2020-02-24T15:17:32","modified_gmt":"2020-02-24T14:17:32","slug":"terre-en-vue-envie-de-terre-en-vie-a-la-ferme-de-la-sarthe-le-jeudi-6-aout-2015-a-gonoy","status":"publish","type":"post","link":"https:\/\/www.altercampagne.net\/?p=1540","title":{"rendered":"Terre en vue, envie de terre en vie&#8230;\u00e0 la ferme de la Sarthe &#8211; le jeudi 6 ao\u00fbt 2015 \u00e0 Gonoy"},"content":{"rendered":"<p><img loading=\"lazy\" decoding=\"async\" class=\" alignright\" src=\"http:\/\/www.altercampagne.net\/wp-content\/uploads\/2015\/04\/2015-08-06-ferme-de-la-sarthe.jpg\" alt=\"\" width=\"300\" height=\"219\"><\/p>\n<div class=\"crayon article-texte-123 texte demi col1\">\n<p><strong>La Ferme de la Sarthe<\/strong> est g\u00e9r\u00e9e par Damien et Danielle Jacquemart. <strong>La Ferme Jacquemart <\/strong> est g\u00e9r\u00e9e par David Jacquemart. Les deux fr\u00e8res louent les terres d\u2019une famille dont une branche se trouve dans une situation d\u2019h\u00e9ritage, d\u2019o\u00f9 l\u2019int\u00e9r\u00eat d\u2019intervenir pour assurer la continuit\u00e9 des deux fermes.<\/p>\n<p>La Ferme de la Sarthe est une ferme familiale laiti\u00e8re en biodynamie qui est g\u00e9r\u00e9e par Damien Jacquemart depuis 1981. La ferme tend vers un maximum d\u2019autonomie fourrag\u00e8re. Elle occupe une trentaine d\u2019hectares.<\/p>\n<\/div>\n<div class=\"projets-voisins\">\n<p>La Ferme Jaquemart est une ferme en biodynamie g\u00e9r\u00e9e actuellement par David Jacquemart. Cette ferme se situe sur le m\u00eame lieu familial que la ferme de la Sarthe, mais elle est g\u00e9r\u00e9e de mani\u00e8re ind\u00e9pendante. David \u00e9l\u00e8ve des vaches (limousines) et des cochons et produit du pain biodynamique, \u00e9galement sur une trentaine d\u2019hectares.<\/p>\n<p>Les deux fermes ont d\u00e9velopp\u00e9 un savoir-faire extraordinaire et une vision sur la vie du sol, sur les liens avec les concitoyens et sur le lieu de vie et de travail \u00e0 la ferme qui est d\u2019une grande valeur.<\/p>\n<p>Aucun des deux fr\u00e8res n\u2019a la capacit\u00e9 financi\u00e8re pour acheter toutes les terres lou\u00e9es, ni la possibilit\u00e9 de s\u2019endetter. D\u2019autant plus qu\u2019un pr\u00eat si important diminuerait cruellement la transmissibilit\u00e9 des fermes \u00e0 la nouvelle g\u00e9n\u00e9ration. C\u2019est pour ces raisons que les fr\u00e8res Jacquemart ont fait appel \u00e0 Terre-en-vue.<\/p>\n<p><iframe loading=\"lazy\" src=\"https:\/\/player.vimeo.com\/video\/121444959\" allowfullscreen=\"allowfullscreen\" width=\"700\" height=\"400\" frameborder=\"0\"><\/iframe><\/p>\n<p><a href=\"https:\/\/vimeo.com\/121444959\">La ferme de la Sarthe et Jacquemart \u00e0 Saint G\u00e9rard<\/a> from <a href=\"https:\/\/vimeo.com\/user23089451\">Terre-en-vue<\/a> on <a href=\"https:\/\/vimeo.com\">Vimeo<\/a>.<\/p>\n<p><a href=\"http:\/\/www.saveurspaysannes.be\/m\/index.p\">http:\/\/www.saveurspaysannes.be\/m\/index.p<\/a><\/p>\n<p>La ferme de la Sarthe accueillera l\u2019AlterTour le 6 ao\u00fbt 2015 \u00e0 Gonoy. Lien vers l\u2019\u00e9tape du <a href=\"http:\/\/www.altercampagne.net\/wp-admin\/admin.php?page=ATplugin&amp;route=31&amp;action=edit\">Jeudi 6 ao\u00fbt<\/a><\/p>\n<\/div>\n","protected":false},"excerpt":{"rendered":"<p>La Ferme de la Sarthe est g\u00e9r\u00e9e par Damien et Danielle Jacquemart. La Ferme Jacquemart est g\u00e9r\u00e9e par David Jacquemart. Les deux fr\u00e8res louent les terres d\u2019une famille dont une branche se trouve dans une situation d\u2019h\u00e9ritage, d\u2019o\u00f9 l\u2019int\u00e9r\u00eat d\u2019intervenir pour assurer la continuit\u00e9 des deux fermes. La Ferme de &#8230; <\/p>\n<div><a href=\"https:\/\/www.altercampagne.net\/?p=1540\" class=\"more-link\">Read More<\/a><\/div>\n","protected":false},"author":215,"featured_media":0,"comment_status":"closed","ping_status":"closed","sticky":false,"template":"","format":"standard","meta":{"footnotes":""},"categories":[3483,3526,3460],"tags":[273,1589,1588,1521,1505,1452,774,382,381,274,23,272,271,265,256,252,233,192,73,44],"class_list":["post-1540","post","type-post","status-publish","format-standard","hentry","category-agriculture","category-belgique","category-edition-2015","tag-circuits-courts","tag-danielle-jacquemart","tag-damien-jacquemart","tag-province-de-namur","tag-region-wallonne","tag-biodynamie","tag-terre-en-vue","tag-gonoy","tag-ferme-de-la-sarthe","tag-acces-a-la-terre","tag-belgique","tag-agriculture-durable","tag-autonomie","tag-autre-tour-de-france-a-velo","tag-bio","tag-reliez-les-alternatives-a-velo","tag-cop21","tag-altertour-2015","tag-transition","tag-climat","no-post-thumbnail"],"yoast_head":"<!-- This site is optimized with the Yoast SEO plugin v27.3 - https:\/\/yoast.com\/product\/yoast-seo-wordpress\/ -->\n<title>Terre en vue, envie de terre en vie...\u00e0 la ferme de la Sarthe - le jeudi 6 ao\u00fbt 2015 \u00e0 Gonoy - AlterTour<\/title>\n<meta name=\"robots\" content=\"index, follow, max-snippet:-1, max-image-preview:large, max-video-preview:-1\" \/>\n<link rel=\"canonical\" href=\"https:\/\/www.altercampagne.net\/?p=1540\" \/>\n<meta property=\"og:locale\" content=\"fr_FR\" \/>\n<meta property=\"og:type\" content=\"article\" \/>\n<meta property=\"og:title\" content=\"Terre en vue, envie de terre en vie...\u00e0 la ferme de la Sarthe - le jeudi 6 ao\u00fbt 2015 \u00e0 Gonoy - AlterTour\" \/>\n<meta property=\"og:description\" content=\"La Ferme de la Sarthe est g\u00e9r\u00e9e par Damien et Danielle Jacquemart. La Ferme Jacquemart est g\u00e9r\u00e9e par David Jacquemart. Les deux fr\u00e8res louent les terres d\u2019une famille dont une branche se trouve dans une situation d\u2019h\u00e9ritage, d\u2019o\u00f9 l\u2019int\u00e9r\u00eat d\u2019intervenir pour assurer la continuit\u00e9 des deux fermes. La Ferme de ... Read More\" \/>\n<meta property=\"og:url\" content=\"https:\/\/www.altercampagne.net\/?p=1540\" \/>\n<meta property=\"og:site_name\" content=\"AlterTour\" \/>\n<meta property=\"article:published_time\" content=\"2015-06-25T10:00:08+00:00\" \/>\n<meta property=\"article:modified_time\" content=\"2020-02-24T14:17:32+00:00\" \/>\n<meta property=\"og:image\" content=\"http:\/\/www.altercampagne.net\/wp-content\/uploads\/2015\/04\/2015-08-06-ferme-de-la-sarthe.jpg\" \/>\n<meta name=\"author\" content=\"AlterTour\" \/>\n<meta name=\"twitter:card\" content=\"summary_large_image\" \/>\n<meta name=\"twitter:label1\" content=\"\u00c9crit par\" \/>\n\t<meta name=\"twitter:data1\" content=\"AlterTour\" \/>\n\t<meta name=\"twitter:label2\" content=\"Dur\u00e9e de lecture estim\u00e9e\" \/>\n\t<meta name=\"twitter:data2\" content=\"1 minute\" \/>\n<script type=\"application\/ld+json\" class=\"yoast-schema-graph\">{\"@context\":\"https:\\\/\\\/schema.org\",\"@graph\":[{\"@type\":\"Article\",\"@id\":\"https:\\\/\\\/www.altercampagne.net\\\/?p=1540#article\",\"isPartOf\":{\"@id\":\"https:\\\/\\\/www.altercampagne.net\\\/?p=1540\"},\"author\":{\"name\":\"AlterTour\",\"@id\":\"https:\\\/\\\/www.altercampagne.net\\\/#\\\/schema\\\/person\\\/e5b68c803196f649c2152249d262d94a\"},\"headline\":\"Terre en vue, envie de terre en vie&#8230;\u00e0 la ferme de la Sarthe &#8211; le jeudi 6 ao\u00fbt 2015 \u00e0 Gonoy\",\"datePublished\":\"2015-06-25T10:00:08+00:00\",\"dateModified\":\"2020-02-24T14:17:32+00:00\",\"mainEntityOfPage\":{\"@id\":\"https:\\\/\\\/www.altercampagne.net\\\/?p=1540\"},\"wordCount\":318,\"image\":{\"@id\":\"https:\\\/\\\/www.altercampagne.net\\\/?p=1540#primaryimage\"},\"thumbnailUrl\":\"http:\\\/\\\/www.altercampagne.net\\\/wp-content\\\/uploads\\\/2015\\\/04\\\/2015-08-06-ferme-de-la-sarthe.jpg\",\"keywords\":[\"circuits courts\",\"Danielle Jacquemart\",\"Damien Jacquemart\",\"province de Namur\",\"R\u00e9gion wallonne\",\"biodynamie\",\"Terre en Vue\",\"gonoy\",\"ferme de la sarthe\",\"acc\u00e8s \u00e0 la terre\",\"belgique\",\"agriculture durable\",\"autonomie\",\"autre tour de France \u00e0 v\u00e9lo\",\"bio\",\"reliez les alternatives \u00e0 v\u00e9lo\",\"cop21\",\"AlterTour 2015\",\"Transition\",\"climat\"],\"articleSection\":[\"Agriculture\",\"Belgique\",\"\u00c9dition 2015\"],\"inLanguage\":\"fr-FR\"},{\"@type\":\"WebPage\",\"@id\":\"https:\\\/\\\/www.altercampagne.net\\\/?p=1540\",\"url\":\"https:\\\/\\\/www.altercampagne.net\\\/?p=1540\",\"name\":\"Terre en vue, envie de terre en vie...\u00e0 la ferme de la Sarthe - le jeudi 6 ao\u00fbt 2015 \u00e0 Gonoy - AlterTour\",\"isPartOf\":{\"@id\":\"https:\\\/\\\/www.altercampagne.net\\\/#website\"},\"primaryImageOfPage\":{\"@id\":\"https:\\\/\\\/www.altercampagne.net\\\/?p=1540#primaryimage\"},\"image\":{\"@id\":\"https:\\\/\\\/www.altercampagne.net\\\/?p=1540#primaryimage\"},\"thumbnailUrl\":\"http:\\\/\\\/www.altercampagne.net\\\/wp-content\\\/uploads\\\/2015\\\/04\\\/2015-08-06-ferme-de-la-sarthe.jpg\",\"datePublished\":\"2015-06-25T10:00:08+00:00\",\"dateModified\":\"2020-02-24T14:17:32+00:00\",\"author\":{\"@id\":\"https:\\\/\\\/www.altercampagne.net\\\/#\\\/schema\\\/person\\\/e5b68c803196f649c2152249d262d94a\"},\"breadcrumb\":{\"@id\":\"https:\\\/\\\/www.altercampagne.net\\\/?p=1540#breadcrumb\"},\"inLanguage\":\"fr-FR\",\"potentialAction\":[{\"@type\":\"ReadAction\",\"target\":[\"https:\\\/\\\/www.altercampagne.net\\\/?p=1540\"]}]},{\"@type\":\"ImageObject\",\"inLanguage\":\"fr-FR\",\"@id\":\"https:\\\/\\\/www.altercampagne.net\\\/?p=1540#primaryimage\",\"url\":\"https:\\\/\\\/www.altercampagne.net\\\/wp-content\\\/uploads\\\/2015\\\/04\\\/2015-08-06-ferme-de-la-sarthe.jpg\",\"contentUrl\":\"https:\\\/\\\/www.altercampagne.net\\\/wp-content\\\/uploads\\\/2015\\\/04\\\/2015-08-06-ferme-de-la-sarthe.jpg\",\"width\":960,\"height\":700,\"caption\":\"Ferme de la Sarthe AlterTour 2015\"},{\"@type\":\"BreadcrumbList\",\"@id\":\"https:\\\/\\\/www.altercampagne.net\\\/?p=1540#breadcrumb\",\"itemListElement\":[{\"@type\":\"ListItem\",\"position\":1,\"name\":\"Accueil\",\"item\":\"https:\\\/\\\/www.altercampagne.net\\\/\"},{\"@type\":\"ListItem\",\"position\":2,\"name\":\"Terre en vue, envie de terre en vie&#8230;\u00e0 la ferme de la Sarthe &#8211; le jeudi 6 ao\u00fbt 2015 \u00e0 Gonoy\"}]},{\"@type\":\"WebSite\",\"@id\":\"https:\\\/\\\/www.altercampagne.net\\\/#website\",\"url\":\"https:\\\/\\\/www.altercampagne.net\\\/\",\"name\":\"AlterTour\",\"description\":\"Reliez les Alternatives \u00e0 v\u00e9lo\",\"potentialAction\":[{\"@type\":\"SearchAction\",\"target\":{\"@type\":\"EntryPoint\",\"urlTemplate\":\"https:\\\/\\\/www.altercampagne.net\\\/?s={search_term_string}\"},\"query-input\":{\"@type\":\"PropertyValueSpecification\",\"valueRequired\":true,\"valueName\":\"search_term_string\"}}],\"inLanguage\":\"fr-FR\"},{\"@type\":\"Person\",\"@id\":\"https:\\\/\\\/www.altercampagne.net\\\/#\\\/schema\\\/person\\\/e5b68c803196f649c2152249d262d94a\",\"name\":\"AlterTour\",\"image\":{\"@type\":\"ImageObject\",\"inLanguage\":\"fr-FR\",\"@id\":\"https:\\\/\\\/secure.gravatar.com\\\/avatar\\\/3f2ed77f8506b8ea264ad5938bb0114bfa10f35b64086a66dfbb6e9f58ad9693?s=96&d=mm&r=g\",\"url\":\"https:\\\/\\\/secure.gravatar.com\\\/avatar\\\/3f2ed77f8506b8ea264ad5938bb0114bfa10f35b64086a66dfbb6e9f58ad9693?s=96&d=mm&r=g\",\"contentUrl\":\"https:\\\/\\\/secure.gravatar.com\\\/avatar\\\/3f2ed77f8506b8ea264ad5938bb0114bfa10f35b64086a66dfbb6e9f58ad9693?s=96&d=mm&r=g\",\"caption\":\"AlterTour\"},\"url\":\"https:\\\/\\\/www.altercampagne.net\\\/?author=215\"}]}<\/script>\n<!-- \/ Yoast SEO plugin. -->","yoast_head_json":{"title":"Terre en vue, envie de terre en vie...\u00e0 la ferme de la Sarthe - le jeudi 6 ao\u00fbt 2015 \u00e0 Gonoy - AlterTour","robots":{"index":"index","follow":"follow","max-snippet":"max-snippet:-1","max-image-preview":"max-image-preview:large","max-video-preview":"max-video-preview:-1"},"canonical":"https:\/\/www.altercampagne.net\/?p=1540","og_locale":"fr_FR","og_type":"article","og_title":"Terre en vue, envie de terre en vie...\u00e0 la ferme de la Sarthe - le jeudi 6 ao\u00fbt 2015 \u00e0 Gonoy - AlterTour","og_description":"La Ferme de la Sarthe est g\u00e9r\u00e9e par Damien et Danielle Jacquemart. La Ferme Jacquemart est g\u00e9r\u00e9e par David Jacquemart. Les deux fr\u00e8res louent les terres d\u2019une famille dont une branche se trouve dans une situation d\u2019h\u00e9ritage, d\u2019o\u00f9 l\u2019int\u00e9r\u00eat d\u2019intervenir pour assurer la continuit\u00e9 des deux fermes. La Ferme de ... Read More","og_url":"https:\/\/www.altercampagne.net\/?p=1540","og_site_name":"AlterTour","article_published_time":"2015-06-25T10:00:08+00:00","article_modified_time":"2020-02-24T14:17:32+00:00","og_image":[{"url":"http:\/\/www.altercampagne.net\/wp-content\/uploads\/2015\/04\/2015-08-06-ferme-de-la-sarthe.jpg","type":"","width":"","height":""}],"author":"AlterTour","twitter_card":"summary_large_image","twitter_misc":{"\u00c9crit par":"AlterTour","Dur\u00e9e de lecture estim\u00e9e":"1 minute"},"schema":{"@context":"https:\/\/schema.org","@graph":[{"@type":"Article","@id":"https:\/\/www.altercampagne.net\/?p=1540#article","isPartOf":{"@id":"https:\/\/www.altercampagne.net\/?p=1540"},"author":{"name":"AlterTour","@id":"https:\/\/www.altercampagne.net\/#\/schema\/person\/e5b68c803196f649c2152249d262d94a"},"headline":"Terre en vue, envie de terre en vie&#8230;\u00e0 la ferme de la Sarthe &#8211; le jeudi 6 ao\u00fbt 2015 \u00e0 Gonoy","datePublished":"2015-06-25T10:00:08+00:00","dateModified":"2020-02-24T14:17:32+00:00","mainEntityOfPage":{"@id":"https:\/\/www.altercampagne.net\/?p=1540"},"wordCount":318,"image":{"@id":"https:\/\/www.altercampagne.net\/?p=1540#primaryimage"},"thumbnailUrl":"http:\/\/www.altercampagne.net\/wp-content\/uploads\/2015\/04\/2015-08-06-ferme-de-la-sarthe.jpg","keywords":["circuits courts","Danielle Jacquemart","Damien Jacquemart","province de Namur","R\u00e9gion wallonne","biodynamie","Terre en Vue","gonoy","ferme de la sarthe","acc\u00e8s \u00e0 la terre","belgique","agriculture durable","autonomie","autre tour de France \u00e0 v\u00e9lo","bio","reliez les alternatives \u00e0 v\u00e9lo","cop21","AlterTour 2015","Transition","climat"],"articleSection":["Agriculture","Belgique","\u00c9dition 2015"],"inLanguage":"fr-FR"},{"@type":"WebPage","@id":"https:\/\/www.altercampagne.net\/?p=1540","url":"https:\/\/www.altercampagne.net\/?p=1540","name":"Terre en vue, envie de terre en vie...\u00e0 la ferme de la Sarthe - le jeudi 6 ao\u00fbt 2015 \u00e0 Gonoy - AlterTour","isPartOf":{"@id":"https:\/\/www.altercampagne.net\/#website"},"primaryImageOfPage":{"@id":"https:\/\/www.altercampagne.net\/?p=1540#primaryimage"},"image":{"@id":"https:\/\/www.altercampagne.net\/?p=1540#primaryimage"},"thumbnailUrl":"http:\/\/www.altercampagne.net\/wp-content\/uploads\/2015\/04\/2015-08-06-ferme-de-la-sarthe.jpg","datePublished":"2015-06-25T10:00:08+00:00","dateModified":"2020-02-24T14:17:32+00:00","author":{"@id":"https:\/\/www.altercampagne.net\/#\/schema\/person\/e5b68c803196f649c2152249d262d94a"},"breadcrumb":{"@id":"https:\/\/www.altercampagne.net\/?p=1540#breadcrumb"},"inLanguage":"fr-FR","potentialAction":[{"@type":"ReadAction","target":["https:\/\/www.altercampagne.net\/?p=1540"]}]},{"@type":"ImageObject","inLanguage":"fr-FR","@id":"https:\/\/www.altercampagne.net\/?p=1540#primaryimage","url":"https:\/\/www.altercampagne.net\/wp-content\/uploads\/2015\/04\/2015-08-06-ferme-de-la-sarthe.jpg","contentUrl":"https:\/\/www.altercampagne.net\/wp-content\/uploads\/2015\/04\/2015-08-06-ferme-de-la-sarthe.jpg","width":960,"height":700,"caption":"Ferme de la Sarthe AlterTour 2015"},{"@type":"BreadcrumbList","@id":"https:\/\/www.altercampagne.net\/?p=1540#breadcrumb","itemListElement":[{"@type":"ListItem","position":1,"name":"Accueil","item":"https:\/\/www.altercampagne.net\/"},{"@type":"ListItem","position":2,"name":"Terre en vue, envie de terre en vie&#8230;\u00e0 la ferme de la Sarthe &#8211; le jeudi 6 ao\u00fbt 2015 \u00e0 Gonoy"}]},{"@type":"WebSite","@id":"https:\/\/www.altercampagne.net\/#website","url":"https:\/\/www.altercampagne.net\/","name":"AlterTour","description":"Reliez les Alternatives \u00e0 v\u00e9lo","potentialAction":[{"@type":"SearchAction","target":{"@type":"EntryPoint","urlTemplate":"https:\/\/www.altercampagne.net\/?s={search_term_string}"},"query-input":{"@type":"PropertyValueSpecification","valueRequired":true,"valueName":"search_term_string"}}],"inLanguage":"fr-FR"},{"@type":"Person","@id":"https:\/\/www.altercampagne.net\/#\/schema\/person\/e5b68c803196f649c2152249d262d94a","name":"AlterTour","image":{"@type":"ImageObject","inLanguage":"fr-FR","@id":"https:\/\/secure.gravatar.com\/avatar\/3f2ed77f8506b8ea264ad5938bb0114bfa10f35b64086a66dfbb6e9f58ad9693?s=96&d=mm&r=g","url":"https:\/\/secure.gravatar.com\/avatar\/3f2ed77f8506b8ea264ad5938bb0114bfa10f35b64086a66dfbb6e9f58ad9693?s=96&d=mm&r=g","contentUrl":"https:\/\/secure.gravatar.com\/avatar\/3f2ed77f8506b8ea264ad5938bb0114bfa10f35b64086a66dfbb6e9f58ad9693?s=96&d=mm&r=g","caption":"AlterTour"},"url":"https:\/\/www.altercampagne.net\/?author=215"}]}},"_links":{"self":[{"href":"https:\/\/www.altercampagne.net\/index.php?rest_route=\/wp\/v2\/posts\/1540","targetHints":{"allow":["GET"]}}],"collection":[{"href":"https:\/\/www.altercampagne.net\/index.php?rest_route=\/wp\/v2\/posts"}],"about":[{"href":"https:\/\/www.altercampagne.net\/index.php?rest_route=\/wp\/v2\/types\/post"}],"author":[{"embeddable":true,"href":"https:\/\/www.altercampagne.net\/index.php?rest_route=\/wp\/v2\/users\/215"}],"replies":[{"embeddable":true,"href":"https:\/\/www.altercampagne.net\/index.php?rest_route=%2Fwp%2Fv2%2Fcomments&post=1540"}],"version-history":[{"count":1,"href":"https:\/\/www.altercampagne.net\/index.php?rest_route=\/wp\/v2\/posts\/1540\/revisions"}],"predecessor-version":[{"id":17352,"href":"https:\/\/www.altercampagne.net\/index.php?rest_route=\/wp\/v2\/posts\/1540\/revisions\/17352"}],"wp:attachment":[{"href":"https:\/\/www.altercampagne.net\/index.php?rest_route=%2Fwp%2Fv2%2Fmedia&parent=1540"}],"wp:term":[{"taxonomy":"category","embeddable":true,"href":"https:\/\/www.altercampagne.net\/index.php?rest_route=%2Fwp%2Fv2%2Fcategories&post=1540"},{"taxonomy":"post_tag","embeddable":true,"href":"https:\/\/www.altercampagne.net\/index.php?rest_route=%2Fwp%2Fv2%2Ftags&post=1540"}],"curies":[{"name":"wp","href":"https:\/\/api.w.org\/{rel}","templated":true}]}}