{"id":1544,"date":"2015-06-26T12:00:02","date_gmt":"2015-06-26T10:00:02","guid":{"rendered":"http:\/\/www.altercampagne.net\/?p=1544"},"modified":"2020-02-24T15:17:01","modified_gmt":"2020-02-24T14:17:01","slug":"amay-non-peut-etre-oui-certainement-en-belge-le-vendredi-7-aout-a-amay","status":"publish","type":"post","link":"https:\/\/www.altercampagne.net\/?p=1544","title":{"rendered":"Amay ? Non, peut-\u00eatre ! (Oui, certainement ! en belge) &#8211; le vendredi 7 ao\u00fbt \u00e0 Amay"},"content":{"rendered":"<p><img loading=\"lazy\" decoding=\"async\" class=\" alignleft\" src=\"http:\/\/www.altercampagne.net\/wp-content\/uploads\/2015\/04\/2015-08-07-amay-en-transition.jpg\" alt=\"Amay en transition AlterTour 2015\" width=\"300\" height=\"219\"><span class=\"style_2\">C\u2019est quoi les \u00ab&nbsp;Villes en transition&nbsp;\u00bb&nbsp;? <\/span><br \/>\nC\u2019est un mouvement international consistant \u00e0 mettre en place, au niveau de la cit\u00e9, des projets initi\u00e9s par et pour ses habitants, sans aucune notion d\u2019appartenance politique ou philosophique. Ces projets ont pour but d\u2019inventer des moyens pratiques, \u00e0 notre port\u00e9e, pour amortir les impacts n\u00e9gatifs de la hausse pr\u00e9visible du prix du p\u00e9trole sur nos modes de vie actuels. Plus de 300 villes dans le monde ont adopt\u00e9 la d\u00e9marche de la \u00ab&nbsp;transition&nbsp;\u00bb. En Belgique, quelques villes ont d\u00e9marr\u00e9 dont Bruxelles et Ath.<\/p>\n<p><span class=\"style_2\">Qui est responsable de ce mouvement pour Amay&nbsp;?<\/span><br \/>\nCela aurait pu \u00eatre vous, moi, n\u2019importe qui. En l\u2019occurrence, c\u2019est Myriam Cans, qui, soutenue et aid\u00e9e par le PCDN o\u00f9 elle active b\u00e9n\u00e9volement, a lanc\u00e9 le projet en novembre 2010. Lors du premier petit d\u00e9jeuner qui a suivi, plusieurs b\u00e9n\u00e9voles se sont port\u00e9s candidats pour pr\u00e9senter et piloter des projets pour lesquels ils \u00e9taient pr\u00eats \u00e0 investir du temps. Deux mois plus tard, une petite \u00e9quipe de coordination s\u2019est mise en place. Et voil\u00e0 le premier \u00e9quipage pr\u00eat au d\u00e9collage&nbsp;!<br \/>\nUn site internet, un SEL, un GAC, des r\u00e9unions \u00ab&nbsp;petit d\u00e9jeuner&nbsp;\u00bb et d\u2019autres projets dont la conserverie, la pr\u00eaterie, la convivialit\u00e9 dans les quartiers, les potagers partag\u00e9s et la gestion des vergers vous attendent pour les faire vivre et en profiter au gr\u00e9 des savoir-faire partag\u00e9s.<\/p>\n<p><a href=\"http:\/\/www.textocar.com\/Accueil.html\">http:\/\/www.textocar.com\/Accueil.html<\/a><\/p>\n<p>Amay en transition accueillera l\u2019AlterTour le 7 ao\u00fbt 2015. Lien vers l\u2019\u00e9tape du <a href=\"http:\/\/www.altercampagne.net\/?page_id=172&amp;route=32\">Vendredi 7 ao\u00fbt<\/a><\/p>\n","protected":false},"excerpt":{"rendered":"<p>C\u2019est quoi les \u00ab&nbsp;Villes en transition&nbsp;\u00bb&nbsp;? C\u2019est un mouvement international consistant \u00e0 mettre en place, au niveau de la cit\u00e9, des projets initi\u00e9s par et pour ses habitants, sans aucune notion d\u2019appartenance politique ou philosophique. Ces projets ont pour but d\u2019inventer des moyens pratiques, \u00e0 notre port\u00e9e, pour amortir les &#8230; <\/p>\n<div><a href=\"https:\/\/www.altercampagne.net\/?p=1544\" class=\"more-link\">Read More<\/a><\/div>\n","protected":false},"author":215,"featured_media":0,"comment_status":"closed","ping_status":"closed","sticky":false,"template":"","format":"standard","meta":{"footnotes":""},"categories":[3526,3460,3540],"tags":[23,38,44,73,192,223,233,252,265,275,276,277,374,1505,1516,1517],"class_list":["post-1544","post","type-post","status-publish","format-standard","hentry","category-belgique","category-edition-2015","category-transverse","tag-belgique","tag-sel","tag-climat","tag-transition","tag-altertour-2015","tag-incroyables-comestibles","tag-cop21","tag-reliez-les-alternatives-a-velo","tag-autre-tour-de-france-a-velo","tag-gac","tag-donnerie","tag-jardin-partage","tag-amay-en-transition","tag-region-wallonne","tag-amay","tag-province-de-liege","no-post-thumbnail"],"yoast_head":"<!-- This site is optimized with the Yoast SEO plugin v27.3 - https:\/\/yoast.com\/product\/yoast-seo-wordpress\/ -->\n<title>Amay ? Non, peut-\u00eatre ! (Oui, certainement ! en belge) - le vendredi 7 ao\u00fbt \u00e0 Amay - AlterTour<\/title>\n<meta name=\"robots\" content=\"index, follow, max-snippet:-1, max-image-preview:large, max-video-preview:-1\" \/>\n<link rel=\"canonical\" href=\"https:\/\/www.altercampagne.net\/?p=1544\" \/>\n<meta property=\"og:locale\" content=\"fr_FR\" \/>\n<meta property=\"og:type\" content=\"article\" \/>\n<meta property=\"og:title\" content=\"Amay ? Non, peut-\u00eatre ! (Oui, certainement ! en belge) - le vendredi 7 ao\u00fbt \u00e0 Amay - AlterTour\" \/>\n<meta property=\"og:description\" content=\"C\u2019est quoi les \u00ab&nbsp;Villes en transition&nbsp;\u00bb&nbsp;? C\u2019est un mouvement international consistant \u00e0 mettre en place, au niveau de la cit\u00e9, des projets initi\u00e9s par et pour ses habitants, sans aucune notion d\u2019appartenance politique ou philosophique. Ces projets ont pour but d\u2019inventer des moyens pratiques, \u00e0 notre port\u00e9e, pour amortir les ... Read More\" \/>\n<meta property=\"og:url\" content=\"https:\/\/www.altercampagne.net\/?p=1544\" \/>\n<meta property=\"og:site_name\" content=\"AlterTour\" \/>\n<meta property=\"article:published_time\" content=\"2015-06-26T10:00:02+00:00\" \/>\n<meta property=\"article:modified_time\" content=\"2020-02-24T14:17:01+00:00\" \/>\n<meta property=\"og:image\" content=\"http:\/\/www.altercampagne.net\/wp-content\/uploads\/2015\/04\/2015-08-07-amay-en-transition.jpg\" \/>\n<meta name=\"author\" content=\"AlterTour\" \/>\n<meta name=\"twitter:card\" content=\"summary_large_image\" \/>\n<meta name=\"twitter:label1\" content=\"\u00c9crit par\" \/>\n\t<meta name=\"twitter:data1\" content=\"AlterTour\" \/>\n\t<meta name=\"twitter:label2\" content=\"Dur\u00e9e de lecture estim\u00e9e\" \/>\n\t<meta name=\"twitter:data2\" content=\"1 minute\" \/>\n<script type=\"application\/ld+json\" class=\"yoast-schema-graph\">{\"@context\":\"https:\\\/\\\/schema.org\",\"@graph\":[{\"@type\":\"Article\",\"@id\":\"https:\\\/\\\/www.altercampagne.net\\\/?p=1544#article\",\"isPartOf\":{\"@id\":\"https:\\\/\\\/www.altercampagne.net\\\/?p=1544\"},\"author\":{\"name\":\"AlterTour\",\"@id\":\"https:\\\/\\\/www.altercampagne.net\\\/#\\\/schema\\\/person\\\/e5b68c803196f649c2152249d262d94a\"},\"headline\":\"Amay ? Non, peut-\u00eatre ! (Oui, certainement ! en belge) &#8211; le vendredi 7 ao\u00fbt \u00e0 Amay\",\"datePublished\":\"2015-06-26T10:00:02+00:00\",\"dateModified\":\"2020-02-24T14:17:01+00:00\",\"mainEntityOfPage\":{\"@id\":\"https:\\\/\\\/www.altercampagne.net\\\/?p=1544\"},\"wordCount\":298,\"image\":{\"@id\":\"https:\\\/\\\/www.altercampagne.net\\\/?p=1544#primaryimage\"},\"thumbnailUrl\":\"http:\\\/\\\/www.altercampagne.net\\\/wp-content\\\/uploads\\\/2015\\\/04\\\/2015-08-07-amay-en-transition.jpg\",\"keywords\":[\"belgique\",\"SEL\",\"climat\",\"Transition\",\"AlterTour 2015\",\"Incroyables comestibles\",\"cop21\",\"reliez les alternatives \u00e0 v\u00e9lo\",\"autre tour de France \u00e0 v\u00e9lo\",\"GAC\",\"Donnerie\",\"jardin partag\u00e9\",\"amay en transition\",\"R\u00e9gion wallonne\",\"Amay\",\"province de Li\u00e8ge\"],\"articleSection\":[\"Belgique\",\"\u00c9dition 2015\",\"Transverse\"],\"inLanguage\":\"fr-FR\"},{\"@type\":\"WebPage\",\"@id\":\"https:\\\/\\\/www.altercampagne.net\\\/?p=1544\",\"url\":\"https:\\\/\\\/www.altercampagne.net\\\/?p=1544\",\"name\":\"Amay ? Non, peut-\u00eatre ! (Oui, certainement ! en belge) - le vendredi 7 ao\u00fbt \u00e0 Amay - AlterTour\",\"isPartOf\":{\"@id\":\"https:\\\/\\\/www.altercampagne.net\\\/#website\"},\"primaryImageOfPage\":{\"@id\":\"https:\\\/\\\/www.altercampagne.net\\\/?p=1544#primaryimage\"},\"image\":{\"@id\":\"https:\\\/\\\/www.altercampagne.net\\\/?p=1544#primaryimage\"},\"thumbnailUrl\":\"http:\\\/\\\/www.altercampagne.net\\\/wp-content\\\/uploads\\\/2015\\\/04\\\/2015-08-07-amay-en-transition.jpg\",\"datePublished\":\"2015-06-26T10:00:02+00:00\",\"dateModified\":\"2020-02-24T14:17:01+00:00\",\"author\":{\"@id\":\"https:\\\/\\\/www.altercampagne.net\\\/#\\\/schema\\\/person\\\/e5b68c803196f649c2152249d262d94a\"},\"breadcrumb\":{\"@id\":\"https:\\\/\\\/www.altercampagne.net\\\/?p=1544#breadcrumb\"},\"inLanguage\":\"fr-FR\",\"potentialAction\":[{\"@type\":\"ReadAction\",\"target\":[\"https:\\\/\\\/www.altercampagne.net\\\/?p=1544\"]}]},{\"@type\":\"ImageObject\",\"inLanguage\":\"fr-FR\",\"@id\":\"https:\\\/\\\/www.altercampagne.net\\\/?p=1544#primaryimage\",\"url\":\"https:\\\/\\\/www.altercampagne.net\\\/wp-content\\\/uploads\\\/2015\\\/04\\\/2015-08-07-amay-en-transition.jpg\",\"contentUrl\":\"https:\\\/\\\/www.altercampagne.net\\\/wp-content\\\/uploads\\\/2015\\\/04\\\/2015-08-07-amay-en-transition.jpg\",\"width\":960,\"height\":700,\"caption\":\"amay en transition AlterTour 2015\"},{\"@type\":\"BreadcrumbList\",\"@id\":\"https:\\\/\\\/www.altercampagne.net\\\/?p=1544#breadcrumb\",\"itemListElement\":[{\"@type\":\"ListItem\",\"position\":1,\"name\":\"Accueil\",\"item\":\"https:\\\/\\\/www.altercampagne.net\\\/\"},{\"@type\":\"ListItem\",\"position\":2,\"name\":\"Amay ? Non, peut-\u00eatre ! (Oui, certainement ! en belge) &#8211; le vendredi 7 ao\u00fbt \u00e0 Amay\"}]},{\"@type\":\"WebSite\",\"@id\":\"https:\\\/\\\/www.altercampagne.net\\\/#website\",\"url\":\"https:\\\/\\\/www.altercampagne.net\\\/\",\"name\":\"AlterTour\",\"description\":\"Reliez les Alternatives \u00e0 v\u00e9lo\",\"potentialAction\":[{\"@type\":\"SearchAction\",\"target\":{\"@type\":\"EntryPoint\",\"urlTemplate\":\"https:\\\/\\\/www.altercampagne.net\\\/?s={search_term_string}\"},\"query-input\":{\"@type\":\"PropertyValueSpecification\",\"valueRequired\":true,\"valueName\":\"search_term_string\"}}],\"inLanguage\":\"fr-FR\"},{\"@type\":\"Person\",\"@id\":\"https:\\\/\\\/www.altercampagne.net\\\/#\\\/schema\\\/person\\\/e5b68c803196f649c2152249d262d94a\",\"name\":\"AlterTour\",\"image\":{\"@type\":\"ImageObject\",\"inLanguage\":\"fr-FR\",\"@id\":\"https:\\\/\\\/secure.gravatar.com\\\/avatar\\\/3f2ed77f8506b8ea264ad5938bb0114bfa10f35b64086a66dfbb6e9f58ad9693?s=96&d=mm&r=g\",\"url\":\"https:\\\/\\\/secure.gravatar.com\\\/avatar\\\/3f2ed77f8506b8ea264ad5938bb0114bfa10f35b64086a66dfbb6e9f58ad9693?s=96&d=mm&r=g\",\"contentUrl\":\"https:\\\/\\\/secure.gravatar.com\\\/avatar\\\/3f2ed77f8506b8ea264ad5938bb0114bfa10f35b64086a66dfbb6e9f58ad9693?s=96&d=mm&r=g\",\"caption\":\"AlterTour\"},\"url\":\"https:\\\/\\\/www.altercampagne.net\\\/?author=215\"}]}<\/script>\n<!-- \/ Yoast SEO plugin. -->","yoast_head_json":{"title":"Amay ? Non, peut-\u00eatre ! (Oui, certainement ! en belge) - le vendredi 7 ao\u00fbt \u00e0 Amay - AlterTour","robots":{"index":"index","follow":"follow","max-snippet":"max-snippet:-1","max-image-preview":"max-image-preview:large","max-video-preview":"max-video-preview:-1"},"canonical":"https:\/\/www.altercampagne.net\/?p=1544","og_locale":"fr_FR","og_type":"article","og_title":"Amay ? Non, peut-\u00eatre ! (Oui, certainement ! en belge) - le vendredi 7 ao\u00fbt \u00e0 Amay - AlterTour","og_description":"C\u2019est quoi les \u00ab&nbsp;Villes en transition&nbsp;\u00bb&nbsp;? C\u2019est un mouvement international consistant \u00e0 mettre en place, au niveau de la cit\u00e9, des projets initi\u00e9s par et pour ses habitants, sans aucune notion d\u2019appartenance politique ou philosophique. Ces projets ont pour but d\u2019inventer des moyens pratiques, \u00e0 notre port\u00e9e, pour amortir les ... Read More","og_url":"https:\/\/www.altercampagne.net\/?p=1544","og_site_name":"AlterTour","article_published_time":"2015-06-26T10:00:02+00:00","article_modified_time":"2020-02-24T14:17:01+00:00","og_image":[{"url":"http:\/\/www.altercampagne.net\/wp-content\/uploads\/2015\/04\/2015-08-07-amay-en-transition.jpg","type":"","width":"","height":""}],"author":"AlterTour","twitter_card":"summary_large_image","twitter_misc":{"\u00c9crit par":"AlterTour","Dur\u00e9e de lecture estim\u00e9e":"1 minute"},"schema":{"@context":"https:\/\/schema.org","@graph":[{"@type":"Article","@id":"https:\/\/www.altercampagne.net\/?p=1544#article","isPartOf":{"@id":"https:\/\/www.altercampagne.net\/?p=1544"},"author":{"name":"AlterTour","@id":"https:\/\/www.altercampagne.net\/#\/schema\/person\/e5b68c803196f649c2152249d262d94a"},"headline":"Amay ? Non, peut-\u00eatre ! (Oui, certainement ! en belge) &#8211; le vendredi 7 ao\u00fbt \u00e0 Amay","datePublished":"2015-06-26T10:00:02+00:00","dateModified":"2020-02-24T14:17:01+00:00","mainEntityOfPage":{"@id":"https:\/\/www.altercampagne.net\/?p=1544"},"wordCount":298,"image":{"@id":"https:\/\/www.altercampagne.net\/?p=1544#primaryimage"},"thumbnailUrl":"http:\/\/www.altercampagne.net\/wp-content\/uploads\/2015\/04\/2015-08-07-amay-en-transition.jpg","keywords":["belgique","SEL","climat","Transition","AlterTour 2015","Incroyables comestibles","cop21","reliez les alternatives \u00e0 v\u00e9lo","autre tour de France \u00e0 v\u00e9lo","GAC","Donnerie","jardin partag\u00e9","amay en transition","R\u00e9gion wallonne","Amay","province de Li\u00e8ge"],"articleSection":["Belgique","\u00c9dition 2015","Transverse"],"inLanguage":"fr-FR"},{"@type":"WebPage","@id":"https:\/\/www.altercampagne.net\/?p=1544","url":"https:\/\/www.altercampagne.net\/?p=1544","name":"Amay ? Non, peut-\u00eatre ! (Oui, certainement ! en belge) - le vendredi 7 ao\u00fbt \u00e0 Amay - AlterTour","isPartOf":{"@id":"https:\/\/www.altercampagne.net\/#website"},"primaryImageOfPage":{"@id":"https:\/\/www.altercampagne.net\/?p=1544#primaryimage"},"image":{"@id":"https:\/\/www.altercampagne.net\/?p=1544#primaryimage"},"thumbnailUrl":"http:\/\/www.altercampagne.net\/wp-content\/uploads\/2015\/04\/2015-08-07-amay-en-transition.jpg","datePublished":"2015-06-26T10:00:02+00:00","dateModified":"2020-02-24T14:17:01+00:00","author":{"@id":"https:\/\/www.altercampagne.net\/#\/schema\/person\/e5b68c803196f649c2152249d262d94a"},"breadcrumb":{"@id":"https:\/\/www.altercampagne.net\/?p=1544#breadcrumb"},"inLanguage":"fr-FR","potentialAction":[{"@type":"ReadAction","target":["https:\/\/www.altercampagne.net\/?p=1544"]}]},{"@type":"ImageObject","inLanguage":"fr-FR","@id":"https:\/\/www.altercampagne.net\/?p=1544#primaryimage","url":"https:\/\/www.altercampagne.net\/wp-content\/uploads\/2015\/04\/2015-08-07-amay-en-transition.jpg","contentUrl":"https:\/\/www.altercampagne.net\/wp-content\/uploads\/2015\/04\/2015-08-07-amay-en-transition.jpg","width":960,"height":700,"caption":"amay en transition AlterTour 2015"},{"@type":"BreadcrumbList","@id":"https:\/\/www.altercampagne.net\/?p=1544#breadcrumb","itemListElement":[{"@type":"ListItem","position":1,"name":"Accueil","item":"https:\/\/www.altercampagne.net\/"},{"@type":"ListItem","position":2,"name":"Amay ? Non, peut-\u00eatre ! (Oui, certainement ! en belge) &#8211; le vendredi 7 ao\u00fbt \u00e0 Amay"}]},{"@type":"WebSite","@id":"https:\/\/www.altercampagne.net\/#website","url":"https:\/\/www.altercampagne.net\/","name":"AlterTour","description":"Reliez les Alternatives \u00e0 v\u00e9lo","potentialAction":[{"@type":"SearchAction","target":{"@type":"EntryPoint","urlTemplate":"https:\/\/www.altercampagne.net\/?s={search_term_string}"},"query-input":{"@type":"PropertyValueSpecification","valueRequired":true,"valueName":"search_term_string"}}],"inLanguage":"fr-FR"},{"@type":"Person","@id":"https:\/\/www.altercampagne.net\/#\/schema\/person\/e5b68c803196f649c2152249d262d94a","name":"AlterTour","image":{"@type":"ImageObject","inLanguage":"fr-FR","@id":"https:\/\/secure.gravatar.com\/avatar\/3f2ed77f8506b8ea264ad5938bb0114bfa10f35b64086a66dfbb6e9f58ad9693?s=96&d=mm&r=g","url":"https:\/\/secure.gravatar.com\/avatar\/3f2ed77f8506b8ea264ad5938bb0114bfa10f35b64086a66dfbb6e9f58ad9693?s=96&d=mm&r=g","contentUrl":"https:\/\/secure.gravatar.com\/avatar\/3f2ed77f8506b8ea264ad5938bb0114bfa10f35b64086a66dfbb6e9f58ad9693?s=96&d=mm&r=g","caption":"AlterTour"},"url":"https:\/\/www.altercampagne.net\/?author=215"}]}},"_links":{"self":[{"href":"https:\/\/www.altercampagne.net\/index.php?rest_route=\/wp\/v2\/posts\/1544","targetHints":{"allow":["GET"]}}],"collection":[{"href":"https:\/\/www.altercampagne.net\/index.php?rest_route=\/wp\/v2\/posts"}],"about":[{"href":"https:\/\/www.altercampagne.net\/index.php?rest_route=\/wp\/v2\/types\/post"}],"author":[{"embeddable":true,"href":"https:\/\/www.altercampagne.net\/index.php?rest_route=\/wp\/v2\/users\/215"}],"replies":[{"embeddable":true,"href":"https:\/\/www.altercampagne.net\/index.php?rest_route=%2Fwp%2Fv2%2Fcomments&post=1544"}],"version-history":[{"count":1,"href":"https:\/\/www.altercampagne.net\/index.php?rest_route=\/wp\/v2\/posts\/1544\/revisions"}],"predecessor-version":[{"id":17351,"href":"https:\/\/www.altercampagne.net\/index.php?rest_route=\/wp\/v2\/posts\/1544\/revisions\/17351"}],"wp:attachment":[{"href":"https:\/\/www.altercampagne.net\/index.php?rest_route=%2Fwp%2Fv2%2Fmedia&parent=1544"}],"wp:term":[{"taxonomy":"category","embeddable":true,"href":"https:\/\/www.altercampagne.net\/index.php?rest_route=%2Fwp%2Fv2%2Fcategories&post=1544"},{"taxonomy":"post_tag","embeddable":true,"href":"https:\/\/www.altercampagne.net\/index.php?rest_route=%2Fwp%2Fv2%2Ftags&post=1544"}],"curies":[{"name":"wp","href":"https:\/\/api.w.org\/{rel}","templated":true}]}}