{"id":1553,"date":"2015-06-27T12:00:27","date_gmt":"2015-06-27T10:00:27","guid":{"rendered":"http:\/\/www.altercampagne.net\/?p=1553"},"modified":"2020-04-06T11:27:01","modified_gmt":"2020-04-06T09:27:01","slug":"des-lieux-eco-top-ia-le-samedi-8-aout-a-midi-a-tilff","status":"publish","type":"post","link":"https:\/\/www.altercampagne.net\/?p=1553","title":{"rendered":"Des lieux Eco top ia ! &#8211; le samedi 8 ao\u00fbt \u00e0 midi \u00e0 Tilff"},"content":{"rendered":"<p><img loading=\"lazy\" decoding=\"async\" class=\" alignleft\" src=\"http:\/\/www.altercampagne.net\/wp-content\/uploads\/2015\/05\/2015-08-08-ecotopia.jpg\" alt=\"Ecotopia AlterTour 2015\" width=\"300\" height=\"219\" \/><\/p>\n<p>\u00ab\u00a0Chez <a href=\"http:\/\/www.ecotopiatilff.org\/\" target=\"_blank\" rel=\"noopener noreferrer\"><strong>Ecotopia<\/strong><\/a>, pas de mar\u00e9e noire, personne ne va au charbon\u2026 C&rsquo;est le bois qui nous donne sa chaleur. Les nich\u00e9es de lapins, la basse-cour et notre troupeau de 4 moutons ne d\u00e9gagent que peu de CO2.<br \/>\nLes arbres, les buissons, les plantations de fruits et de l\u00e9gumes brassent et recyclent l&rsquo;air des visiteurs, des mara\u00eechers en herbe et de nos animateurs.<br \/>\nLes serres sont chauff\u00e9es par le soleil, l&rsquo;eau de l&rsquo;Ourthe irrigue les plantations. Ici aucun autre r\u00e9chauffement que celui des c\u0153urs, de l&rsquo;enthousiasme et de la cr\u00e9ativit\u00e9 dans les rencontres&#8230;\u00a0\u00bb<br \/>\nEcotopia,\u00a0 association citoyenne n\u00e9e en 2007, longe, \u00e0 7 km de Li\u00e8ge, le halage de l&rsquo;Ourthe et le ravel.\u00a0 Cette ancienne p\u00e9pini\u00e8re de pr\u00e8s de 5ha\u00a0 a \u00e9t\u00e9 reconvertie en lieu de culture (de l&rsquo;\u00e2me et de la terre)\u00a0 et s&rsquo;ins\u00e8re dans la Ceinture Alimentaire Li\u00e9geoise (catl.be).<br \/>\nLa pompe (fun\u00e8bre) \u00e0 essence d\u00e9saffect\u00e9e \u00e0 l&rsquo;entr\u00e9e du terrain fait vite comprendre la philosophie des occupants : simplicit\u00e9 volontaire, usage raisonn\u00e9 des \u00e9nergies, r\u00e9partitions \u00e9quitables des biens et des ressources, respect de soi, des autres et de la nature, promotion des arts, de l&rsquo;artisanat, de la permaculture.<br \/>\nLa sensibilisation \u00e0 la nature par l&rsquo;organisation de stages pour enfants, d&rsquo;\u00e9changes de savoirs, d&rsquo;ateliers pour adultes, et plein d&rsquo;autres id\u00e9es y foisonnent : dans les locaux de la petite \u00e9cole Montessori\u2026 chez tous les artistes fr\u00e9quentant le site\u2026 dans la coop\u00e9rative \u00e0 finalit\u00e9 sociale \u00ab\u00a0Les compagnons de la terre \u00a0\u00bb fond\u00e9e en 2015 se d\u00e9finissant comme \u00a0\u00bb coop\u00e9rative d&rsquo;agriculture inventive \u00ab\u00a0&#8230;<br \/>\nC&rsquo;est\u00a0 un lieu de recherche-action qui vise \u00e0 d\u00e9velopper les syst\u00e8mes alimentaires de demain.<\/p>\n<p><a href=\"http:\/\/www.ecotopiatilff.org\/\" target=\"_blank\" rel=\"noopener noreferrer\">http:\/\/www.ecotopiatilff.org\/<\/a><\/p>\n<p>Ecotopia accueillera l\u2019AlterTour le 8 ao\u00fbt 2015 \u00e0 midi avant la v\u00e9lorution vers Li\u00e8ge et Ans. Lien vers l\u2019\u00e9tape du <a href=\"http:\/\/www.altercampagne.net\/?page_id=172&amp;route=33\">Samedi 8 ao\u00fbt<\/a><\/p>\n","protected":false},"excerpt":{"rendered":"<p>\u00ab\u00a0Chez Ecotopia, pas de mar\u00e9e noire, personne ne va au charbon\u2026 C&rsquo;est le bois qui nous donne sa chaleur. Les nich\u00e9es de lapins, la basse-cour et notre troupeau de 4 moutons ne d\u00e9gagent que peu de CO2. Les arbres, les buissons, les plantations de fruits et de l\u00e9gumes brassent et &#8230; <\/p>\n<div><a href=\"https:\/\/www.altercampagne.net\/?p=1553\" class=\"more-link\">Read More<\/a><\/div>\n","protected":false},"author":215,"featured_media":0,"comment_status":"closed","ping_status":"closed","sticky":false,"template":"","format":"standard","meta":{"footnotes":""},"categories":[3483,3526,3460],"tags":[275,1593,1592,1591,1590,1517,1505,776,277,276,23,265,252,233,223,192,73,44,38],"class_list":["post-1553","post","type-post","status-publish","format-standard","hentry","category-agriculture","category-belgique","category-edition-2015","tag-gac","tag-esneux","tag-tilff","tag-montessori","tag-ceinture-alimentaire","tag-province-de-liege","tag-region-wallonne","tag-ecotopia","tag-jardin-partage","tag-donnerie","tag-belgique","tag-autre-tour-de-france-a-velo","tag-reliez-les-alternatives-a-velo","tag-cop21","tag-incroyables-comestibles","tag-altertour-2015","tag-transition","tag-climat","tag-sel","no-post-thumbnail"],"yoast_head":"<!-- This site is optimized with the Yoast SEO plugin v27.3 - https:\/\/yoast.com\/product\/yoast-seo-wordpress\/ -->\n<title>Des lieux Eco top ia ! - le samedi 8 ao\u00fbt \u00e0 midi \u00e0 Tilff - AlterTour<\/title>\n<meta name=\"robots\" content=\"index, follow, max-snippet:-1, max-image-preview:large, max-video-preview:-1\" \/>\n<link rel=\"canonical\" href=\"https:\/\/www.altercampagne.net\/?p=1553\" \/>\n<meta property=\"og:locale\" content=\"fr_FR\" \/>\n<meta property=\"og:type\" content=\"article\" \/>\n<meta property=\"og:title\" content=\"Des lieux Eco top ia ! - le samedi 8 ao\u00fbt \u00e0 midi \u00e0 Tilff - AlterTour\" \/>\n<meta property=\"og:description\" content=\"\u00ab\u00a0Chez Ecotopia, pas de mar\u00e9e noire, personne ne va au charbon\u2026 C&rsquo;est le bois qui nous donne sa chaleur. Les nich\u00e9es de lapins, la basse-cour et notre troupeau de 4 moutons ne d\u00e9gagent que peu de CO2. Les arbres, les buissons, les plantations de fruits et de l\u00e9gumes brassent et ... Read More\" \/>\n<meta property=\"og:url\" content=\"https:\/\/www.altercampagne.net\/?p=1553\" \/>\n<meta property=\"og:site_name\" content=\"AlterTour\" \/>\n<meta property=\"article:published_time\" content=\"2015-06-27T10:00:27+00:00\" \/>\n<meta property=\"article:modified_time\" content=\"2020-04-06T09:27:01+00:00\" \/>\n<meta property=\"og:image\" content=\"http:\/\/www.altercampagne.net\/wp-content\/uploads\/2015\/05\/2015-08-08-ecotopia.jpg\" \/>\n<meta name=\"author\" content=\"AlterTour\" \/>\n<meta name=\"twitter:card\" content=\"summary_large_image\" \/>\n<meta name=\"twitter:label1\" content=\"\u00c9crit par\" \/>\n\t<meta name=\"twitter:data1\" content=\"AlterTour\" \/>\n\t<meta name=\"twitter:label2\" content=\"Dur\u00e9e de lecture estim\u00e9e\" \/>\n\t<meta name=\"twitter:data2\" content=\"2 minutes\" \/>\n<script type=\"application\/ld+json\" class=\"yoast-schema-graph\">{\"@context\":\"https:\\\/\\\/schema.org\",\"@graph\":[{\"@type\":\"Article\",\"@id\":\"https:\\\/\\\/www.altercampagne.net\\\/?p=1553#article\",\"isPartOf\":{\"@id\":\"https:\\\/\\\/www.altercampagne.net\\\/?p=1553\"},\"author\":{\"name\":\"AlterTour\",\"@id\":\"https:\\\/\\\/www.altercampagne.net\\\/#\\\/schema\\\/person\\\/e5b68c803196f649c2152249d262d94a\"},\"headline\":\"Des lieux Eco top ia ! &#8211; le samedi 8 ao\u00fbt \u00e0 midi \u00e0 Tilff\",\"datePublished\":\"2015-06-27T10:00:27+00:00\",\"dateModified\":\"2020-04-06T09:27:01+00:00\",\"mainEntityOfPage\":{\"@id\":\"https:\\\/\\\/www.altercampagne.net\\\/?p=1553\"},\"wordCount\":335,\"image\":{\"@id\":\"https:\\\/\\\/www.altercampagne.net\\\/?p=1553#primaryimage\"},\"thumbnailUrl\":\"http:\\\/\\\/www.altercampagne.net\\\/wp-content\\\/uploads\\\/2015\\\/05\\\/2015-08-08-ecotopia.jpg\",\"keywords\":[\"GAC\",\"Esneux\",\"Tilff\",\"Montessori\",\"Ceinture Alimentaire\",\"province de Li\u00e8ge\",\"R\u00e9gion wallonne\",\"Ecotopia\",\"jardin partag\u00e9\",\"Donnerie\",\"belgique\",\"autre tour de France \u00e0 v\u00e9lo\",\"reliez les alternatives \u00e0 v\u00e9lo\",\"cop21\",\"Incroyables comestibles\",\"AlterTour 2015\",\"Transition\",\"climat\",\"SEL\"],\"articleSection\":[\"Agriculture\",\"Belgique\",\"\u00c9dition 2015\"],\"inLanguage\":\"fr-FR\"},{\"@type\":\"WebPage\",\"@id\":\"https:\\\/\\\/www.altercampagne.net\\\/?p=1553\",\"url\":\"https:\\\/\\\/www.altercampagne.net\\\/?p=1553\",\"name\":\"Des lieux Eco top ia ! - le samedi 8 ao\u00fbt \u00e0 midi \u00e0 Tilff - AlterTour\",\"isPartOf\":{\"@id\":\"https:\\\/\\\/www.altercampagne.net\\\/#website\"},\"primaryImageOfPage\":{\"@id\":\"https:\\\/\\\/www.altercampagne.net\\\/?p=1553#primaryimage\"},\"image\":{\"@id\":\"https:\\\/\\\/www.altercampagne.net\\\/?p=1553#primaryimage\"},\"thumbnailUrl\":\"http:\\\/\\\/www.altercampagne.net\\\/wp-content\\\/uploads\\\/2015\\\/05\\\/2015-08-08-ecotopia.jpg\",\"datePublished\":\"2015-06-27T10:00:27+00:00\",\"dateModified\":\"2020-04-06T09:27:01+00:00\",\"author\":{\"@id\":\"https:\\\/\\\/www.altercampagne.net\\\/#\\\/schema\\\/person\\\/e5b68c803196f649c2152249d262d94a\"},\"breadcrumb\":{\"@id\":\"https:\\\/\\\/www.altercampagne.net\\\/?p=1553#breadcrumb\"},\"inLanguage\":\"fr-FR\",\"potentialAction\":[{\"@type\":\"ReadAction\",\"target\":[\"https:\\\/\\\/www.altercampagne.net\\\/?p=1553\"]}]},{\"@type\":\"ImageObject\",\"inLanguage\":\"fr-FR\",\"@id\":\"https:\\\/\\\/www.altercampagne.net\\\/?p=1553#primaryimage\",\"url\":\"https:\\\/\\\/www.altercampagne.net\\\/wp-content\\\/uploads\\\/2015\\\/05\\\/2015-08-08-ecotopia.jpg\",\"contentUrl\":\"https:\\\/\\\/www.altercampagne.net\\\/wp-content\\\/uploads\\\/2015\\\/05\\\/2015-08-08-ecotopia.jpg\",\"width\":960,\"height\":700,\"caption\":\"Ecotopia AlterTour 2015\"},{\"@type\":\"BreadcrumbList\",\"@id\":\"https:\\\/\\\/www.altercampagne.net\\\/?p=1553#breadcrumb\",\"itemListElement\":[{\"@type\":\"ListItem\",\"position\":1,\"name\":\"Accueil\",\"item\":\"https:\\\/\\\/www.altercampagne.net\\\/\"},{\"@type\":\"ListItem\",\"position\":2,\"name\":\"Des lieux Eco top ia ! &#8211; le samedi 8 ao\u00fbt \u00e0 midi \u00e0 Tilff\"}]},{\"@type\":\"WebSite\",\"@id\":\"https:\\\/\\\/www.altercampagne.net\\\/#website\",\"url\":\"https:\\\/\\\/www.altercampagne.net\\\/\",\"name\":\"AlterTour\",\"description\":\"Reliez les Alternatives \u00e0 v\u00e9lo\",\"potentialAction\":[{\"@type\":\"SearchAction\",\"target\":{\"@type\":\"EntryPoint\",\"urlTemplate\":\"https:\\\/\\\/www.altercampagne.net\\\/?s={search_term_string}\"},\"query-input\":{\"@type\":\"PropertyValueSpecification\",\"valueRequired\":true,\"valueName\":\"search_term_string\"}}],\"inLanguage\":\"fr-FR\"},{\"@type\":\"Person\",\"@id\":\"https:\\\/\\\/www.altercampagne.net\\\/#\\\/schema\\\/person\\\/e5b68c803196f649c2152249d262d94a\",\"name\":\"AlterTour\",\"image\":{\"@type\":\"ImageObject\",\"inLanguage\":\"fr-FR\",\"@id\":\"https:\\\/\\\/secure.gravatar.com\\\/avatar\\\/3f2ed77f8506b8ea264ad5938bb0114bfa10f35b64086a66dfbb6e9f58ad9693?s=96&d=mm&r=g\",\"url\":\"https:\\\/\\\/secure.gravatar.com\\\/avatar\\\/3f2ed77f8506b8ea264ad5938bb0114bfa10f35b64086a66dfbb6e9f58ad9693?s=96&d=mm&r=g\",\"contentUrl\":\"https:\\\/\\\/secure.gravatar.com\\\/avatar\\\/3f2ed77f8506b8ea264ad5938bb0114bfa10f35b64086a66dfbb6e9f58ad9693?s=96&d=mm&r=g\",\"caption\":\"AlterTour\"},\"url\":\"https:\\\/\\\/www.altercampagne.net\\\/?author=215\"}]}<\/script>\n<!-- \/ Yoast SEO plugin. -->","yoast_head_json":{"title":"Des lieux Eco top ia ! - le samedi 8 ao\u00fbt \u00e0 midi \u00e0 Tilff - AlterTour","robots":{"index":"index","follow":"follow","max-snippet":"max-snippet:-1","max-image-preview":"max-image-preview:large","max-video-preview":"max-video-preview:-1"},"canonical":"https:\/\/www.altercampagne.net\/?p=1553","og_locale":"fr_FR","og_type":"article","og_title":"Des lieux Eco top ia ! - le samedi 8 ao\u00fbt \u00e0 midi \u00e0 Tilff - AlterTour","og_description":"\u00ab\u00a0Chez Ecotopia, pas de mar\u00e9e noire, personne ne va au charbon\u2026 C&rsquo;est le bois qui nous donne sa chaleur. Les nich\u00e9es de lapins, la basse-cour et notre troupeau de 4 moutons ne d\u00e9gagent que peu de CO2. Les arbres, les buissons, les plantations de fruits et de l\u00e9gumes brassent et ... Read More","og_url":"https:\/\/www.altercampagne.net\/?p=1553","og_site_name":"AlterTour","article_published_time":"2015-06-27T10:00:27+00:00","article_modified_time":"2020-04-06T09:27:01+00:00","og_image":[{"url":"http:\/\/www.altercampagne.net\/wp-content\/uploads\/2015\/05\/2015-08-08-ecotopia.jpg","type":"","width":"","height":""}],"author":"AlterTour","twitter_card":"summary_large_image","twitter_misc":{"\u00c9crit par":"AlterTour","Dur\u00e9e de lecture estim\u00e9e":"2 minutes"},"schema":{"@context":"https:\/\/schema.org","@graph":[{"@type":"Article","@id":"https:\/\/www.altercampagne.net\/?p=1553#article","isPartOf":{"@id":"https:\/\/www.altercampagne.net\/?p=1553"},"author":{"name":"AlterTour","@id":"https:\/\/www.altercampagne.net\/#\/schema\/person\/e5b68c803196f649c2152249d262d94a"},"headline":"Des lieux Eco top ia ! &#8211; le samedi 8 ao\u00fbt \u00e0 midi \u00e0 Tilff","datePublished":"2015-06-27T10:00:27+00:00","dateModified":"2020-04-06T09:27:01+00:00","mainEntityOfPage":{"@id":"https:\/\/www.altercampagne.net\/?p=1553"},"wordCount":335,"image":{"@id":"https:\/\/www.altercampagne.net\/?p=1553#primaryimage"},"thumbnailUrl":"http:\/\/www.altercampagne.net\/wp-content\/uploads\/2015\/05\/2015-08-08-ecotopia.jpg","keywords":["GAC","Esneux","Tilff","Montessori","Ceinture Alimentaire","province de Li\u00e8ge","R\u00e9gion wallonne","Ecotopia","jardin partag\u00e9","Donnerie","belgique","autre tour de France \u00e0 v\u00e9lo","reliez les alternatives \u00e0 v\u00e9lo","cop21","Incroyables comestibles","AlterTour 2015","Transition","climat","SEL"],"articleSection":["Agriculture","Belgique","\u00c9dition 2015"],"inLanguage":"fr-FR"},{"@type":"WebPage","@id":"https:\/\/www.altercampagne.net\/?p=1553","url":"https:\/\/www.altercampagne.net\/?p=1553","name":"Des lieux Eco top ia ! - le samedi 8 ao\u00fbt \u00e0 midi \u00e0 Tilff - AlterTour","isPartOf":{"@id":"https:\/\/www.altercampagne.net\/#website"},"primaryImageOfPage":{"@id":"https:\/\/www.altercampagne.net\/?p=1553#primaryimage"},"image":{"@id":"https:\/\/www.altercampagne.net\/?p=1553#primaryimage"},"thumbnailUrl":"http:\/\/www.altercampagne.net\/wp-content\/uploads\/2015\/05\/2015-08-08-ecotopia.jpg","datePublished":"2015-06-27T10:00:27+00:00","dateModified":"2020-04-06T09:27:01+00:00","author":{"@id":"https:\/\/www.altercampagne.net\/#\/schema\/person\/e5b68c803196f649c2152249d262d94a"},"breadcrumb":{"@id":"https:\/\/www.altercampagne.net\/?p=1553#breadcrumb"},"inLanguage":"fr-FR","potentialAction":[{"@type":"ReadAction","target":["https:\/\/www.altercampagne.net\/?p=1553"]}]},{"@type":"ImageObject","inLanguage":"fr-FR","@id":"https:\/\/www.altercampagne.net\/?p=1553#primaryimage","url":"https:\/\/www.altercampagne.net\/wp-content\/uploads\/2015\/05\/2015-08-08-ecotopia.jpg","contentUrl":"https:\/\/www.altercampagne.net\/wp-content\/uploads\/2015\/05\/2015-08-08-ecotopia.jpg","width":960,"height":700,"caption":"Ecotopia AlterTour 2015"},{"@type":"BreadcrumbList","@id":"https:\/\/www.altercampagne.net\/?p=1553#breadcrumb","itemListElement":[{"@type":"ListItem","position":1,"name":"Accueil","item":"https:\/\/www.altercampagne.net\/"},{"@type":"ListItem","position":2,"name":"Des lieux Eco top ia ! &#8211; le samedi 8 ao\u00fbt \u00e0 midi \u00e0 Tilff"}]},{"@type":"WebSite","@id":"https:\/\/www.altercampagne.net\/#website","url":"https:\/\/www.altercampagne.net\/","name":"AlterTour","description":"Reliez les Alternatives \u00e0 v\u00e9lo","potentialAction":[{"@type":"SearchAction","target":{"@type":"EntryPoint","urlTemplate":"https:\/\/www.altercampagne.net\/?s={search_term_string}"},"query-input":{"@type":"PropertyValueSpecification","valueRequired":true,"valueName":"search_term_string"}}],"inLanguage":"fr-FR"},{"@type":"Person","@id":"https:\/\/www.altercampagne.net\/#\/schema\/person\/e5b68c803196f649c2152249d262d94a","name":"AlterTour","image":{"@type":"ImageObject","inLanguage":"fr-FR","@id":"https:\/\/secure.gravatar.com\/avatar\/3f2ed77f8506b8ea264ad5938bb0114bfa10f35b64086a66dfbb6e9f58ad9693?s=96&d=mm&r=g","url":"https:\/\/secure.gravatar.com\/avatar\/3f2ed77f8506b8ea264ad5938bb0114bfa10f35b64086a66dfbb6e9f58ad9693?s=96&d=mm&r=g","contentUrl":"https:\/\/secure.gravatar.com\/avatar\/3f2ed77f8506b8ea264ad5938bb0114bfa10f35b64086a66dfbb6e9f58ad9693?s=96&d=mm&r=g","caption":"AlterTour"},"url":"https:\/\/www.altercampagne.net\/?author=215"}]}},"_links":{"self":[{"href":"https:\/\/www.altercampagne.net\/index.php?rest_route=\/wp\/v2\/posts\/1553","targetHints":{"allow":["GET"]}}],"collection":[{"href":"https:\/\/www.altercampagne.net\/index.php?rest_route=\/wp\/v2\/posts"}],"about":[{"href":"https:\/\/www.altercampagne.net\/index.php?rest_route=\/wp\/v2\/types\/post"}],"author":[{"embeddable":true,"href":"https:\/\/www.altercampagne.net\/index.php?rest_route=\/wp\/v2\/users\/215"}],"replies":[{"embeddable":true,"href":"https:\/\/www.altercampagne.net\/index.php?rest_route=%2Fwp%2Fv2%2Fcomments&post=1553"}],"version-history":[{"count":3,"href":"https:\/\/www.altercampagne.net\/index.php?rest_route=\/wp\/v2\/posts\/1553\/revisions"}],"predecessor-version":[{"id":17993,"href":"https:\/\/www.altercampagne.net\/index.php?rest_route=\/wp\/v2\/posts\/1553\/revisions\/17993"}],"wp:attachment":[{"href":"https:\/\/www.altercampagne.net\/index.php?rest_route=%2Fwp%2Fv2%2Fmedia&parent=1553"}],"wp:term":[{"taxonomy":"category","embeddable":true,"href":"https:\/\/www.altercampagne.net\/index.php?rest_route=%2Fwp%2Fv2%2Fcategories&post=1553"},{"taxonomy":"post_tag","embeddable":true,"href":"https:\/\/www.altercampagne.net\/index.php?rest_route=%2Fwp%2Fv2%2Ftags&post=1553"}],"curies":[{"name":"wp","href":"https:\/\/api.w.org\/{rel}","templated":true}]}}