{"id":1555,"date":"2015-06-28T12:00:00","date_gmt":"2015-06-28T10:00:00","guid":{"rendered":"http:\/\/www.altercampagne.net\/?p=1555"},"modified":"2015-06-25T13:43:41","modified_gmt":"2015-06-25T11:43:41","slug":"make-peace-not-war-ou-make-peace-not-war-ou-le-9-aout-2015-a-ans-waroux","status":"publish","type":"post","link":"https:\/\/www.altercampagne.net\/?p=1555","title":{"rendered":"Make Peace not War ou Make Peace not War ou&#8230; &#8211; le 9 ao\u00fbt 2015 \u00e0 Ans (Waroux:-)"},"content":{"rendered":"<p>Aupr\u00e8s de mon arbre, je vivais heureux&#8230;<\/p>\n<p>Journ\u00e9e de \u00ab\u00a0repos\u00a0\u00bb \u00e0 Ans&#8230;la vie d&rsquo;ch\u00e2teau \ud83d\ude42 avec les Valeureux Colibris.<\/p>\n<p>Cercle de Parole &#8211; Visite du Fort de Loncin &#8211; Rencontres d&rsquo;Alternatives &#8211; Petit tour \u00e0 Li\u00e8ge pour les motiv\u00e9s (oui, \u00e7a descend&#8230;mais apr\u00e8s&#8230;)<\/p>\n<p>&nbsp;<\/p>\n<p><a href=\"http:\/\/lesvaleureuxcolibris.blogspot.be\/\"><img loading=\"lazy\" decoding=\"async\" class=\"\" src=\"http:\/\/www.altercampagne.net\/wp-content\/uploads\/2015\/04\/2015-08-09-les-valeureux-colibris.jpg\" alt=\"\" width=\"287\" height=\"209\" \/><\/a><\/p>\n<p>&nbsp;<\/p>\n<p><a href=\"http:\/\/lesvaleureuxcolibris.blogspot.be\/\">http:\/\/lesvaleureuxcolibris.blogspot.be\/<\/a><\/p>\n<div id=\"logo\"><a href=\"http:\/\/www.ferme-paque.be\/\"><img decoding=\"async\" src=\"http:\/\/www.ferme-paque.be\/templates\/fermearbre\/images\/logo.png\" alt=\"\" \/><\/a><\/div>\n<p><a href=\"http:\/\/www.ferme-paque.be\/fr\">http:\/\/www.ferme-paque.be\/fr<\/a><\/p>\n<div><\/div>\n<p>Ans accueillera l\u2019AlterTour le 9 ao\u00fbt 2015. Lien vers l\u2019\u00e9tape du <a href=\"http:\/\/www.altercampagne.net\/?page_id=172&amp;route=34\">Dimanche 9 ao\u00fbt<\/a><\/p>\n","protected":false},"excerpt":{"rendered":"<p>Aupr\u00e8s de mon arbre, je vivais heureux&#8230; Journ\u00e9e de \u00ab\u00a0repos\u00a0\u00bb \u00e0 Ans&#8230;la vie d&rsquo;ch\u00e2teau \ud83d\ude42 avec les Valeureux Colibris. Cercle de Parole &#8211; Visite du Fort de Loncin &#8211; Rencontres d&rsquo;Alternatives &#8211; Petit tour \u00e0 Li\u00e8ge pour les motiv\u00e9s (oui, \u00e7a descend&#8230;mais apr\u00e8s&#8230;) &nbsp; &nbsp; http:\/\/lesvaleureuxcolibris.blogspot.be\/ http:\/\/www.ferme-paque.be\/fr Ans accueillera l\u2019AlterTour &#8230; <\/p>\n<div><a href=\"https:\/\/www.altercampagne.net\/?p=1555\" class=\"more-link\">Read More<\/a><\/div>\n","protected":false},"author":215,"featured_media":0,"comment_status":"closed","ping_status":"closed","sticky":false,"template":"","format":"standard","meta":{"footnotes":""},"categories":[1],"tags":[44,73,192,233,252,256,259,265,269,270,278],"class_list":["post-1555","post","type-post","status-publish","format-standard","hentry","category-non-classe","tag-climat","tag-transition","tag-altertour-2015","tag-cop21","tag-reliez-les-alternatives-a-velo","tag-bio","tag-energie","tag-autre-tour-de-france-a-velo","tag-cooperative","tag-eolienne","tag-colibri","no-post-thumbnail"],"yoast_head":"<!-- This site is optimized with the Yoast SEO plugin v27.3 - https:\/\/yoast.com\/product\/yoast-seo-wordpress\/ -->\n<title>Make Peace not War ou Make Peace not War ou... - le 9 ao\u00fbt 2015 \u00e0 Ans (Waroux:-) - AlterTour<\/title>\n<meta name=\"robots\" content=\"index, follow, max-snippet:-1, max-image-preview:large, max-video-preview:-1\" \/>\n<link rel=\"canonical\" href=\"https:\/\/www.altercampagne.net\/?p=1555\" \/>\n<meta property=\"og:locale\" content=\"fr_FR\" \/>\n<meta property=\"og:type\" content=\"article\" \/>\n<meta property=\"og:title\" content=\"Make Peace not War ou Make Peace not War ou... - le 9 ao\u00fbt 2015 \u00e0 Ans (Waroux:-) - AlterTour\" \/>\n<meta property=\"og:description\" content=\"Aupr\u00e8s de mon arbre, je vivais heureux&#8230; Journ\u00e9e de \u00ab\u00a0repos\u00a0\u00bb \u00e0 Ans&#8230;la vie d&rsquo;ch\u00e2teau \ud83d\ude42 avec les Valeureux Colibris. Cercle de Parole &#8211; Visite du Fort de Loncin &#8211; Rencontres d&rsquo;Alternatives &#8211; Petit tour \u00e0 Li\u00e8ge pour les motiv\u00e9s (oui, \u00e7a descend&#8230;mais apr\u00e8s&#8230;) &nbsp; &nbsp; http:\/\/lesvaleureuxcolibris.blogspot.be\/ http:\/\/www.ferme-paque.be\/fr Ans accueillera l\u2019AlterTour ... Read More\" \/>\n<meta property=\"og:url\" content=\"https:\/\/www.altercampagne.net\/?p=1555\" \/>\n<meta property=\"og:site_name\" content=\"AlterTour\" \/>\n<meta property=\"article:published_time\" content=\"2015-06-28T10:00:00+00:00\" \/>\n<meta property=\"og:image\" content=\"http:\/\/www.altercampagne.net\/wp-content\/uploads\/2015\/04\/2015-08-09-les-valeureux-colibris.jpg\" \/>\n<meta name=\"author\" content=\"AlterTour\" \/>\n<meta name=\"twitter:card\" content=\"summary_large_image\" \/>\n<meta name=\"twitter:label1\" content=\"\u00c9crit par\" \/>\n\t<meta name=\"twitter:data1\" content=\"AlterTour\" \/>\n<script type=\"application\/ld+json\" class=\"yoast-schema-graph\">{\"@context\":\"https:\\\/\\\/schema.org\",\"@graph\":[{\"@type\":\"Article\",\"@id\":\"https:\\\/\\\/www.altercampagne.net\\\/?p=1555#article\",\"isPartOf\":{\"@id\":\"https:\\\/\\\/www.altercampagne.net\\\/?p=1555\"},\"author\":{\"name\":\"AlterTour\",\"@id\":\"https:\\\/\\\/www.altercampagne.net\\\/#\\\/schema\\\/person\\\/e5b68c803196f649c2152249d262d94a\"},\"headline\":\"Make Peace not War ou Make Peace not War ou&#8230; &#8211; le 9 ao\u00fbt 2015 \u00e0 Ans (Waroux:-)\",\"datePublished\":\"2015-06-28T10:00:00+00:00\",\"mainEntityOfPage\":{\"@id\":\"https:\\\/\\\/www.altercampagne.net\\\/?p=1555\"},\"wordCount\":94,\"image\":{\"@id\":\"https:\\\/\\\/www.altercampagne.net\\\/?p=1555#primaryimage\"},\"thumbnailUrl\":\"http:\\\/\\\/www.altercampagne.net\\\/wp-content\\\/uploads\\\/2015\\\/04\\\/2015-08-09-les-valeureux-colibris.jpg\",\"keywords\":[\"climat\",\"Transition\",\"AlterTour 2015\",\"cop21\",\"reliez les alternatives \u00e0 v\u00e9lo\",\"bio\",\"\u00e9nergie\",\"autre tour de France \u00e0 v\u00e9lo\",\"Coop\u00e9rative\",\"\u00e9olienne\",\"colibri\"],\"inLanguage\":\"fr-FR\"},{\"@type\":\"WebPage\",\"@id\":\"https:\\\/\\\/www.altercampagne.net\\\/?p=1555\",\"url\":\"https:\\\/\\\/www.altercampagne.net\\\/?p=1555\",\"name\":\"Make Peace not War ou Make Peace not War ou... - le 9 ao\u00fbt 2015 \u00e0 Ans (Waroux:-) - AlterTour\",\"isPartOf\":{\"@id\":\"https:\\\/\\\/www.altercampagne.net\\\/#website\"},\"primaryImageOfPage\":{\"@id\":\"https:\\\/\\\/www.altercampagne.net\\\/?p=1555#primaryimage\"},\"image\":{\"@id\":\"https:\\\/\\\/www.altercampagne.net\\\/?p=1555#primaryimage\"},\"thumbnailUrl\":\"http:\\\/\\\/www.altercampagne.net\\\/wp-content\\\/uploads\\\/2015\\\/04\\\/2015-08-09-les-valeureux-colibris.jpg\",\"datePublished\":\"2015-06-28T10:00:00+00:00\",\"author\":{\"@id\":\"https:\\\/\\\/www.altercampagne.net\\\/#\\\/schema\\\/person\\\/e5b68c803196f649c2152249d262d94a\"},\"breadcrumb\":{\"@id\":\"https:\\\/\\\/www.altercampagne.net\\\/?p=1555#breadcrumb\"},\"inLanguage\":\"fr-FR\",\"potentialAction\":[{\"@type\":\"ReadAction\",\"target\":[\"https:\\\/\\\/www.altercampagne.net\\\/?p=1555\"]}]},{\"@type\":\"ImageObject\",\"inLanguage\":\"fr-FR\",\"@id\":\"https:\\\/\\\/www.altercampagne.net\\\/?p=1555#primaryimage\",\"url\":\"https:\\\/\\\/www.altercampagne.net\\\/wp-content\\\/uploads\\\/2015\\\/04\\\/2015-08-09-les-valeureux-colibris.jpg\",\"contentUrl\":\"https:\\\/\\\/www.altercampagne.net\\\/wp-content\\\/uploads\\\/2015\\\/04\\\/2015-08-09-les-valeureux-colibris.jpg\",\"width\":960,\"height\":700,\"caption\":\"valeureux colibris AlterTour 2015\"},{\"@type\":\"BreadcrumbList\",\"@id\":\"https:\\\/\\\/www.altercampagne.net\\\/?p=1555#breadcrumb\",\"itemListElement\":[{\"@type\":\"ListItem\",\"position\":1,\"name\":\"Accueil\",\"item\":\"https:\\\/\\\/www.altercampagne.net\\\/\"},{\"@type\":\"ListItem\",\"position\":2,\"name\":\"Make Peace not War ou Make Peace not War ou&#8230; &#8211; le 9 ao\u00fbt 2015 \u00e0 Ans (Waroux:-)\"}]},{\"@type\":\"WebSite\",\"@id\":\"https:\\\/\\\/www.altercampagne.net\\\/#website\",\"url\":\"https:\\\/\\\/www.altercampagne.net\\\/\",\"name\":\"AlterTour\",\"description\":\"Reliez les Alternatives \u00e0 v\u00e9lo\",\"potentialAction\":[{\"@type\":\"SearchAction\",\"target\":{\"@type\":\"EntryPoint\",\"urlTemplate\":\"https:\\\/\\\/www.altercampagne.net\\\/?s={search_term_string}\"},\"query-input\":{\"@type\":\"PropertyValueSpecification\",\"valueRequired\":true,\"valueName\":\"search_term_string\"}}],\"inLanguage\":\"fr-FR\"},{\"@type\":\"Person\",\"@id\":\"https:\\\/\\\/www.altercampagne.net\\\/#\\\/schema\\\/person\\\/e5b68c803196f649c2152249d262d94a\",\"name\":\"AlterTour\",\"image\":{\"@type\":\"ImageObject\",\"inLanguage\":\"fr-FR\",\"@id\":\"https:\\\/\\\/secure.gravatar.com\\\/avatar\\\/3f2ed77f8506b8ea264ad5938bb0114bfa10f35b64086a66dfbb6e9f58ad9693?s=96&d=mm&r=g\",\"url\":\"https:\\\/\\\/secure.gravatar.com\\\/avatar\\\/3f2ed77f8506b8ea264ad5938bb0114bfa10f35b64086a66dfbb6e9f58ad9693?s=96&d=mm&r=g\",\"contentUrl\":\"https:\\\/\\\/secure.gravatar.com\\\/avatar\\\/3f2ed77f8506b8ea264ad5938bb0114bfa10f35b64086a66dfbb6e9f58ad9693?s=96&d=mm&r=g\",\"caption\":\"AlterTour\"},\"url\":\"https:\\\/\\\/www.altercampagne.net\\\/?author=215\"}]}<\/script>\n<!-- \/ Yoast SEO plugin. -->","yoast_head_json":{"title":"Make Peace not War ou Make Peace not War ou... - le 9 ao\u00fbt 2015 \u00e0 Ans (Waroux:-) - AlterTour","robots":{"index":"index","follow":"follow","max-snippet":"max-snippet:-1","max-image-preview":"max-image-preview:large","max-video-preview":"max-video-preview:-1"},"canonical":"https:\/\/www.altercampagne.net\/?p=1555","og_locale":"fr_FR","og_type":"article","og_title":"Make Peace not War ou Make Peace not War ou... - le 9 ao\u00fbt 2015 \u00e0 Ans (Waroux:-) - AlterTour","og_description":"Aupr\u00e8s de mon arbre, je vivais heureux&#8230; Journ\u00e9e de \u00ab\u00a0repos\u00a0\u00bb \u00e0 Ans&#8230;la vie d&rsquo;ch\u00e2teau \ud83d\ude42 avec les Valeureux Colibris. Cercle de Parole &#8211; Visite du Fort de Loncin &#8211; Rencontres d&rsquo;Alternatives &#8211; Petit tour \u00e0 Li\u00e8ge pour les motiv\u00e9s (oui, \u00e7a descend&#8230;mais apr\u00e8s&#8230;) &nbsp; &nbsp; http:\/\/lesvaleureuxcolibris.blogspot.be\/ http:\/\/www.ferme-paque.be\/fr Ans accueillera l\u2019AlterTour ... Read More","og_url":"https:\/\/www.altercampagne.net\/?p=1555","og_site_name":"AlterTour","article_published_time":"2015-06-28T10:00:00+00:00","og_image":[{"url":"http:\/\/www.altercampagne.net\/wp-content\/uploads\/2015\/04\/2015-08-09-les-valeureux-colibris.jpg","type":"","width":"","height":""}],"author":"AlterTour","twitter_card":"summary_large_image","twitter_misc":{"\u00c9crit par":"AlterTour"},"schema":{"@context":"https:\/\/schema.org","@graph":[{"@type":"Article","@id":"https:\/\/www.altercampagne.net\/?p=1555#article","isPartOf":{"@id":"https:\/\/www.altercampagne.net\/?p=1555"},"author":{"name":"AlterTour","@id":"https:\/\/www.altercampagne.net\/#\/schema\/person\/e5b68c803196f649c2152249d262d94a"},"headline":"Make Peace not War ou Make Peace not War ou&#8230; &#8211; le 9 ao\u00fbt 2015 \u00e0 Ans (Waroux:-)","datePublished":"2015-06-28T10:00:00+00:00","mainEntityOfPage":{"@id":"https:\/\/www.altercampagne.net\/?p=1555"},"wordCount":94,"image":{"@id":"https:\/\/www.altercampagne.net\/?p=1555#primaryimage"},"thumbnailUrl":"http:\/\/www.altercampagne.net\/wp-content\/uploads\/2015\/04\/2015-08-09-les-valeureux-colibris.jpg","keywords":["climat","Transition","AlterTour 2015","cop21","reliez les alternatives \u00e0 v\u00e9lo","bio","\u00e9nergie","autre tour de France \u00e0 v\u00e9lo","Coop\u00e9rative","\u00e9olienne","colibri"],"inLanguage":"fr-FR"},{"@type":"WebPage","@id":"https:\/\/www.altercampagne.net\/?p=1555","url":"https:\/\/www.altercampagne.net\/?p=1555","name":"Make Peace not War ou Make Peace not War ou... - le 9 ao\u00fbt 2015 \u00e0 Ans (Waroux:-) - AlterTour","isPartOf":{"@id":"https:\/\/www.altercampagne.net\/#website"},"primaryImageOfPage":{"@id":"https:\/\/www.altercampagne.net\/?p=1555#primaryimage"},"image":{"@id":"https:\/\/www.altercampagne.net\/?p=1555#primaryimage"},"thumbnailUrl":"http:\/\/www.altercampagne.net\/wp-content\/uploads\/2015\/04\/2015-08-09-les-valeureux-colibris.jpg","datePublished":"2015-06-28T10:00:00+00:00","author":{"@id":"https:\/\/www.altercampagne.net\/#\/schema\/person\/e5b68c803196f649c2152249d262d94a"},"breadcrumb":{"@id":"https:\/\/www.altercampagne.net\/?p=1555#breadcrumb"},"inLanguage":"fr-FR","potentialAction":[{"@type":"ReadAction","target":["https:\/\/www.altercampagne.net\/?p=1555"]}]},{"@type":"ImageObject","inLanguage":"fr-FR","@id":"https:\/\/www.altercampagne.net\/?p=1555#primaryimage","url":"https:\/\/www.altercampagne.net\/wp-content\/uploads\/2015\/04\/2015-08-09-les-valeureux-colibris.jpg","contentUrl":"https:\/\/www.altercampagne.net\/wp-content\/uploads\/2015\/04\/2015-08-09-les-valeureux-colibris.jpg","width":960,"height":700,"caption":"valeureux colibris AlterTour 2015"},{"@type":"BreadcrumbList","@id":"https:\/\/www.altercampagne.net\/?p=1555#breadcrumb","itemListElement":[{"@type":"ListItem","position":1,"name":"Accueil","item":"https:\/\/www.altercampagne.net\/"},{"@type":"ListItem","position":2,"name":"Make Peace not War ou Make Peace not War ou&#8230; &#8211; le 9 ao\u00fbt 2015 \u00e0 Ans (Waroux:-)"}]},{"@type":"WebSite","@id":"https:\/\/www.altercampagne.net\/#website","url":"https:\/\/www.altercampagne.net\/","name":"AlterTour","description":"Reliez les Alternatives \u00e0 v\u00e9lo","potentialAction":[{"@type":"SearchAction","target":{"@type":"EntryPoint","urlTemplate":"https:\/\/www.altercampagne.net\/?s={search_term_string}"},"query-input":{"@type":"PropertyValueSpecification","valueRequired":true,"valueName":"search_term_string"}}],"inLanguage":"fr-FR"},{"@type":"Person","@id":"https:\/\/www.altercampagne.net\/#\/schema\/person\/e5b68c803196f649c2152249d262d94a","name":"AlterTour","image":{"@type":"ImageObject","inLanguage":"fr-FR","@id":"https:\/\/secure.gravatar.com\/avatar\/3f2ed77f8506b8ea264ad5938bb0114bfa10f35b64086a66dfbb6e9f58ad9693?s=96&d=mm&r=g","url":"https:\/\/secure.gravatar.com\/avatar\/3f2ed77f8506b8ea264ad5938bb0114bfa10f35b64086a66dfbb6e9f58ad9693?s=96&d=mm&r=g","contentUrl":"https:\/\/secure.gravatar.com\/avatar\/3f2ed77f8506b8ea264ad5938bb0114bfa10f35b64086a66dfbb6e9f58ad9693?s=96&d=mm&r=g","caption":"AlterTour"},"url":"https:\/\/www.altercampagne.net\/?author=215"}]}},"_links":{"self":[{"href":"https:\/\/www.altercampagne.net\/index.php?rest_route=\/wp\/v2\/posts\/1555","targetHints":{"allow":["GET"]}}],"collection":[{"href":"https:\/\/www.altercampagne.net\/index.php?rest_route=\/wp\/v2\/posts"}],"about":[{"href":"https:\/\/www.altercampagne.net\/index.php?rest_route=\/wp\/v2\/types\/post"}],"author":[{"embeddable":true,"href":"https:\/\/www.altercampagne.net\/index.php?rest_route=\/wp\/v2\/users\/215"}],"replies":[{"embeddable":true,"href":"https:\/\/www.altercampagne.net\/index.php?rest_route=%2Fwp%2Fv2%2Fcomments&post=1555"}],"version-history":[{"count":0,"href":"https:\/\/www.altercampagne.net\/index.php?rest_route=\/wp\/v2\/posts\/1555\/revisions"}],"wp:attachment":[{"href":"https:\/\/www.altercampagne.net\/index.php?rest_route=%2Fwp%2Fv2%2Fmedia&parent=1555"}],"wp:term":[{"taxonomy":"category","embeddable":true,"href":"https:\/\/www.altercampagne.net\/index.php?rest_route=%2Fwp%2Fv2%2Fcategories&post=1555"},{"taxonomy":"post_tag","embeddable":true,"href":"https:\/\/www.altercampagne.net\/index.php?rest_route=%2Fwp%2Fv2%2Ftags&post=1555"}],"curies":[{"name":"wp","href":"https:\/\/api.w.org\/{rel}","templated":true}]}}