{"id":15851,"date":"2019-08-24T22:25:57","date_gmt":"2019-08-24T20:25:57","guid":{"rendered":"http:\/\/www.altercampagne.net\/?p=15851"},"modified":"2021-05-06T10:44:39","modified_gmt":"2021-05-06T08:44:39","slug":"emmaus-lescar-pau-un-fonctionnement-fascinant","status":"publish","type":"post","link":"https:\/\/www.altercampagne.net\/?p=15851","title":{"rendered":"Emma\u00fcs Lescar-Pau, un fonctionnement fascinant"},"content":{"rendered":"\n<p>R\u00e9veil au Castel sur les coteaux de Juran\u00e7on , magnifique domaine perch\u00e9 sur les hauteurs o\u00f9 l\u2019on aper\u00e7oit les Pyr\u00e9nn\u00e9es. Rendez-vous \u00e0 10h pour le caf\u00e9 avec les compagnons du <strong><a rel=\"noreferrer noopener\" aria-label=\"Village Emma\u00fcs Lescar-Pau (s\u2019ouvre dans un nouvel onglet)\" href=\"http:\/\/www.emmaus-lescar-pau.com\/\" target=\"_blank\">Village Emma\u00fcs Lescar-Pau<\/a><\/strong>. Pour s\u2019y rendre, il faut descendre la belle pente rejoignant le centre de Juran\u00e7on, l\u2019occasion pour ma part d\u2019apprendre \u00e0 freiner et \u00e0 changer de plateau ! c\u2019est un d\u00e9but\u2026, Paul en serre-fil et Jean m\u2019ont apport\u00e9 tout leur soutien. Arriv\u00e9.e.s au village Emma\u00fcs, annonce au micro : \u00ab L\u2019\u00e9picerie est ouverte, vous pouvez vous servir en viennoiseries \u00bb Durant la matin\u00e9e, on entendra plusieurs annonces dans les hauts-parleurs car il s\u2019agit d\u2019un site \u00e9tendu, une micro-soci\u00e9t\u00e9 avec ses propres r\u00e8gles. Un village donc&#8230; avec des maisons, un maire, une ferme\u2026 Une particularit\u00e9 \u00e0 Emma\u00fcs Lescar-Pau qui se distingue des autres communaut\u00e9s Emma\u00fcs. Avoir sa maison c\u2019est permettre un \u00e9quilibre entre vie collective et personnelle. Une architecture d\u2019ailleurs atypique o\u00f9 toutes les fantaisies sont permises. Pour faire construire sa maison, les compagnons ont une libert\u00e9 quasi totale et cela ne n\u00e9cessite aucun apport financier. Pour avoir une id\u00e9e, on peut d\u00e9couvrir le village dans le film de Beno\u00eet Del\u00e9pine <strong><a rel=\"noreferrer noopener\" aria-label=\"I feel good (s\u2019ouvre dans un nouvel onglet)\" href=\"http:\/\/www.allocine.fr\/film\/fichefilm_gen_cfilm=257816.html\" target=\"_blank\">I feel good<\/a><\/strong> mais aussi dans le documentaire de Dominique Gautier <strong><a href=\"https:\/\/www.youtube.com\/watch?v=5PzIX_OvkQU\" target=\"_blank\" rel=\"noreferrer noopener\" aria-label=\"Emma\u00fcs, un village, un projet politique (s\u2019ouvre dans un nouvel onglet)\">Emma\u00fcs, un village, un projet politique<\/a><\/strong>.<br> <\/p>\n\n\n\n<p>La visite guid\u00e9e par un compagnon nous montre l\u2019ensemble du circuit des objets d\u00e9pos\u00e9s par les habitants des alentours. La premi\u00e8re \u00e9tape de ce circuit est la d\u00e9chetterie o\u00f9 le travail consiste \u00e0 trier et \u00ab dispacher \u00bb par domaines : \u00e9lectronique, \u00e9lectro-m\u00e9nager, jouets, livres, meubles, literie,<br> v\u00e9los\u2026<br> Ensuite, direction les ateliers, 60 % des d\u00e9p\u00f4ts rejoignent la recyclerie, uniquement les objets remis en \u00e9tat facilement. Aux ateliers, on r\u00e9pare et nettoie puis on envoie \u00e0 la vente. Chacun a un poste d\u00e9di\u00e9 avec ses sp\u00e9cificit\u00e9s. Par exemple, dans l\u2019atelier \u00e9lectronique, une personne se charge des t\u00e9l\u00e9phones mobiles, une autre de l\u2019audiovisuel (magn\u00e9toscopes, home cin\u00e9ma), une autre encore du mat\u00e9riel son (amplis\u2026).<br> A l\u2019atelier, il y a un r\u00e9f\u00e9rent qui souvent a un statut diff\u00e9rent, il est salari\u00e9 ; cette personne apporte son expertise, ses comp\u00e9tences dans le domaine. De plus, le salari\u00e9 remplit un r\u00f4le d\u2019accompagnement et de r\u00e9insertion. Les compagnons peuvent ainsi acqu\u00e9rir de nouvelles comp\u00e9tences et se sp\u00e9cialiser dans un secteur. Nous visiterons l\u2019ensemble des ateliers. Au tri des livres, les plus ab\u00eem\u00e9s partent \u00e0 la benne et sont recycl\u00e9s en ouate, mat\u00e9riau par la suite utilis\u00e9 pour la construction des maisons du village.<\/p>\n\n\n\n<p> Un village en \u00e9co-construction donc, ils travaillent avec une scierie locale au fonctionnement \u00ab raisonn\u00e9 et responsable \u00bb. Tous les compagnons travaillent, un principe de base chez Emma\u00fcs, cependant, les postes doivent<br> \u00eatre adapt\u00e9s aux capacit\u00e9s et aux moyens de chaque personne.<br> Emma\u00fcs est ouvert \u00e0 tous m\u00eame s\u2019il s\u2019agit en r\u00e9alit\u00e9 de personnes en situation de grande pr\u00e9carit\u00e9 pour la plupart. Quant \u00e0 notre guide, il pr\u00e9cise que pour sa part, il s\u2019agit d\u2019un choix, il a tout \u00e0 fait la possibilit\u00e9 de travailler ailleurs. Rejoindre Emma\u00fcs en tant que compagnon c\u2019est accepter de<br> travailler en l\u2019\u00e9change d\u2019un loyer et repas puis chacun per\u00e7oit un p\u00e9cule en fin de mois qui s\u2019\u00e9l\u00e8ve environ \u00e0 400 euros. L\u2019inscription au P\u00f4le Emploi et la perception d\u2019un RSA est incompatible avec leur statut. Une compagnon nous pr\u00e9cise aussi que les femmes sont minoritaires de m\u00eame que les familles.<br> On termine la visite avec l\u2019\u00e9picerie bio et\/ou locale, le resto semi-gastronomique puis le bar \u00ab Alternatibar \u00bb<\/p>\n\n\n\n<p> Un village au fonctionnement plut\u00f4t fascinant, nous serons plusieurs \u00e0 exprimer le d\u00e9sir d\u2019y venir pour plusieurs jours, pour s\u2019immerger, prendre le pouls de cette \u00ab utopie \u00bb en marche. Les curieux peuvent venir en stage ou rester quelques jours en contribuant \u00e0 la vie du village.<br> En novembre ce sera les 70 ans d\u2019Emma\u00fcs, de nombreux articles, reportages paraissent sur le sujet, certains d\u2019ailleurs assez critiques sur leurs modes de fonctionnements ; c\u2019est ainsi l\u2019occasion d\u2019aller voir de plus pr\u00e8s !<\/p>\n\n\n\n<p class=\"has-text-align-right\"><strong>M\u00e9lanie<\/strong><\/p>\n","protected":false},"excerpt":{"rendered":"<p>R\u00e9veil au Castel sur les coteaux de Juran\u00e7on , magnifique domaine perch\u00e9 sur les hauteurs o\u00f9 l\u2019on aper\u00e7oit les Pyr\u00e9nn\u00e9es. Rendez-vous \u00e0 10h pour le caf\u00e9 avec les compagnons du Village Emma\u00fcs Lescar-Pau. Pour s\u2019y rendre, il faut descendre la belle pente rejoignant le centre de Juran\u00e7on, l\u2019occasion pour ma &#8230; <\/p>\n<div><a href=\"https:\/\/www.altercampagne.net\/?p=15851\" class=\"more-link\">Read More<\/a><\/div>\n","protected":false},"author":214,"featured_media":15760,"comment_status":"closed","ping_status":"closed","sticky":false,"template":"","format":"standard","meta":{"footnotes":""},"categories":[4313,3489,3773,3486,3485,3479,3540],"tags":[1152,1159,1853,2206,4038,4062],"class_list":["post-15851","post","type-post","status-publish","format-standard","has-post-thumbnail","hentry","category-altertour","category-alimentation","category-edition-2019","category-environnement","category-habitat","category-nouvelle-aquitaine","category-transverse","tag-emmaus-lescar-pau","tag-pau","tag-lescar","tag-emmaus","tag-village-emmaus-lescar-pau","tag-emmaus-pau"],"yoast_head":"<!-- This site is optimized with the Yoast SEO plugin v27.3 - https:\/\/yoast.com\/product\/yoast-seo-wordpress\/ -->\n<title>Emma\u00fcs Lescar-Pau, un fonctionnement fascinant - AlterTour<\/title>\n<meta name=\"robots\" content=\"index, follow, max-snippet:-1, max-image-preview:large, max-video-preview:-1\" \/>\n<link rel=\"canonical\" href=\"https:\/\/www.altercampagne.net\/?p=15851\" \/>\n<meta property=\"og:locale\" content=\"fr_FR\" \/>\n<meta property=\"og:type\" content=\"article\" \/>\n<meta property=\"og:title\" content=\"Emma\u00fcs Lescar-Pau, un fonctionnement fascinant - AlterTour\" \/>\n<meta property=\"og:description\" content=\"R\u00e9veil au Castel sur les coteaux de Juran\u00e7on , magnifique domaine perch\u00e9 sur les hauteurs o\u00f9 l\u2019on aper\u00e7oit les Pyr\u00e9nn\u00e9es. Rendez-vous \u00e0 10h pour le caf\u00e9 avec les compagnons du Village Emma\u00fcs Lescar-Pau. Pour s\u2019y rendre, il faut descendre la belle pente rejoignant le centre de Juran\u00e7on, l\u2019occasion pour ma ... Read More\" \/>\n<meta property=\"og:url\" content=\"https:\/\/www.altercampagne.net\/?p=15851\" \/>\n<meta property=\"og:site_name\" content=\"AlterTour\" \/>\n<meta property=\"article:published_time\" content=\"2019-08-24T20:25:57+00:00\" \/>\n<meta property=\"article:modified_time\" content=\"2021-05-06T08:44:39+00:00\" \/>\n<meta property=\"og:image\" content=\"https:\/\/www.altercampagne.net\/wp-content\/uploads\/2012\/08\/2012-08-17_09.57.jpg\" \/>\n\t<meta property=\"og:image:width\" content=\"907\" \/>\n\t<meta property=\"og:image:height\" content=\"474\" \/>\n\t<meta property=\"og:image:type\" content=\"image\/jpeg\" \/>\n<meta name=\"author\" content=\"Mathieu\" \/>\n<meta name=\"twitter:card\" content=\"summary_large_image\" \/>\n<meta name=\"twitter:label1\" content=\"\u00c9crit par\" \/>\n\t<meta name=\"twitter:data1\" content=\"Mathieu\" \/>\n\t<meta name=\"twitter:label2\" content=\"Dur\u00e9e de lecture estim\u00e9e\" \/>\n\t<meta name=\"twitter:data2\" content=\"4 minutes\" \/>\n<script type=\"application\/ld+json\" class=\"yoast-schema-graph\">{\"@context\":\"https:\\\/\\\/schema.org\",\"@graph\":[{\"@type\":\"Article\",\"@id\":\"https:\\\/\\\/www.altercampagne.net\\\/?p=15851#article\",\"isPartOf\":{\"@id\":\"https:\\\/\\\/www.altercampagne.net\\\/?p=15851\"},\"author\":{\"name\":\"Mathieu\",\"@id\":\"https:\\\/\\\/www.altercampagne.net\\\/#\\\/schema\\\/person\\\/0f261460c09e430caa0f9bcffa319109\"},\"headline\":\"Emma\u00fcs Lescar-Pau, un fonctionnement fascinant\",\"datePublished\":\"2019-08-24T20:25:57+00:00\",\"dateModified\":\"2021-05-06T08:44:39+00:00\",\"mainEntityOfPage\":{\"@id\":\"https:\\\/\\\/www.altercampagne.net\\\/?p=15851\"},\"wordCount\":735,\"image\":{\"@id\":\"https:\\\/\\\/www.altercampagne.net\\\/?p=15851#primaryimage\"},\"thumbnailUrl\":\"https:\\\/\\\/www.altercampagne.net\\\/wp-content\\\/uploads\\\/2012\\\/08\\\/2012-08-17_09.57.jpg\",\"keywords\":[\"Emma\u00fcs Lescar Pau\",\"pau\",\"Lescar\",\"Emma\u00fcs\",\"Village Emma\u00fcs Lescar-Pau\",\"Emma\u00fbs Pau\"],\"articleSection\":[\"AlterTour\",\"Alimentation\",\"Edition 2019\",\"Environnement\",\"Habitat\",\"Nouvelle-Aquitaine\",\"Transverse\"],\"inLanguage\":\"fr-FR\"},{\"@type\":\"WebPage\",\"@id\":\"https:\\\/\\\/www.altercampagne.net\\\/?p=15851\",\"url\":\"https:\\\/\\\/www.altercampagne.net\\\/?p=15851\",\"name\":\"Emma\u00fcs Lescar-Pau, un fonctionnement fascinant - AlterTour\",\"isPartOf\":{\"@id\":\"https:\\\/\\\/www.altercampagne.net\\\/#website\"},\"primaryImageOfPage\":{\"@id\":\"https:\\\/\\\/www.altercampagne.net\\\/?p=15851#primaryimage\"},\"image\":{\"@id\":\"https:\\\/\\\/www.altercampagne.net\\\/?p=15851#primaryimage\"},\"thumbnailUrl\":\"https:\\\/\\\/www.altercampagne.net\\\/wp-content\\\/uploads\\\/2012\\\/08\\\/2012-08-17_09.57.jpg\",\"datePublished\":\"2019-08-24T20:25:57+00:00\",\"dateModified\":\"2021-05-06T08:44:39+00:00\",\"author\":{\"@id\":\"https:\\\/\\\/www.altercampagne.net\\\/#\\\/schema\\\/person\\\/0f261460c09e430caa0f9bcffa319109\"},\"breadcrumb\":{\"@id\":\"https:\\\/\\\/www.altercampagne.net\\\/?p=15851#breadcrumb\"},\"inLanguage\":\"fr-FR\",\"potentialAction\":[{\"@type\":\"ReadAction\",\"target\":[\"https:\\\/\\\/www.altercampagne.net\\\/?p=15851\"]}]},{\"@type\":\"ImageObject\",\"inLanguage\":\"fr-FR\",\"@id\":\"https:\\\/\\\/www.altercampagne.net\\\/?p=15851#primaryimage\",\"url\":\"https:\\\/\\\/www.altercampagne.net\\\/wp-content\\\/uploads\\\/2012\\\/08\\\/2012-08-17_09.57.jpg\",\"contentUrl\":\"https:\\\/\\\/www.altercampagne.net\\\/wp-content\\\/uploads\\\/2012\\\/08\\\/2012-08-17_09.57.jpg\",\"width\":907,\"height\":474},{\"@type\":\"BreadcrumbList\",\"@id\":\"https:\\\/\\\/www.altercampagne.net\\\/?p=15851#breadcrumb\",\"itemListElement\":[{\"@type\":\"ListItem\",\"position\":1,\"name\":\"Accueil\",\"item\":\"https:\\\/\\\/www.altercampagne.net\\\/\"},{\"@type\":\"ListItem\",\"position\":2,\"name\":\"Emma\u00fcs Lescar-Pau, un fonctionnement fascinant\"}]},{\"@type\":\"WebSite\",\"@id\":\"https:\\\/\\\/www.altercampagne.net\\\/#website\",\"url\":\"https:\\\/\\\/www.altercampagne.net\\\/\",\"name\":\"AlterTour\",\"description\":\"Reliez les Alternatives \u00e0 v\u00e9lo\",\"potentialAction\":[{\"@type\":\"SearchAction\",\"target\":{\"@type\":\"EntryPoint\",\"urlTemplate\":\"https:\\\/\\\/www.altercampagne.net\\\/?s={search_term_string}\"},\"query-input\":{\"@type\":\"PropertyValueSpecification\",\"valueRequired\":true,\"valueName\":\"search_term_string\"}}],\"inLanguage\":\"fr-FR\"},{\"@type\":\"Person\",\"@id\":\"https:\\\/\\\/www.altercampagne.net\\\/#\\\/schema\\\/person\\\/0f261460c09e430caa0f9bcffa319109\",\"name\":\"Mathieu\",\"image\":{\"@type\":\"ImageObject\",\"inLanguage\":\"fr-FR\",\"@id\":\"https:\\\/\\\/secure.gravatar.com\\\/avatar\\\/aa9d3d24c83f2141e5e2709d0f63d09a99f6be6bb7a50abc4915838d9f54501a?s=96&d=mm&r=g\",\"url\":\"https:\\\/\\\/secure.gravatar.com\\\/avatar\\\/aa9d3d24c83f2141e5e2709d0f63d09a99f6be6bb7a50abc4915838d9f54501a?s=96&d=mm&r=g\",\"contentUrl\":\"https:\\\/\\\/secure.gravatar.com\\\/avatar\\\/aa9d3d24c83f2141e5e2709d0f63d09a99f6be6bb7a50abc4915838d9f54501a?s=96&d=mm&r=g\",\"caption\":\"Mathieu\"},\"url\":\"https:\\\/\\\/www.altercampagne.net\\\/?author=214\"}]}<\/script>\n<!-- \/ Yoast SEO plugin. -->","yoast_head_json":{"title":"Emma\u00fcs Lescar-Pau, un fonctionnement fascinant - AlterTour","robots":{"index":"index","follow":"follow","max-snippet":"max-snippet:-1","max-image-preview":"max-image-preview:large","max-video-preview":"max-video-preview:-1"},"canonical":"https:\/\/www.altercampagne.net\/?p=15851","og_locale":"fr_FR","og_type":"article","og_title":"Emma\u00fcs Lescar-Pau, un fonctionnement fascinant - AlterTour","og_description":"R\u00e9veil au Castel sur les coteaux de Juran\u00e7on , magnifique domaine perch\u00e9 sur les hauteurs o\u00f9 l\u2019on aper\u00e7oit les Pyr\u00e9nn\u00e9es. Rendez-vous \u00e0 10h pour le caf\u00e9 avec les compagnons du Village Emma\u00fcs Lescar-Pau. Pour s\u2019y rendre, il faut descendre la belle pente rejoignant le centre de Juran\u00e7on, l\u2019occasion pour ma ... Read More","og_url":"https:\/\/www.altercampagne.net\/?p=15851","og_site_name":"AlterTour","article_published_time":"2019-08-24T20:25:57+00:00","article_modified_time":"2021-05-06T08:44:39+00:00","og_image":[{"width":907,"height":474,"url":"https:\/\/www.altercampagne.net\/wp-content\/uploads\/2012\/08\/2012-08-17_09.57.jpg","type":"image\/jpeg"}],"author":"Mathieu","twitter_card":"summary_large_image","twitter_misc":{"\u00c9crit par":"Mathieu","Dur\u00e9e de lecture estim\u00e9e":"4 minutes"},"schema":{"@context":"https:\/\/schema.org","@graph":[{"@type":"Article","@id":"https:\/\/www.altercampagne.net\/?p=15851#article","isPartOf":{"@id":"https:\/\/www.altercampagne.net\/?p=15851"},"author":{"name":"Mathieu","@id":"https:\/\/www.altercampagne.net\/#\/schema\/person\/0f261460c09e430caa0f9bcffa319109"},"headline":"Emma\u00fcs Lescar-Pau, un fonctionnement fascinant","datePublished":"2019-08-24T20:25:57+00:00","dateModified":"2021-05-06T08:44:39+00:00","mainEntityOfPage":{"@id":"https:\/\/www.altercampagne.net\/?p=15851"},"wordCount":735,"image":{"@id":"https:\/\/www.altercampagne.net\/?p=15851#primaryimage"},"thumbnailUrl":"https:\/\/www.altercampagne.net\/wp-content\/uploads\/2012\/08\/2012-08-17_09.57.jpg","keywords":["Emma\u00fcs Lescar Pau","pau","Lescar","Emma\u00fcs","Village Emma\u00fcs Lescar-Pau","Emma\u00fbs Pau"],"articleSection":["AlterTour","Alimentation","Edition 2019","Environnement","Habitat","Nouvelle-Aquitaine","Transverse"],"inLanguage":"fr-FR"},{"@type":"WebPage","@id":"https:\/\/www.altercampagne.net\/?p=15851","url":"https:\/\/www.altercampagne.net\/?p=15851","name":"Emma\u00fcs Lescar-Pau, un fonctionnement fascinant - AlterTour","isPartOf":{"@id":"https:\/\/www.altercampagne.net\/#website"},"primaryImageOfPage":{"@id":"https:\/\/www.altercampagne.net\/?p=15851#primaryimage"},"image":{"@id":"https:\/\/www.altercampagne.net\/?p=15851#primaryimage"},"thumbnailUrl":"https:\/\/www.altercampagne.net\/wp-content\/uploads\/2012\/08\/2012-08-17_09.57.jpg","datePublished":"2019-08-24T20:25:57+00:00","dateModified":"2021-05-06T08:44:39+00:00","author":{"@id":"https:\/\/www.altercampagne.net\/#\/schema\/person\/0f261460c09e430caa0f9bcffa319109"},"breadcrumb":{"@id":"https:\/\/www.altercampagne.net\/?p=15851#breadcrumb"},"inLanguage":"fr-FR","potentialAction":[{"@type":"ReadAction","target":["https:\/\/www.altercampagne.net\/?p=15851"]}]},{"@type":"ImageObject","inLanguage":"fr-FR","@id":"https:\/\/www.altercampagne.net\/?p=15851#primaryimage","url":"https:\/\/www.altercampagne.net\/wp-content\/uploads\/2012\/08\/2012-08-17_09.57.jpg","contentUrl":"https:\/\/www.altercampagne.net\/wp-content\/uploads\/2012\/08\/2012-08-17_09.57.jpg","width":907,"height":474},{"@type":"BreadcrumbList","@id":"https:\/\/www.altercampagne.net\/?p=15851#breadcrumb","itemListElement":[{"@type":"ListItem","position":1,"name":"Accueil","item":"https:\/\/www.altercampagne.net\/"},{"@type":"ListItem","position":2,"name":"Emma\u00fcs Lescar-Pau, un fonctionnement fascinant"}]},{"@type":"WebSite","@id":"https:\/\/www.altercampagne.net\/#website","url":"https:\/\/www.altercampagne.net\/","name":"AlterTour","description":"Reliez les Alternatives \u00e0 v\u00e9lo","potentialAction":[{"@type":"SearchAction","target":{"@type":"EntryPoint","urlTemplate":"https:\/\/www.altercampagne.net\/?s={search_term_string}"},"query-input":{"@type":"PropertyValueSpecification","valueRequired":true,"valueName":"search_term_string"}}],"inLanguage":"fr-FR"},{"@type":"Person","@id":"https:\/\/www.altercampagne.net\/#\/schema\/person\/0f261460c09e430caa0f9bcffa319109","name":"Mathieu","image":{"@type":"ImageObject","inLanguage":"fr-FR","@id":"https:\/\/secure.gravatar.com\/avatar\/aa9d3d24c83f2141e5e2709d0f63d09a99f6be6bb7a50abc4915838d9f54501a?s=96&d=mm&r=g","url":"https:\/\/secure.gravatar.com\/avatar\/aa9d3d24c83f2141e5e2709d0f63d09a99f6be6bb7a50abc4915838d9f54501a?s=96&d=mm&r=g","contentUrl":"https:\/\/secure.gravatar.com\/avatar\/aa9d3d24c83f2141e5e2709d0f63d09a99f6be6bb7a50abc4915838d9f54501a?s=96&d=mm&r=g","caption":"Mathieu"},"url":"https:\/\/www.altercampagne.net\/?author=214"}]}},"_links":{"self":[{"href":"https:\/\/www.altercampagne.net\/index.php?rest_route=\/wp\/v2\/posts\/15851","targetHints":{"allow":["GET"]}}],"collection":[{"href":"https:\/\/www.altercampagne.net\/index.php?rest_route=\/wp\/v2\/posts"}],"about":[{"href":"https:\/\/www.altercampagne.net\/index.php?rest_route=\/wp\/v2\/types\/post"}],"author":[{"embeddable":true,"href":"https:\/\/www.altercampagne.net\/index.php?rest_route=\/wp\/v2\/users\/214"}],"replies":[{"embeddable":true,"href":"https:\/\/www.altercampagne.net\/index.php?rest_route=%2Fwp%2Fv2%2Fcomments&post=15851"}],"version-history":[{"count":1,"href":"https:\/\/www.altercampagne.net\/index.php?rest_route=\/wp\/v2\/posts\/15851\/revisions"}],"predecessor-version":[{"id":21736,"href":"https:\/\/www.altercampagne.net\/index.php?rest_route=\/wp\/v2\/posts\/15851\/revisions\/21736"}],"wp:featuredmedia":[{"embeddable":true,"href":"https:\/\/www.altercampagne.net\/index.php?rest_route=\/wp\/v2\/media\/15760"}],"wp:attachment":[{"href":"https:\/\/www.altercampagne.net\/index.php?rest_route=%2Fwp%2Fv2%2Fmedia&parent=15851"}],"wp:term":[{"taxonomy":"category","embeddable":true,"href":"https:\/\/www.altercampagne.net\/index.php?rest_route=%2Fwp%2Fv2%2Fcategories&post=15851"},{"taxonomy":"post_tag","embeddable":true,"href":"https:\/\/www.altercampagne.net\/index.php?rest_route=%2Fwp%2Fv2%2Ftags&post=15851"}],"curies":[{"name":"wp","href":"https:\/\/api.w.org\/{rel}","templated":true}]}}