{"id":15855,"date":"2019-08-09T21:10:49","date_gmt":"2019-08-09T19:10:49","guid":{"rendered":"http:\/\/www.altercampagne.net\/?p=15855"},"modified":"2021-05-06T10:45:41","modified_gmt":"2021-05-06T08:45:41","slug":"de-la-bas-si-jy-suis-a-ici-on-y-reste","status":"publish","type":"post","link":"https:\/\/www.altercampagne.net\/?p=15855","title":{"rendered":"De L\u00e0-bas si j\u2019y suis\u2026 \u00e0 Ici on y reste !"},"content":{"rendered":"\n<p>Apr\u00e8s un<em> <strong><a rel=\"noreferrer noopener\" aria-label=\"Cabaret Nomade (s\u2019ouvre dans un nouvel onglet)\" href=\"http:\/\/www.theatrelagargouille.com\/tous-nos-spectacles\/cabaret-nomade-spectacle-public\/\" target=\"_blank\">Cabaret Nomade<\/a><\/strong><\/em> \u00e0 la salle du p\u2019tit chat noir pour clore les deux journ\u00e9es d\u2019\u00e9tape au <strong><a rel=\"noreferrer noopener\" aria-label=\"th\u00e9\u00e2tre de la Gargouille (s\u2019ouvre dans un nouvel onglet)\" href=\"http:\/\/www.theatrelagargouille.com\/\" target=\"_blank\">Th\u00e9\u00e2tre de la Gargouille<\/a><\/strong>, la joyeuse \u00e9quipe quitte Bergerac et longe la voie verte de la Dordogne.<\/p>\n\n\n\n<h4 class=\"wp-block-heading\">Une \u00e9cole Montessori pour redynamiser un petit village <\/h4>\n\n\n\n<p>Pause \u00ab&nbsp;go\u00fbter&nbsp;\u00bb au village de Moli\u00e8res, une des bastides m\u00e9di\u00e9vales de la r\u00e9gion, o\u00f9 nous sommes accueillis par l\u2019association villageoise qui tente de r\u00e9pondre \u00e0 la fermeture de l\u2019\u00e9cole publique deux ans auparavant par la cr\u00e9ation d\u2019une \u00e9cole Montessori afin de favoriser l\u2019installation de nouvelles familles et redynamiser ce petit village n\u00e9anmoins \u00ab&nbsp;cosmopolite&nbsp;\u00bb&nbsp; puisqu\u2019habit\u00e9 une partie de l\u2019ann\u00e9e par des n\u00e9o-z\u00e9landais, sud-africains, anglais, allemands\u2026<\/p>\n\n\n\n<p>L\u2019association va tester la viabilit\u00e9 du projet en ouvrant d\u00e8s septembre 2019 des ateliers p\u00e9ri-scolaire Montessori. Elle a d\u2019ores et d\u00e9j\u00e0 \u00e9valu\u00e9 qu\u2019une telle ouverture pour scolariser moins de 10 enfants, esp\u00e9r\u00e9e pour septembre 2020, reviendrait \u00e0 150 euros par famille&nbsp;; l\u2019animatrice serait pay\u00e9e au SMIC&nbsp;! <\/p>\n\n\n\n<p>Une alternative assez co\u00fbteuse, de ce fait r\u00e9serv\u00e9e \u00e0 une certaine cat\u00e9gorie sociale&nbsp;! <\/p>\n\n\n\n<h4 class=\"wp-block-heading\">Solidarit\u00e9 familiale au c\u0153ur d\u2019un projet de transition<\/h4>\n\n\n\n<p>En fin d\u2019apr\u00e8s-midi, arriv\u00e9e chez Fran\u00e7oise et Jean dont nous avons pu constater le dynamisme f\u00e9d\u00e9rateur dans leur p\u00e9rim\u00e8tre de vie&nbsp;: un club cyclotouriste et un guide de leurs amis d\u2019Alternatiba nous ont escort\u00e9s jusqu\u2019\u00e0 leur maison o\u00f9 une ambiance de buffet champ\u00eatre auxquels ils ont convi\u00e9 des invit\u00e9s, nous attend.<\/p>\n\n\n\n<p>Parmi les convives, un couple tout fra\u00eechement d\u00e9barqu\u00e9 dans\nun village voisin avec un projet d\u2019installation autour d\u2019ateliers de recyclage\npour les personnes \u00e2g\u00e9es en EPHAD ou handicap\u00e9es.<\/p>\n\n\n\n<p>Les pr\u00e9sentations sont faites au briefing et le r\u00e9cit de cette aventure familiale commence&nbsp;: quelques ann\u00e9es plus t\u00f4t, lors de leur d\u00e9part en retraite, Fran\u00e7oise et Jean acqui\u00e8rent cette maison et 5 hectares de terre agricole qu\u2019ils souhaitent mettre \u00e0 disposition de jeunes paysans en qu\u00eate de lieu d\u2019installation.<\/p>\n\n\n\n<p>Or l\u2019une de leur fille va proposer d\u2019\u00eatre ces jeunes\nn\u00e9o-ruraux&nbsp;! <\/p>\n\n\n\n<p>Le chantier d\u2019une maison Ossature Bois, Isolation Paille\/argile est donc en cours de r\u00e9alisation et la petite famille occupe une yourte. La production mara\u00eech\u00e8re a d\u00e9but\u00e9, elle sera commercialis\u00e9e en circuit-court. Une partie de l\u2019habitation d\u00e9j\u00e0 couverte en polycarbonate (mat\u00e9riau recyclable) fera office de serre pour les semis. Les autres productions&nbsp;? Les ruches et les noy\u00e9s ont d\u00e9j\u00e0 permis la r\u00e9colte de 40 kilos de miel et de noix.<\/p>\n\n\n\n<h4 class=\"wp-block-heading\">Basta capital<\/h4>\n\n\n\n<p>Le fils nous fait ensuite le r\u00e9cit de son aventure cin\u00e9matographique. Le film de fiction qu\u2019il a r\u00e9alis\u00e9 et pour lequel il a trouv\u00e9 un producteur va sortir tr\u00e8s bient\u00f4t. Une projection de <em><strong><a rel=\"noreferrer noopener\" aria-label=\"Basta Capital&nbsp;! (s\u2019ouvre dans un nouvel onglet)\" href=\"http:\/\/www.allocine.fr\/film\/fichefilm_gen_cfilm=276207.html\" target=\"_blank\">Basta Capital&nbsp;!<\/a><\/strong><\/em> aura d\u2019ailleurs lieu le lendemain soir \u00e0 la <strong><a rel=\"noreferrer noopener\" aria-label=\"Ferme de Cagnolle (s\u2019ouvre dans un nouvel onglet)\" href=\"https:\/\/lafermedecagnolle.wordpress.com\/\" target=\"_blank\">Ferme de Cagnolle<\/a><\/strong>, suivie d\u2019un \u00e9change avec son heureux r\u00e9alisateur&nbsp;! <\/p>\n\n\n\n<p>Un rapide pitch&nbsp;? Les patrons de plusieurs entreprises\ndu CAC 40 sont pris en otage\u2026 \u00e0 suivre&nbsp;!!!<\/p>\n\n\n\n<p>Fran\u00e7oise confiera qu\u2019avant de trouver \u00ab&nbsp;leur endroit&nbsp;\u00bb\nen Dordogne, elle avait \u00e9t\u00e9 la propri\u00e9taire d\u2019un caf\u00e9\/salon de th\u00e9 qui fut l\u2019un\ndes tout premiers repaires de <em>L\u00e0-bas si\nj\u2019y suis&nbsp;! <\/em>\u00e0 B\u00e8gles&nbsp;!!!<\/p>\n\n\n\n<p>Le militantisme\u2026 Une affaire de famille\u00a0?<\/p>\n\n\n\n<p class=\"has-text-align-right\"><strong>Nadine<\/strong><\/p>\n","protected":false},"excerpt":{"rendered":"<p>Apr\u00e8s un Cabaret Nomade \u00e0 la salle du p\u2019tit chat noir pour clore les deux journ\u00e9es d\u2019\u00e9tape au Th\u00e9\u00e2tre de la Gargouille, la joyeuse \u00e9quipe quitte Bergerac et longe la voie verte de la Dordogne. Une \u00e9cole Montessori pour redynamiser un petit village Pause \u00ab&nbsp;go\u00fbter&nbsp;\u00bb au village de Moli\u00e8res, une &#8230; <\/p>\n<div><a href=\"https:\/\/www.altercampagne.net\/?p=15855\" class=\"more-link\">Read More<\/a><\/div>\n","protected":false},"author":214,"featured_media":15861,"comment_status":"closed","ping_status":"closed","sticky":false,"template":"","format":"standard","meta":{"footnotes":""},"categories":[3483,4313,3773,3485,3479,3542],"tags":[1706,2768,4039,4040],"class_list":["post-15855","post","type-post","status-publish","format-standard","has-post-thumbnail","hentry","category-agriculture","category-altertour","category-edition-2019","category-habitat","category-nouvelle-aquitaine","category-lutte","tag-dordogne","tag-nouvelle-aquitaine","tag-buisson-de-cadouin","tag-basta-capital"],"yoast_head":"<!-- This site is optimized with the Yoast SEO plugin v27.3 - https:\/\/yoast.com\/product\/yoast-seo-wordpress\/ -->\n<title>De L\u00e0-bas si j\u2019y suis\u2026 \u00e0 Ici on y reste ! - AlterTour<\/title>\n<meta name=\"robots\" content=\"index, follow, max-snippet:-1, max-image-preview:large, max-video-preview:-1\" \/>\n<link rel=\"canonical\" href=\"https:\/\/www.altercampagne.net\/?p=15855\" \/>\n<meta property=\"og:locale\" content=\"fr_FR\" \/>\n<meta property=\"og:type\" content=\"article\" \/>\n<meta property=\"og:title\" content=\"De L\u00e0-bas si j\u2019y suis\u2026 \u00e0 Ici on y reste ! - AlterTour\" \/>\n<meta property=\"og:description\" content=\"Apr\u00e8s un Cabaret Nomade \u00e0 la salle du p\u2019tit chat noir pour clore les deux journ\u00e9es d\u2019\u00e9tape au Th\u00e9\u00e2tre de la Gargouille, la joyeuse \u00e9quipe quitte Bergerac et longe la voie verte de la Dordogne. Une \u00e9cole Montessori pour redynamiser un petit village Pause \u00ab&nbsp;go\u00fbter&nbsp;\u00bb au village de Moli\u00e8res, une ... Read More\" \/>\n<meta property=\"og:url\" content=\"https:\/\/www.altercampagne.net\/?p=15855\" \/>\n<meta property=\"og:site_name\" content=\"AlterTour\" \/>\n<meta property=\"article:published_time\" content=\"2019-08-09T19:10:49+00:00\" \/>\n<meta property=\"article:modified_time\" content=\"2021-05-06T08:45:41+00:00\" \/>\n<meta property=\"og:image\" content=\"https:\/\/www.altercampagne.net\/wp-content\/uploads\/2019\/09\/2019-08-09-image12.jpg\" \/>\n\t<meta property=\"og:image:width\" content=\"900\" \/>\n\t<meta property=\"og:image:height\" content=\"470\" \/>\n\t<meta property=\"og:image:type\" content=\"image\/jpeg\" \/>\n<meta name=\"author\" content=\"Mathieu\" \/>\n<meta name=\"twitter:card\" content=\"summary_large_image\" \/>\n<meta name=\"twitter:label1\" content=\"\u00c9crit par\" \/>\n\t<meta name=\"twitter:data1\" content=\"Mathieu\" \/>\n\t<meta name=\"twitter:label2\" content=\"Dur\u00e9e de lecture estim\u00e9e\" \/>\n\t<meta name=\"twitter:data2\" content=\"3 minutes\" \/>\n<script type=\"application\/ld+json\" class=\"yoast-schema-graph\">{\"@context\":\"https:\\\/\\\/schema.org\",\"@graph\":[{\"@type\":\"Article\",\"@id\":\"https:\\\/\\\/www.altercampagne.net\\\/?p=15855#article\",\"isPartOf\":{\"@id\":\"https:\\\/\\\/www.altercampagne.net\\\/?p=15855\"},\"author\":{\"name\":\"Mathieu\",\"@id\":\"https:\\\/\\\/www.altercampagne.net\\\/#\\\/schema\\\/person\\\/0f261460c09e430caa0f9bcffa319109\"},\"headline\":\"De L\u00e0-bas si j\u2019y suis\u2026 \u00e0 Ici on y reste !\",\"datePublished\":\"2019-08-09T19:10:49+00:00\",\"dateModified\":\"2021-05-06T08:45:41+00:00\",\"mainEntityOfPage\":{\"@id\":\"https:\\\/\\\/www.altercampagne.net\\\/?p=15855\"},\"wordCount\":609,\"image\":{\"@id\":\"https:\\\/\\\/www.altercampagne.net\\\/?p=15855#primaryimage\"},\"thumbnailUrl\":\"https:\\\/\\\/www.altercampagne.net\\\/wp-content\\\/uploads\\\/2019\\\/09\\\/2019-08-09-image12.jpg\",\"keywords\":[\"Dordogne\",\"Nouvelle-Aquitaine\",\"buisson de cadouin\",\"basta capital\"],\"articleSection\":[\"Agriculture\",\"AlterTour\",\"Edition 2019\",\"Habitat\",\"Nouvelle-Aquitaine\",\"Lutte\"],\"inLanguage\":\"fr-FR\"},{\"@type\":\"WebPage\",\"@id\":\"https:\\\/\\\/www.altercampagne.net\\\/?p=15855\",\"url\":\"https:\\\/\\\/www.altercampagne.net\\\/?p=15855\",\"name\":\"De L\u00e0-bas si j\u2019y suis\u2026 \u00e0 Ici on y reste ! - AlterTour\",\"isPartOf\":{\"@id\":\"https:\\\/\\\/www.altercampagne.net\\\/#website\"},\"primaryImageOfPage\":{\"@id\":\"https:\\\/\\\/www.altercampagne.net\\\/?p=15855#primaryimage\"},\"image\":{\"@id\":\"https:\\\/\\\/www.altercampagne.net\\\/?p=15855#primaryimage\"},\"thumbnailUrl\":\"https:\\\/\\\/www.altercampagne.net\\\/wp-content\\\/uploads\\\/2019\\\/09\\\/2019-08-09-image12.jpg\",\"datePublished\":\"2019-08-09T19:10:49+00:00\",\"dateModified\":\"2021-05-06T08:45:41+00:00\",\"author\":{\"@id\":\"https:\\\/\\\/www.altercampagne.net\\\/#\\\/schema\\\/person\\\/0f261460c09e430caa0f9bcffa319109\"},\"breadcrumb\":{\"@id\":\"https:\\\/\\\/www.altercampagne.net\\\/?p=15855#breadcrumb\"},\"inLanguage\":\"fr-FR\",\"potentialAction\":[{\"@type\":\"ReadAction\",\"target\":[\"https:\\\/\\\/www.altercampagne.net\\\/?p=15855\"]}]},{\"@type\":\"ImageObject\",\"inLanguage\":\"fr-FR\",\"@id\":\"https:\\\/\\\/www.altercampagne.net\\\/?p=15855#primaryimage\",\"url\":\"https:\\\/\\\/www.altercampagne.net\\\/wp-content\\\/uploads\\\/2019\\\/09\\\/2019-08-09-image12.jpg\",\"contentUrl\":\"https:\\\/\\\/www.altercampagne.net\\\/wp-content\\\/uploads\\\/2019\\\/09\\\/2019-08-09-image12.jpg\",\"width\":900,\"height\":470},{\"@type\":\"BreadcrumbList\",\"@id\":\"https:\\\/\\\/www.altercampagne.net\\\/?p=15855#breadcrumb\",\"itemListElement\":[{\"@type\":\"ListItem\",\"position\":1,\"name\":\"Accueil\",\"item\":\"https:\\\/\\\/www.altercampagne.net\\\/\"},{\"@type\":\"ListItem\",\"position\":2,\"name\":\"De L\u00e0-bas si j\u2019y suis\u2026 \u00e0 Ici on y reste !\"}]},{\"@type\":\"WebSite\",\"@id\":\"https:\\\/\\\/www.altercampagne.net\\\/#website\",\"url\":\"https:\\\/\\\/www.altercampagne.net\\\/\",\"name\":\"AlterTour\",\"description\":\"Reliez les Alternatives \u00e0 v\u00e9lo\",\"potentialAction\":[{\"@type\":\"SearchAction\",\"target\":{\"@type\":\"EntryPoint\",\"urlTemplate\":\"https:\\\/\\\/www.altercampagne.net\\\/?s={search_term_string}\"},\"query-input\":{\"@type\":\"PropertyValueSpecification\",\"valueRequired\":true,\"valueName\":\"search_term_string\"}}],\"inLanguage\":\"fr-FR\"},{\"@type\":\"Person\",\"@id\":\"https:\\\/\\\/www.altercampagne.net\\\/#\\\/schema\\\/person\\\/0f261460c09e430caa0f9bcffa319109\",\"name\":\"Mathieu\",\"image\":{\"@type\":\"ImageObject\",\"inLanguage\":\"fr-FR\",\"@id\":\"https:\\\/\\\/secure.gravatar.com\\\/avatar\\\/aa9d3d24c83f2141e5e2709d0f63d09a99f6be6bb7a50abc4915838d9f54501a?s=96&d=mm&r=g\",\"url\":\"https:\\\/\\\/secure.gravatar.com\\\/avatar\\\/aa9d3d24c83f2141e5e2709d0f63d09a99f6be6bb7a50abc4915838d9f54501a?s=96&d=mm&r=g\",\"contentUrl\":\"https:\\\/\\\/secure.gravatar.com\\\/avatar\\\/aa9d3d24c83f2141e5e2709d0f63d09a99f6be6bb7a50abc4915838d9f54501a?s=96&d=mm&r=g\",\"caption\":\"Mathieu\"},\"url\":\"https:\\\/\\\/www.altercampagne.net\\\/?author=214\"}]}<\/script>\n<!-- \/ Yoast SEO plugin. -->","yoast_head_json":{"title":"De L\u00e0-bas si j\u2019y suis\u2026 \u00e0 Ici on y reste ! - AlterTour","robots":{"index":"index","follow":"follow","max-snippet":"max-snippet:-1","max-image-preview":"max-image-preview:large","max-video-preview":"max-video-preview:-1"},"canonical":"https:\/\/www.altercampagne.net\/?p=15855","og_locale":"fr_FR","og_type":"article","og_title":"De L\u00e0-bas si j\u2019y suis\u2026 \u00e0 Ici on y reste ! - AlterTour","og_description":"Apr\u00e8s un Cabaret Nomade \u00e0 la salle du p\u2019tit chat noir pour clore les deux journ\u00e9es d\u2019\u00e9tape au Th\u00e9\u00e2tre de la Gargouille, la joyeuse \u00e9quipe quitte Bergerac et longe la voie verte de la Dordogne. Une \u00e9cole Montessori pour redynamiser un petit village Pause \u00ab&nbsp;go\u00fbter&nbsp;\u00bb au village de Moli\u00e8res, une ... Read More","og_url":"https:\/\/www.altercampagne.net\/?p=15855","og_site_name":"AlterTour","article_published_time":"2019-08-09T19:10:49+00:00","article_modified_time":"2021-05-06T08:45:41+00:00","og_image":[{"width":900,"height":470,"url":"https:\/\/www.altercampagne.net\/wp-content\/uploads\/2019\/09\/2019-08-09-image12.jpg","type":"image\/jpeg"}],"author":"Mathieu","twitter_card":"summary_large_image","twitter_misc":{"\u00c9crit par":"Mathieu","Dur\u00e9e de lecture estim\u00e9e":"3 minutes"},"schema":{"@context":"https:\/\/schema.org","@graph":[{"@type":"Article","@id":"https:\/\/www.altercampagne.net\/?p=15855#article","isPartOf":{"@id":"https:\/\/www.altercampagne.net\/?p=15855"},"author":{"name":"Mathieu","@id":"https:\/\/www.altercampagne.net\/#\/schema\/person\/0f261460c09e430caa0f9bcffa319109"},"headline":"De L\u00e0-bas si j\u2019y suis\u2026 \u00e0 Ici on y reste !","datePublished":"2019-08-09T19:10:49+00:00","dateModified":"2021-05-06T08:45:41+00:00","mainEntityOfPage":{"@id":"https:\/\/www.altercampagne.net\/?p=15855"},"wordCount":609,"image":{"@id":"https:\/\/www.altercampagne.net\/?p=15855#primaryimage"},"thumbnailUrl":"https:\/\/www.altercampagne.net\/wp-content\/uploads\/2019\/09\/2019-08-09-image12.jpg","keywords":["Dordogne","Nouvelle-Aquitaine","buisson de cadouin","basta capital"],"articleSection":["Agriculture","AlterTour","Edition 2019","Habitat","Nouvelle-Aquitaine","Lutte"],"inLanguage":"fr-FR"},{"@type":"WebPage","@id":"https:\/\/www.altercampagne.net\/?p=15855","url":"https:\/\/www.altercampagne.net\/?p=15855","name":"De L\u00e0-bas si j\u2019y suis\u2026 \u00e0 Ici on y reste ! - AlterTour","isPartOf":{"@id":"https:\/\/www.altercampagne.net\/#website"},"primaryImageOfPage":{"@id":"https:\/\/www.altercampagne.net\/?p=15855#primaryimage"},"image":{"@id":"https:\/\/www.altercampagne.net\/?p=15855#primaryimage"},"thumbnailUrl":"https:\/\/www.altercampagne.net\/wp-content\/uploads\/2019\/09\/2019-08-09-image12.jpg","datePublished":"2019-08-09T19:10:49+00:00","dateModified":"2021-05-06T08:45:41+00:00","author":{"@id":"https:\/\/www.altercampagne.net\/#\/schema\/person\/0f261460c09e430caa0f9bcffa319109"},"breadcrumb":{"@id":"https:\/\/www.altercampagne.net\/?p=15855#breadcrumb"},"inLanguage":"fr-FR","potentialAction":[{"@type":"ReadAction","target":["https:\/\/www.altercampagne.net\/?p=15855"]}]},{"@type":"ImageObject","inLanguage":"fr-FR","@id":"https:\/\/www.altercampagne.net\/?p=15855#primaryimage","url":"https:\/\/www.altercampagne.net\/wp-content\/uploads\/2019\/09\/2019-08-09-image12.jpg","contentUrl":"https:\/\/www.altercampagne.net\/wp-content\/uploads\/2019\/09\/2019-08-09-image12.jpg","width":900,"height":470},{"@type":"BreadcrumbList","@id":"https:\/\/www.altercampagne.net\/?p=15855#breadcrumb","itemListElement":[{"@type":"ListItem","position":1,"name":"Accueil","item":"https:\/\/www.altercampagne.net\/"},{"@type":"ListItem","position":2,"name":"De L\u00e0-bas si j\u2019y suis\u2026 \u00e0 Ici on y reste !"}]},{"@type":"WebSite","@id":"https:\/\/www.altercampagne.net\/#website","url":"https:\/\/www.altercampagne.net\/","name":"AlterTour","description":"Reliez les Alternatives \u00e0 v\u00e9lo","potentialAction":[{"@type":"SearchAction","target":{"@type":"EntryPoint","urlTemplate":"https:\/\/www.altercampagne.net\/?s={search_term_string}"},"query-input":{"@type":"PropertyValueSpecification","valueRequired":true,"valueName":"search_term_string"}}],"inLanguage":"fr-FR"},{"@type":"Person","@id":"https:\/\/www.altercampagne.net\/#\/schema\/person\/0f261460c09e430caa0f9bcffa319109","name":"Mathieu","image":{"@type":"ImageObject","inLanguage":"fr-FR","@id":"https:\/\/secure.gravatar.com\/avatar\/aa9d3d24c83f2141e5e2709d0f63d09a99f6be6bb7a50abc4915838d9f54501a?s=96&d=mm&r=g","url":"https:\/\/secure.gravatar.com\/avatar\/aa9d3d24c83f2141e5e2709d0f63d09a99f6be6bb7a50abc4915838d9f54501a?s=96&d=mm&r=g","contentUrl":"https:\/\/secure.gravatar.com\/avatar\/aa9d3d24c83f2141e5e2709d0f63d09a99f6be6bb7a50abc4915838d9f54501a?s=96&d=mm&r=g","caption":"Mathieu"},"url":"https:\/\/www.altercampagne.net\/?author=214"}]}},"_links":{"self":[{"href":"https:\/\/www.altercampagne.net\/index.php?rest_route=\/wp\/v2\/posts\/15855","targetHints":{"allow":["GET"]}}],"collection":[{"href":"https:\/\/www.altercampagne.net\/index.php?rest_route=\/wp\/v2\/posts"}],"about":[{"href":"https:\/\/www.altercampagne.net\/index.php?rest_route=\/wp\/v2\/types\/post"}],"author":[{"embeddable":true,"href":"https:\/\/www.altercampagne.net\/index.php?rest_route=\/wp\/v2\/users\/214"}],"replies":[{"embeddable":true,"href":"https:\/\/www.altercampagne.net\/index.php?rest_route=%2Fwp%2Fv2%2Fcomments&post=15855"}],"version-history":[{"count":1,"href":"https:\/\/www.altercampagne.net\/index.php?rest_route=\/wp\/v2\/posts\/15855\/revisions"}],"predecessor-version":[{"id":16860,"href":"https:\/\/www.altercampagne.net\/index.php?rest_route=\/wp\/v2\/posts\/15855\/revisions\/16860"}],"wp:featuredmedia":[{"embeddable":true,"href":"https:\/\/www.altercampagne.net\/index.php?rest_route=\/wp\/v2\/media\/15861"}],"wp:attachment":[{"href":"https:\/\/www.altercampagne.net\/index.php?rest_route=%2Fwp%2Fv2%2Fmedia&parent=15855"}],"wp:term":[{"taxonomy":"category","embeddable":true,"href":"https:\/\/www.altercampagne.net\/index.php?rest_route=%2Fwp%2Fv2%2Fcategories&post=15855"},{"taxonomy":"post_tag","embeddable":true,"href":"https:\/\/www.altercampagne.net\/index.php?rest_route=%2Fwp%2Fv2%2Ftags&post=15855"}],"curies":[{"name":"wp","href":"https:\/\/api.w.org\/{rel}","templated":true}]}}