{"id":15876,"date":"2019-08-04T21:06:06","date_gmt":"2019-08-04T19:06:06","guid":{"rendered":"http:\/\/www.altercampagne.net\/?p=15876"},"modified":"2021-05-06T10:46:40","modified_gmt":"2021-05-06T08:46:40","slug":"leco-lieu-de-saleix-apprendre-a-etre-et-a-faire-ensemble","status":"publish","type":"post","link":"https:\/\/www.altercampagne.net\/?p=15876","title":{"rendered":"L&rsquo;Eco-lieu de Saleix, apprendre \u00e0 \u00eatre et \u00e0 faire ensemble"},"content":{"rendered":"\n<p>On\nraconte que cinq s\u00e9dentaires et un chien, Sam, se sont ancr\u00e9s l\u00e0 o\u00f9 une\nchouette s\u2019est perch\u00e9e, en plein P\u00e9rigord Vert, \u00e0 Saleix.<\/p>\n\n\n\n<p>Ici,\ndes \u00e2mes se rencontrent et fonctionnent ensemble\u2026<\/p>\n\n\n\n<p>En\n2016, Manu rentre de voyages, galvanis\u00e9 par ses rencontres \u00e0 l\u2019\u00e9tranger. Il a\nderri\u00e8re lui un parcours dans l\u2019humanitaire.<\/p>\n\n\n\n<p>Danielle,\nsa m\u00e8re, vit dans la ferme familiale, \u00e0 Saleix. Elle a stopp\u00e9 l\u2019activit\u00e9 de\nmaraichage. La nature, luxuriante, a repris ses droits sur le vaste terrain. Il\nfaut en faire quelque chose, sinon, on vend&nbsp;!<\/p>\n\n\n\n<p>Alors,\nManu se dit&nbsp;: <em>\u00ab&nbsp;et pourquoi pas\nchez moi&nbsp;?&nbsp;\u00bb.<\/em><\/p>\n\n\n\n<p>Des r\u00eaves de communaut\u00e9 plein la t\u00eate, il d\u00e9cide donc d\u2019impulser la cr\u00e9ation d\u2019un <strong><a href=\"https:\/\/fr-fr.facebook.com\/Ecolieu.saleix\/\" target=\"_blank\" rel=\"noreferrer noopener\" aria-label=\"\u00e9co-lieu (s\u2019ouvre dans un nouvel onglet)\">\u00e9co-lieu<\/a><\/strong> o\u00f9 le respect du vivant, la bienveillance et la confiance en la Vie seraient les maitres mots. <\/p>\n\n\n\n<p>Aujourd\u2019hui, pr\u00e8s de quatre ans plus tard, Manu, 42 ans, vit sur l\u2019<strong><a rel=\"noreferrer noopener\" aria-label=\"Ecolieu de Salex (s\u2019ouvre dans un nouvel onglet)\" href=\"https:\/\/fr-fr.facebook.com\/Ecolieu.saleix\/\" target=\"_blank\">Ecolieu de Saleix<\/a><\/strong> avec sa m\u00e8re Danielle, 68 ans, Lo\u00efc, 32 ans, Kasia, 30 ans, et leur petite fille, Maona, d\u00e9j\u00e0 six dents. <\/p>\n\n\n\n<h6 class=\"wp-block-heading\">Ils\napprennent \u00e0 \u00eatre et \u00e0 faire ensemble.<\/h6>\n\n\n\n<p>La\ncommunaut\u00e9 est autosuffisante en production de fruits et l\u00e9gumes, cultiv\u00e9s en\nbio. Ils s\u2019approvisionnent dans un groupement d\u2019achat pour les produits de\nbase. Ils r\u00e9cup\u00e8rent l\u2019eau de pluie qui alimente la maison de Danielle et la\nyourte de Kasia et Lo\u00efc. Manu, quant \u00e0 lui, dort dans une tente en attendant de\nconstruire sa maison. <\/p>\n\n\n\n<p>Le\nterrain n\u2019est pour l\u2019instant pas constructible. Ils esp\u00e8rent donc avec h\u00e2te l\u2019accord\nde la Mairie leur permettant de s\u2019agrandir et d\u2019accueillir cinq maisons,\nconstruites en p\u00e9riph\u00e9rie du c\u0153ur de l\u2019\u00e9co-lieu. L\u2019espace leur fait du bien. Chacun\ndoit pouvoir respirer. <\/p>\n\n\n\n<p>Le\nclimat qui r\u00e8gne ici est d\u2019ailleurs primordial. Chaque semaine, le petit groupe\nse r\u00e9unit pour la m\u00e9t\u00e9o&nbsp;: celle de l\u2019humeur d\u2019une part et de l\u2019organisation\nd\u2019autre part. Chacun doit se sentir libre de pouvoir exprimer ce qu\u2019il vit et\nce qu\u2019il ressent. <\/p>\n\n\n\n<p>\u00ab&nbsp;La\nchouette perch\u00e9e&nbsp;\u00bb est un lieu d\u2019accueil&nbsp;: de volontaires, d\u2019amis de\npassage, de voisins impliqu\u00e9s, de participants aux divers ateliers et stages\npropos\u00e9s (yoga, chants sacr\u00e9s, \u00e9co-construction etc.).<\/p>\n\n\n\n<p>Pour les ann\u00e9es \u00e0 venir, le groupe a des projets plein la t\u00eate : construire un repair-caf\u00e9, une piscine naturelle, accueillir des groupes etc.&nbsp;; &nbsp;les bras grands ouverts&nbsp;! Avec,&nbsp;toujours en toile de fond, l\u2019envie de pr\u00e9server l\u2019\u00e9nergie n\u00e9cessaire \u00e0 l\u2019\u00e9quilibre du lieu.<\/p>\n\n\n\n<p class=\"has-text-align-right\"><strong>Clarisse <\/strong><\/p>\n","protected":false},"excerpt":{"rendered":"<p>On raconte que cinq s\u00e9dentaires et un chien, Sam, se sont ancr\u00e9s l\u00e0 o\u00f9 une chouette s\u2019est perch\u00e9e, en plein P\u00e9rigord Vert, \u00e0 Saleix. Ici, des \u00e2mes se rencontrent et fonctionnent ensemble\u2026 En 2016, Manu rentre de voyages, galvanis\u00e9 par ses rencontres \u00e0 l\u2019\u00e9tranger. Il a derri\u00e8re lui un parcours &#8230; <\/p>\n<div><a href=\"https:\/\/www.altercampagne.net\/?p=15876\" class=\"more-link\">Read More<\/a><\/div>\n","protected":false},"author":214,"featured_media":15890,"comment_status":"closed","ping_status":"closed","sticky":false,"template":"","format":"standard","meta":{"footnotes":""},"categories":[3483,4313,3773,3486,3485,3479],"tags":[1706,3998,4041,4042,4074],"class_list":["post-15876","post","type-post","status-publish","format-standard","has-post-thumbnail","hentry","category-agriculture","category-altertour","category-edition-2019","category-environnement","category-habitat","category-nouvelle-aquitaine","tag-dordogne","tag-saleix","tag-sorges","tag-chouette-perchee","tag-ecolieu-de-salex"],"yoast_head":"<!-- This site is optimized with the Yoast SEO plugin v27.3 - https:\/\/yoast.com\/product\/yoast-seo-wordpress\/ -->\n<title>L&#039;Eco-lieu de Saleix, apprendre \u00e0 \u00eatre et \u00e0 faire ensemble - AlterTour<\/title>\n<meta name=\"robots\" content=\"index, follow, max-snippet:-1, max-image-preview:large, max-video-preview:-1\" \/>\n<link rel=\"canonical\" href=\"https:\/\/www.altercampagne.net\/?p=15876\" \/>\n<meta property=\"og:locale\" content=\"fr_FR\" \/>\n<meta property=\"og:type\" content=\"article\" \/>\n<meta property=\"og:title\" content=\"L&#039;Eco-lieu de Saleix, apprendre \u00e0 \u00eatre et \u00e0 faire ensemble - AlterTour\" \/>\n<meta property=\"og:description\" content=\"On raconte que cinq s\u00e9dentaires et un chien, Sam, se sont ancr\u00e9s l\u00e0 o\u00f9 une chouette s\u2019est perch\u00e9e, en plein P\u00e9rigord Vert, \u00e0 Saleix. Ici, des \u00e2mes se rencontrent et fonctionnent ensemble\u2026 En 2016, Manu rentre de voyages, galvanis\u00e9 par ses rencontres \u00e0 l\u2019\u00e9tranger. Il a derri\u00e8re lui un parcours ... Read More\" \/>\n<meta property=\"og:url\" content=\"https:\/\/www.altercampagne.net\/?p=15876\" \/>\n<meta property=\"og:site_name\" content=\"AlterTour\" \/>\n<meta property=\"article:published_time\" content=\"2019-08-04T19:06:06+00:00\" \/>\n<meta property=\"article:modified_time\" content=\"2021-05-06T08:46:40+00:00\" \/>\n<meta property=\"og:image\" content=\"https:\/\/www.altercampagne.net\/wp-content\/uploads\/2019\/08\/2019-08-04-_MG_5033.jpg\" \/>\n\t<meta property=\"og:image:width\" content=\"900\" \/>\n\t<meta property=\"og:image:height\" content=\"470\" \/>\n\t<meta property=\"og:image:type\" content=\"image\/jpeg\" \/>\n<meta name=\"author\" content=\"Mathieu\" \/>\n<meta name=\"twitter:card\" content=\"summary_large_image\" \/>\n<meta name=\"twitter:label1\" content=\"\u00c9crit par\" \/>\n\t<meta name=\"twitter:data1\" content=\"Mathieu\" \/>\n\t<meta name=\"twitter:label2\" content=\"Dur\u00e9e de lecture estim\u00e9e\" \/>\n\t<meta name=\"twitter:data2\" content=\"2 minutes\" \/>\n<script type=\"application\/ld+json\" class=\"yoast-schema-graph\">{\"@context\":\"https:\\\/\\\/schema.org\",\"@graph\":[{\"@type\":\"Article\",\"@id\":\"https:\\\/\\\/www.altercampagne.net\\\/?p=15876#article\",\"isPartOf\":{\"@id\":\"https:\\\/\\\/www.altercampagne.net\\\/?p=15876\"},\"author\":{\"name\":\"Mathieu\",\"@id\":\"https:\\\/\\\/www.altercampagne.net\\\/#\\\/schema\\\/person\\\/0f261460c09e430caa0f9bcffa319109\"},\"headline\":\"L&rsquo;Eco-lieu de Saleix, apprendre \u00e0 \u00eatre et \u00e0 faire ensemble\",\"datePublished\":\"2019-08-04T19:06:06+00:00\",\"dateModified\":\"2021-05-06T08:46:40+00:00\",\"mainEntityOfPage\":{\"@id\":\"https:\\\/\\\/www.altercampagne.net\\\/?p=15876\"},\"wordCount\":457,\"image\":{\"@id\":\"https:\\\/\\\/www.altercampagne.net\\\/?p=15876#primaryimage\"},\"thumbnailUrl\":\"https:\\\/\\\/www.altercampagne.net\\\/wp-content\\\/uploads\\\/2019\\\/08\\\/2019-08-04-_MG_5033.jpg\",\"keywords\":[\"Dordogne\",\"saleix\",\"Sorges\",\"Chouette perch\u00e9e\",\"ecolieu de salex\"],\"articleSection\":[\"Agriculture\",\"AlterTour\",\"Edition 2019\",\"Environnement\",\"Habitat\",\"Nouvelle-Aquitaine\"],\"inLanguage\":\"fr-FR\"},{\"@type\":\"WebPage\",\"@id\":\"https:\\\/\\\/www.altercampagne.net\\\/?p=15876\",\"url\":\"https:\\\/\\\/www.altercampagne.net\\\/?p=15876\",\"name\":\"L'Eco-lieu de Saleix, apprendre \u00e0 \u00eatre et \u00e0 faire ensemble - AlterTour\",\"isPartOf\":{\"@id\":\"https:\\\/\\\/www.altercampagne.net\\\/#website\"},\"primaryImageOfPage\":{\"@id\":\"https:\\\/\\\/www.altercampagne.net\\\/?p=15876#primaryimage\"},\"image\":{\"@id\":\"https:\\\/\\\/www.altercampagne.net\\\/?p=15876#primaryimage\"},\"thumbnailUrl\":\"https:\\\/\\\/www.altercampagne.net\\\/wp-content\\\/uploads\\\/2019\\\/08\\\/2019-08-04-_MG_5033.jpg\",\"datePublished\":\"2019-08-04T19:06:06+00:00\",\"dateModified\":\"2021-05-06T08:46:40+00:00\",\"author\":{\"@id\":\"https:\\\/\\\/www.altercampagne.net\\\/#\\\/schema\\\/person\\\/0f261460c09e430caa0f9bcffa319109\"},\"breadcrumb\":{\"@id\":\"https:\\\/\\\/www.altercampagne.net\\\/?p=15876#breadcrumb\"},\"inLanguage\":\"fr-FR\",\"potentialAction\":[{\"@type\":\"ReadAction\",\"target\":[\"https:\\\/\\\/www.altercampagne.net\\\/?p=15876\"]}]},{\"@type\":\"ImageObject\",\"inLanguage\":\"fr-FR\",\"@id\":\"https:\\\/\\\/www.altercampagne.net\\\/?p=15876#primaryimage\",\"url\":\"https:\\\/\\\/www.altercampagne.net\\\/wp-content\\\/uploads\\\/2019\\\/08\\\/2019-08-04-_MG_5033.jpg\",\"contentUrl\":\"https:\\\/\\\/www.altercampagne.net\\\/wp-content\\\/uploads\\\/2019\\\/08\\\/2019-08-04-_MG_5033.jpg\",\"width\":900,\"height\":470},{\"@type\":\"BreadcrumbList\",\"@id\":\"https:\\\/\\\/www.altercampagne.net\\\/?p=15876#breadcrumb\",\"itemListElement\":[{\"@type\":\"ListItem\",\"position\":1,\"name\":\"Accueil\",\"item\":\"https:\\\/\\\/www.altercampagne.net\\\/\"},{\"@type\":\"ListItem\",\"position\":2,\"name\":\"L&rsquo;Eco-lieu de Saleix, apprendre \u00e0 \u00eatre et \u00e0 faire ensemble\"}]},{\"@type\":\"WebSite\",\"@id\":\"https:\\\/\\\/www.altercampagne.net\\\/#website\",\"url\":\"https:\\\/\\\/www.altercampagne.net\\\/\",\"name\":\"AlterTour\",\"description\":\"Reliez les Alternatives \u00e0 v\u00e9lo\",\"potentialAction\":[{\"@type\":\"SearchAction\",\"target\":{\"@type\":\"EntryPoint\",\"urlTemplate\":\"https:\\\/\\\/www.altercampagne.net\\\/?s={search_term_string}\"},\"query-input\":{\"@type\":\"PropertyValueSpecification\",\"valueRequired\":true,\"valueName\":\"search_term_string\"}}],\"inLanguage\":\"fr-FR\"},{\"@type\":\"Person\",\"@id\":\"https:\\\/\\\/www.altercampagne.net\\\/#\\\/schema\\\/person\\\/0f261460c09e430caa0f9bcffa319109\",\"name\":\"Mathieu\",\"image\":{\"@type\":\"ImageObject\",\"inLanguage\":\"fr-FR\",\"@id\":\"https:\\\/\\\/secure.gravatar.com\\\/avatar\\\/aa9d3d24c83f2141e5e2709d0f63d09a99f6be6bb7a50abc4915838d9f54501a?s=96&d=mm&r=g\",\"url\":\"https:\\\/\\\/secure.gravatar.com\\\/avatar\\\/aa9d3d24c83f2141e5e2709d0f63d09a99f6be6bb7a50abc4915838d9f54501a?s=96&d=mm&r=g\",\"contentUrl\":\"https:\\\/\\\/secure.gravatar.com\\\/avatar\\\/aa9d3d24c83f2141e5e2709d0f63d09a99f6be6bb7a50abc4915838d9f54501a?s=96&d=mm&r=g\",\"caption\":\"Mathieu\"},\"url\":\"https:\\\/\\\/www.altercampagne.net\\\/?author=214\"}]}<\/script>\n<!-- \/ Yoast SEO plugin. -->","yoast_head_json":{"title":"L'Eco-lieu de Saleix, apprendre \u00e0 \u00eatre et \u00e0 faire ensemble - AlterTour","robots":{"index":"index","follow":"follow","max-snippet":"max-snippet:-1","max-image-preview":"max-image-preview:large","max-video-preview":"max-video-preview:-1"},"canonical":"https:\/\/www.altercampagne.net\/?p=15876","og_locale":"fr_FR","og_type":"article","og_title":"L'Eco-lieu de Saleix, apprendre \u00e0 \u00eatre et \u00e0 faire ensemble - AlterTour","og_description":"On raconte que cinq s\u00e9dentaires et un chien, Sam, se sont ancr\u00e9s l\u00e0 o\u00f9 une chouette s\u2019est perch\u00e9e, en plein P\u00e9rigord Vert, \u00e0 Saleix. Ici, des \u00e2mes se rencontrent et fonctionnent ensemble\u2026 En 2016, Manu rentre de voyages, galvanis\u00e9 par ses rencontres \u00e0 l\u2019\u00e9tranger. Il a derri\u00e8re lui un parcours ... Read More","og_url":"https:\/\/www.altercampagne.net\/?p=15876","og_site_name":"AlterTour","article_published_time":"2019-08-04T19:06:06+00:00","article_modified_time":"2021-05-06T08:46:40+00:00","og_image":[{"width":900,"height":470,"url":"https:\/\/www.altercampagne.net\/wp-content\/uploads\/2019\/08\/2019-08-04-_MG_5033.jpg","type":"image\/jpeg"}],"author":"Mathieu","twitter_card":"summary_large_image","twitter_misc":{"\u00c9crit par":"Mathieu","Dur\u00e9e de lecture estim\u00e9e":"2 minutes"},"schema":{"@context":"https:\/\/schema.org","@graph":[{"@type":"Article","@id":"https:\/\/www.altercampagne.net\/?p=15876#article","isPartOf":{"@id":"https:\/\/www.altercampagne.net\/?p=15876"},"author":{"name":"Mathieu","@id":"https:\/\/www.altercampagne.net\/#\/schema\/person\/0f261460c09e430caa0f9bcffa319109"},"headline":"L&rsquo;Eco-lieu de Saleix, apprendre \u00e0 \u00eatre et \u00e0 faire ensemble","datePublished":"2019-08-04T19:06:06+00:00","dateModified":"2021-05-06T08:46:40+00:00","mainEntityOfPage":{"@id":"https:\/\/www.altercampagne.net\/?p=15876"},"wordCount":457,"image":{"@id":"https:\/\/www.altercampagne.net\/?p=15876#primaryimage"},"thumbnailUrl":"https:\/\/www.altercampagne.net\/wp-content\/uploads\/2019\/08\/2019-08-04-_MG_5033.jpg","keywords":["Dordogne","saleix","Sorges","Chouette perch\u00e9e","ecolieu de salex"],"articleSection":["Agriculture","AlterTour","Edition 2019","Environnement","Habitat","Nouvelle-Aquitaine"],"inLanguage":"fr-FR"},{"@type":"WebPage","@id":"https:\/\/www.altercampagne.net\/?p=15876","url":"https:\/\/www.altercampagne.net\/?p=15876","name":"L'Eco-lieu de Saleix, apprendre \u00e0 \u00eatre et \u00e0 faire ensemble - AlterTour","isPartOf":{"@id":"https:\/\/www.altercampagne.net\/#website"},"primaryImageOfPage":{"@id":"https:\/\/www.altercampagne.net\/?p=15876#primaryimage"},"image":{"@id":"https:\/\/www.altercampagne.net\/?p=15876#primaryimage"},"thumbnailUrl":"https:\/\/www.altercampagne.net\/wp-content\/uploads\/2019\/08\/2019-08-04-_MG_5033.jpg","datePublished":"2019-08-04T19:06:06+00:00","dateModified":"2021-05-06T08:46:40+00:00","author":{"@id":"https:\/\/www.altercampagne.net\/#\/schema\/person\/0f261460c09e430caa0f9bcffa319109"},"breadcrumb":{"@id":"https:\/\/www.altercampagne.net\/?p=15876#breadcrumb"},"inLanguage":"fr-FR","potentialAction":[{"@type":"ReadAction","target":["https:\/\/www.altercampagne.net\/?p=15876"]}]},{"@type":"ImageObject","inLanguage":"fr-FR","@id":"https:\/\/www.altercampagne.net\/?p=15876#primaryimage","url":"https:\/\/www.altercampagne.net\/wp-content\/uploads\/2019\/08\/2019-08-04-_MG_5033.jpg","contentUrl":"https:\/\/www.altercampagne.net\/wp-content\/uploads\/2019\/08\/2019-08-04-_MG_5033.jpg","width":900,"height":470},{"@type":"BreadcrumbList","@id":"https:\/\/www.altercampagne.net\/?p=15876#breadcrumb","itemListElement":[{"@type":"ListItem","position":1,"name":"Accueil","item":"https:\/\/www.altercampagne.net\/"},{"@type":"ListItem","position":2,"name":"L&rsquo;Eco-lieu de Saleix, apprendre \u00e0 \u00eatre et \u00e0 faire ensemble"}]},{"@type":"WebSite","@id":"https:\/\/www.altercampagne.net\/#website","url":"https:\/\/www.altercampagne.net\/","name":"AlterTour","description":"Reliez les Alternatives \u00e0 v\u00e9lo","potentialAction":[{"@type":"SearchAction","target":{"@type":"EntryPoint","urlTemplate":"https:\/\/www.altercampagne.net\/?s={search_term_string}"},"query-input":{"@type":"PropertyValueSpecification","valueRequired":true,"valueName":"search_term_string"}}],"inLanguage":"fr-FR"},{"@type":"Person","@id":"https:\/\/www.altercampagne.net\/#\/schema\/person\/0f261460c09e430caa0f9bcffa319109","name":"Mathieu","image":{"@type":"ImageObject","inLanguage":"fr-FR","@id":"https:\/\/secure.gravatar.com\/avatar\/aa9d3d24c83f2141e5e2709d0f63d09a99f6be6bb7a50abc4915838d9f54501a?s=96&d=mm&r=g","url":"https:\/\/secure.gravatar.com\/avatar\/aa9d3d24c83f2141e5e2709d0f63d09a99f6be6bb7a50abc4915838d9f54501a?s=96&d=mm&r=g","contentUrl":"https:\/\/secure.gravatar.com\/avatar\/aa9d3d24c83f2141e5e2709d0f63d09a99f6be6bb7a50abc4915838d9f54501a?s=96&d=mm&r=g","caption":"Mathieu"},"url":"https:\/\/www.altercampagne.net\/?author=214"}]}},"_links":{"self":[{"href":"https:\/\/www.altercampagne.net\/index.php?rest_route=\/wp\/v2\/posts\/15876","targetHints":{"allow":["GET"]}}],"collection":[{"href":"https:\/\/www.altercampagne.net\/index.php?rest_route=\/wp\/v2\/posts"}],"about":[{"href":"https:\/\/www.altercampagne.net\/index.php?rest_route=\/wp\/v2\/types\/post"}],"author":[{"embeddable":true,"href":"https:\/\/www.altercampagne.net\/index.php?rest_route=\/wp\/v2\/users\/214"}],"replies":[{"embeddable":true,"href":"https:\/\/www.altercampagne.net\/index.php?rest_route=%2Fwp%2Fv2%2Fcomments&post=15876"}],"version-history":[{"count":1,"href":"https:\/\/www.altercampagne.net\/index.php?rest_route=\/wp\/v2\/posts\/15876\/revisions"}],"predecessor-version":[{"id":17997,"href":"https:\/\/www.altercampagne.net\/index.php?rest_route=\/wp\/v2\/posts\/15876\/revisions\/17997"}],"wp:featuredmedia":[{"embeddable":true,"href":"https:\/\/www.altercampagne.net\/index.php?rest_route=\/wp\/v2\/media\/15890"}],"wp:attachment":[{"href":"https:\/\/www.altercampagne.net\/index.php?rest_route=%2Fwp%2Fv2%2Fmedia&parent=15876"}],"wp:term":[{"taxonomy":"category","embeddable":true,"href":"https:\/\/www.altercampagne.net\/index.php?rest_route=%2Fwp%2Fv2%2Fcategories&post=15876"},{"taxonomy":"post_tag","embeddable":true,"href":"https:\/\/www.altercampagne.net\/index.php?rest_route=%2Fwp%2Fv2%2Ftags&post=15876"}],"curies":[{"name":"wp","href":"https:\/\/api.w.org\/{rel}","templated":true}]}}