{"id":15972,"date":"2019-06-22T17:17:23","date_gmt":"2019-06-22T15:17:23","guid":{"rendered":"http:\/\/www.altercampagne.net\/?p=15972"},"modified":"2019-09-25T17:44:04","modified_gmt":"2019-09-25T15:44:04","slug":"altertour-le-tour-de-france-des-alternatives-reprend-la-route","status":"publish","type":"post","link":"https:\/\/www.altercampagne.net\/?p=15972","title":{"rendered":"AlterTour : le tour de France des alternatives reprend la route !"},"content":{"rendered":"\n<p><strong>\u00c0 coups de p\u00e9dale et par la force des mollets. Ce 13 juillet, l\u2019<a href=\"https:\/\/www.facebook.com\/alter.tour\/\">AlterTour<\/a>  s\u2019\u00e9lancera depuis Angers. \u00c0 la fois convivial et engag\u00e9, ce voyage \u00e0 v\u00e9lo \u00e0 travers la France propose aux participants d\u2019aller \u00e0 la rencontre des acteurs de la transition. Ce rendez-vous estival de la Transition \u00e9cologique qui r\u00e9unit plus de 300 cyclistes arrivera le 25 ao\u00fbt \u00e0 Pau.<\/strong><\/p>\n\n\n\n<p>\u00c0 vos agendas ! Pendant pr\u00e8s d\u2019un mois et demi cet \u00e9t\u00e9, <strong>l\u2019<em>AlterTour<\/em> traversera la France, \u00e0 la rencontre des acteurs de la transition<\/strong>. Le tout sera plac\u00e9 sous le signe d\u2019une <strong>r\u00e9flexion \u00e0 propos de la d\u00e9mocratie concr\u00e8te et de l\u2019avenir du vivre ensemble<\/strong>. Au programme, de nombreuses visites dans des GAEC (<em>groupement agricole d\u2019exploitation en commun<\/em>), scop (<em>soci\u00e9t\u00e9 coop\u00e9rative ouvri\u00e8re de production<\/em>), <strong>associations, collectifs informels, communes<\/strong>\u2026 mais \u00e9galement \u00e0 l\u2019\u00e9chelle de groupe plus cons\u00e9quent : le d\u00e9partement, la r\u00e9gion, l\u2019\u00e9tat, l\u2019Europe\u2026 Il s\u2019agit <em>\u00ab&nbsp;d\u2019interroger la capacit\u00e9 du citoyen \u00e0 intervenir dans le d\u00e9bat public en dehors des \u00e9ch\u00e9ances \u00e9lectorales&nbsp;\u00bb, <\/em>explique Mathieu Fromont, l\u2019un des organisateurs. Sur les lieux d\u2019accueil, les participants seront <strong>convi\u00e9s \u00e0 des chantiers participatifs<\/strong> ainsi qu\u2019\u00e0 divers ateliers pour comprendre les diff\u00e9rents projets. Bref, du concret pour un avenir serein.<\/p>\n\n\n\n<p>En 2018, l\u2019\u00e9v\u00e8nement avait r\u00e9uni <strong>307 participant.e.s et visit\u00e9 74 lieux<\/strong> le long des 1128 kilom\u00e8tres du parcours qui traversait les Hauts de France, l\u2019\u00cele-de-France et le Grand Est.<\/p>\n\n\n\n<figure class=\"wp-block-image\"><img loading=\"lazy\" decoding=\"async\" width=\"800\" height=\"537\" src=\"http:\/\/www.altercampagne.net\/wp-content\/uploads\/2018\/02\/altertour-galerie-13.jpg\" alt=\"\" class=\"wp-image-9168\" srcset=\"https:\/\/www.altercampagne.net\/wp-content\/uploads\/2018\/02\/altertour-galerie-13.jpg 800w, https:\/\/www.altercampagne.net\/wp-content\/uploads\/2018\/02\/altertour-galerie-13-300x201.jpg 300w, https:\/\/www.altercampagne.net\/wp-content\/uploads\/2018\/02\/altertour-galerie-13-768x516.jpg 768w, https:\/\/www.altercampagne.net\/wp-content\/uploads\/2018\/02\/altertour-galerie-13-100x67.jpg 100w\" sizes=\"auto, (max-width: 800px) 100vw, 800px\" \/><figcaption>AlterTour 2015 &#8211; Cr\u00e9dit photo G de Crop<\/figcaption><\/figure>\n\n\n\n<p><strong>D\u00e9couverte conviviale de projets inspirants et positifs<\/strong><\/p>\n\n\n\n<p>Au fil des ann\u00e9es l\u2019AlterTour, auquel se joignent plus de <strong>300 participant.e.s \u00e0 deux roues<\/strong>,\n est devenu l\u2019un des \u00e9v\u00e8nements incontournables de la transition \norganis\u00e9s pendant la p\u00e9riode estivale. Les distances sont pr\u00e9vues pour \nque l\u2019initiative soit ouverte \u00e0 un maximum de personnes puisque les \ncyclistes p\u00e9dalent environ 3 heures par jour en moyenne. <strong>Ils d\u00e9couvrent les diff\u00e9rents visages des mod\u00e8les de vie brandis contre le consum\u00e9riste et l\u2019acc\u00e9l\u00e9ration<\/strong>. Ils rencontrent bon nombre de collectifs qui proposent de r\u00e9unir les habitants autour <strong>de nouvelles pratiques de partage et de simplicit\u00e9 volontaire<\/strong>.<\/p>\n\n\n\n<p>Chacune des structures visit\u00e9es montre, \u00e0 son \u00e9chelle, qu\u2019<strong>il est possible de s\u2019organiser localement pour modifier les structures de la soci\u00e9t\u00e9 et reprendre le pouvoir sur sa vie<\/strong> : <em>\u00ab\u00a0Ils  veulent une alimentation bio et locale, des habitats \u00e0 \u00e9nergie  positive, des d\u00e9placements doux\u2026 D\u2019autres souhaitent changer de m\u00e9tier  ou de lieux de vie pour \u00eatre en coh\u00e9rence avec leurs valeurs. D\u2019autres  encore veulent <strong>se regrouper pour agir collectivement en renfor\u00e7ant la r\u00e9silience d\u2019un territoire<\/strong> et en relocalisant l\u2019\u00e9conomie \u00bb.<\/em> La particularit\u00e9 de ces initiatives, c\u2019est de transposer des valeurs fortes au c\u0153ur de projets concrets et accessibles, <strong>reproductibles ailleurs dans la majorit\u00e9 des cas<\/strong>.<\/p>\n\n\n\n<p><strong>Changer de mod\u00e8le de soci\u00e9t\u00e9<\/strong><\/p>\n\n\n\n<p>Plus personne ne le conteste, <strong>le mod\u00e8le de soci\u00e9t\u00e9 consum\u00e9riste est arriv\u00e9 \u00e0 ses limites<\/strong>, insiste Mathieu Fromont qui rappelle que l\u2019urgence d\u2019agir ne fait plus aucun doute, puisque <em>\u00ab\u00a0nous  connaissons tous l\u2019impact de l\u2019activit\u00e9 humaine sur le d\u00e9r\u00e8glement  climatique et la pollution des diff\u00e9rents milieux de vie\u00a0\u00bb.<\/em> <strong>Face \u00e0 ces enjeux existentiels, pouvons-nous encore rester passifs ?<\/strong> Pour Mathieu Fromont, la r\u00e9ponse est non : <em>\u00ab\u00a0on  peut attendre la prise de conscience des dirigeants politiques et m\u00eame  baisser les bras. Ce n\u2019est pas l\u2019option retenue par les participants de l\u2019AlterTour. <strong>Ils savent que des solutions existent et qu\u2019elles ne demandent qu\u2019\u00e0 \u00eatre g\u00e9n\u00e9ralis\u00e9es<\/strong>. Ils ont aussi conscience d\u2019\u00eatre les acteurs de leur propre vie et ne comptent pas se faire imposer un mode de vie\u00a0\u00bb.<br> <\/em><\/p>\n\n\n\n<p>Et c\u2019est bien dans cet esprit que se fera une fois de plus l\u2019AlterTour, afin de <em>\u00ab\u00a0rendre hommage \u00e0 ceux qui font le changement\u00a0\u00bb.\u00a0<\/em>Et de <strong>montrer que les initiatives porteuses de sens se multiplient, partout en France<\/strong> comme ailleurs : <em>\u00ab\u00a0Face  aux enjeux \u00e9cologiques imminents (\u00e9rosion de la biodiversit\u00e9,  emballement du climat, pollution des sols et des eaux\u2026), nous avons la  capacit\u00e9 de nous organiser individuellement et collectivement. <strong>Mais il faudra n\u00e9cessairement agir \u00e0 plus grande \u00e9chelle<\/strong>  pour remettre en question le dogme de la croissance qui pille les  mati\u00e8res premi\u00e8res et g\u00e9n\u00e8re de la surconsommation et une pollution  massive\u00a0\u00bb.<br> <\/em><br> Pour les inscriptions et plus de d\u00e9tails, rendez-vous sur la <a href=\"https:\/\/www.facebook.com\/alter.tour\/\">page Facebook<\/a> de l\u2019\u00e9v\u00e8nement.<\/p>\n\n\n\n<p style=\"text-align:right\"><strong>Benjamin Laks, Mr Mondialisation<\/strong><\/p>\n","protected":false},"excerpt":{"rendered":"<p>\u00c0 coups de p\u00e9dale et par la force des mollets. Ce 13 juillet, l\u2019AlterTour s\u2019\u00e9lancera depuis Angers. \u00c0 la fois convivial et engag\u00e9, ce voyage \u00e0 v\u00e9lo \u00e0 travers la France propose aux participants d\u2019aller \u00e0 la rencontre des acteurs de la transition. Ce rendez-vous estival de la Transition \u00e9cologique &#8230; <\/p>\n<div><a href=\"https:\/\/www.altercampagne.net\/?p=15972\" class=\"more-link\">Read More<\/a><\/div>\n","protected":false},"author":214,"featured_media":15973,"comment_status":"closed","ping_status":"closed","sticky":false,"template":"","format":"standard","meta":{"footnotes":""},"categories":[3773,239],"tags":[3114],"class_list":["post-15972","post","type-post","status-publish","format-standard","has-post-thumbnail","hentry","category-edition-2019","category-revue-de-presse","tag-mr-mondialisation"],"yoast_head":"<!-- This site is optimized with the Yoast SEO plugin v27.3 - https:\/\/yoast.com\/product\/yoast-seo-wordpress\/ -->\n<title>AlterTour : le tour de France des alternatives reprend la route ! - AlterTour<\/title>\n<meta name=\"robots\" content=\"index, follow, max-snippet:-1, max-image-preview:large, max-video-preview:-1\" \/>\n<link rel=\"canonical\" href=\"https:\/\/www.altercampagne.net\/?p=15972\" \/>\n<meta property=\"og:locale\" content=\"fr_FR\" \/>\n<meta property=\"og:type\" content=\"article\" \/>\n<meta property=\"og:title\" content=\"AlterTour : le tour de France des alternatives reprend la route ! - AlterTour\" \/>\n<meta property=\"og:description\" content=\"\u00c0 coups de p\u00e9dale et par la force des mollets. Ce 13 juillet, l\u2019AlterTour s\u2019\u00e9lancera depuis Angers. \u00c0 la fois convivial et engag\u00e9, ce voyage \u00e0 v\u00e9lo \u00e0 travers la France propose aux participants d\u2019aller \u00e0 la rencontre des acteurs de la transition. Ce rendez-vous estival de la Transition \u00e9cologique ... Read More\" \/>\n<meta property=\"og:url\" content=\"https:\/\/www.altercampagne.net\/?p=15972\" \/>\n<meta property=\"og:site_name\" content=\"AlterTour\" \/>\n<meta property=\"article:published_time\" content=\"2019-06-22T15:17:23+00:00\" \/>\n<meta property=\"article:modified_time\" content=\"2019-09-25T15:44:04+00:00\" \/>\n<meta property=\"og:image\" content=\"https:\/\/www.altercampagne.net\/wp-content\/uploads\/2019\/09\/2019-07-22-Mr-Mondialisation-1024x535.jpg\" \/>\n\t<meta property=\"og:image:width\" content=\"1024\" \/>\n\t<meta property=\"og:image:height\" content=\"535\" \/>\n\t<meta property=\"og:image:type\" content=\"image\/jpeg\" \/>\n<meta name=\"author\" content=\"Mathieu\" \/>\n<meta name=\"twitter:card\" content=\"summary_large_image\" \/>\n<meta name=\"twitter:label1\" content=\"\u00c9crit par\" \/>\n\t<meta name=\"twitter:data1\" content=\"Mathieu\" \/>\n\t<meta name=\"twitter:label2\" content=\"Dur\u00e9e de lecture estim\u00e9e\" \/>\n\t<meta name=\"twitter:data2\" content=\"4 minutes\" \/>\n<script type=\"application\/ld+json\" class=\"yoast-schema-graph\">{\"@context\":\"https:\\\/\\\/schema.org\",\"@graph\":[{\"@type\":\"Article\",\"@id\":\"https:\\\/\\\/www.altercampagne.net\\\/?p=15972#article\",\"isPartOf\":{\"@id\":\"https:\\\/\\\/www.altercampagne.net\\\/?p=15972\"},\"author\":{\"name\":\"Mathieu\",\"@id\":\"https:\\\/\\\/www.altercampagne.net\\\/#\\\/schema\\\/person\\\/0f261460c09e430caa0f9bcffa319109\"},\"headline\":\"AlterTour : le tour de France des alternatives reprend la route !\",\"datePublished\":\"2019-06-22T15:17:23+00:00\",\"dateModified\":\"2019-09-25T15:44:04+00:00\",\"mainEntityOfPage\":{\"@id\":\"https:\\\/\\\/www.altercampagne.net\\\/?p=15972\"},\"wordCount\":770,\"image\":{\"@id\":\"https:\\\/\\\/www.altercampagne.net\\\/?p=15972#primaryimage\"},\"thumbnailUrl\":\"https:\\\/\\\/www.altercampagne.net\\\/wp-content\\\/uploads\\\/2019\\\/09\\\/2019-07-22-Mr-Mondialisation.jpg\",\"keywords\":[\"Mr Mondialisation\"],\"articleSection\":[\"Edition 2019\",\"Revue de presse\"],\"inLanguage\":\"fr-FR\"},{\"@type\":\"WebPage\",\"@id\":\"https:\\\/\\\/www.altercampagne.net\\\/?p=15972\",\"url\":\"https:\\\/\\\/www.altercampagne.net\\\/?p=15972\",\"name\":\"AlterTour : le tour de France des alternatives reprend la route ! - AlterTour\",\"isPartOf\":{\"@id\":\"https:\\\/\\\/www.altercampagne.net\\\/#website\"},\"primaryImageOfPage\":{\"@id\":\"https:\\\/\\\/www.altercampagne.net\\\/?p=15972#primaryimage\"},\"image\":{\"@id\":\"https:\\\/\\\/www.altercampagne.net\\\/?p=15972#primaryimage\"},\"thumbnailUrl\":\"https:\\\/\\\/www.altercampagne.net\\\/wp-content\\\/uploads\\\/2019\\\/09\\\/2019-07-22-Mr-Mondialisation.jpg\",\"datePublished\":\"2019-06-22T15:17:23+00:00\",\"dateModified\":\"2019-09-25T15:44:04+00:00\",\"author\":{\"@id\":\"https:\\\/\\\/www.altercampagne.net\\\/#\\\/schema\\\/person\\\/0f261460c09e430caa0f9bcffa319109\"},\"breadcrumb\":{\"@id\":\"https:\\\/\\\/www.altercampagne.net\\\/?p=15972#breadcrumb\"},\"inLanguage\":\"fr-FR\",\"potentialAction\":[{\"@type\":\"ReadAction\",\"target\":[\"https:\\\/\\\/www.altercampagne.net\\\/?p=15972\"]}]},{\"@type\":\"ImageObject\",\"inLanguage\":\"fr-FR\",\"@id\":\"https:\\\/\\\/www.altercampagne.net\\\/?p=15972#primaryimage\",\"url\":\"https:\\\/\\\/www.altercampagne.net\\\/wp-content\\\/uploads\\\/2019\\\/09\\\/2019-07-22-Mr-Mondialisation.jpg\",\"contentUrl\":\"https:\\\/\\\/www.altercampagne.net\\\/wp-content\\\/uploads\\\/2019\\\/09\\\/2019-07-22-Mr-Mondialisation.jpg\",\"width\":3751,\"height\":1959},{\"@type\":\"BreadcrumbList\",\"@id\":\"https:\\\/\\\/www.altercampagne.net\\\/?p=15972#breadcrumb\",\"itemListElement\":[{\"@type\":\"ListItem\",\"position\":1,\"name\":\"Accueil\",\"item\":\"https:\\\/\\\/www.altercampagne.net\\\/\"},{\"@type\":\"ListItem\",\"position\":2,\"name\":\"AlterTour : le tour de France des alternatives reprend la route !\"}]},{\"@type\":\"WebSite\",\"@id\":\"https:\\\/\\\/www.altercampagne.net\\\/#website\",\"url\":\"https:\\\/\\\/www.altercampagne.net\\\/\",\"name\":\"AlterTour\",\"description\":\"Reliez les Alternatives \u00e0 v\u00e9lo\",\"potentialAction\":[{\"@type\":\"SearchAction\",\"target\":{\"@type\":\"EntryPoint\",\"urlTemplate\":\"https:\\\/\\\/www.altercampagne.net\\\/?s={search_term_string}\"},\"query-input\":{\"@type\":\"PropertyValueSpecification\",\"valueRequired\":true,\"valueName\":\"search_term_string\"}}],\"inLanguage\":\"fr-FR\"},{\"@type\":\"Person\",\"@id\":\"https:\\\/\\\/www.altercampagne.net\\\/#\\\/schema\\\/person\\\/0f261460c09e430caa0f9bcffa319109\",\"name\":\"Mathieu\",\"image\":{\"@type\":\"ImageObject\",\"inLanguage\":\"fr-FR\",\"@id\":\"https:\\\/\\\/secure.gravatar.com\\\/avatar\\\/aa9d3d24c83f2141e5e2709d0f63d09a99f6be6bb7a50abc4915838d9f54501a?s=96&d=mm&r=g\",\"url\":\"https:\\\/\\\/secure.gravatar.com\\\/avatar\\\/aa9d3d24c83f2141e5e2709d0f63d09a99f6be6bb7a50abc4915838d9f54501a?s=96&d=mm&r=g\",\"contentUrl\":\"https:\\\/\\\/secure.gravatar.com\\\/avatar\\\/aa9d3d24c83f2141e5e2709d0f63d09a99f6be6bb7a50abc4915838d9f54501a?s=96&d=mm&r=g\",\"caption\":\"Mathieu\"},\"url\":\"https:\\\/\\\/www.altercampagne.net\\\/?author=214\"}]}<\/script>\n<!-- \/ Yoast SEO plugin. -->","yoast_head_json":{"title":"AlterTour : le tour de France des alternatives reprend la route ! - AlterTour","robots":{"index":"index","follow":"follow","max-snippet":"max-snippet:-1","max-image-preview":"max-image-preview:large","max-video-preview":"max-video-preview:-1"},"canonical":"https:\/\/www.altercampagne.net\/?p=15972","og_locale":"fr_FR","og_type":"article","og_title":"AlterTour : le tour de France des alternatives reprend la route ! - AlterTour","og_description":"\u00c0 coups de p\u00e9dale et par la force des mollets. Ce 13 juillet, l\u2019AlterTour s\u2019\u00e9lancera depuis Angers. \u00c0 la fois convivial et engag\u00e9, ce voyage \u00e0 v\u00e9lo \u00e0 travers la France propose aux participants d\u2019aller \u00e0 la rencontre des acteurs de la transition. Ce rendez-vous estival de la Transition \u00e9cologique ... Read More","og_url":"https:\/\/www.altercampagne.net\/?p=15972","og_site_name":"AlterTour","article_published_time":"2019-06-22T15:17:23+00:00","article_modified_time":"2019-09-25T15:44:04+00:00","og_image":[{"width":1024,"height":535,"url":"https:\/\/www.altercampagne.net\/wp-content\/uploads\/2019\/09\/2019-07-22-Mr-Mondialisation-1024x535.jpg","type":"image\/jpeg"}],"author":"Mathieu","twitter_card":"summary_large_image","twitter_misc":{"\u00c9crit par":"Mathieu","Dur\u00e9e de lecture estim\u00e9e":"4 minutes"},"schema":{"@context":"https:\/\/schema.org","@graph":[{"@type":"Article","@id":"https:\/\/www.altercampagne.net\/?p=15972#article","isPartOf":{"@id":"https:\/\/www.altercampagne.net\/?p=15972"},"author":{"name":"Mathieu","@id":"https:\/\/www.altercampagne.net\/#\/schema\/person\/0f261460c09e430caa0f9bcffa319109"},"headline":"AlterTour : le tour de France des alternatives reprend la route !","datePublished":"2019-06-22T15:17:23+00:00","dateModified":"2019-09-25T15:44:04+00:00","mainEntityOfPage":{"@id":"https:\/\/www.altercampagne.net\/?p=15972"},"wordCount":770,"image":{"@id":"https:\/\/www.altercampagne.net\/?p=15972#primaryimage"},"thumbnailUrl":"https:\/\/www.altercampagne.net\/wp-content\/uploads\/2019\/09\/2019-07-22-Mr-Mondialisation.jpg","keywords":["Mr Mondialisation"],"articleSection":["Edition 2019","Revue de presse"],"inLanguage":"fr-FR"},{"@type":"WebPage","@id":"https:\/\/www.altercampagne.net\/?p=15972","url":"https:\/\/www.altercampagne.net\/?p=15972","name":"AlterTour : le tour de France des alternatives reprend la route ! - AlterTour","isPartOf":{"@id":"https:\/\/www.altercampagne.net\/#website"},"primaryImageOfPage":{"@id":"https:\/\/www.altercampagne.net\/?p=15972#primaryimage"},"image":{"@id":"https:\/\/www.altercampagne.net\/?p=15972#primaryimage"},"thumbnailUrl":"https:\/\/www.altercampagne.net\/wp-content\/uploads\/2019\/09\/2019-07-22-Mr-Mondialisation.jpg","datePublished":"2019-06-22T15:17:23+00:00","dateModified":"2019-09-25T15:44:04+00:00","author":{"@id":"https:\/\/www.altercampagne.net\/#\/schema\/person\/0f261460c09e430caa0f9bcffa319109"},"breadcrumb":{"@id":"https:\/\/www.altercampagne.net\/?p=15972#breadcrumb"},"inLanguage":"fr-FR","potentialAction":[{"@type":"ReadAction","target":["https:\/\/www.altercampagne.net\/?p=15972"]}]},{"@type":"ImageObject","inLanguage":"fr-FR","@id":"https:\/\/www.altercampagne.net\/?p=15972#primaryimage","url":"https:\/\/www.altercampagne.net\/wp-content\/uploads\/2019\/09\/2019-07-22-Mr-Mondialisation.jpg","contentUrl":"https:\/\/www.altercampagne.net\/wp-content\/uploads\/2019\/09\/2019-07-22-Mr-Mondialisation.jpg","width":3751,"height":1959},{"@type":"BreadcrumbList","@id":"https:\/\/www.altercampagne.net\/?p=15972#breadcrumb","itemListElement":[{"@type":"ListItem","position":1,"name":"Accueil","item":"https:\/\/www.altercampagne.net\/"},{"@type":"ListItem","position":2,"name":"AlterTour : le tour de France des alternatives reprend la route !"}]},{"@type":"WebSite","@id":"https:\/\/www.altercampagne.net\/#website","url":"https:\/\/www.altercampagne.net\/","name":"AlterTour","description":"Reliez les Alternatives \u00e0 v\u00e9lo","potentialAction":[{"@type":"SearchAction","target":{"@type":"EntryPoint","urlTemplate":"https:\/\/www.altercampagne.net\/?s={search_term_string}"},"query-input":{"@type":"PropertyValueSpecification","valueRequired":true,"valueName":"search_term_string"}}],"inLanguage":"fr-FR"},{"@type":"Person","@id":"https:\/\/www.altercampagne.net\/#\/schema\/person\/0f261460c09e430caa0f9bcffa319109","name":"Mathieu","image":{"@type":"ImageObject","inLanguage":"fr-FR","@id":"https:\/\/secure.gravatar.com\/avatar\/aa9d3d24c83f2141e5e2709d0f63d09a99f6be6bb7a50abc4915838d9f54501a?s=96&d=mm&r=g","url":"https:\/\/secure.gravatar.com\/avatar\/aa9d3d24c83f2141e5e2709d0f63d09a99f6be6bb7a50abc4915838d9f54501a?s=96&d=mm&r=g","contentUrl":"https:\/\/secure.gravatar.com\/avatar\/aa9d3d24c83f2141e5e2709d0f63d09a99f6be6bb7a50abc4915838d9f54501a?s=96&d=mm&r=g","caption":"Mathieu"},"url":"https:\/\/www.altercampagne.net\/?author=214"}]}},"_links":{"self":[{"href":"https:\/\/www.altercampagne.net\/index.php?rest_route=\/wp\/v2\/posts\/15972","targetHints":{"allow":["GET"]}}],"collection":[{"href":"https:\/\/www.altercampagne.net\/index.php?rest_route=\/wp\/v2\/posts"}],"about":[{"href":"https:\/\/www.altercampagne.net\/index.php?rest_route=\/wp\/v2\/types\/post"}],"author":[{"embeddable":true,"href":"https:\/\/www.altercampagne.net\/index.php?rest_route=\/wp\/v2\/users\/214"}],"replies":[{"embeddable":true,"href":"https:\/\/www.altercampagne.net\/index.php?rest_route=%2Fwp%2Fv2%2Fcomments&post=15972"}],"version-history":[{"count":0,"href":"https:\/\/www.altercampagne.net\/index.php?rest_route=\/wp\/v2\/posts\/15972\/revisions"}],"wp:featuredmedia":[{"embeddable":true,"href":"https:\/\/www.altercampagne.net\/index.php?rest_route=\/wp\/v2\/media\/15973"}],"wp:attachment":[{"href":"https:\/\/www.altercampagne.net\/index.php?rest_route=%2Fwp%2Fv2%2Fmedia&parent=15972"}],"wp:term":[{"taxonomy":"category","embeddable":true,"href":"https:\/\/www.altercampagne.net\/index.php?rest_route=%2Fwp%2Fv2%2Fcategories&post=15972"},{"taxonomy":"post_tag","embeddable":true,"href":"https:\/\/www.altercampagne.net\/index.php?rest_route=%2Fwp%2Fv2%2Ftags&post=15972"}],"curies":[{"name":"wp","href":"https:\/\/api.w.org\/{rel}","templated":true}]}}