{"id":15989,"date":"2019-07-25T22:18:27","date_gmt":"2019-07-25T20:18:27","guid":{"rendered":"http:\/\/www.altercampagne.net\/?p=15989"},"modified":"2021-05-06T10:46:41","modified_gmt":"2021-05-06T08:46:41","slug":"laltertour-a-rendu-hommage-a-toutes-les-initiatives-locales-proches-de-lenvironnement-le-temps-fort-sest-deroule-au-reve-devre-une-reconnaissance","status":"publish","type":"post","link":"https:\/\/www.altercampagne.net\/?p=15989","title":{"rendered":"L\u2019AlterTour fait une halte au R\u00eave d\u2019\u00c8vre"},"content":{"rendered":"\n<p><strong>L\u2019AlterTour a rendu hommage \u00e0 toutes les initiatives locales proches de l\u2019environnement. Le temps fort s\u2019est d\u00e9roul\u00e9 au R\u00eave d\u2019Evre. Une reconnaissance.<\/strong><\/p>\n\n\n\n<p>Cette premi\u00e8re manifestation festive s\u2019est d\u00e9roul\u00e9e \u00e0 l\u2019\u00e9co-hameau en  transition <a rel=\"noreferrer noopener\" aria-label=\"R\u00eave d\u2019\u00c8vre (s\u2019ouvre dans un nouvel onglet)\" href=\"https:\/\/fr-fr.facebook.com\/revedevre\/\" target=\"_blank\"><strong>R\u00eave d\u2019\u00c8vre<\/strong><\/a>. Il s\u2019agit l\u00e0 d\u2019un lieu de vie en transition \u00e9cologique qui propose sept logements avec des \u00e9quipements partag\u00e9s, un espace d\u2019activit\u00e9s, une for\u00eat nourrici\u00e8re et un potager en permaculture.<\/p>\n\n\n\n<p>La r\u00e9alisation s\u2019appuie sur des objectifs \u00e9cologiques ambitieux sur les d\u00e9chets, l\u2019eau et les \u00e9nergies renouvelables.<\/p>\n\n\n\n<h4 class=\"wp-block-heading\"> L\u2019AlterTour, c\u2019est quoi\u00a0?<\/h4>\n\n\n\n<p>L\u2019<a rel=\"noreferrer noopener\" target=\"_blank\" href=\"http:\/\/www.cyclofficinedangouleme.org\/2019\/07\/24\/lalter-tour-un-tour-itinerant-a-velo-pour-la-transition-ecologique-et-sociale\/\">AlterTour est un tour itin\u00e9rant \u00e0 v\u00e9lo<\/a> qui va \u00e0 la rencontre des propositions alternatives en mati\u00e8re  d\u2019\u00e9co-environnement. Une illustration, ici avec des acteurs qui, seuls ou en collectif, essaient d\u2019am\u00e9liorer la situation environnementale, climatique et sociale.<\/p>\n\n\n\n<p>Chaque \u00e9t\u00e9 depuis 2008, l\u2019AlterTour est organis\u00e9 par des b\u00e9n\u00e9voles, des personnes de tous \u00e2ges qui se mobilisent et refont le monde autour de dynamiques locales&nbsp;\u00e0 partir de partages d\u2019exp\u00e9riences, d\u2019id\u00e9es et de pratiques alternatives.<\/p>\n\n\n\n<p>On s\u2019appuie ici sur l\u2019agro\u00e9cologie, permaculture, circuits courts, \u00e9colieux,  habitats group\u00e9s, production d\u2019\u00e9nergie alternative, entreprises autog\u00e9r\u00e9es, ateliers v\u00e9los participatifs et solidaires,&nbsp;etc.<\/p>\n\n\n\n<h4 class=\"wp-block-heading\"> Un retour aux sources <\/h4>\n\n\n\n<p>Apr\u00e8s  avoir p\u00e9dal\u00e9 plus de 38&nbsp;km depuis Chalonnes, en passant par Saint-L\u00e9zin, 70&nbsp;Altercyclistes sont arriv\u00e9s \u00e0 Beaupr\u00e9au au R\u00eave d\u2019\u00c8vre, sur la proposition de l\u2019\u00c9chapp\u00e9e Verte.<\/p>\n\n\n\n<p>Une fois le campement install\u00e9 sur l\u2019\u00eele, ils ont particip\u00e9 \u00e0 plusieurs ateliers comme le Repair caf\u00e9 (un atelier de cor\u00e9paration) organis\u00e9 par l\u2019\u00c9chapp\u00e9e verte,  un chantier participatif d\u00e9coration des poulaillers et la balade  botanique avec Bruno Delaunay.<\/p>\n\n\n\n<p>Rappelons que l\u2019\u00c9chapp\u00e9e verte est  une association d\u2019\u00e9changes de savoirs qui consiste \u00e0 rassembler les  citoyens autour du partage et de l\u2019apprentissage de savoirs locaux, \u00e9cologiques ou alternatifs en mettant en place des temps d\u2019\u00e9changes, ateliers, \u00e9v\u00e9nements\u2026<\/p>\n\n\n\n<p>Elle anime, notamment, le Repair-caf\u00e9 de Beaupr\u00e9au et contribue aux initiatives \u00e9cocitoyennes sur Beaupr\u00e9au-en-Mauges.<\/p>\n\n\n\n<p>Avec plusieurs collectifs comme les Colibris choletais, les Incroyables  comestibles, Il est encore temps, On veut des coquelicots, Un pas de c\u00f4t\u00e9 et une centaine de personnes, ils ont partag\u00e9 un repas constitu\u00e9 des produits locaux et bios fournis, entre autres, par les producteurs de l\u2019AMAP (association pour le maintien d\u2019une agriculture paysanne) belloprataine Coup d\u2019Pousse.<\/p>\n\n\n\n<p style=\"text-align:right\"><strong><a href=\"https:\/\/www.ouest-france.fr\/pays-de-la-loire\/beaupreau-en-mauges-49600\/l-altertour-fait-une-halte-au-reve-d-evre-6459178\" target=\"_blank\" rel=\"noreferrer noopener\" aria-label=\"Ouest France (s\u2019ouvre dans un nouvel onglet)\">Ouest France<\/a><\/strong><\/p>\n","protected":false},"excerpt":{"rendered":"<p>L\u2019AlterTour a rendu hommage \u00e0 toutes les initiatives locales proches de l\u2019environnement. Le temps fort s\u2019est d\u00e9roul\u00e9 au R\u00eave d\u2019Evre. Une reconnaissance. Cette premi\u00e8re manifestation festive s\u2019est d\u00e9roul\u00e9e \u00e0 l\u2019\u00e9co-hameau en transition R\u00eave d\u2019\u00c8vre. Il s\u2019agit l\u00e0 d\u2019un lieu de vie en transition \u00e9cologique qui propose sept logements avec des &#8230; <\/p>\n<div><a href=\"https:\/\/www.altercampagne.net\/?p=15989\" class=\"more-link\">Read More<\/a><\/div>\n","protected":false},"author":214,"featured_media":15990,"comment_status":"closed","ping_status":"closed","sticky":false,"template":"","format":"standard","meta":{"footnotes":""},"categories":[4313,3773,239,3481],"tags":[2136,4045,4047],"class_list":["post-15989","post","type-post","status-publish","format-standard","has-post-thumbnail","hentry","category-altertour","category-edition-2019","category-revue-de-presse","category-pays-de-la-loire","tag-maine-et-loire","tag-beaupreau","tag-echappee-verte"],"yoast_head":"<!-- This site is optimized with the Yoast SEO plugin v27.3 - https:\/\/yoast.com\/product\/yoast-seo-wordpress\/ -->\n<title>L\u2019AlterTour fait une halte au R\u00eave d\u2019\u00c8vre - AlterTour<\/title>\n<meta name=\"robots\" content=\"index, follow, max-snippet:-1, max-image-preview:large, max-video-preview:-1\" \/>\n<link rel=\"canonical\" href=\"https:\/\/www.altercampagne.net\/?p=15989\" \/>\n<meta property=\"og:locale\" content=\"fr_FR\" \/>\n<meta property=\"og:type\" content=\"article\" \/>\n<meta property=\"og:title\" content=\"L\u2019AlterTour fait une halte au R\u00eave d\u2019\u00c8vre - AlterTour\" \/>\n<meta property=\"og:description\" content=\"L\u2019AlterTour a rendu hommage \u00e0 toutes les initiatives locales proches de l\u2019environnement. Le temps fort s\u2019est d\u00e9roul\u00e9 au R\u00eave d\u2019Evre. Une reconnaissance. Cette premi\u00e8re manifestation festive s\u2019est d\u00e9roul\u00e9e \u00e0 l\u2019\u00e9co-hameau en transition R\u00eave d\u2019\u00c8vre. Il s\u2019agit l\u00e0 d\u2019un lieu de vie en transition \u00e9cologique qui propose sept logements avec des ... Read More\" \/>\n<meta property=\"og:url\" content=\"https:\/\/www.altercampagne.net\/?p=15989\" \/>\n<meta property=\"og:site_name\" content=\"AlterTour\" \/>\n<meta property=\"article:published_time\" content=\"2019-07-25T20:18:27+00:00\" \/>\n<meta property=\"article:modified_time\" content=\"2021-05-06T08:46:41+00:00\" \/>\n<meta property=\"og:image\" content=\"https:\/\/www.altercampagne.net\/wp-content\/uploads\/2019\/09\/2019-07-16-DSCF0933-1024x535.jpg\" \/>\n\t<meta property=\"og:image:width\" content=\"1024\" \/>\n\t<meta property=\"og:image:height\" content=\"535\" \/>\n\t<meta property=\"og:image:type\" content=\"image\/jpeg\" \/>\n<meta name=\"author\" content=\"Mathieu\" \/>\n<meta name=\"twitter:card\" content=\"summary_large_image\" \/>\n<meta name=\"twitter:label1\" content=\"\u00c9crit par\" \/>\n\t<meta name=\"twitter:data1\" content=\"Mathieu\" \/>\n\t<meta name=\"twitter:label2\" content=\"Dur\u00e9e de lecture estim\u00e9e\" \/>\n\t<meta name=\"twitter:data2\" content=\"2 minutes\" \/>\n<script type=\"application\/ld+json\" class=\"yoast-schema-graph\">{\"@context\":\"https:\\\/\\\/schema.org\",\"@graph\":[{\"@type\":\"Article\",\"@id\":\"https:\\\/\\\/www.altercampagne.net\\\/?p=15989#article\",\"isPartOf\":{\"@id\":\"https:\\\/\\\/www.altercampagne.net\\\/?p=15989\"},\"author\":{\"name\":\"Mathieu\",\"@id\":\"https:\\\/\\\/www.altercampagne.net\\\/#\\\/schema\\\/person\\\/0f261460c09e430caa0f9bcffa319109\"},\"headline\":\"L\u2019AlterTour fait une halte au R\u00eave d\u2019\u00c8vre\",\"datePublished\":\"2019-07-25T20:18:27+00:00\",\"dateModified\":\"2021-05-06T08:46:41+00:00\",\"mainEntityOfPage\":{\"@id\":\"https:\\\/\\\/www.altercampagne.net\\\/?p=15989\"},\"wordCount\":433,\"image\":{\"@id\":\"https:\\\/\\\/www.altercampagne.net\\\/?p=15989#primaryimage\"},\"thumbnailUrl\":\"https:\\\/\\\/www.altercampagne.net\\\/wp-content\\\/uploads\\\/2019\\\/09\\\/2019-07-16-DSCF0933.jpg\",\"keywords\":[\"Maine-et-Loire\",\"Beaupr\u00e9au\",\"Echapp\u00e9e Verte\"],\"articleSection\":[\"AlterTour\",\"Edition 2019\",\"Revue de presse\",\"Pays de la Loire\"],\"inLanguage\":\"fr-FR\"},{\"@type\":\"WebPage\",\"@id\":\"https:\\\/\\\/www.altercampagne.net\\\/?p=15989\",\"url\":\"https:\\\/\\\/www.altercampagne.net\\\/?p=15989\",\"name\":\"L\u2019AlterTour fait une halte au R\u00eave d\u2019\u00c8vre - AlterTour\",\"isPartOf\":{\"@id\":\"https:\\\/\\\/www.altercampagne.net\\\/#website\"},\"primaryImageOfPage\":{\"@id\":\"https:\\\/\\\/www.altercampagne.net\\\/?p=15989#primaryimage\"},\"image\":{\"@id\":\"https:\\\/\\\/www.altercampagne.net\\\/?p=15989#primaryimage\"},\"thumbnailUrl\":\"https:\\\/\\\/www.altercampagne.net\\\/wp-content\\\/uploads\\\/2019\\\/09\\\/2019-07-16-DSCF0933.jpg\",\"datePublished\":\"2019-07-25T20:18:27+00:00\",\"dateModified\":\"2021-05-06T08:46:41+00:00\",\"author\":{\"@id\":\"https:\\\/\\\/www.altercampagne.net\\\/#\\\/schema\\\/person\\\/0f261460c09e430caa0f9bcffa319109\"},\"breadcrumb\":{\"@id\":\"https:\\\/\\\/www.altercampagne.net\\\/?p=15989#breadcrumb\"},\"inLanguage\":\"fr-FR\",\"potentialAction\":[{\"@type\":\"ReadAction\",\"target\":[\"https:\\\/\\\/www.altercampagne.net\\\/?p=15989\"]}]},{\"@type\":\"ImageObject\",\"inLanguage\":\"fr-FR\",\"@id\":\"https:\\\/\\\/www.altercampagne.net\\\/?p=15989#primaryimage\",\"url\":\"https:\\\/\\\/www.altercampagne.net\\\/wp-content\\\/uploads\\\/2019\\\/09\\\/2019-07-16-DSCF0933.jpg\",\"contentUrl\":\"https:\\\/\\\/www.altercampagne.net\\\/wp-content\\\/uploads\\\/2019\\\/09\\\/2019-07-16-DSCF0933.jpg\",\"width\":3751,\"height\":1959},{\"@type\":\"BreadcrumbList\",\"@id\":\"https:\\\/\\\/www.altercampagne.net\\\/?p=15989#breadcrumb\",\"itemListElement\":[{\"@type\":\"ListItem\",\"position\":1,\"name\":\"Accueil\",\"item\":\"https:\\\/\\\/www.altercampagne.net\\\/\"},{\"@type\":\"ListItem\",\"position\":2,\"name\":\"L\u2019AlterTour fait une halte au R\u00eave d\u2019\u00c8vre\"}]},{\"@type\":\"WebSite\",\"@id\":\"https:\\\/\\\/www.altercampagne.net\\\/#website\",\"url\":\"https:\\\/\\\/www.altercampagne.net\\\/\",\"name\":\"AlterTour\",\"description\":\"Reliez les Alternatives \u00e0 v\u00e9lo\",\"potentialAction\":[{\"@type\":\"SearchAction\",\"target\":{\"@type\":\"EntryPoint\",\"urlTemplate\":\"https:\\\/\\\/www.altercampagne.net\\\/?s={search_term_string}\"},\"query-input\":{\"@type\":\"PropertyValueSpecification\",\"valueRequired\":true,\"valueName\":\"search_term_string\"}}],\"inLanguage\":\"fr-FR\"},{\"@type\":\"Person\",\"@id\":\"https:\\\/\\\/www.altercampagne.net\\\/#\\\/schema\\\/person\\\/0f261460c09e430caa0f9bcffa319109\",\"name\":\"Mathieu\",\"image\":{\"@type\":\"ImageObject\",\"inLanguage\":\"fr-FR\",\"@id\":\"https:\\\/\\\/secure.gravatar.com\\\/avatar\\\/aa9d3d24c83f2141e5e2709d0f63d09a99f6be6bb7a50abc4915838d9f54501a?s=96&d=mm&r=g\",\"url\":\"https:\\\/\\\/secure.gravatar.com\\\/avatar\\\/aa9d3d24c83f2141e5e2709d0f63d09a99f6be6bb7a50abc4915838d9f54501a?s=96&d=mm&r=g\",\"contentUrl\":\"https:\\\/\\\/secure.gravatar.com\\\/avatar\\\/aa9d3d24c83f2141e5e2709d0f63d09a99f6be6bb7a50abc4915838d9f54501a?s=96&d=mm&r=g\",\"caption\":\"Mathieu\"},\"url\":\"https:\\\/\\\/www.altercampagne.net\\\/?author=214\"}]}<\/script>\n<!-- \/ Yoast SEO plugin. -->","yoast_head_json":{"title":"L\u2019AlterTour fait une halte au R\u00eave d\u2019\u00c8vre - AlterTour","robots":{"index":"index","follow":"follow","max-snippet":"max-snippet:-1","max-image-preview":"max-image-preview:large","max-video-preview":"max-video-preview:-1"},"canonical":"https:\/\/www.altercampagne.net\/?p=15989","og_locale":"fr_FR","og_type":"article","og_title":"L\u2019AlterTour fait une halte au R\u00eave d\u2019\u00c8vre - AlterTour","og_description":"L\u2019AlterTour a rendu hommage \u00e0 toutes les initiatives locales proches de l\u2019environnement. Le temps fort s\u2019est d\u00e9roul\u00e9 au R\u00eave d\u2019Evre. Une reconnaissance. Cette premi\u00e8re manifestation festive s\u2019est d\u00e9roul\u00e9e \u00e0 l\u2019\u00e9co-hameau en transition R\u00eave d\u2019\u00c8vre. Il s\u2019agit l\u00e0 d\u2019un lieu de vie en transition \u00e9cologique qui propose sept logements avec des ... Read More","og_url":"https:\/\/www.altercampagne.net\/?p=15989","og_site_name":"AlterTour","article_published_time":"2019-07-25T20:18:27+00:00","article_modified_time":"2021-05-06T08:46:41+00:00","og_image":[{"width":1024,"height":535,"url":"https:\/\/www.altercampagne.net\/wp-content\/uploads\/2019\/09\/2019-07-16-DSCF0933-1024x535.jpg","type":"image\/jpeg"}],"author":"Mathieu","twitter_card":"summary_large_image","twitter_misc":{"\u00c9crit par":"Mathieu","Dur\u00e9e de lecture estim\u00e9e":"2 minutes"},"schema":{"@context":"https:\/\/schema.org","@graph":[{"@type":"Article","@id":"https:\/\/www.altercampagne.net\/?p=15989#article","isPartOf":{"@id":"https:\/\/www.altercampagne.net\/?p=15989"},"author":{"name":"Mathieu","@id":"https:\/\/www.altercampagne.net\/#\/schema\/person\/0f261460c09e430caa0f9bcffa319109"},"headline":"L\u2019AlterTour fait une halte au R\u00eave d\u2019\u00c8vre","datePublished":"2019-07-25T20:18:27+00:00","dateModified":"2021-05-06T08:46:41+00:00","mainEntityOfPage":{"@id":"https:\/\/www.altercampagne.net\/?p=15989"},"wordCount":433,"image":{"@id":"https:\/\/www.altercampagne.net\/?p=15989#primaryimage"},"thumbnailUrl":"https:\/\/www.altercampagne.net\/wp-content\/uploads\/2019\/09\/2019-07-16-DSCF0933.jpg","keywords":["Maine-et-Loire","Beaupr\u00e9au","Echapp\u00e9e Verte"],"articleSection":["AlterTour","Edition 2019","Revue de presse","Pays de la Loire"],"inLanguage":"fr-FR"},{"@type":"WebPage","@id":"https:\/\/www.altercampagne.net\/?p=15989","url":"https:\/\/www.altercampagne.net\/?p=15989","name":"L\u2019AlterTour fait une halte au R\u00eave d\u2019\u00c8vre - AlterTour","isPartOf":{"@id":"https:\/\/www.altercampagne.net\/#website"},"primaryImageOfPage":{"@id":"https:\/\/www.altercampagne.net\/?p=15989#primaryimage"},"image":{"@id":"https:\/\/www.altercampagne.net\/?p=15989#primaryimage"},"thumbnailUrl":"https:\/\/www.altercampagne.net\/wp-content\/uploads\/2019\/09\/2019-07-16-DSCF0933.jpg","datePublished":"2019-07-25T20:18:27+00:00","dateModified":"2021-05-06T08:46:41+00:00","author":{"@id":"https:\/\/www.altercampagne.net\/#\/schema\/person\/0f261460c09e430caa0f9bcffa319109"},"breadcrumb":{"@id":"https:\/\/www.altercampagne.net\/?p=15989#breadcrumb"},"inLanguage":"fr-FR","potentialAction":[{"@type":"ReadAction","target":["https:\/\/www.altercampagne.net\/?p=15989"]}]},{"@type":"ImageObject","inLanguage":"fr-FR","@id":"https:\/\/www.altercampagne.net\/?p=15989#primaryimage","url":"https:\/\/www.altercampagne.net\/wp-content\/uploads\/2019\/09\/2019-07-16-DSCF0933.jpg","contentUrl":"https:\/\/www.altercampagne.net\/wp-content\/uploads\/2019\/09\/2019-07-16-DSCF0933.jpg","width":3751,"height":1959},{"@type":"BreadcrumbList","@id":"https:\/\/www.altercampagne.net\/?p=15989#breadcrumb","itemListElement":[{"@type":"ListItem","position":1,"name":"Accueil","item":"https:\/\/www.altercampagne.net\/"},{"@type":"ListItem","position":2,"name":"L\u2019AlterTour fait une halte au R\u00eave d\u2019\u00c8vre"}]},{"@type":"WebSite","@id":"https:\/\/www.altercampagne.net\/#website","url":"https:\/\/www.altercampagne.net\/","name":"AlterTour","description":"Reliez les Alternatives \u00e0 v\u00e9lo","potentialAction":[{"@type":"SearchAction","target":{"@type":"EntryPoint","urlTemplate":"https:\/\/www.altercampagne.net\/?s={search_term_string}"},"query-input":{"@type":"PropertyValueSpecification","valueRequired":true,"valueName":"search_term_string"}}],"inLanguage":"fr-FR"},{"@type":"Person","@id":"https:\/\/www.altercampagne.net\/#\/schema\/person\/0f261460c09e430caa0f9bcffa319109","name":"Mathieu","image":{"@type":"ImageObject","inLanguage":"fr-FR","@id":"https:\/\/secure.gravatar.com\/avatar\/aa9d3d24c83f2141e5e2709d0f63d09a99f6be6bb7a50abc4915838d9f54501a?s=96&d=mm&r=g","url":"https:\/\/secure.gravatar.com\/avatar\/aa9d3d24c83f2141e5e2709d0f63d09a99f6be6bb7a50abc4915838d9f54501a?s=96&d=mm&r=g","contentUrl":"https:\/\/secure.gravatar.com\/avatar\/aa9d3d24c83f2141e5e2709d0f63d09a99f6be6bb7a50abc4915838d9f54501a?s=96&d=mm&r=g","caption":"Mathieu"},"url":"https:\/\/www.altercampagne.net\/?author=214"}]}},"_links":{"self":[{"href":"https:\/\/www.altercampagne.net\/index.php?rest_route=\/wp\/v2\/posts\/15989","targetHints":{"allow":["GET"]}}],"collection":[{"href":"https:\/\/www.altercampagne.net\/index.php?rest_route=\/wp\/v2\/posts"}],"about":[{"href":"https:\/\/www.altercampagne.net\/index.php?rest_route=\/wp\/v2\/types\/post"}],"author":[{"embeddable":true,"href":"https:\/\/www.altercampagne.net\/index.php?rest_route=\/wp\/v2\/users\/214"}],"replies":[{"embeddable":true,"href":"https:\/\/www.altercampagne.net\/index.php?rest_route=%2Fwp%2Fv2%2Fcomments&post=15989"}],"version-history":[{"count":1,"href":"https:\/\/www.altercampagne.net\/index.php?rest_route=\/wp\/v2\/posts\/15989\/revisions"}],"predecessor-version":[{"id":21780,"href":"https:\/\/www.altercampagne.net\/index.php?rest_route=\/wp\/v2\/posts\/15989\/revisions\/21780"}],"wp:featuredmedia":[{"embeddable":true,"href":"https:\/\/www.altercampagne.net\/index.php?rest_route=\/wp\/v2\/media\/15990"}],"wp:attachment":[{"href":"https:\/\/www.altercampagne.net\/index.php?rest_route=%2Fwp%2Fv2%2Fmedia&parent=15989"}],"wp:term":[{"taxonomy":"category","embeddable":true,"href":"https:\/\/www.altercampagne.net\/index.php?rest_route=%2Fwp%2Fv2%2Fcategories&post=15989"},{"taxonomy":"post_tag","embeddable":true,"href":"https:\/\/www.altercampagne.net\/index.php?rest_route=%2Fwp%2Fv2%2Ftags&post=15989"}],"curies":[{"name":"wp","href":"https:\/\/api.w.org\/{rel}","templated":true}]}}