{"id":16020,"date":"2019-08-20T08:34:48","date_gmt":"2019-08-20T06:34:48","guid":{"rendered":"http:\/\/www.altercampagne.net\/?p=16020"},"modified":"2021-05-06T10:44:40","modified_gmt":"2021-05-06T08:44:40","slug":"laltertour-sacheve-ce-week-end-a-pau","status":"publish","type":"post","link":"https:\/\/www.altercampagne.net\/?p=16020","title":{"rendered":"L\u2019AlterTour s\u2019ach\u00e8ve ce week-end \u00e0 Pau"},"content":{"rendered":"\n<p>\n\tCe tour \u00e0 v\u00e9lo, parti d\u2019Angers le 13 juillet, va \u00e0 la rencontre des initiatives \u00e9cologiques et solidaires<\/p>\n\n\n\n<p>Ce vendredi 23 ao\u00fbt, <a href=\"https:\/\/www.altercampagne.net\/\" rel=\"noreferrer noopener\" target=\"_blank\"> l\u2019AlterTour<\/a>\n arrivera \u00e0 Pau.Ce tour \u00e0 v\u00e9lo, ouvert \u00e0 tous, va \u00e0 la rencontre des \ninitiatives \u00e9cologiques et solidaires. Chaque jour, apr\u00e8s une \ndemi-journ\u00e9e de v\u00e9lo, les participants d\u00e9couvrent des lieux \u00ab\u00a0o\u00f9 l\u2019on vit\n concr\u00e8tement la transition \u00e9cologique\u00a0\u00bb, expliquent les organisateurs. <strong>Au total, ce sont 400 cyclistes qui se relaient&nbsp;d\u2019Angers \u00e0 Pau, depuis le 13 juillet et jusqu\u2019au 24 ao\u00fbt.<\/strong><\/p>\n\n\n\n<p>Une cinquantaine de cyclistes rejoindront les associations militantes de Pau pour <strong>une manifestation \u00e0 v\u00e9lo, de Pau \u00e0 Juran\u00e7on<\/strong>,  accompagn\u00e9e par l\u2019association <strong><a rel=\"noreferrer noopener\" aria-label=\"Pau \u00e0 v\u00e9lo (s\u2019ouvre dans un nouvel onglet)\" href=\"http:\/\/www.pauavelo.fr\/\" target=\"_blank\">Pau \u00e0 v\u00e9lo<\/a><\/strong>. Le d\u00e9part sera donn\u00e9 \u00e0 17h30  du rond-point des all\u00e9es de Morla\u00e0s, \u00e0 18 heures du carrefour Avenue  Dufau\/boulevard Alsace-Lorraine. L\u2019arriv\u00e9e est pr\u00e9vue \u00e0 19 heures au <strong><a rel=\"noreferrer noopener\" aria-label=\"Castel Forgues (s\u2019ouvre dans un nouvel onglet)\" href=\"https:\/\/www.facebook.com\/castelforgues\/\" target=\"_blank\">Castel Forgues<\/a><\/strong>, \u00e0 Juran\u00e7on. Le Castel Forgues est un \u00e9colieu et site  d\u2019exp\u00e9rimentation en permaculture. Il accueillera les deux derniers  jours de l\u2019AlterTour. Une visite du <strong><a rel=\"noreferrer noopener\" aria-label=\"village Emma\u00fcs Lescar-Pau (s\u2019ouvre dans un nouvel onglet)\" href=\"http:\/\/www.emmaus-lescar-pau.com\/\" target=\"_blank\">Village Emma\u00fcs Lescar-Pau<\/a><\/strong> est aussi au  programme. Une soir\u00e9e festive conclura ces six semaines de trajet \u00e0  travers la France.\u00a0<\/p>\n\n\n\n<p>L\u2019AlterTour, pr\u00e9par\u00e9  par des b\u00e9n\u00e9voles, est n\u00e9 de l\u2019association AlterCampagne, fond\u00e9e en  2004 par un collectif d\u2019associations \u00e0 la suite des journ\u00e9es de  mobilisation contre les OGM. L\u2019\u00e9v\u00e9nement est auto-financ\u00e9 \u00e0 100 %.<\/p>\n\n\n\n<p style=\"text-align:right\"><strong><a href=\"https:\/\/www.sudouest.fr\/2019\/08\/20\/l-altertour-s-acheve-ce-week-end-a-pau-6463315-4344.php\" target=\"_blank\" rel=\"noreferrer noopener\" aria-label=\"Sud-Ouest (s\u2019ouvre dans un nouvel onglet)\">Sud-Ouest<\/a><\/strong><\/p>\n","protected":false},"excerpt":{"rendered":"<p>Ce tour \u00e0 v\u00e9lo, parti d\u2019Angers le 13 juillet, va \u00e0 la rencontre des initiatives \u00e9cologiques et solidaires Ce vendredi 23 ao\u00fbt, l\u2019AlterTour arrivera \u00e0 Pau.Ce tour \u00e0 v\u00e9lo, ouvert \u00e0 tous, va \u00e0 la rencontre des initiatives \u00e9cologiques et solidaires. Chaque jour, apr\u00e8s une demi-journ\u00e9e de v\u00e9lo, les participants &#8230; <\/p>\n<div><a href=\"https:\/\/www.altercampagne.net\/?p=16020\" class=\"more-link\">Read More<\/a><\/div>\n","protected":false},"author":214,"featured_media":16021,"comment_status":"closed","ping_status":"closed","sticky":false,"template":"","format":"standard","meta":{"footnotes":""},"categories":[4313,3773,239,3479],"tags":[],"class_list":["post-16020","post","type-post","status-publish","format-standard","has-post-thumbnail","hentry","category-altertour","category-edition-2019","category-revue-de-presse","category-nouvelle-aquitaine"],"yoast_head":"<!-- This site is optimized with the Yoast SEO plugin v27.3 - https:\/\/yoast.com\/product\/yoast-seo-wordpress\/ -->\n<title>L\u2019AlterTour s\u2019ach\u00e8ve ce week-end \u00e0 Pau - AlterTour<\/title>\n<meta name=\"robots\" content=\"index, follow, max-snippet:-1, max-image-preview:large, max-video-preview:-1\" \/>\n<link rel=\"canonical\" href=\"https:\/\/www.altercampagne.net\/?p=16020\" \/>\n<meta property=\"og:locale\" content=\"fr_FR\" \/>\n<meta property=\"og:type\" content=\"article\" \/>\n<meta property=\"og:title\" content=\"L\u2019AlterTour s\u2019ach\u00e8ve ce week-end \u00e0 Pau - AlterTour\" \/>\n<meta property=\"og:description\" content=\"Ce tour \u00e0 v\u00e9lo, parti d\u2019Angers le 13 juillet, va \u00e0 la rencontre des initiatives \u00e9cologiques et solidaires Ce vendredi 23 ao\u00fbt, l\u2019AlterTour arrivera \u00e0 Pau.Ce tour \u00e0 v\u00e9lo, ouvert \u00e0 tous, va \u00e0 la rencontre des initiatives \u00e9cologiques et solidaires. Chaque jour, apr\u00e8s une demi-journ\u00e9e de v\u00e9lo, les participants ... Read More\" \/>\n<meta property=\"og:url\" content=\"https:\/\/www.altercampagne.net\/?p=16020\" \/>\n<meta property=\"og:site_name\" content=\"AlterTour\" \/>\n<meta property=\"article:published_time\" content=\"2019-08-20T06:34:48+00:00\" \/>\n<meta property=\"article:modified_time\" content=\"2021-05-06T08:44:40+00:00\" \/>\n<meta property=\"og:image\" content=\"https:\/\/www.altercampagne.net\/wp-content\/uploads\/2019\/09\/2019-08-20-Sud-Ouest-1024x535.jpg\" \/>\n\t<meta property=\"og:image:width\" content=\"1024\" \/>\n\t<meta property=\"og:image:height\" content=\"535\" \/>\n\t<meta property=\"og:image:type\" content=\"image\/jpeg\" \/>\n<meta name=\"author\" content=\"Mathieu\" \/>\n<meta name=\"twitter:card\" content=\"summary_large_image\" \/>\n<meta name=\"twitter:label1\" content=\"\u00c9crit par\" \/>\n\t<meta name=\"twitter:data1\" content=\"Mathieu\" \/>\n\t<meta name=\"twitter:label2\" content=\"Dur\u00e9e de lecture estim\u00e9e\" \/>\n\t<meta name=\"twitter:data2\" content=\"1 minute\" \/>\n<script type=\"application\/ld+json\" class=\"yoast-schema-graph\">{\"@context\":\"https:\\\/\\\/schema.org\",\"@graph\":[{\"@type\":\"Article\",\"@id\":\"https:\\\/\\\/www.altercampagne.net\\\/?p=16020#article\",\"isPartOf\":{\"@id\":\"https:\\\/\\\/www.altercampagne.net\\\/?p=16020\"},\"author\":{\"name\":\"Mathieu\",\"@id\":\"https:\\\/\\\/www.altercampagne.net\\\/#\\\/schema\\\/person\\\/0f261460c09e430caa0f9bcffa319109\"},\"headline\":\"L\u2019AlterTour s\u2019ach\u00e8ve ce week-end \u00e0 Pau\",\"datePublished\":\"2019-08-20T06:34:48+00:00\",\"dateModified\":\"2021-05-06T08:44:40+00:00\",\"mainEntityOfPage\":{\"@id\":\"https:\\\/\\\/www.altercampagne.net\\\/?p=16020\"},\"wordCount\":240,\"image\":{\"@id\":\"https:\\\/\\\/www.altercampagne.net\\\/?p=16020#primaryimage\"},\"thumbnailUrl\":\"https:\\\/\\\/www.altercampagne.net\\\/wp-content\\\/uploads\\\/2019\\\/09\\\/2019-08-20-Sud-Ouest.jpg\",\"articleSection\":[\"AlterTour\",\"Edition 2019\",\"Revue de presse\",\"Nouvelle-Aquitaine\"],\"inLanguage\":\"fr-FR\"},{\"@type\":\"WebPage\",\"@id\":\"https:\\\/\\\/www.altercampagne.net\\\/?p=16020\",\"url\":\"https:\\\/\\\/www.altercampagne.net\\\/?p=16020\",\"name\":\"L\u2019AlterTour s\u2019ach\u00e8ve ce week-end \u00e0 Pau - AlterTour\",\"isPartOf\":{\"@id\":\"https:\\\/\\\/www.altercampagne.net\\\/#website\"},\"primaryImageOfPage\":{\"@id\":\"https:\\\/\\\/www.altercampagne.net\\\/?p=16020#primaryimage\"},\"image\":{\"@id\":\"https:\\\/\\\/www.altercampagne.net\\\/?p=16020#primaryimage\"},\"thumbnailUrl\":\"https:\\\/\\\/www.altercampagne.net\\\/wp-content\\\/uploads\\\/2019\\\/09\\\/2019-08-20-Sud-Ouest.jpg\",\"datePublished\":\"2019-08-20T06:34:48+00:00\",\"dateModified\":\"2021-05-06T08:44:40+00:00\",\"author\":{\"@id\":\"https:\\\/\\\/www.altercampagne.net\\\/#\\\/schema\\\/person\\\/0f261460c09e430caa0f9bcffa319109\"},\"breadcrumb\":{\"@id\":\"https:\\\/\\\/www.altercampagne.net\\\/?p=16020#breadcrumb\"},\"inLanguage\":\"fr-FR\",\"potentialAction\":[{\"@type\":\"ReadAction\",\"target\":[\"https:\\\/\\\/www.altercampagne.net\\\/?p=16020\"]}]},{\"@type\":\"ImageObject\",\"inLanguage\":\"fr-FR\",\"@id\":\"https:\\\/\\\/www.altercampagne.net\\\/?p=16020#primaryimage\",\"url\":\"https:\\\/\\\/www.altercampagne.net\\\/wp-content\\\/uploads\\\/2019\\\/09\\\/2019-08-20-Sud-Ouest.jpg\",\"contentUrl\":\"https:\\\/\\\/www.altercampagne.net\\\/wp-content\\\/uploads\\\/2019\\\/09\\\/2019-08-20-Sud-Ouest.jpg\",\"width\":3755,\"height\":1963},{\"@type\":\"BreadcrumbList\",\"@id\":\"https:\\\/\\\/www.altercampagne.net\\\/?p=16020#breadcrumb\",\"itemListElement\":[{\"@type\":\"ListItem\",\"position\":1,\"name\":\"Accueil\",\"item\":\"https:\\\/\\\/www.altercampagne.net\\\/\"},{\"@type\":\"ListItem\",\"position\":2,\"name\":\"L\u2019AlterTour s\u2019ach\u00e8ve ce week-end \u00e0 Pau\"}]},{\"@type\":\"WebSite\",\"@id\":\"https:\\\/\\\/www.altercampagne.net\\\/#website\",\"url\":\"https:\\\/\\\/www.altercampagne.net\\\/\",\"name\":\"AlterTour\",\"description\":\"Reliez les Alternatives \u00e0 v\u00e9lo\",\"potentialAction\":[{\"@type\":\"SearchAction\",\"target\":{\"@type\":\"EntryPoint\",\"urlTemplate\":\"https:\\\/\\\/www.altercampagne.net\\\/?s={search_term_string}\"},\"query-input\":{\"@type\":\"PropertyValueSpecification\",\"valueRequired\":true,\"valueName\":\"search_term_string\"}}],\"inLanguage\":\"fr-FR\"},{\"@type\":\"Person\",\"@id\":\"https:\\\/\\\/www.altercampagne.net\\\/#\\\/schema\\\/person\\\/0f261460c09e430caa0f9bcffa319109\",\"name\":\"Mathieu\",\"image\":{\"@type\":\"ImageObject\",\"inLanguage\":\"fr-FR\",\"@id\":\"https:\\\/\\\/secure.gravatar.com\\\/avatar\\\/aa9d3d24c83f2141e5e2709d0f63d09a99f6be6bb7a50abc4915838d9f54501a?s=96&d=mm&r=g\",\"url\":\"https:\\\/\\\/secure.gravatar.com\\\/avatar\\\/aa9d3d24c83f2141e5e2709d0f63d09a99f6be6bb7a50abc4915838d9f54501a?s=96&d=mm&r=g\",\"contentUrl\":\"https:\\\/\\\/secure.gravatar.com\\\/avatar\\\/aa9d3d24c83f2141e5e2709d0f63d09a99f6be6bb7a50abc4915838d9f54501a?s=96&d=mm&r=g\",\"caption\":\"Mathieu\"},\"url\":\"https:\\\/\\\/www.altercampagne.net\\\/?author=214\"}]}<\/script>\n<!-- \/ Yoast SEO plugin. -->","yoast_head_json":{"title":"L\u2019AlterTour s\u2019ach\u00e8ve ce week-end \u00e0 Pau - AlterTour","robots":{"index":"index","follow":"follow","max-snippet":"max-snippet:-1","max-image-preview":"max-image-preview:large","max-video-preview":"max-video-preview:-1"},"canonical":"https:\/\/www.altercampagne.net\/?p=16020","og_locale":"fr_FR","og_type":"article","og_title":"L\u2019AlterTour s\u2019ach\u00e8ve ce week-end \u00e0 Pau - AlterTour","og_description":"Ce tour \u00e0 v\u00e9lo, parti d\u2019Angers le 13 juillet, va \u00e0 la rencontre des initiatives \u00e9cologiques et solidaires Ce vendredi 23 ao\u00fbt, l\u2019AlterTour arrivera \u00e0 Pau.Ce tour \u00e0 v\u00e9lo, ouvert \u00e0 tous, va \u00e0 la rencontre des initiatives \u00e9cologiques et solidaires. Chaque jour, apr\u00e8s une demi-journ\u00e9e de v\u00e9lo, les participants ... Read More","og_url":"https:\/\/www.altercampagne.net\/?p=16020","og_site_name":"AlterTour","article_published_time":"2019-08-20T06:34:48+00:00","article_modified_time":"2021-05-06T08:44:40+00:00","og_image":[{"width":1024,"height":535,"url":"https:\/\/www.altercampagne.net\/wp-content\/uploads\/2019\/09\/2019-08-20-Sud-Ouest-1024x535.jpg","type":"image\/jpeg"}],"author":"Mathieu","twitter_card":"summary_large_image","twitter_misc":{"\u00c9crit par":"Mathieu","Dur\u00e9e de lecture estim\u00e9e":"1 minute"},"schema":{"@context":"https:\/\/schema.org","@graph":[{"@type":"Article","@id":"https:\/\/www.altercampagne.net\/?p=16020#article","isPartOf":{"@id":"https:\/\/www.altercampagne.net\/?p=16020"},"author":{"name":"Mathieu","@id":"https:\/\/www.altercampagne.net\/#\/schema\/person\/0f261460c09e430caa0f9bcffa319109"},"headline":"L\u2019AlterTour s\u2019ach\u00e8ve ce week-end \u00e0 Pau","datePublished":"2019-08-20T06:34:48+00:00","dateModified":"2021-05-06T08:44:40+00:00","mainEntityOfPage":{"@id":"https:\/\/www.altercampagne.net\/?p=16020"},"wordCount":240,"image":{"@id":"https:\/\/www.altercampagne.net\/?p=16020#primaryimage"},"thumbnailUrl":"https:\/\/www.altercampagne.net\/wp-content\/uploads\/2019\/09\/2019-08-20-Sud-Ouest.jpg","articleSection":["AlterTour","Edition 2019","Revue de presse","Nouvelle-Aquitaine"],"inLanguage":"fr-FR"},{"@type":"WebPage","@id":"https:\/\/www.altercampagne.net\/?p=16020","url":"https:\/\/www.altercampagne.net\/?p=16020","name":"L\u2019AlterTour s\u2019ach\u00e8ve ce week-end \u00e0 Pau - AlterTour","isPartOf":{"@id":"https:\/\/www.altercampagne.net\/#website"},"primaryImageOfPage":{"@id":"https:\/\/www.altercampagne.net\/?p=16020#primaryimage"},"image":{"@id":"https:\/\/www.altercampagne.net\/?p=16020#primaryimage"},"thumbnailUrl":"https:\/\/www.altercampagne.net\/wp-content\/uploads\/2019\/09\/2019-08-20-Sud-Ouest.jpg","datePublished":"2019-08-20T06:34:48+00:00","dateModified":"2021-05-06T08:44:40+00:00","author":{"@id":"https:\/\/www.altercampagne.net\/#\/schema\/person\/0f261460c09e430caa0f9bcffa319109"},"breadcrumb":{"@id":"https:\/\/www.altercampagne.net\/?p=16020#breadcrumb"},"inLanguage":"fr-FR","potentialAction":[{"@type":"ReadAction","target":["https:\/\/www.altercampagne.net\/?p=16020"]}]},{"@type":"ImageObject","inLanguage":"fr-FR","@id":"https:\/\/www.altercampagne.net\/?p=16020#primaryimage","url":"https:\/\/www.altercampagne.net\/wp-content\/uploads\/2019\/09\/2019-08-20-Sud-Ouest.jpg","contentUrl":"https:\/\/www.altercampagne.net\/wp-content\/uploads\/2019\/09\/2019-08-20-Sud-Ouest.jpg","width":3755,"height":1963},{"@type":"BreadcrumbList","@id":"https:\/\/www.altercampagne.net\/?p=16020#breadcrumb","itemListElement":[{"@type":"ListItem","position":1,"name":"Accueil","item":"https:\/\/www.altercampagne.net\/"},{"@type":"ListItem","position":2,"name":"L\u2019AlterTour s\u2019ach\u00e8ve ce week-end \u00e0 Pau"}]},{"@type":"WebSite","@id":"https:\/\/www.altercampagne.net\/#website","url":"https:\/\/www.altercampagne.net\/","name":"AlterTour","description":"Reliez les Alternatives \u00e0 v\u00e9lo","potentialAction":[{"@type":"SearchAction","target":{"@type":"EntryPoint","urlTemplate":"https:\/\/www.altercampagne.net\/?s={search_term_string}"},"query-input":{"@type":"PropertyValueSpecification","valueRequired":true,"valueName":"search_term_string"}}],"inLanguage":"fr-FR"},{"@type":"Person","@id":"https:\/\/www.altercampagne.net\/#\/schema\/person\/0f261460c09e430caa0f9bcffa319109","name":"Mathieu","image":{"@type":"ImageObject","inLanguage":"fr-FR","@id":"https:\/\/secure.gravatar.com\/avatar\/aa9d3d24c83f2141e5e2709d0f63d09a99f6be6bb7a50abc4915838d9f54501a?s=96&d=mm&r=g","url":"https:\/\/secure.gravatar.com\/avatar\/aa9d3d24c83f2141e5e2709d0f63d09a99f6be6bb7a50abc4915838d9f54501a?s=96&d=mm&r=g","contentUrl":"https:\/\/secure.gravatar.com\/avatar\/aa9d3d24c83f2141e5e2709d0f63d09a99f6be6bb7a50abc4915838d9f54501a?s=96&d=mm&r=g","caption":"Mathieu"},"url":"https:\/\/www.altercampagne.net\/?author=214"}]}},"_links":{"self":[{"href":"https:\/\/www.altercampagne.net\/index.php?rest_route=\/wp\/v2\/posts\/16020","targetHints":{"allow":["GET"]}}],"collection":[{"href":"https:\/\/www.altercampagne.net\/index.php?rest_route=\/wp\/v2\/posts"}],"about":[{"href":"https:\/\/www.altercampagne.net\/index.php?rest_route=\/wp\/v2\/types\/post"}],"author":[{"embeddable":true,"href":"https:\/\/www.altercampagne.net\/index.php?rest_route=\/wp\/v2\/users\/214"}],"replies":[{"embeddable":true,"href":"https:\/\/www.altercampagne.net\/index.php?rest_route=%2Fwp%2Fv2%2Fcomments&post=16020"}],"version-history":[{"count":1,"href":"https:\/\/www.altercampagne.net\/index.php?rest_route=\/wp\/v2\/posts\/16020\/revisions"}],"predecessor-version":[{"id":21744,"href":"https:\/\/www.altercampagne.net\/index.php?rest_route=\/wp\/v2\/posts\/16020\/revisions\/21744"}],"wp:featuredmedia":[{"embeddable":true,"href":"https:\/\/www.altercampagne.net\/index.php?rest_route=\/wp\/v2\/media\/16021"}],"wp:attachment":[{"href":"https:\/\/www.altercampagne.net\/index.php?rest_route=%2Fwp%2Fv2%2Fmedia&parent=16020"}],"wp:term":[{"taxonomy":"category","embeddable":true,"href":"https:\/\/www.altercampagne.net\/index.php?rest_route=%2Fwp%2Fv2%2Fcategories&post=16020"},{"taxonomy":"post_tag","embeddable":true,"href":"https:\/\/www.altercampagne.net\/index.php?rest_route=%2Fwp%2Fv2%2Ftags&post=16020"}],"curies":[{"name":"wp","href":"https:\/\/api.w.org\/{rel}","templated":true}]}}