{"id":16030,"date":"2019-08-23T09:15:22","date_gmt":"2019-08-23T07:15:22","guid":{"rendered":"http:\/\/www.altercampagne.net\/?p=16030"},"modified":"2021-05-06T10:44:39","modified_gmt":"2021-05-06T08:44:39","slug":"limendous-quand-laltertour-fait-une-pause-au-verger-associatif-dakarid","status":"publish","type":"post","link":"https:\/\/www.altercampagne.net\/?p=16030","title":{"rendered":"Limendous : quand l\u2019AlterTour fait une pause au verger associatif d\u2019Akarid"},"content":{"rendered":"\n<p>\n\tL\u2019association a re\u00e7u dans son \u00ab&nbsp;Espace Nature&nbsp;\u00bb une cinquantaine de participants \u00e0 l\u2019AlterTour 2019.<\/p>\n\n\n\n<p> C\u2019est par une journ\u00e9e bien ensoleill\u00e9e que l\u2019AlterTour 2019 a fait un arr\u00eat \u00e0 Limendous lors de la derni\u00e8re \u00e9tape reliant Tarbes \u00e0 Pau (1). Le village se trouvant en milieu de trajet, tout ce petit monde, conducteurs des v\u00e9hicules et cyclistes, ont trouv\u00e9 hospitalit\u00e9 \u00e0 l\u2019<strong><a rel=\"noreferrer noopener\" aria-label=\"association Akarid (s\u2019ouvre dans un nouvel onglet)\" href=\"https:\/\/assoakarid.jimdo.com\/\" target=\"_blank\">association Akarid<\/a><\/strong> pour la pause d\u00e9jeuner.<\/p>\n\n\n\n<p> Une cinquante de  cyclistes ont ainsi pu se ressourcer avant un dernier coup de p\u00e9dale qui  les a conduits \u00e0 Pau puis, dans un second temps, au domaine <strong><a href=\"https:\/\/www.facebook.com\/castelforgues\/\" target=\"_blank\" rel=\"noreferrer noopener\" aria-label=\"Castel Forgues (s\u2019ouvre dans un nouvel onglet)\">Castel Forgues<\/a><\/strong> \u00e0 Juran\u00e7on, fin de leur circuit 2019.<\/p>\n\n\n\n<p> Les adh\u00e9rents de l\u2019association leur avaient pr\u00e9par\u00e9 le meilleur accueil en dressant barnums, tables et couverts pour partager le repas en commun. De nombreux \u00e9changes ont eu lieu avec les membres de l\u2019association tout le long du repas sur leurs diff\u00e9rentes rencontres durant les \u00e9tapes pass\u00e9es et les points forts du circuit 2019.<\/p>\n\n\n\n<h4 class=\"wp-block-heading\">\tVisite guid\u00e9e<\/h4>\n\n\n\n<p> Le pr\u00e9sident d\u2019Akarid, Michel Duchemin, a pr\u00e9sent\u00e9 aux coureurs  l\u2019association, son historique, et a insist\u00e9 sur<strong> les d\u00e9marches alternatives entreprises par Akarid\u00a0<\/strong>: <strong>\u00e9nergie solaire<\/strong> en production et en autoconsommation, r\u00e9duction des d\u00e9chets avec la station de <strong>compostage<\/strong>  ouverte au voisinage, <strong>toilettes s\u00e8ches remises aux normes handicap\u00e9s<\/strong>  pour les visiteurs lors des diff\u00e9rentes animations, et le <strong>verger p\u00e9dagogique et associatif <\/strong>du type \u00ab\u00a0pi\u00e9ton\u00a0\u00bb, en mode biologique et en biodiversit\u00e9.<\/p>\n\n\n\n<p> Michel Duchemin, sp\u00e9cialiste en arboriculture fruiti\u00e8re, a conduit successivement deux groupes pour une visite guid\u00e9e du verger.\tIl a r\u00e9pondu \u00e0 de nombreuses questions sur les avantages et inconv\u00e9nients de ce mode de \u00ab&nbsp;verger pi\u00e9ton&nbsp;\u00bb.<\/p>\n\n\n\n<p> Pour Akarid, le passage de l\u2019AlterTour restera comme une animation de  qualit\u00e9 qui a plu aux adh\u00e9rents pr\u00e9sents ce jour-l\u00e0, tout en s\u00e9duisant les membres de l\u2019AlterTour<\/p>\n\n\n\n<p> (1) Plus de 400 cyclistes ont particip\u00e9 \u00e0 l\u2019AlterTour 2019, dont le parcours total reliait Angers \u00e0 Pau.<\/p>\n\n\n\n<p style=\"text-align:right\"><strong><a href=\"https:\/\/www.larepubliquedespyrenees.fr\/2019\/09\/04\/limendous-quand-l-altertour-fait-une-pause-au-verger-associatif-d-akarid,2597533.php\" target=\"_blank\" rel=\"noreferrer noopener\" aria-label=\"La R\u00e9publique des Pyr\u00e9n\u00e9es (s\u2019ouvre dans un nouvel onglet)\">La R\u00e9publique des Pyr\u00e9n\u00e9es<\/a><\/strong><\/p>\n","protected":false},"excerpt":{"rendered":"<p>L\u2019association a re\u00e7u dans son \u00ab&nbsp;Espace Nature&nbsp;\u00bb une cinquantaine de participants \u00e0 l\u2019AlterTour 2019. C\u2019est par une journ\u00e9e bien ensoleill\u00e9e que l\u2019AlterTour 2019 a fait un arr\u00eat \u00e0 Limendous lors de la derni\u00e8re \u00e9tape reliant Tarbes \u00e0 Pau (1). Le village se trouvant en milieu de trajet, tout ce petit &#8230; <\/p>\n<div><a href=\"https:\/\/www.altercampagne.net\/?p=16030\" class=\"more-link\">Read More<\/a><\/div>\n","protected":false},"author":214,"featured_media":16031,"comment_status":"closed","ping_status":"closed","sticky":false,"template":"","format":"standard","meta":{"footnotes":""},"categories":[3483,4313,3773,239,3486,3479],"tags":[4048,4049,4050],"class_list":["post-16030","post","type-post","status-publish","format-standard","has-post-thumbnail","hentry","category-agriculture","category-altertour","category-edition-2019","category-revue-de-presse","category-environnement","category-nouvelle-aquitaine","tag-limendous","tag-jurancon","tag-michel-duchemin"],"yoast_head":"<!-- This site is optimized with the Yoast SEO plugin v27.3 - https:\/\/yoast.com\/product\/yoast-seo-wordpress\/ -->\n<title>Limendous : quand l\u2019AlterTour fait une pause au verger associatif d\u2019Akarid - AlterTour<\/title>\n<meta name=\"robots\" content=\"index, follow, max-snippet:-1, max-image-preview:large, max-video-preview:-1\" \/>\n<link rel=\"canonical\" href=\"https:\/\/www.altercampagne.net\/?p=16030\" \/>\n<meta property=\"og:locale\" content=\"fr_FR\" \/>\n<meta property=\"og:type\" content=\"article\" \/>\n<meta property=\"og:title\" content=\"Limendous : quand l\u2019AlterTour fait une pause au verger associatif d\u2019Akarid - AlterTour\" \/>\n<meta property=\"og:description\" content=\"L\u2019association a re\u00e7u dans son \u00ab&nbsp;Espace Nature&nbsp;\u00bb une cinquantaine de participants \u00e0 l\u2019AlterTour 2019. C\u2019est par une journ\u00e9e bien ensoleill\u00e9e que l\u2019AlterTour 2019 a fait un arr\u00eat \u00e0 Limendous lors de la derni\u00e8re \u00e9tape reliant Tarbes \u00e0 Pau (1). Le village se trouvant en milieu de trajet, tout ce petit ... Read More\" \/>\n<meta property=\"og:url\" content=\"https:\/\/www.altercampagne.net\/?p=16030\" \/>\n<meta property=\"og:site_name\" content=\"AlterTour\" \/>\n<meta property=\"article:published_time\" content=\"2019-08-23T07:15:22+00:00\" \/>\n<meta property=\"article:modified_time\" content=\"2021-05-06T08:44:39+00:00\" \/>\n<meta property=\"og:image\" content=\"https:\/\/www.altercampagne.net\/wp-content\/uploads\/2019\/09\/2019-08-23-La-rep-des-pyr\u00e9n\u00e9es-1024x535.jpg\" \/>\n\t<meta property=\"og:image:width\" content=\"1024\" \/>\n\t<meta property=\"og:image:height\" content=\"535\" \/>\n\t<meta property=\"og:image:type\" content=\"image\/jpeg\" \/>\n<meta name=\"author\" content=\"Mathieu\" \/>\n<meta name=\"twitter:card\" content=\"summary_large_image\" \/>\n<meta name=\"twitter:label1\" content=\"\u00c9crit par\" \/>\n\t<meta name=\"twitter:data1\" content=\"Mathieu\" \/>\n\t<meta name=\"twitter:label2\" content=\"Dur\u00e9e de lecture estim\u00e9e\" \/>\n\t<meta name=\"twitter:data2\" content=\"2 minutes\" \/>\n<script type=\"application\/ld+json\" class=\"yoast-schema-graph\">{\"@context\":\"https:\\\/\\\/schema.org\",\"@graph\":[{\"@type\":\"Article\",\"@id\":\"https:\\\/\\\/www.altercampagne.net\\\/?p=16030#article\",\"isPartOf\":{\"@id\":\"https:\\\/\\\/www.altercampagne.net\\\/?p=16030\"},\"author\":{\"name\":\"Mathieu\",\"@id\":\"https:\\\/\\\/www.altercampagne.net\\\/#\\\/schema\\\/person\\\/0f261460c09e430caa0f9bcffa319109\"},\"headline\":\"Limendous : quand l\u2019AlterTour fait une pause au verger associatif d\u2019Akarid\",\"datePublished\":\"2019-08-23T07:15:22+00:00\",\"dateModified\":\"2021-05-06T08:44:39+00:00\",\"mainEntityOfPage\":{\"@id\":\"https:\\\/\\\/www.altercampagne.net\\\/?p=16030\"},\"wordCount\":357,\"image\":{\"@id\":\"https:\\\/\\\/www.altercampagne.net\\\/?p=16030#primaryimage\"},\"thumbnailUrl\":\"https:\\\/\\\/www.altercampagne.net\\\/wp-content\\\/uploads\\\/2019\\\/09\\\/2019-08-23-La-rep-des-pyr\u00e9n\u00e9es.jpg\",\"keywords\":[\"Limendous\",\"juran\u00e7on\",\"Michel Duchemin\"],\"articleSection\":[\"Agriculture\",\"AlterTour\",\"Edition 2019\",\"Revue de presse\",\"Environnement\",\"Nouvelle-Aquitaine\"],\"inLanguage\":\"fr-FR\"},{\"@type\":\"WebPage\",\"@id\":\"https:\\\/\\\/www.altercampagne.net\\\/?p=16030\",\"url\":\"https:\\\/\\\/www.altercampagne.net\\\/?p=16030\",\"name\":\"Limendous : quand l\u2019AlterTour fait une pause au verger associatif d\u2019Akarid - AlterTour\",\"isPartOf\":{\"@id\":\"https:\\\/\\\/www.altercampagne.net\\\/#website\"},\"primaryImageOfPage\":{\"@id\":\"https:\\\/\\\/www.altercampagne.net\\\/?p=16030#primaryimage\"},\"image\":{\"@id\":\"https:\\\/\\\/www.altercampagne.net\\\/?p=16030#primaryimage\"},\"thumbnailUrl\":\"https:\\\/\\\/www.altercampagne.net\\\/wp-content\\\/uploads\\\/2019\\\/09\\\/2019-08-23-La-rep-des-pyr\u00e9n\u00e9es.jpg\",\"datePublished\":\"2019-08-23T07:15:22+00:00\",\"dateModified\":\"2021-05-06T08:44:39+00:00\",\"author\":{\"@id\":\"https:\\\/\\\/www.altercampagne.net\\\/#\\\/schema\\\/person\\\/0f261460c09e430caa0f9bcffa319109\"},\"breadcrumb\":{\"@id\":\"https:\\\/\\\/www.altercampagne.net\\\/?p=16030#breadcrumb\"},\"inLanguage\":\"fr-FR\",\"potentialAction\":[{\"@type\":\"ReadAction\",\"target\":[\"https:\\\/\\\/www.altercampagne.net\\\/?p=16030\"]}]},{\"@type\":\"ImageObject\",\"inLanguage\":\"fr-FR\",\"@id\":\"https:\\\/\\\/www.altercampagne.net\\\/?p=16030#primaryimage\",\"url\":\"https:\\\/\\\/www.altercampagne.net\\\/wp-content\\\/uploads\\\/2019\\\/09\\\/2019-08-23-La-rep-des-pyr\u00e9n\u00e9es.jpg\",\"contentUrl\":\"https:\\\/\\\/www.altercampagne.net\\\/wp-content\\\/uploads\\\/2019\\\/09\\\/2019-08-23-La-rep-des-pyr\u00e9n\u00e9es.jpg\",\"width\":3751,\"height\":1959},{\"@type\":\"BreadcrumbList\",\"@id\":\"https:\\\/\\\/www.altercampagne.net\\\/?p=16030#breadcrumb\",\"itemListElement\":[{\"@type\":\"ListItem\",\"position\":1,\"name\":\"Accueil\",\"item\":\"https:\\\/\\\/www.altercampagne.net\\\/\"},{\"@type\":\"ListItem\",\"position\":2,\"name\":\"Limendous : quand l\u2019AlterTour fait une pause au verger associatif d\u2019Akarid\"}]},{\"@type\":\"WebSite\",\"@id\":\"https:\\\/\\\/www.altercampagne.net\\\/#website\",\"url\":\"https:\\\/\\\/www.altercampagne.net\\\/\",\"name\":\"AlterTour\",\"description\":\"Reliez les Alternatives \u00e0 v\u00e9lo\",\"potentialAction\":[{\"@type\":\"SearchAction\",\"target\":{\"@type\":\"EntryPoint\",\"urlTemplate\":\"https:\\\/\\\/www.altercampagne.net\\\/?s={search_term_string}\"},\"query-input\":{\"@type\":\"PropertyValueSpecification\",\"valueRequired\":true,\"valueName\":\"search_term_string\"}}],\"inLanguage\":\"fr-FR\"},{\"@type\":\"Person\",\"@id\":\"https:\\\/\\\/www.altercampagne.net\\\/#\\\/schema\\\/person\\\/0f261460c09e430caa0f9bcffa319109\",\"name\":\"Mathieu\",\"image\":{\"@type\":\"ImageObject\",\"inLanguage\":\"fr-FR\",\"@id\":\"https:\\\/\\\/secure.gravatar.com\\\/avatar\\\/aa9d3d24c83f2141e5e2709d0f63d09a99f6be6bb7a50abc4915838d9f54501a?s=96&d=mm&r=g\",\"url\":\"https:\\\/\\\/secure.gravatar.com\\\/avatar\\\/aa9d3d24c83f2141e5e2709d0f63d09a99f6be6bb7a50abc4915838d9f54501a?s=96&d=mm&r=g\",\"contentUrl\":\"https:\\\/\\\/secure.gravatar.com\\\/avatar\\\/aa9d3d24c83f2141e5e2709d0f63d09a99f6be6bb7a50abc4915838d9f54501a?s=96&d=mm&r=g\",\"caption\":\"Mathieu\"},\"url\":\"https:\\\/\\\/www.altercampagne.net\\\/?author=214\"}]}<\/script>\n<!-- \/ Yoast SEO plugin. -->","yoast_head_json":{"title":"Limendous : quand l\u2019AlterTour fait une pause au verger associatif d\u2019Akarid - AlterTour","robots":{"index":"index","follow":"follow","max-snippet":"max-snippet:-1","max-image-preview":"max-image-preview:large","max-video-preview":"max-video-preview:-1"},"canonical":"https:\/\/www.altercampagne.net\/?p=16030","og_locale":"fr_FR","og_type":"article","og_title":"Limendous : quand l\u2019AlterTour fait une pause au verger associatif d\u2019Akarid - AlterTour","og_description":"L\u2019association a re\u00e7u dans son \u00ab&nbsp;Espace Nature&nbsp;\u00bb une cinquantaine de participants \u00e0 l\u2019AlterTour 2019. C\u2019est par une journ\u00e9e bien ensoleill\u00e9e que l\u2019AlterTour 2019 a fait un arr\u00eat \u00e0 Limendous lors de la derni\u00e8re \u00e9tape reliant Tarbes \u00e0 Pau (1). Le village se trouvant en milieu de trajet, tout ce petit ... Read More","og_url":"https:\/\/www.altercampagne.net\/?p=16030","og_site_name":"AlterTour","article_published_time":"2019-08-23T07:15:22+00:00","article_modified_time":"2021-05-06T08:44:39+00:00","og_image":[{"width":1024,"height":535,"url":"https:\/\/www.altercampagne.net\/wp-content\/uploads\/2019\/09\/2019-08-23-La-rep-des-pyr\u00e9n\u00e9es-1024x535.jpg","type":"image\/jpeg"}],"author":"Mathieu","twitter_card":"summary_large_image","twitter_misc":{"\u00c9crit par":"Mathieu","Dur\u00e9e de lecture estim\u00e9e":"2 minutes"},"schema":{"@context":"https:\/\/schema.org","@graph":[{"@type":"Article","@id":"https:\/\/www.altercampagne.net\/?p=16030#article","isPartOf":{"@id":"https:\/\/www.altercampagne.net\/?p=16030"},"author":{"name":"Mathieu","@id":"https:\/\/www.altercampagne.net\/#\/schema\/person\/0f261460c09e430caa0f9bcffa319109"},"headline":"Limendous : quand l\u2019AlterTour fait une pause au verger associatif d\u2019Akarid","datePublished":"2019-08-23T07:15:22+00:00","dateModified":"2021-05-06T08:44:39+00:00","mainEntityOfPage":{"@id":"https:\/\/www.altercampagne.net\/?p=16030"},"wordCount":357,"image":{"@id":"https:\/\/www.altercampagne.net\/?p=16030#primaryimage"},"thumbnailUrl":"https:\/\/www.altercampagne.net\/wp-content\/uploads\/2019\/09\/2019-08-23-La-rep-des-pyr\u00e9n\u00e9es.jpg","keywords":["Limendous","juran\u00e7on","Michel Duchemin"],"articleSection":["Agriculture","AlterTour","Edition 2019","Revue de presse","Environnement","Nouvelle-Aquitaine"],"inLanguage":"fr-FR"},{"@type":"WebPage","@id":"https:\/\/www.altercampagne.net\/?p=16030","url":"https:\/\/www.altercampagne.net\/?p=16030","name":"Limendous : quand l\u2019AlterTour fait une pause au verger associatif d\u2019Akarid - AlterTour","isPartOf":{"@id":"https:\/\/www.altercampagne.net\/#website"},"primaryImageOfPage":{"@id":"https:\/\/www.altercampagne.net\/?p=16030#primaryimage"},"image":{"@id":"https:\/\/www.altercampagne.net\/?p=16030#primaryimage"},"thumbnailUrl":"https:\/\/www.altercampagne.net\/wp-content\/uploads\/2019\/09\/2019-08-23-La-rep-des-pyr\u00e9n\u00e9es.jpg","datePublished":"2019-08-23T07:15:22+00:00","dateModified":"2021-05-06T08:44:39+00:00","author":{"@id":"https:\/\/www.altercampagne.net\/#\/schema\/person\/0f261460c09e430caa0f9bcffa319109"},"breadcrumb":{"@id":"https:\/\/www.altercampagne.net\/?p=16030#breadcrumb"},"inLanguage":"fr-FR","potentialAction":[{"@type":"ReadAction","target":["https:\/\/www.altercampagne.net\/?p=16030"]}]},{"@type":"ImageObject","inLanguage":"fr-FR","@id":"https:\/\/www.altercampagne.net\/?p=16030#primaryimage","url":"https:\/\/www.altercampagne.net\/wp-content\/uploads\/2019\/09\/2019-08-23-La-rep-des-pyr\u00e9n\u00e9es.jpg","contentUrl":"https:\/\/www.altercampagne.net\/wp-content\/uploads\/2019\/09\/2019-08-23-La-rep-des-pyr\u00e9n\u00e9es.jpg","width":3751,"height":1959},{"@type":"BreadcrumbList","@id":"https:\/\/www.altercampagne.net\/?p=16030#breadcrumb","itemListElement":[{"@type":"ListItem","position":1,"name":"Accueil","item":"https:\/\/www.altercampagne.net\/"},{"@type":"ListItem","position":2,"name":"Limendous : quand l\u2019AlterTour fait une pause au verger associatif d\u2019Akarid"}]},{"@type":"WebSite","@id":"https:\/\/www.altercampagne.net\/#website","url":"https:\/\/www.altercampagne.net\/","name":"AlterTour","description":"Reliez les Alternatives \u00e0 v\u00e9lo","potentialAction":[{"@type":"SearchAction","target":{"@type":"EntryPoint","urlTemplate":"https:\/\/www.altercampagne.net\/?s={search_term_string}"},"query-input":{"@type":"PropertyValueSpecification","valueRequired":true,"valueName":"search_term_string"}}],"inLanguage":"fr-FR"},{"@type":"Person","@id":"https:\/\/www.altercampagne.net\/#\/schema\/person\/0f261460c09e430caa0f9bcffa319109","name":"Mathieu","image":{"@type":"ImageObject","inLanguage":"fr-FR","@id":"https:\/\/secure.gravatar.com\/avatar\/aa9d3d24c83f2141e5e2709d0f63d09a99f6be6bb7a50abc4915838d9f54501a?s=96&d=mm&r=g","url":"https:\/\/secure.gravatar.com\/avatar\/aa9d3d24c83f2141e5e2709d0f63d09a99f6be6bb7a50abc4915838d9f54501a?s=96&d=mm&r=g","contentUrl":"https:\/\/secure.gravatar.com\/avatar\/aa9d3d24c83f2141e5e2709d0f63d09a99f6be6bb7a50abc4915838d9f54501a?s=96&d=mm&r=g","caption":"Mathieu"},"url":"https:\/\/www.altercampagne.net\/?author=214"}]}},"_links":{"self":[{"href":"https:\/\/www.altercampagne.net\/index.php?rest_route=\/wp\/v2\/posts\/16030","targetHints":{"allow":["GET"]}}],"collection":[{"href":"https:\/\/www.altercampagne.net\/index.php?rest_route=\/wp\/v2\/posts"}],"about":[{"href":"https:\/\/www.altercampagne.net\/index.php?rest_route=\/wp\/v2\/types\/post"}],"author":[{"embeddable":true,"href":"https:\/\/www.altercampagne.net\/index.php?rest_route=\/wp\/v2\/users\/214"}],"replies":[{"embeddable":true,"href":"https:\/\/www.altercampagne.net\/index.php?rest_route=%2Fwp%2Fv2%2Fcomments&post=16030"}],"version-history":[{"count":1,"href":"https:\/\/www.altercampagne.net\/index.php?rest_route=\/wp\/v2\/posts\/16030\/revisions"}],"predecessor-version":[{"id":21738,"href":"https:\/\/www.altercampagne.net\/index.php?rest_route=\/wp\/v2\/posts\/16030\/revisions\/21738"}],"wp:featuredmedia":[{"embeddable":true,"href":"https:\/\/www.altercampagne.net\/index.php?rest_route=\/wp\/v2\/media\/16031"}],"wp:attachment":[{"href":"https:\/\/www.altercampagne.net\/index.php?rest_route=%2Fwp%2Fv2%2Fmedia&parent=16030"}],"wp:term":[{"taxonomy":"category","embeddable":true,"href":"https:\/\/www.altercampagne.net\/index.php?rest_route=%2Fwp%2Fv2%2Fcategories&post=16030"},{"taxonomy":"post_tag","embeddable":true,"href":"https:\/\/www.altercampagne.net\/index.php?rest_route=%2Fwp%2Fv2%2Ftags&post=16030"}],"curies":[{"name":"wp","href":"https:\/\/api.w.org\/{rel}","templated":true}]}}