{"id":16036,"date":"2019-08-21T10:34:44","date_gmt":"2019-08-21T08:34:44","guid":{"rendered":"http:\/\/www.altercampagne.net\/?p=16036"},"modified":"2019-09-30T10:44:40","modified_gmt":"2019-09-30T08:44:40","slug":"une-echappee-belle-de-laltertour-a-mourrens","status":"publish","type":"post","link":"https:\/\/www.altercampagne.net\/?p=16036","title":{"rendered":"Une \u00e9chapp\u00e9e belle de l\u2019AlterTour \u00e0 Mourrens"},"content":{"rendered":"\n<p>Dans le <strong><a rel=\"noreferrer noopener\" aria-label=\"jardin associatif du Buis (s\u2019ouvre dans un nouvel onglet)\" href=\"http:\/\/le-jardin-medieval.e-monsite.com\/\" target=\"_blank\">jardin associatif du Buis<\/a><\/strong> qui court, mercredi dernier, un campement inhabituel est apparu. Vingt-cinq cyclistes d\u2019une \u00ab\u00a0\u00e9chapp\u00e9e belle\u00a0\u00bb de l\u2019AlterTour ont mont\u00e9 leur canadienne pour deux nuits, autour du site de Mourrens (47). <\/p>\n\n\n\n<p>N\u00e9 de l\u2019association AlterCampagne fond\u00e9e en 2004 par un collectif  d\u2019associations (\u00e0 la suite des journ\u00e9es de mobilisation contre les OGM),  l\u2019AlterTour promeut la coop\u00e9ration, la solidarit\u00e9 et l\u2019action non-violente. Le groupe roule sur un parcours diff\u00e9rent chaque ann\u00e9e et accueille 350 cyclistes au cours de l\u2019\u00e9t\u00e9. <\/p>\n\n\n\n<p>Une  \u00ab\u00a0\u00e9chapp\u00e9e belle\u00a0\u00bb est un parcours en parall\u00e8le de cet AlterTour, sans  v\u00e9hicule logistique. \u00ab\u00a0Il est fait pour les amoureux de la nature aimant le v\u00e9lo en toute libert\u00e9. On vient avec son v\u00e9lo et on porte ses affaires\u202f!\u00a0\u00bb, expliquent les engag\u00e9s. \u00ab\u00a0Trois ou quatre heures de  p\u00e9dalage et on rencontre une alternative. Chacun participant aux t\u00e2ches quotidiennes pour la vie du groupe.\u00a0\u00bb <\/p>\n\n\n\n<p>Cet  \u00e9t\u00e9, le d\u00e9part a \u00e9t\u00e9 donn\u00e9 \u00e0 Angers le 13 juillet, et l\u2019aventure se  terminera \u00e0 Pau, \u00e0 la fin du mois. C\u2019est donc la Nouvelle-Aquitaine qui  est travers\u00e9e, et c\u2019est pourquoi, un groupe de 25 cyclistes a d\u00e9cid\u00e9 de  rendre visite au jardin associatif de Mourrens et aux b\u00e9n\u00e9voles qui le  g\u00e8rent et avec lesquels ils partageant des valeurs et des animations. Ce mercredi-l\u00e0, une petite f\u00eate leur \u00e9tait r\u00e9serv\u00e9e. <\/p>\n\n\n\n<p style=\"text-align:right\"><strong><a href=\"https:\/\/www.sudouest.fr\/2019\/08\/21\/une-echappee-belle-de-l-altertour-a-mourrens-6466404-3827.php\" target=\"_blank\" rel=\"noreferrer noopener\" aria-label=\"Sylvaine Goudenhooft, Sud-Ouest (s\u2019ouvre dans un nouvel onglet)\">Sylvaine Goudenhooft, Sud-Ouest<\/a><\/strong><\/p>\n","protected":false},"excerpt":{"rendered":"<p>Dans le jardin associatif du Buis qui court, mercredi dernier, un campement inhabituel est apparu. Vingt-cinq cyclistes d\u2019une \u00ab\u00a0\u00e9chapp\u00e9e belle\u00a0\u00bb de l\u2019AlterTour ont mont\u00e9 leur canadienne pour deux nuits, autour du site de Mourrens (47). N\u00e9 de l\u2019association AlterCampagne fond\u00e9e en 2004 par un collectif d\u2019associations (\u00e0 la suite des &#8230; <\/p>\n<div><a href=\"https:\/\/www.altercampagne.net\/?p=16036\" class=\"more-link\">Read More<\/a><\/div>\n","protected":false},"author":214,"featured_media":16037,"comment_status":"closed","ping_status":"closed","sticky":false,"template":"","format":"standard","meta":{"footnotes":""},"categories":[3231,3773,239,3486,3479],"tags":[],"class_list":["post-16036","post","type-post","status-publish","format-standard","has-post-thumbnail","hentry","category-echappee-belle","category-edition-2019","category-revue-de-presse","category-environnement","category-nouvelle-aquitaine"],"yoast_head":"<!-- This site is optimized with the Yoast SEO plugin v27.3 - https:\/\/yoast.com\/product\/yoast-seo-wordpress\/ -->\n<title>Une \u00e9chapp\u00e9e belle de l\u2019AlterTour \u00e0 Mourrens - AlterTour<\/title>\n<meta name=\"robots\" content=\"index, follow, max-snippet:-1, max-image-preview:large, max-video-preview:-1\" \/>\n<link rel=\"canonical\" href=\"https:\/\/www.altercampagne.net\/?p=16036\" \/>\n<meta property=\"og:locale\" content=\"fr_FR\" \/>\n<meta property=\"og:type\" content=\"article\" \/>\n<meta property=\"og:title\" content=\"Une \u00e9chapp\u00e9e belle de l\u2019AlterTour \u00e0 Mourrens - AlterTour\" \/>\n<meta property=\"og:description\" content=\"Dans le jardin associatif du Buis qui court, mercredi dernier, un campement inhabituel est apparu. Vingt-cinq cyclistes d\u2019une \u00ab\u00a0\u00e9chapp\u00e9e belle\u00a0\u00bb de l\u2019AlterTour ont mont\u00e9 leur canadienne pour deux nuits, autour du site de Mourrens (47). N\u00e9 de l\u2019association AlterCampagne fond\u00e9e en 2004 par un collectif d\u2019associations (\u00e0 la suite des ... Read More\" \/>\n<meta property=\"og:url\" content=\"https:\/\/www.altercampagne.net\/?p=16036\" \/>\n<meta property=\"og:site_name\" content=\"AlterTour\" \/>\n<meta property=\"article:published_time\" content=\"2019-08-21T08:34:44+00:00\" \/>\n<meta property=\"article:modified_time\" content=\"2019-09-30T08:44:40+00:00\" \/>\n<meta property=\"og:image\" content=\"https:\/\/www.altercampagne.net\/wp-content\/uploads\/2019\/09\/2019-08-21-Sud-Ouest.jpg\" \/>\n\t<meta property=\"og:image:width\" content=\"900\" \/>\n\t<meta property=\"og:image:height\" content=\"470\" \/>\n\t<meta property=\"og:image:type\" content=\"image\/jpeg\" \/>\n<meta name=\"author\" content=\"Mathieu\" \/>\n<meta name=\"twitter:card\" content=\"summary_large_image\" \/>\n<meta name=\"twitter:label1\" content=\"\u00c9crit par\" \/>\n\t<meta name=\"twitter:data1\" content=\"Mathieu\" \/>\n\t<meta name=\"twitter:label2\" content=\"Dur\u00e9e de lecture estim\u00e9e\" \/>\n\t<meta name=\"twitter:data2\" content=\"1 minute\" \/>\n<script type=\"application\/ld+json\" class=\"yoast-schema-graph\">{\"@context\":\"https:\\\/\\\/schema.org\",\"@graph\":[{\"@type\":\"Article\",\"@id\":\"https:\\\/\\\/www.altercampagne.net\\\/?p=16036#article\",\"isPartOf\":{\"@id\":\"https:\\\/\\\/www.altercampagne.net\\\/?p=16036\"},\"author\":{\"name\":\"Mathieu\",\"@id\":\"https:\\\/\\\/www.altercampagne.net\\\/#\\\/schema\\\/person\\\/0f261460c09e430caa0f9bcffa319109\"},\"headline\":\"Une \u00e9chapp\u00e9e belle de l\u2019AlterTour \u00e0 Mourrens\",\"datePublished\":\"2019-08-21T08:34:44+00:00\",\"dateModified\":\"2019-09-30T08:44:40+00:00\",\"mainEntityOfPage\":{\"@id\":\"https:\\\/\\\/www.altercampagne.net\\\/?p=16036\"},\"wordCount\":252,\"image\":{\"@id\":\"https:\\\/\\\/www.altercampagne.net\\\/?p=16036#primaryimage\"},\"thumbnailUrl\":\"https:\\\/\\\/www.altercampagne.net\\\/wp-content\\\/uploads\\\/2019\\\/09\\\/2019-08-21-Sud-Ouest.jpg\",\"articleSection\":[\"Echapp\u00e9e Belle\",\"Edition 2019\",\"Revue de presse\",\"Environnement\",\"Nouvelle-Aquitaine\"],\"inLanguage\":\"fr-FR\"},{\"@type\":\"WebPage\",\"@id\":\"https:\\\/\\\/www.altercampagne.net\\\/?p=16036\",\"url\":\"https:\\\/\\\/www.altercampagne.net\\\/?p=16036\",\"name\":\"Une \u00e9chapp\u00e9e belle de l\u2019AlterTour \u00e0 Mourrens - AlterTour\",\"isPartOf\":{\"@id\":\"https:\\\/\\\/www.altercampagne.net\\\/#website\"},\"primaryImageOfPage\":{\"@id\":\"https:\\\/\\\/www.altercampagne.net\\\/?p=16036#primaryimage\"},\"image\":{\"@id\":\"https:\\\/\\\/www.altercampagne.net\\\/?p=16036#primaryimage\"},\"thumbnailUrl\":\"https:\\\/\\\/www.altercampagne.net\\\/wp-content\\\/uploads\\\/2019\\\/09\\\/2019-08-21-Sud-Ouest.jpg\",\"datePublished\":\"2019-08-21T08:34:44+00:00\",\"dateModified\":\"2019-09-30T08:44:40+00:00\",\"author\":{\"@id\":\"https:\\\/\\\/www.altercampagne.net\\\/#\\\/schema\\\/person\\\/0f261460c09e430caa0f9bcffa319109\"},\"breadcrumb\":{\"@id\":\"https:\\\/\\\/www.altercampagne.net\\\/?p=16036#breadcrumb\"},\"inLanguage\":\"fr-FR\",\"potentialAction\":[{\"@type\":\"ReadAction\",\"target\":[\"https:\\\/\\\/www.altercampagne.net\\\/?p=16036\"]}]},{\"@type\":\"ImageObject\",\"inLanguage\":\"fr-FR\",\"@id\":\"https:\\\/\\\/www.altercampagne.net\\\/?p=16036#primaryimage\",\"url\":\"https:\\\/\\\/www.altercampagne.net\\\/wp-content\\\/uploads\\\/2019\\\/09\\\/2019-08-21-Sud-Ouest.jpg\",\"contentUrl\":\"https:\\\/\\\/www.altercampagne.net\\\/wp-content\\\/uploads\\\/2019\\\/09\\\/2019-08-21-Sud-Ouest.jpg\",\"width\":900,\"height\":470},{\"@type\":\"BreadcrumbList\",\"@id\":\"https:\\\/\\\/www.altercampagne.net\\\/?p=16036#breadcrumb\",\"itemListElement\":[{\"@type\":\"ListItem\",\"position\":1,\"name\":\"Accueil\",\"item\":\"https:\\\/\\\/www.altercampagne.net\\\/\"},{\"@type\":\"ListItem\",\"position\":2,\"name\":\"Une \u00e9chapp\u00e9e belle de l\u2019AlterTour \u00e0 Mourrens\"}]},{\"@type\":\"WebSite\",\"@id\":\"https:\\\/\\\/www.altercampagne.net\\\/#website\",\"url\":\"https:\\\/\\\/www.altercampagne.net\\\/\",\"name\":\"AlterTour\",\"description\":\"Reliez les Alternatives \u00e0 v\u00e9lo\",\"potentialAction\":[{\"@type\":\"SearchAction\",\"target\":{\"@type\":\"EntryPoint\",\"urlTemplate\":\"https:\\\/\\\/www.altercampagne.net\\\/?s={search_term_string}\"},\"query-input\":{\"@type\":\"PropertyValueSpecification\",\"valueRequired\":true,\"valueName\":\"search_term_string\"}}],\"inLanguage\":\"fr-FR\"},{\"@type\":\"Person\",\"@id\":\"https:\\\/\\\/www.altercampagne.net\\\/#\\\/schema\\\/person\\\/0f261460c09e430caa0f9bcffa319109\",\"name\":\"Mathieu\",\"image\":{\"@type\":\"ImageObject\",\"inLanguage\":\"fr-FR\",\"@id\":\"https:\\\/\\\/secure.gravatar.com\\\/avatar\\\/aa9d3d24c83f2141e5e2709d0f63d09a99f6be6bb7a50abc4915838d9f54501a?s=96&d=mm&r=g\",\"url\":\"https:\\\/\\\/secure.gravatar.com\\\/avatar\\\/aa9d3d24c83f2141e5e2709d0f63d09a99f6be6bb7a50abc4915838d9f54501a?s=96&d=mm&r=g\",\"contentUrl\":\"https:\\\/\\\/secure.gravatar.com\\\/avatar\\\/aa9d3d24c83f2141e5e2709d0f63d09a99f6be6bb7a50abc4915838d9f54501a?s=96&d=mm&r=g\",\"caption\":\"Mathieu\"},\"url\":\"https:\\\/\\\/www.altercampagne.net\\\/?author=214\"}]}<\/script>\n<!-- \/ Yoast SEO plugin. -->","yoast_head_json":{"title":"Une \u00e9chapp\u00e9e belle de l\u2019AlterTour \u00e0 Mourrens - AlterTour","robots":{"index":"index","follow":"follow","max-snippet":"max-snippet:-1","max-image-preview":"max-image-preview:large","max-video-preview":"max-video-preview:-1"},"canonical":"https:\/\/www.altercampagne.net\/?p=16036","og_locale":"fr_FR","og_type":"article","og_title":"Une \u00e9chapp\u00e9e belle de l\u2019AlterTour \u00e0 Mourrens - AlterTour","og_description":"Dans le jardin associatif du Buis qui court, mercredi dernier, un campement inhabituel est apparu. Vingt-cinq cyclistes d\u2019une \u00ab\u00a0\u00e9chapp\u00e9e belle\u00a0\u00bb de l\u2019AlterTour ont mont\u00e9 leur canadienne pour deux nuits, autour du site de Mourrens (47). N\u00e9 de l\u2019association AlterCampagne fond\u00e9e en 2004 par un collectif d\u2019associations (\u00e0 la suite des ... Read More","og_url":"https:\/\/www.altercampagne.net\/?p=16036","og_site_name":"AlterTour","article_published_time":"2019-08-21T08:34:44+00:00","article_modified_time":"2019-09-30T08:44:40+00:00","og_image":[{"width":900,"height":470,"url":"https:\/\/www.altercampagne.net\/wp-content\/uploads\/2019\/09\/2019-08-21-Sud-Ouest.jpg","type":"image\/jpeg"}],"author":"Mathieu","twitter_card":"summary_large_image","twitter_misc":{"\u00c9crit par":"Mathieu","Dur\u00e9e de lecture estim\u00e9e":"1 minute"},"schema":{"@context":"https:\/\/schema.org","@graph":[{"@type":"Article","@id":"https:\/\/www.altercampagne.net\/?p=16036#article","isPartOf":{"@id":"https:\/\/www.altercampagne.net\/?p=16036"},"author":{"name":"Mathieu","@id":"https:\/\/www.altercampagne.net\/#\/schema\/person\/0f261460c09e430caa0f9bcffa319109"},"headline":"Une \u00e9chapp\u00e9e belle de l\u2019AlterTour \u00e0 Mourrens","datePublished":"2019-08-21T08:34:44+00:00","dateModified":"2019-09-30T08:44:40+00:00","mainEntityOfPage":{"@id":"https:\/\/www.altercampagne.net\/?p=16036"},"wordCount":252,"image":{"@id":"https:\/\/www.altercampagne.net\/?p=16036#primaryimage"},"thumbnailUrl":"https:\/\/www.altercampagne.net\/wp-content\/uploads\/2019\/09\/2019-08-21-Sud-Ouest.jpg","articleSection":["Echapp\u00e9e Belle","Edition 2019","Revue de presse","Environnement","Nouvelle-Aquitaine"],"inLanguage":"fr-FR"},{"@type":"WebPage","@id":"https:\/\/www.altercampagne.net\/?p=16036","url":"https:\/\/www.altercampagne.net\/?p=16036","name":"Une \u00e9chapp\u00e9e belle de l\u2019AlterTour \u00e0 Mourrens - AlterTour","isPartOf":{"@id":"https:\/\/www.altercampagne.net\/#website"},"primaryImageOfPage":{"@id":"https:\/\/www.altercampagne.net\/?p=16036#primaryimage"},"image":{"@id":"https:\/\/www.altercampagne.net\/?p=16036#primaryimage"},"thumbnailUrl":"https:\/\/www.altercampagne.net\/wp-content\/uploads\/2019\/09\/2019-08-21-Sud-Ouest.jpg","datePublished":"2019-08-21T08:34:44+00:00","dateModified":"2019-09-30T08:44:40+00:00","author":{"@id":"https:\/\/www.altercampagne.net\/#\/schema\/person\/0f261460c09e430caa0f9bcffa319109"},"breadcrumb":{"@id":"https:\/\/www.altercampagne.net\/?p=16036#breadcrumb"},"inLanguage":"fr-FR","potentialAction":[{"@type":"ReadAction","target":["https:\/\/www.altercampagne.net\/?p=16036"]}]},{"@type":"ImageObject","inLanguage":"fr-FR","@id":"https:\/\/www.altercampagne.net\/?p=16036#primaryimage","url":"https:\/\/www.altercampagne.net\/wp-content\/uploads\/2019\/09\/2019-08-21-Sud-Ouest.jpg","contentUrl":"https:\/\/www.altercampagne.net\/wp-content\/uploads\/2019\/09\/2019-08-21-Sud-Ouest.jpg","width":900,"height":470},{"@type":"BreadcrumbList","@id":"https:\/\/www.altercampagne.net\/?p=16036#breadcrumb","itemListElement":[{"@type":"ListItem","position":1,"name":"Accueil","item":"https:\/\/www.altercampagne.net\/"},{"@type":"ListItem","position":2,"name":"Une \u00e9chapp\u00e9e belle de l\u2019AlterTour \u00e0 Mourrens"}]},{"@type":"WebSite","@id":"https:\/\/www.altercampagne.net\/#website","url":"https:\/\/www.altercampagne.net\/","name":"AlterTour","description":"Reliez les Alternatives \u00e0 v\u00e9lo","potentialAction":[{"@type":"SearchAction","target":{"@type":"EntryPoint","urlTemplate":"https:\/\/www.altercampagne.net\/?s={search_term_string}"},"query-input":{"@type":"PropertyValueSpecification","valueRequired":true,"valueName":"search_term_string"}}],"inLanguage":"fr-FR"},{"@type":"Person","@id":"https:\/\/www.altercampagne.net\/#\/schema\/person\/0f261460c09e430caa0f9bcffa319109","name":"Mathieu","image":{"@type":"ImageObject","inLanguage":"fr-FR","@id":"https:\/\/secure.gravatar.com\/avatar\/aa9d3d24c83f2141e5e2709d0f63d09a99f6be6bb7a50abc4915838d9f54501a?s=96&d=mm&r=g","url":"https:\/\/secure.gravatar.com\/avatar\/aa9d3d24c83f2141e5e2709d0f63d09a99f6be6bb7a50abc4915838d9f54501a?s=96&d=mm&r=g","contentUrl":"https:\/\/secure.gravatar.com\/avatar\/aa9d3d24c83f2141e5e2709d0f63d09a99f6be6bb7a50abc4915838d9f54501a?s=96&d=mm&r=g","caption":"Mathieu"},"url":"https:\/\/www.altercampagne.net\/?author=214"}]}},"_links":{"self":[{"href":"https:\/\/www.altercampagne.net\/index.php?rest_route=\/wp\/v2\/posts\/16036","targetHints":{"allow":["GET"]}}],"collection":[{"href":"https:\/\/www.altercampagne.net\/index.php?rest_route=\/wp\/v2\/posts"}],"about":[{"href":"https:\/\/www.altercampagne.net\/index.php?rest_route=\/wp\/v2\/types\/post"}],"author":[{"embeddable":true,"href":"https:\/\/www.altercampagne.net\/index.php?rest_route=\/wp\/v2\/users\/214"}],"replies":[{"embeddable":true,"href":"https:\/\/www.altercampagne.net\/index.php?rest_route=%2Fwp%2Fv2%2Fcomments&post=16036"}],"version-history":[{"count":0,"href":"https:\/\/www.altercampagne.net\/index.php?rest_route=\/wp\/v2\/posts\/16036\/revisions"}],"wp:featuredmedia":[{"embeddable":true,"href":"https:\/\/www.altercampagne.net\/index.php?rest_route=\/wp\/v2\/media\/16037"}],"wp:attachment":[{"href":"https:\/\/www.altercampagne.net\/index.php?rest_route=%2Fwp%2Fv2%2Fmedia&parent=16036"}],"wp:term":[{"taxonomy":"category","embeddable":true,"href":"https:\/\/www.altercampagne.net\/index.php?rest_route=%2Fwp%2Fv2%2Fcategories&post=16036"},{"taxonomy":"post_tag","embeddable":true,"href":"https:\/\/www.altercampagne.net\/index.php?rest_route=%2Fwp%2Fv2%2Ftags&post=16036"}],"curies":[{"name":"wp","href":"https:\/\/api.w.org\/{rel}","templated":true}]}}