{"id":16053,"date":"2019-08-16T15:12:15","date_gmt":"2019-08-16T13:12:15","guid":{"rendered":"http:\/\/www.altercampagne.net\/?p=16053"},"modified":"2021-05-06T10:44:41","modified_gmt":"2021-05-06T08:44:41","slug":"auvillar-laltertour-est-passe","status":"publish","type":"post","link":"https:\/\/www.altercampagne.net\/?p=16053","title":{"rendered":"Auvillar. L&rsquo;AlterTour est pass\u00e9"},"content":{"rendered":"\n<p>Envie d&rsquo;agir concr\u00e8tement pour un monde plus \u00e9cologique et solidaire ?  L&rsquo;initiative citoyenne L&rsquo;AlterTour propose des vacances \u00e0 v\u00e9lo \u00e0 la  rencontre des projets de transition. Agriculture bio, autonomie  \u00e9nerg\u00e9tique, culture, vivre ensemble&#8230; une semaine ouverte \u00e0 tous pour  d\u00e9couvrir le Lot-et-Garonne autrement !<\/p>\n\n\n\n<p>L&rsquo;AlterTour est un tour \u00e0 v\u00e9lo \u00e0 la rencontre des initiatives \u00e9cologiques et solidaires. Chaque jour, apr\u00e8s une demi-journ\u00e9e de v\u00e9lo, les participants d\u00e9couvriront des lieux o\u00f9 l&rsquo;on vit concr\u00e8tement la  transition \u00e9cologique. Au total, ce sont 400 cyclistes qui se relaieront  au cours de l&rsquo;\u00e9t\u00e9 d&rsquo;Angers \u00e0 Pau, le 25 ao\u00fbt. Cette ann\u00e9e, L&rsquo;AlterTour passe dans le Lot-et-Garonne : 25 cyclistes exp\u00e9rimentent le voyage \u00e0 v\u00e9lo en autonomie et partent \u00e0 la rencontre des initiatives.<\/p>\n\n\n\n<p>L&rsquo;AlterTour a commenc\u00e9 son p\u00e9riple le 8 ao\u00fbt, \u00e0 Masqui\u00e8res (47); ce  15 ao\u00fbt, il \u00e9tait \u00e0 la rencontre de l&rsquo;Asceau, \u00e0 Auvillar. Du poulailler collectif aux ateliers couture, cette association met en \u0153uvre des projets culturels et environnementaux. Ce 16 ao\u00fbt, le groupe rejoindra Les Jardins d&rsquo;Agr\u00e8s, \u00e0 Bourret, o\u00f9 Jean-Yves, mara\u00eecher bio, pratique l&rsquo;agroforesterie.<\/p>\n\n\n\n<h2 class=\"wp-block-heading\">Chantier participatif au programme.<\/h2>\n\n\n\n<p>L&rsquo;AlterTour est ouvert \u00e0 tous, pour la journ\u00e9e ou quelques jours, les participants pouvant rejoindre le groupe de cyclistes \u00e0 chaque \u00e9tape. Tour de la coop\u00e9ration, L&rsquo;AlterTour met un point d&rsquo;honneur \u00e0 permettre la participation de chacun, dans la bonne humeur. Concert, th\u00e9\u00e2tre, soir\u00e9e musicale improvis\u00e9e&#8230; il fait aussi une jolie place au partage de savoir-faire et \u00e0 la cr\u00e9ativit\u00e9.<\/p>\n\n\n\n<p>Informations pratiques : possibilit\u00e9 de rejoindre le programme pour  une soir\u00e9e; pour plusieurs jours, inscriptions sur www.altertour.net ; dur\u00e9e de participation libre (8 jours en moyenne), arriv\u00e9e et d\u00e9part possible tous les jours; accessible \u00e0 tous les niveaux sportifs, possibilit\u00e9 de venir sans v\u00e9lo.<\/p>\n\n\n\n<p style=\"text-align:right\"><strong><a rel=\"noreferrer noopener\" aria-label=\"La D\u00e9p\u00eache du midi (s\u2019ouvre dans un nouvel onglet)\" href=\"https:\/\/www.ladepeche.fr\/2019\/08\/16\/laltertour-est-passe,8363262.php\" target=\"_blank\">La D\u00e9p\u00eache<\/a><\/strong><\/p>\n","protected":false},"excerpt":{"rendered":"<p>Envie d&rsquo;agir concr\u00e8tement pour un monde plus \u00e9cologique et solidaire ? L&rsquo;initiative citoyenne L&rsquo;AlterTour propose des vacances \u00e0 v\u00e9lo \u00e0 la rencontre des projets de transition. Agriculture bio, autonomie \u00e9nerg\u00e9tique, culture, vivre ensemble&#8230; une semaine ouverte \u00e0 tous pour d\u00e9couvrir le Lot-et-Garonne autrement ! L&rsquo;AlterTour est un tour \u00e0 v\u00e9lo &#8230; <\/p>\n<div><a href=\"https:\/\/www.altercampagne.net\/?p=16053\" class=\"more-link\">Read More<\/a><\/div>\n","protected":false},"author":214,"featured_media":16054,"comment_status":"closed","ping_status":"closed","sticky":false,"template":"","format":"standard","meta":{"footnotes":""},"categories":[4313,3231,3773,239,3480],"tags":[],"class_list":["post-16053","post","type-post","status-publish","format-standard","has-post-thumbnail","hentry","category-altertour","category-echappee-belle","category-edition-2019","category-revue-de-presse","category-occitanie"],"yoast_head":"<!-- This site is optimized with the Yoast SEO plugin v27.3 - https:\/\/yoast.com\/product\/yoast-seo-wordpress\/ -->\n<title>Auvillar. L&#039;AlterTour est pass\u00e9 - AlterTour<\/title>\n<meta name=\"robots\" content=\"index, follow, max-snippet:-1, max-image-preview:large, max-video-preview:-1\" \/>\n<link rel=\"canonical\" href=\"https:\/\/www.altercampagne.net\/?p=16053\" \/>\n<meta property=\"og:locale\" content=\"fr_FR\" \/>\n<meta property=\"og:type\" content=\"article\" \/>\n<meta property=\"og:title\" content=\"Auvillar. L&#039;AlterTour est pass\u00e9 - AlterTour\" \/>\n<meta property=\"og:description\" content=\"Envie d&rsquo;agir concr\u00e8tement pour un monde plus \u00e9cologique et solidaire ? L&rsquo;initiative citoyenne L&rsquo;AlterTour propose des vacances \u00e0 v\u00e9lo \u00e0 la rencontre des projets de transition. Agriculture bio, autonomie \u00e9nerg\u00e9tique, culture, vivre ensemble&#8230; une semaine ouverte \u00e0 tous pour d\u00e9couvrir le Lot-et-Garonne autrement ! L&rsquo;AlterTour est un tour \u00e0 v\u00e9lo ... Read More\" \/>\n<meta property=\"og:url\" content=\"https:\/\/www.altercampagne.net\/?p=16053\" \/>\n<meta property=\"og:site_name\" content=\"AlterTour\" \/>\n<meta property=\"article:published_time\" content=\"2019-08-16T13:12:15+00:00\" \/>\n<meta property=\"article:modified_time\" content=\"2021-05-06T08:44:41+00:00\" \/>\n<meta property=\"og:image\" content=\"https:\/\/www.altercampagne.net\/wp-content\/uploads\/2019\/09\/2019-08-16-La-depeche.jpg\" \/>\n\t<meta property=\"og:image:width\" content=\"900\" \/>\n\t<meta property=\"og:image:height\" content=\"470\" \/>\n\t<meta property=\"og:image:type\" content=\"image\/jpeg\" \/>\n<meta name=\"author\" content=\"Mathieu\" \/>\n<meta name=\"twitter:card\" content=\"summary_large_image\" \/>\n<meta name=\"twitter:label1\" content=\"\u00c9crit par\" \/>\n\t<meta name=\"twitter:data1\" content=\"Mathieu\" \/>\n\t<meta name=\"twitter:label2\" content=\"Dur\u00e9e de lecture estim\u00e9e\" \/>\n\t<meta name=\"twitter:data2\" content=\"1 minute\" \/>\n<script type=\"application\/ld+json\" class=\"yoast-schema-graph\">{\"@context\":\"https:\\\/\\\/schema.org\",\"@graph\":[{\"@type\":\"Article\",\"@id\":\"https:\\\/\\\/www.altercampagne.net\\\/?p=16053#article\",\"isPartOf\":{\"@id\":\"https:\\\/\\\/www.altercampagne.net\\\/?p=16053\"},\"author\":{\"name\":\"Mathieu\",\"@id\":\"https:\\\/\\\/www.altercampagne.net\\\/#\\\/schema\\\/person\\\/0f261460c09e430caa0f9bcffa319109\"},\"headline\":\"Auvillar. L&rsquo;AlterTour est pass\u00e9\",\"datePublished\":\"2019-08-16T13:12:15+00:00\",\"dateModified\":\"2021-05-06T08:44:41+00:00\",\"mainEntityOfPage\":{\"@id\":\"https:\\\/\\\/www.altercampagne.net\\\/?p=16053\"},\"wordCount\":312,\"image\":{\"@id\":\"https:\\\/\\\/www.altercampagne.net\\\/?p=16053#primaryimage\"},\"thumbnailUrl\":\"https:\\\/\\\/www.altercampagne.net\\\/wp-content\\\/uploads\\\/2019\\\/09\\\/2019-08-16-La-depeche.jpg\",\"articleSection\":[\"AlterTour\",\"Echapp\u00e9e Belle\",\"Edition 2019\",\"Revue de presse\",\"Occitanie\"],\"inLanguage\":\"fr-FR\"},{\"@type\":\"WebPage\",\"@id\":\"https:\\\/\\\/www.altercampagne.net\\\/?p=16053\",\"url\":\"https:\\\/\\\/www.altercampagne.net\\\/?p=16053\",\"name\":\"Auvillar. L'AlterTour est pass\u00e9 - AlterTour\",\"isPartOf\":{\"@id\":\"https:\\\/\\\/www.altercampagne.net\\\/#website\"},\"primaryImageOfPage\":{\"@id\":\"https:\\\/\\\/www.altercampagne.net\\\/?p=16053#primaryimage\"},\"image\":{\"@id\":\"https:\\\/\\\/www.altercampagne.net\\\/?p=16053#primaryimage\"},\"thumbnailUrl\":\"https:\\\/\\\/www.altercampagne.net\\\/wp-content\\\/uploads\\\/2019\\\/09\\\/2019-08-16-La-depeche.jpg\",\"datePublished\":\"2019-08-16T13:12:15+00:00\",\"dateModified\":\"2021-05-06T08:44:41+00:00\",\"author\":{\"@id\":\"https:\\\/\\\/www.altercampagne.net\\\/#\\\/schema\\\/person\\\/0f261460c09e430caa0f9bcffa319109\"},\"breadcrumb\":{\"@id\":\"https:\\\/\\\/www.altercampagne.net\\\/?p=16053#breadcrumb\"},\"inLanguage\":\"fr-FR\",\"potentialAction\":[{\"@type\":\"ReadAction\",\"target\":[\"https:\\\/\\\/www.altercampagne.net\\\/?p=16053\"]}]},{\"@type\":\"ImageObject\",\"inLanguage\":\"fr-FR\",\"@id\":\"https:\\\/\\\/www.altercampagne.net\\\/?p=16053#primaryimage\",\"url\":\"https:\\\/\\\/www.altercampagne.net\\\/wp-content\\\/uploads\\\/2019\\\/09\\\/2019-08-16-La-depeche.jpg\",\"contentUrl\":\"https:\\\/\\\/www.altercampagne.net\\\/wp-content\\\/uploads\\\/2019\\\/09\\\/2019-08-16-La-depeche.jpg\",\"width\":900,\"height\":470},{\"@type\":\"BreadcrumbList\",\"@id\":\"https:\\\/\\\/www.altercampagne.net\\\/?p=16053#breadcrumb\",\"itemListElement\":[{\"@type\":\"ListItem\",\"position\":1,\"name\":\"Accueil\",\"item\":\"https:\\\/\\\/www.altercampagne.net\\\/\"},{\"@type\":\"ListItem\",\"position\":2,\"name\":\"Auvillar. L&rsquo;AlterTour est pass\u00e9\"}]},{\"@type\":\"WebSite\",\"@id\":\"https:\\\/\\\/www.altercampagne.net\\\/#website\",\"url\":\"https:\\\/\\\/www.altercampagne.net\\\/\",\"name\":\"AlterTour\",\"description\":\"Reliez les Alternatives \u00e0 v\u00e9lo\",\"potentialAction\":[{\"@type\":\"SearchAction\",\"target\":{\"@type\":\"EntryPoint\",\"urlTemplate\":\"https:\\\/\\\/www.altercampagne.net\\\/?s={search_term_string}\"},\"query-input\":{\"@type\":\"PropertyValueSpecification\",\"valueRequired\":true,\"valueName\":\"search_term_string\"}}],\"inLanguage\":\"fr-FR\"},{\"@type\":\"Person\",\"@id\":\"https:\\\/\\\/www.altercampagne.net\\\/#\\\/schema\\\/person\\\/0f261460c09e430caa0f9bcffa319109\",\"name\":\"Mathieu\",\"image\":{\"@type\":\"ImageObject\",\"inLanguage\":\"fr-FR\",\"@id\":\"https:\\\/\\\/secure.gravatar.com\\\/avatar\\\/aa9d3d24c83f2141e5e2709d0f63d09a99f6be6bb7a50abc4915838d9f54501a?s=96&d=mm&r=g\",\"url\":\"https:\\\/\\\/secure.gravatar.com\\\/avatar\\\/aa9d3d24c83f2141e5e2709d0f63d09a99f6be6bb7a50abc4915838d9f54501a?s=96&d=mm&r=g\",\"contentUrl\":\"https:\\\/\\\/secure.gravatar.com\\\/avatar\\\/aa9d3d24c83f2141e5e2709d0f63d09a99f6be6bb7a50abc4915838d9f54501a?s=96&d=mm&r=g\",\"caption\":\"Mathieu\"},\"url\":\"https:\\\/\\\/www.altercampagne.net\\\/?author=214\"}]}<\/script>\n<!-- \/ Yoast SEO plugin. -->","yoast_head_json":{"title":"Auvillar. L'AlterTour est pass\u00e9 - AlterTour","robots":{"index":"index","follow":"follow","max-snippet":"max-snippet:-1","max-image-preview":"max-image-preview:large","max-video-preview":"max-video-preview:-1"},"canonical":"https:\/\/www.altercampagne.net\/?p=16053","og_locale":"fr_FR","og_type":"article","og_title":"Auvillar. L'AlterTour est pass\u00e9 - AlterTour","og_description":"Envie d&rsquo;agir concr\u00e8tement pour un monde plus \u00e9cologique et solidaire ? L&rsquo;initiative citoyenne L&rsquo;AlterTour propose des vacances \u00e0 v\u00e9lo \u00e0 la rencontre des projets de transition. Agriculture bio, autonomie \u00e9nerg\u00e9tique, culture, vivre ensemble&#8230; une semaine ouverte \u00e0 tous pour d\u00e9couvrir le Lot-et-Garonne autrement ! L&rsquo;AlterTour est un tour \u00e0 v\u00e9lo ... Read More","og_url":"https:\/\/www.altercampagne.net\/?p=16053","og_site_name":"AlterTour","article_published_time":"2019-08-16T13:12:15+00:00","article_modified_time":"2021-05-06T08:44:41+00:00","og_image":[{"width":900,"height":470,"url":"https:\/\/www.altercampagne.net\/wp-content\/uploads\/2019\/09\/2019-08-16-La-depeche.jpg","type":"image\/jpeg"}],"author":"Mathieu","twitter_card":"summary_large_image","twitter_misc":{"\u00c9crit par":"Mathieu","Dur\u00e9e de lecture estim\u00e9e":"1 minute"},"schema":{"@context":"https:\/\/schema.org","@graph":[{"@type":"Article","@id":"https:\/\/www.altercampagne.net\/?p=16053#article","isPartOf":{"@id":"https:\/\/www.altercampagne.net\/?p=16053"},"author":{"name":"Mathieu","@id":"https:\/\/www.altercampagne.net\/#\/schema\/person\/0f261460c09e430caa0f9bcffa319109"},"headline":"Auvillar. L&rsquo;AlterTour est pass\u00e9","datePublished":"2019-08-16T13:12:15+00:00","dateModified":"2021-05-06T08:44:41+00:00","mainEntityOfPage":{"@id":"https:\/\/www.altercampagne.net\/?p=16053"},"wordCount":312,"image":{"@id":"https:\/\/www.altercampagne.net\/?p=16053#primaryimage"},"thumbnailUrl":"https:\/\/www.altercampagne.net\/wp-content\/uploads\/2019\/09\/2019-08-16-La-depeche.jpg","articleSection":["AlterTour","Echapp\u00e9e Belle","Edition 2019","Revue de presse","Occitanie"],"inLanguage":"fr-FR"},{"@type":"WebPage","@id":"https:\/\/www.altercampagne.net\/?p=16053","url":"https:\/\/www.altercampagne.net\/?p=16053","name":"Auvillar. L'AlterTour est pass\u00e9 - AlterTour","isPartOf":{"@id":"https:\/\/www.altercampagne.net\/#website"},"primaryImageOfPage":{"@id":"https:\/\/www.altercampagne.net\/?p=16053#primaryimage"},"image":{"@id":"https:\/\/www.altercampagne.net\/?p=16053#primaryimage"},"thumbnailUrl":"https:\/\/www.altercampagne.net\/wp-content\/uploads\/2019\/09\/2019-08-16-La-depeche.jpg","datePublished":"2019-08-16T13:12:15+00:00","dateModified":"2021-05-06T08:44:41+00:00","author":{"@id":"https:\/\/www.altercampagne.net\/#\/schema\/person\/0f261460c09e430caa0f9bcffa319109"},"breadcrumb":{"@id":"https:\/\/www.altercampagne.net\/?p=16053#breadcrumb"},"inLanguage":"fr-FR","potentialAction":[{"@type":"ReadAction","target":["https:\/\/www.altercampagne.net\/?p=16053"]}]},{"@type":"ImageObject","inLanguage":"fr-FR","@id":"https:\/\/www.altercampagne.net\/?p=16053#primaryimage","url":"https:\/\/www.altercampagne.net\/wp-content\/uploads\/2019\/09\/2019-08-16-La-depeche.jpg","contentUrl":"https:\/\/www.altercampagne.net\/wp-content\/uploads\/2019\/09\/2019-08-16-La-depeche.jpg","width":900,"height":470},{"@type":"BreadcrumbList","@id":"https:\/\/www.altercampagne.net\/?p=16053#breadcrumb","itemListElement":[{"@type":"ListItem","position":1,"name":"Accueil","item":"https:\/\/www.altercampagne.net\/"},{"@type":"ListItem","position":2,"name":"Auvillar. L&rsquo;AlterTour est pass\u00e9"}]},{"@type":"WebSite","@id":"https:\/\/www.altercampagne.net\/#website","url":"https:\/\/www.altercampagne.net\/","name":"AlterTour","description":"Reliez les Alternatives \u00e0 v\u00e9lo","potentialAction":[{"@type":"SearchAction","target":{"@type":"EntryPoint","urlTemplate":"https:\/\/www.altercampagne.net\/?s={search_term_string}"},"query-input":{"@type":"PropertyValueSpecification","valueRequired":true,"valueName":"search_term_string"}}],"inLanguage":"fr-FR"},{"@type":"Person","@id":"https:\/\/www.altercampagne.net\/#\/schema\/person\/0f261460c09e430caa0f9bcffa319109","name":"Mathieu","image":{"@type":"ImageObject","inLanguage":"fr-FR","@id":"https:\/\/secure.gravatar.com\/avatar\/aa9d3d24c83f2141e5e2709d0f63d09a99f6be6bb7a50abc4915838d9f54501a?s=96&d=mm&r=g","url":"https:\/\/secure.gravatar.com\/avatar\/aa9d3d24c83f2141e5e2709d0f63d09a99f6be6bb7a50abc4915838d9f54501a?s=96&d=mm&r=g","contentUrl":"https:\/\/secure.gravatar.com\/avatar\/aa9d3d24c83f2141e5e2709d0f63d09a99f6be6bb7a50abc4915838d9f54501a?s=96&d=mm&r=g","caption":"Mathieu"},"url":"https:\/\/www.altercampagne.net\/?author=214"}]}},"_links":{"self":[{"href":"https:\/\/www.altercampagne.net\/index.php?rest_route=\/wp\/v2\/posts\/16053","targetHints":{"allow":["GET"]}}],"collection":[{"href":"https:\/\/www.altercampagne.net\/index.php?rest_route=\/wp\/v2\/posts"}],"about":[{"href":"https:\/\/www.altercampagne.net\/index.php?rest_route=\/wp\/v2\/types\/post"}],"author":[{"embeddable":true,"href":"https:\/\/www.altercampagne.net\/index.php?rest_route=\/wp\/v2\/users\/214"}],"replies":[{"embeddable":true,"href":"https:\/\/www.altercampagne.net\/index.php?rest_route=%2Fwp%2Fv2%2Fcomments&post=16053"}],"version-history":[{"count":1,"href":"https:\/\/www.altercampagne.net\/index.php?rest_route=\/wp\/v2\/posts\/16053\/revisions"}],"predecessor-version":[{"id":21749,"href":"https:\/\/www.altercampagne.net\/index.php?rest_route=\/wp\/v2\/posts\/16053\/revisions\/21749"}],"wp:featuredmedia":[{"embeddable":true,"href":"https:\/\/www.altercampagne.net\/index.php?rest_route=\/wp\/v2\/media\/16054"}],"wp:attachment":[{"href":"https:\/\/www.altercampagne.net\/index.php?rest_route=%2Fwp%2Fv2%2Fmedia&parent=16053"}],"wp:term":[{"taxonomy":"category","embeddable":true,"href":"https:\/\/www.altercampagne.net\/index.php?rest_route=%2Fwp%2Fv2%2Fcategories&post=16053"},{"taxonomy":"post_tag","embeddable":true,"href":"https:\/\/www.altercampagne.net\/index.php?rest_route=%2Fwp%2Fv2%2Ftags&post=16053"}],"curies":[{"name":"wp","href":"https:\/\/api.w.org\/{rel}","templated":true}]}}