{"id":16056,"date":"2019-08-14T15:25:32","date_gmt":"2019-08-14T13:25:32","guid":{"rendered":"http:\/\/www.altercampagne.net\/?p=16056"},"modified":"2021-05-06T10:45:41","modified_gmt":"2021-05-06T08:45:41","slug":"sainte-colombe-en-bruilhois-la-soiree-expos-et-cine-en-plein-air-au-buis-qui-court-une-belle-soiree","status":"publish","type":"post","link":"https:\/\/www.altercampagne.net\/?p=16056","title":{"rendered":"Sainte-Colombe-en-Bruilhois. La soir\u00e9e expos et cin\u00e9 en plein air au \u00abBuis qui court\u00bb : une belle soir\u00e9e !"},"content":{"rendered":"\n<p> C&rsquo;est dans le cadre idyllique du jardin du \u00ab<strong><a rel=\"noreferrer noopener\" aria-label=\"Buis qui court (s\u2019ouvre dans un nouvel onglet)\" href=\"http:\/\/le-jardin-medieval.e-monsite.com\/\" target=\"_blank\">Buis qui court<\/a><\/strong>\u00bb que s&rsquo;est  d\u00e9roul\u00e9e une soir\u00e9e consacr\u00e9e \u00e0 des expositions : Photographies de la  <strong><a rel=\"noreferrer noopener\" aria-label=\"revue \u00abCitron\u00bb (s\u2019ouvre dans un nouvel onglet)\" href=\"https:\/\/revuelecitron.jimdo.com\/\" target=\"_blank\">revue \u00abCitron\u00bb<\/a><\/strong> r\u00e9alis\u00e9es par Kelly, photographe, une exposition \u00e9galement sur la biodiversit\u00e9 avec le concours de la \u00abRuchoth\u00e8que\u00bb, d\u00e9couverte aussi des Odonates avec le concours du conservatoire et des espaces naturels d&rsquo;Aquitaine. Cette soir\u00e9e \u00e9tait l&rsquo;occasion de rencontres dans un cadre exceptionnel avec comme point d&rsquo;orgues la pr\u00e9sentation du film \u00abLes Hautes Terres\u00bb, apr\u00e8s avoir pris en commun un repas dans le cadre bucolique du jardin \u00abLe Buis qui court\u00bb. On notait la pr\u00e9sence de cyclistes de l&rsquo;AlterTour (voir une de nos pr\u00e9c\u00e9dentes \u00e9ditions). Une tombola \u00e9tait aussi organis\u00e9e qui permettait de gagner un abonnement \u00e0 la revue \u00abCitron et bien d&rsquo;autres lots surprises. Une belle soir\u00e9e pour tous les participants avec la complicit\u00e9 d&rsquo;une m\u00e9t\u00e9o id\u00e9ale pour ce genre d&rsquo;\u00e9v\u00e9nement. <\/p>\n\n\n\n<p style=\"text-align:right\"><strong><a href=\"https:\/\/www.ladepeche.fr\/2019\/08\/23\/la-soiree-expos-et-cine-en-plein-air-au-buis-qui-court-une-belle-soiree,8372335.php\" target=\"_blank\" rel=\"noreferrer noopener\" aria-label=\"La D\u00e9p\u00eache (s\u2019ouvre dans un nouvel onglet)\">La D\u00e9p\u00eache<\/a><\/strong><\/p>\n","protected":false},"excerpt":{"rendered":"<p>C&rsquo;est dans le cadre idyllique du jardin du \u00abBuis qui court\u00bb que s&rsquo;est d\u00e9roul\u00e9e une soir\u00e9e consacr\u00e9e \u00e0 des expositions : Photographies de la revue \u00abCitron\u00bb r\u00e9alis\u00e9es par Kelly, photographe, une exposition \u00e9galement sur la biodiversit\u00e9 avec le concours de la \u00abRuchoth\u00e8que\u00bb, d\u00e9couverte aussi des Odonates avec le concours du &#8230; <\/p>\n<div><a href=\"https:\/\/www.altercampagne.net\/?p=16056\" class=\"more-link\">Read More<\/a><\/div>\n","protected":false},"author":214,"featured_media":16057,"comment_status":"closed","ping_status":"closed","sticky":false,"template":"","format":"standard","meta":{"footnotes":""},"categories":[3483,4313,3231,3490,3773,239,3486,3479],"tags":[1873,4053],"class_list":["post-16056","post","type-post","status-publish","format-standard","has-post-thumbnail","hentry","category-agriculture","category-altertour","category-echappee-belle","category-culture","category-edition-2019","category-revue-de-presse","category-environnement","category-nouvelle-aquitaine","tag-lot-et-garonne","tag-sainte-colombe-en-bruilhois"],"yoast_head":"<!-- This site is optimized with the Yoast SEO plugin v27.3 - https:\/\/yoast.com\/product\/yoast-seo-wordpress\/ -->\n<title>Sainte-Colombe-en-Bruilhois. La soir\u00e9e expos et cin\u00e9 en plein air au \u00abBuis qui court\u00bb : une belle soir\u00e9e ! - AlterTour<\/title>\n<meta name=\"robots\" content=\"index, follow, max-snippet:-1, max-image-preview:large, max-video-preview:-1\" \/>\n<link rel=\"canonical\" href=\"https:\/\/www.altercampagne.net\/?p=16056\" \/>\n<meta property=\"og:locale\" content=\"fr_FR\" \/>\n<meta property=\"og:type\" content=\"article\" \/>\n<meta property=\"og:title\" content=\"Sainte-Colombe-en-Bruilhois. La soir\u00e9e expos et cin\u00e9 en plein air au \u00abBuis qui court\u00bb : une belle soir\u00e9e ! - AlterTour\" \/>\n<meta property=\"og:description\" content=\"C&rsquo;est dans le cadre idyllique du jardin du \u00abBuis qui court\u00bb que s&rsquo;est d\u00e9roul\u00e9e une soir\u00e9e consacr\u00e9e \u00e0 des expositions : Photographies de la revue \u00abCitron\u00bb r\u00e9alis\u00e9es par Kelly, photographe, une exposition \u00e9galement sur la biodiversit\u00e9 avec le concours de la \u00abRuchoth\u00e8que\u00bb, d\u00e9couverte aussi des Odonates avec le concours du ... Read More\" \/>\n<meta property=\"og:url\" content=\"https:\/\/www.altercampagne.net\/?p=16056\" \/>\n<meta property=\"og:site_name\" content=\"AlterTour\" \/>\n<meta property=\"article:published_time\" content=\"2019-08-14T13:25:32+00:00\" \/>\n<meta property=\"article:modified_time\" content=\"2021-05-06T08:45:41+00:00\" \/>\n<meta property=\"og:image\" content=\"https:\/\/www.altercampagne.net\/wp-content\/uploads\/2019\/09\/2019-08-14-La-depeche.jpg\" \/>\n\t<meta property=\"og:image:width\" content=\"900\" \/>\n\t<meta property=\"og:image:height\" content=\"470\" \/>\n\t<meta property=\"og:image:type\" content=\"image\/jpeg\" \/>\n<meta name=\"author\" content=\"Mathieu\" \/>\n<meta name=\"twitter:card\" content=\"summary_large_image\" \/>\n<meta name=\"twitter:label1\" content=\"\u00c9crit par\" \/>\n\t<meta name=\"twitter:data1\" content=\"Mathieu\" \/>\n\t<meta name=\"twitter:label2\" content=\"Dur\u00e9e de lecture estim\u00e9e\" \/>\n\t<meta name=\"twitter:data2\" content=\"1 minute\" \/>\n<script type=\"application\/ld+json\" class=\"yoast-schema-graph\">{\"@context\":\"https:\\\/\\\/schema.org\",\"@graph\":[{\"@type\":\"Article\",\"@id\":\"https:\\\/\\\/www.altercampagne.net\\\/?p=16056#article\",\"isPartOf\":{\"@id\":\"https:\\\/\\\/www.altercampagne.net\\\/?p=16056\"},\"author\":{\"name\":\"Mathieu\",\"@id\":\"https:\\\/\\\/www.altercampagne.net\\\/#\\\/schema\\\/person\\\/0f261460c09e430caa0f9bcffa319109\"},\"headline\":\"Sainte-Colombe-en-Bruilhois. La soir\u00e9e expos et cin\u00e9 en plein air au \u00abBuis qui court\u00bb : une belle soir\u00e9e !\",\"datePublished\":\"2019-08-14T13:25:32+00:00\",\"dateModified\":\"2021-05-06T08:45:41+00:00\",\"mainEntityOfPage\":{\"@id\":\"https:\\\/\\\/www.altercampagne.net\\\/?p=16056\"},\"wordCount\":193,\"image\":{\"@id\":\"https:\\\/\\\/www.altercampagne.net\\\/?p=16056#primaryimage\"},\"thumbnailUrl\":\"https:\\\/\\\/www.altercampagne.net\\\/wp-content\\\/uploads\\\/2019\\\/09\\\/2019-08-14-La-depeche.jpg\",\"keywords\":[\"Lot-et-Garonne\",\"Sainte-Colombe-en-Bruilhois\"],\"articleSection\":[\"Agriculture\",\"AlterTour\",\"Echapp\u00e9e Belle\",\"Culture\",\"Edition 2019\",\"Revue de presse\",\"Environnement\",\"Nouvelle-Aquitaine\"],\"inLanguage\":\"fr-FR\"},{\"@type\":\"WebPage\",\"@id\":\"https:\\\/\\\/www.altercampagne.net\\\/?p=16056\",\"url\":\"https:\\\/\\\/www.altercampagne.net\\\/?p=16056\",\"name\":\"Sainte-Colombe-en-Bruilhois. La soir\u00e9e expos et cin\u00e9 en plein air au \u00abBuis qui court\u00bb : une belle soir\u00e9e ! - AlterTour\",\"isPartOf\":{\"@id\":\"https:\\\/\\\/www.altercampagne.net\\\/#website\"},\"primaryImageOfPage\":{\"@id\":\"https:\\\/\\\/www.altercampagne.net\\\/?p=16056#primaryimage\"},\"image\":{\"@id\":\"https:\\\/\\\/www.altercampagne.net\\\/?p=16056#primaryimage\"},\"thumbnailUrl\":\"https:\\\/\\\/www.altercampagne.net\\\/wp-content\\\/uploads\\\/2019\\\/09\\\/2019-08-14-La-depeche.jpg\",\"datePublished\":\"2019-08-14T13:25:32+00:00\",\"dateModified\":\"2021-05-06T08:45:41+00:00\",\"author\":{\"@id\":\"https:\\\/\\\/www.altercampagne.net\\\/#\\\/schema\\\/person\\\/0f261460c09e430caa0f9bcffa319109\"},\"breadcrumb\":{\"@id\":\"https:\\\/\\\/www.altercampagne.net\\\/?p=16056#breadcrumb\"},\"inLanguage\":\"fr-FR\",\"potentialAction\":[{\"@type\":\"ReadAction\",\"target\":[\"https:\\\/\\\/www.altercampagne.net\\\/?p=16056\"]}]},{\"@type\":\"ImageObject\",\"inLanguage\":\"fr-FR\",\"@id\":\"https:\\\/\\\/www.altercampagne.net\\\/?p=16056#primaryimage\",\"url\":\"https:\\\/\\\/www.altercampagne.net\\\/wp-content\\\/uploads\\\/2019\\\/09\\\/2019-08-14-La-depeche.jpg\",\"contentUrl\":\"https:\\\/\\\/www.altercampagne.net\\\/wp-content\\\/uploads\\\/2019\\\/09\\\/2019-08-14-La-depeche.jpg\",\"width\":900,\"height\":470},{\"@type\":\"BreadcrumbList\",\"@id\":\"https:\\\/\\\/www.altercampagne.net\\\/?p=16056#breadcrumb\",\"itemListElement\":[{\"@type\":\"ListItem\",\"position\":1,\"name\":\"Accueil\",\"item\":\"https:\\\/\\\/www.altercampagne.net\\\/\"},{\"@type\":\"ListItem\",\"position\":2,\"name\":\"Sainte-Colombe-en-Bruilhois. La soir\u00e9e expos et cin\u00e9 en plein air au \u00abBuis qui court\u00bb : une belle soir\u00e9e !\"}]},{\"@type\":\"WebSite\",\"@id\":\"https:\\\/\\\/www.altercampagne.net\\\/#website\",\"url\":\"https:\\\/\\\/www.altercampagne.net\\\/\",\"name\":\"AlterTour\",\"description\":\"Reliez les Alternatives \u00e0 v\u00e9lo\",\"potentialAction\":[{\"@type\":\"SearchAction\",\"target\":{\"@type\":\"EntryPoint\",\"urlTemplate\":\"https:\\\/\\\/www.altercampagne.net\\\/?s={search_term_string}\"},\"query-input\":{\"@type\":\"PropertyValueSpecification\",\"valueRequired\":true,\"valueName\":\"search_term_string\"}}],\"inLanguage\":\"fr-FR\"},{\"@type\":\"Person\",\"@id\":\"https:\\\/\\\/www.altercampagne.net\\\/#\\\/schema\\\/person\\\/0f261460c09e430caa0f9bcffa319109\",\"name\":\"Mathieu\",\"image\":{\"@type\":\"ImageObject\",\"inLanguage\":\"fr-FR\",\"@id\":\"https:\\\/\\\/secure.gravatar.com\\\/avatar\\\/aa9d3d24c83f2141e5e2709d0f63d09a99f6be6bb7a50abc4915838d9f54501a?s=96&d=mm&r=g\",\"url\":\"https:\\\/\\\/secure.gravatar.com\\\/avatar\\\/aa9d3d24c83f2141e5e2709d0f63d09a99f6be6bb7a50abc4915838d9f54501a?s=96&d=mm&r=g\",\"contentUrl\":\"https:\\\/\\\/secure.gravatar.com\\\/avatar\\\/aa9d3d24c83f2141e5e2709d0f63d09a99f6be6bb7a50abc4915838d9f54501a?s=96&d=mm&r=g\",\"caption\":\"Mathieu\"},\"url\":\"https:\\\/\\\/www.altercampagne.net\\\/?author=214\"}]}<\/script>\n<!-- \/ Yoast SEO plugin. -->","yoast_head_json":{"title":"Sainte-Colombe-en-Bruilhois. La soir\u00e9e expos et cin\u00e9 en plein air au \u00abBuis qui court\u00bb : une belle soir\u00e9e ! - AlterTour","robots":{"index":"index","follow":"follow","max-snippet":"max-snippet:-1","max-image-preview":"max-image-preview:large","max-video-preview":"max-video-preview:-1"},"canonical":"https:\/\/www.altercampagne.net\/?p=16056","og_locale":"fr_FR","og_type":"article","og_title":"Sainte-Colombe-en-Bruilhois. La soir\u00e9e expos et cin\u00e9 en plein air au \u00abBuis qui court\u00bb : une belle soir\u00e9e ! - AlterTour","og_description":"C&rsquo;est dans le cadre idyllique du jardin du \u00abBuis qui court\u00bb que s&rsquo;est d\u00e9roul\u00e9e une soir\u00e9e consacr\u00e9e \u00e0 des expositions : Photographies de la revue \u00abCitron\u00bb r\u00e9alis\u00e9es par Kelly, photographe, une exposition \u00e9galement sur la biodiversit\u00e9 avec le concours de la \u00abRuchoth\u00e8que\u00bb, d\u00e9couverte aussi des Odonates avec le concours du ... Read More","og_url":"https:\/\/www.altercampagne.net\/?p=16056","og_site_name":"AlterTour","article_published_time":"2019-08-14T13:25:32+00:00","article_modified_time":"2021-05-06T08:45:41+00:00","og_image":[{"width":900,"height":470,"url":"https:\/\/www.altercampagne.net\/wp-content\/uploads\/2019\/09\/2019-08-14-La-depeche.jpg","type":"image\/jpeg"}],"author":"Mathieu","twitter_card":"summary_large_image","twitter_misc":{"\u00c9crit par":"Mathieu","Dur\u00e9e de lecture estim\u00e9e":"1 minute"},"schema":{"@context":"https:\/\/schema.org","@graph":[{"@type":"Article","@id":"https:\/\/www.altercampagne.net\/?p=16056#article","isPartOf":{"@id":"https:\/\/www.altercampagne.net\/?p=16056"},"author":{"name":"Mathieu","@id":"https:\/\/www.altercampagne.net\/#\/schema\/person\/0f261460c09e430caa0f9bcffa319109"},"headline":"Sainte-Colombe-en-Bruilhois. La soir\u00e9e expos et cin\u00e9 en plein air au \u00abBuis qui court\u00bb : une belle soir\u00e9e !","datePublished":"2019-08-14T13:25:32+00:00","dateModified":"2021-05-06T08:45:41+00:00","mainEntityOfPage":{"@id":"https:\/\/www.altercampagne.net\/?p=16056"},"wordCount":193,"image":{"@id":"https:\/\/www.altercampagne.net\/?p=16056#primaryimage"},"thumbnailUrl":"https:\/\/www.altercampagne.net\/wp-content\/uploads\/2019\/09\/2019-08-14-La-depeche.jpg","keywords":["Lot-et-Garonne","Sainte-Colombe-en-Bruilhois"],"articleSection":["Agriculture","AlterTour","Echapp\u00e9e Belle","Culture","Edition 2019","Revue de presse","Environnement","Nouvelle-Aquitaine"],"inLanguage":"fr-FR"},{"@type":"WebPage","@id":"https:\/\/www.altercampagne.net\/?p=16056","url":"https:\/\/www.altercampagne.net\/?p=16056","name":"Sainte-Colombe-en-Bruilhois. La soir\u00e9e expos et cin\u00e9 en plein air au \u00abBuis qui court\u00bb : une belle soir\u00e9e ! - AlterTour","isPartOf":{"@id":"https:\/\/www.altercampagne.net\/#website"},"primaryImageOfPage":{"@id":"https:\/\/www.altercampagne.net\/?p=16056#primaryimage"},"image":{"@id":"https:\/\/www.altercampagne.net\/?p=16056#primaryimage"},"thumbnailUrl":"https:\/\/www.altercampagne.net\/wp-content\/uploads\/2019\/09\/2019-08-14-La-depeche.jpg","datePublished":"2019-08-14T13:25:32+00:00","dateModified":"2021-05-06T08:45:41+00:00","author":{"@id":"https:\/\/www.altercampagne.net\/#\/schema\/person\/0f261460c09e430caa0f9bcffa319109"},"breadcrumb":{"@id":"https:\/\/www.altercampagne.net\/?p=16056#breadcrumb"},"inLanguage":"fr-FR","potentialAction":[{"@type":"ReadAction","target":["https:\/\/www.altercampagne.net\/?p=16056"]}]},{"@type":"ImageObject","inLanguage":"fr-FR","@id":"https:\/\/www.altercampagne.net\/?p=16056#primaryimage","url":"https:\/\/www.altercampagne.net\/wp-content\/uploads\/2019\/09\/2019-08-14-La-depeche.jpg","contentUrl":"https:\/\/www.altercampagne.net\/wp-content\/uploads\/2019\/09\/2019-08-14-La-depeche.jpg","width":900,"height":470},{"@type":"BreadcrumbList","@id":"https:\/\/www.altercampagne.net\/?p=16056#breadcrumb","itemListElement":[{"@type":"ListItem","position":1,"name":"Accueil","item":"https:\/\/www.altercampagne.net\/"},{"@type":"ListItem","position":2,"name":"Sainte-Colombe-en-Bruilhois. La soir\u00e9e expos et cin\u00e9 en plein air au \u00abBuis qui court\u00bb : une belle soir\u00e9e !"}]},{"@type":"WebSite","@id":"https:\/\/www.altercampagne.net\/#website","url":"https:\/\/www.altercampagne.net\/","name":"AlterTour","description":"Reliez les Alternatives \u00e0 v\u00e9lo","potentialAction":[{"@type":"SearchAction","target":{"@type":"EntryPoint","urlTemplate":"https:\/\/www.altercampagne.net\/?s={search_term_string}"},"query-input":{"@type":"PropertyValueSpecification","valueRequired":true,"valueName":"search_term_string"}}],"inLanguage":"fr-FR"},{"@type":"Person","@id":"https:\/\/www.altercampagne.net\/#\/schema\/person\/0f261460c09e430caa0f9bcffa319109","name":"Mathieu","image":{"@type":"ImageObject","inLanguage":"fr-FR","@id":"https:\/\/secure.gravatar.com\/avatar\/aa9d3d24c83f2141e5e2709d0f63d09a99f6be6bb7a50abc4915838d9f54501a?s=96&d=mm&r=g","url":"https:\/\/secure.gravatar.com\/avatar\/aa9d3d24c83f2141e5e2709d0f63d09a99f6be6bb7a50abc4915838d9f54501a?s=96&d=mm&r=g","contentUrl":"https:\/\/secure.gravatar.com\/avatar\/aa9d3d24c83f2141e5e2709d0f63d09a99f6be6bb7a50abc4915838d9f54501a?s=96&d=mm&r=g","caption":"Mathieu"},"url":"https:\/\/www.altercampagne.net\/?author=214"}]}},"_links":{"self":[{"href":"https:\/\/www.altercampagne.net\/index.php?rest_route=\/wp\/v2\/posts\/16056","targetHints":{"allow":["GET"]}}],"collection":[{"href":"https:\/\/www.altercampagne.net\/index.php?rest_route=\/wp\/v2\/posts"}],"about":[{"href":"https:\/\/www.altercampagne.net\/index.php?rest_route=\/wp\/v2\/types\/post"}],"author":[{"embeddable":true,"href":"https:\/\/www.altercampagne.net\/index.php?rest_route=\/wp\/v2\/users\/214"}],"replies":[{"embeddable":true,"href":"https:\/\/www.altercampagne.net\/index.php?rest_route=%2Fwp%2Fv2%2Fcomments&post=16056"}],"version-history":[{"count":1,"href":"https:\/\/www.altercampagne.net\/index.php?rest_route=\/wp\/v2\/posts\/16056\/revisions"}],"predecessor-version":[{"id":21751,"href":"https:\/\/www.altercampagne.net\/index.php?rest_route=\/wp\/v2\/posts\/16056\/revisions\/21751"}],"wp:featuredmedia":[{"embeddable":true,"href":"https:\/\/www.altercampagne.net\/index.php?rest_route=\/wp\/v2\/media\/16057"}],"wp:attachment":[{"href":"https:\/\/www.altercampagne.net\/index.php?rest_route=%2Fwp%2Fv2%2Fmedia&parent=16056"}],"wp:term":[{"taxonomy":"category","embeddable":true,"href":"https:\/\/www.altercampagne.net\/index.php?rest_route=%2Fwp%2Fv2%2Fcategories&post=16056"},{"taxonomy":"post_tag","embeddable":true,"href":"https:\/\/www.altercampagne.net\/index.php?rest_route=%2Fwp%2Fv2%2Ftags&post=16056"}],"curies":[{"name":"wp","href":"https:\/\/api.w.org\/{rel}","templated":true}]}}