{"id":16059,"date":"2019-07-19T17:05:59","date_gmt":"2019-07-19T15:05:59","guid":{"rendered":"http:\/\/www.altercampagne.net\/?p=16059"},"modified":"2019-12-17T19:13:57","modified_gmt":"2019-12-17T18:13:57","slug":"la-balade-des-lieux-a-defendre-blad-a-nantes","status":"publish","type":"post","link":"https:\/\/www.altercampagne.net\/?p=16059","title":{"rendered":"La balade des lieux \u00e0 d\u00e9fendre (BLAD) \u00e0 Nantes"},"content":{"rendered":"\n<p>Ce fut une journ\u00e9e tr\u00e8s dense, la journ\u00e9e de \u00ab&nbsp;repos&nbsp;\u00bb \u00e0 Nantes. Nous avons fait une \u00ab&nbsp;balade des lieux \u00e0 d\u00e9fendre&nbsp;\u00bb (BLAD), en mode \u00ab&nbsp;V\u00c9LORUTION&nbsp;\u00bb (c\u2019est-\u00e0-dire group\u00e9s sur une voie de circulation comme si nous \u00e9tions un v\u00e9hicule lent et long).<\/p>\n\n\n\n<p>A chaque \u00e9tape, nous avons fait une action pr\u00e9par\u00e9e la\nveille.<\/p>\n\n\n\n<p>En partant du jardin des Ronces, une immense banderole fut accroch\u00e9e au mur&nbsp;:&nbsp;\u00bb Le <strong><a href=\"https:\/\/lesronces.noblogs.org\/\" target=\"_blank\" rel=\"noreferrer noopener\" aria-label=\"jardin des Ronces (s\u2019ouvre dans un nouvel onglet)\">jardin des Ronces<\/a><\/strong> contre le projet des Gohards&nbsp;\u00bb. A proximit\u00e9, o\u00f9 un panneau de la ville dit \u00ab&nbsp;Les fermes de Doulon 2018\/2023, trois fermes \u00e0 installer&nbsp;\u00bb, on a rajout\u00e9 \u00ab&nbsp;Fausses fermes, vrai b\u00e9ton&nbsp;\u00bb<\/p>\n\n\n\n<p>Apr\u00e8s un long p\u00e9riple \u00e0 travers la ville , nous sommes\narriv\u00e9s devant le CHU Nous avons fait la queue pour prendre un ticket d\u2019acc\u00e8s\naux soins. Une personne avec un m\u00e9gaphone nous a annonc\u00e9 plusieurs mois\nd\u2019attente pour des maux vari\u00e9s et des urgences surcharg\u00e9es, pour ceux qui sont\nallong\u00e9s par terre. Le d\u00e9lai pouvait \u00eatre raccourci allongeant une somme \u00e0 une\nclinique priv\u00e9e. Sur notre banderole, on pouvait lire&nbsp;: \u00ab&nbsp;Plus de\nlits, plus de postes, moins de b\u00e9ton, de privatisation. Et par terre&nbsp;:\n\u00ab&nbsp;Stop \u00e0 l\u2019h\u00f4st\u00e9rit\u00e9&nbsp;\u00bb.<\/p>\n\n\n\n<p>Sur le parvis des nefs(dit Esplanade des machines), nous nous sommes mis en cercle avec des membres de \u00ab&nbsp;<strong><a href=\"https:\/\/www.facebook.com\/XRNantes\/\" target=\"_blank\" rel=\"noreferrer noopener\" aria-label=\"Extinction Rebellion (s\u2019ouvre dans un nouvel onglet)\">Extinction Rebellion<\/a><\/strong>&nbsp;\u00bb, mouvement de d\u00e9sob\u00e9issance civile non-violente.<\/p>\n\n\n\n<p>Avec eux, nous avons alert\u00e9 les passagers d\u2019un \u00e9l\u00e9phant g\u00e9ant\nm\u00e9canique qui s\u2019avan\u00e7ait lentement sur l\u2019extinction de la biodiversit\u00e9 et le\nr\u00e9chauffement climatique,selon les rapports du GIEC et de l\u2019IPBES&nbsp;:\nChangeons ensemble le syst\u00e8me&nbsp;; pour nos enfants et petits-enfants&nbsp;;\nne leur laissons pas une terre invivable.<\/p>\n\n\n\n<p>Nous avons ensuite gravi la Butte Sainte Anne pour acc\u00e9der \u00e0\nun belv\u00e9d\u00e8re surplombant la carri\u00e8re Mis\u00e9ry. D\u00e8s le 16\u00e8me si\u00e8cle, on y\nextrayait du granit. Jusqu\u2019en 1985, il y avait des brasseries de bi\u00e8re.\nEnsuite, la nature y a repris ses droits.Mais elle fut ras\u00e9e pour l\u2019am\u00e9nagement\nd\u2019un \u00ab&nbsp;jardin Extraordinaire&nbsp;\u00bb(r\u00e9alisation en cours), avec cascade,\nplantes exotiques et une \u0153uvre d\u2019Art g\u00e9ante&nbsp;\u00bbarbre \u00e0 H\u00e9rons&nbsp;\u00bb cens\u00e9e\nattirer beaucoup de touristes, projet co\u00fbteux.Apprenons \u00e0 fr\u00e9quenter les\nfriches, \u00e0 rester modestes, \u00e0 d\u00e9plorer une habitante, membre du collectif Puma\nqui a \u00e9crit un livre&nbsp;:&nbsp;\u00ab&nbsp;Carri\u00e8re Mis\u00e9ry, destruction de la vie\nsauvage.&nbsp;\u00bb Elle nous a parl\u00e9 des industries, des faubourgs ouvriers\u2026<\/p>\n\n\n\n<p>Nous avons retravers\u00e9s Nantes pour arriver \u00e0 l\u2019oasis du Cens, rivi\u00e8re du m\u00eame nom qui se jette dans l\u2019Erdre, laquelle se jette dans la Loire \u00e0 Nantes. c\u2019est un jardin collectif, accept\u00e9 par les \u00e9lus apr\u00e8s un certain temps de latence. Il y a surtout des petits fruitiers, les membres du jardin r\u00e9cup\u00e8rent des invendus d\u2019une grande surface bio et cultivent des l\u00e9gumes sur un terrain mis \u00e0 disposition par un agriculteur. Ils en vendent \u00e0 bas prix \u00e0 des \u00e9tudiants, la fac est en face, et font la cantine pour des exil\u00e9s et pour des groupes comme nous.<\/p>\n\n\n\n<p>Apr\u00e8s le repas, Laura nous a parl\u00e9 du Yellow park, projet\ngigantesque sur 86 hectares devant comporter un m\u00e9ga stade \u00e0 la place du stade\nexistant&nbsp;: une clinique, un centre de sant\u00e9 mais en partie annul\u00e9 par le\nCNDP. Nous avons soulev\u00e9 la critique du sport professionnel d\u00e9shumanis\u00e9.<\/p>\n\n\n\n<p>De retour au Jardin des Ronces, nous avons \u00e9cout\u00e9 une conf\u00e9rence de Romain sur \u00ab&nbsp;l\u2019effondrement joyeux&nbsp;\u00bb&nbsp;; il travaille en partie avec <strong><a href=\"http:\/\/www.decroissance44.org\/\" target=\"_blank\" rel=\"noreferrer noopener\" aria-label=\"D\u00e9croissance 44 (s\u2019ouvre dans un nouvel onglet)\">D\u00e9croissance 44<\/a><\/strong> sur Nantes au pr\u00e8s d\u2019associations pour les sensibiliser et leur proposer une vraie strat\u00e9gie&nbsp;: la perte de biodiversit\u00e9, le d\u00e9r\u00e8glement climatique, les fragilit\u00e9s syst\u00e9miques politiques \u00e9conomiques sociaux&#8230;qui induisent un risque d\u2019effondrement. Mais au lieu de se r\u00e9sumer \u00e0 le subir on peut agir au niveau individuel et collectif par la sensibilisation, la compr\u00e9hension et d\u00e9construction des probl\u00e9matiques, le blocage des destructions (boycott\u2026), la proposition d\u2019alternatives (permaculture\u2026). Chacun peut choisir le mode d\u2019action qui lui convient s\u2019en s\u2019\u00e9parpiller \u00e0 essayer de tout faire. La seule urgence c\u2019est d\u2019arr\u00eater d\u2019acc\u00e9l\u00e9rer. Nous avons parl\u00e9 de la d\u00e9croissance et de la limitation de la consommation. Un cercle de parole a cl\u00f4tur\u00e9 cette journ\u00e9e tr\u00e8s riche. <\/p>\n\n\n\n<p class=\"has-text-align-right\"><strong> Dutti et Benoit<\/strong><\/p>\n","protected":false},"excerpt":{"rendered":"<p>Ce fut une journ\u00e9e tr\u00e8s dense, la journ\u00e9e de \u00ab&nbsp;repos&nbsp;\u00bb \u00e0 Nantes. Nous avons fait une \u00ab&nbsp;balade des lieux \u00e0 d\u00e9fendre&nbsp;\u00bb (BLAD), en mode \u00ab&nbsp;V\u00c9LORUTION&nbsp;\u00bb (c\u2019est-\u00e0-dire group\u00e9s sur une voie de circulation comme si nous \u00e9tions un v\u00e9hicule lent et long). A chaque \u00e9tape, nous avons fait une action pr\u00e9par\u00e9e &#8230; <\/p>\n<div><a href=\"https:\/\/www.altercampagne.net\/?p=16059\" class=\"more-link\">Read More<\/a><\/div>\n","protected":false},"author":214,"featured_media":16060,"comment_status":"closed","ping_status":"closed","sticky":false,"template":"","format":"standard","meta":{"footnotes":""},"categories":[3773,3542,3481],"tags":[414,894,3910,3974,4097,4098,4099],"class_list":["post-16059","post","type-post","status-publish","format-standard","has-post-thumbnail","hentry","category-edition-2019","category-lutte","category-pays-de-la-loire","tag-loire-atlantique","tag-pays-de-la-loire","tag-nantes","tag-jardin-des-ronces","tag-blade","tag-extinction-rebellion","tag-decroissance-44"],"yoast_head":"<!-- This site is optimized with the Yoast SEO plugin v27.3 - https:\/\/yoast.com\/product\/yoast-seo-wordpress\/ -->\n<title>La balade des lieux \u00e0 d\u00e9fendre (BLAD) \u00e0 Nantes - AlterTour<\/title>\n<meta name=\"robots\" content=\"index, follow, max-snippet:-1, max-image-preview:large, max-video-preview:-1\" \/>\n<link rel=\"canonical\" href=\"https:\/\/www.altercampagne.net\/?p=16059\" \/>\n<meta property=\"og:locale\" content=\"fr_FR\" \/>\n<meta property=\"og:type\" content=\"article\" \/>\n<meta property=\"og:title\" content=\"La balade des lieux \u00e0 d\u00e9fendre (BLAD) \u00e0 Nantes - AlterTour\" \/>\n<meta property=\"og:description\" content=\"Ce fut une journ\u00e9e tr\u00e8s dense, la journ\u00e9e de \u00ab&nbsp;repos&nbsp;\u00bb \u00e0 Nantes. Nous avons fait une \u00ab&nbsp;balade des lieux \u00e0 d\u00e9fendre&nbsp;\u00bb (BLAD), en mode \u00ab&nbsp;V\u00c9LORUTION&nbsp;\u00bb (c\u2019est-\u00e0-dire group\u00e9s sur une voie de circulation comme si nous \u00e9tions un v\u00e9hicule lent et long). A chaque \u00e9tape, nous avons fait une action pr\u00e9par\u00e9e ... Read More\" \/>\n<meta property=\"og:url\" content=\"https:\/\/www.altercampagne.net\/?p=16059\" \/>\n<meta property=\"og:site_name\" content=\"AlterTour\" \/>\n<meta property=\"article:published_time\" content=\"2019-07-19T15:05:59+00:00\" \/>\n<meta property=\"article:modified_time\" content=\"2019-12-17T18:13:57+00:00\" \/>\n<meta property=\"og:image\" content=\"https:\/\/www.altercampagne.net\/wp-content\/uploads\/2019\/09\/2019-07-19-DSC08439.jpg\" \/>\n\t<meta property=\"og:image:width\" content=\"900\" \/>\n\t<meta property=\"og:image:height\" content=\"470\" \/>\n\t<meta property=\"og:image:type\" content=\"image\/jpeg\" \/>\n<meta name=\"author\" content=\"Mathieu\" \/>\n<meta name=\"twitter:card\" content=\"summary_large_image\" \/>\n<meta name=\"twitter:label1\" content=\"\u00c9crit par\" \/>\n\t<meta name=\"twitter:data1\" content=\"Mathieu\" \/>\n\t<meta name=\"twitter:label2\" content=\"Dur\u00e9e de lecture estim\u00e9e\" \/>\n\t<meta name=\"twitter:data2\" content=\"4 minutes\" \/>\n<script type=\"application\/ld+json\" class=\"yoast-schema-graph\">{\"@context\":\"https:\\\/\\\/schema.org\",\"@graph\":[{\"@type\":\"Article\",\"@id\":\"https:\\\/\\\/www.altercampagne.net\\\/?p=16059#article\",\"isPartOf\":{\"@id\":\"https:\\\/\\\/www.altercampagne.net\\\/?p=16059\"},\"author\":{\"name\":\"Mathieu\",\"@id\":\"https:\\\/\\\/www.altercampagne.net\\\/#\\\/schema\\\/person\\\/0f261460c09e430caa0f9bcffa319109\"},\"headline\":\"La balade des lieux \u00e0 d\u00e9fendre (BLAD) \u00e0 Nantes\",\"datePublished\":\"2019-07-19T15:05:59+00:00\",\"dateModified\":\"2019-12-17T18:13:57+00:00\",\"mainEntityOfPage\":{\"@id\":\"https:\\\/\\\/www.altercampagne.net\\\/?p=16059\"},\"wordCount\":784,\"image\":{\"@id\":\"https:\\\/\\\/www.altercampagne.net\\\/?p=16059#primaryimage\"},\"thumbnailUrl\":\"https:\\\/\\\/www.altercampagne.net\\\/wp-content\\\/uploads\\\/2019\\\/09\\\/2019-07-19-DSC08439.jpg\",\"keywords\":[\"loire atlantique\",\"Pays de la Loire\",\"Nantes\",\"Jardin des Ronces\",\"blade\",\"extinction rebellion\",\"d\u00e9croissance 44\"],\"articleSection\":[\"Edition 2019\",\"Lutte\",\"Pays de la Loire\"],\"inLanguage\":\"fr-FR\"},{\"@type\":\"WebPage\",\"@id\":\"https:\\\/\\\/www.altercampagne.net\\\/?p=16059\",\"url\":\"https:\\\/\\\/www.altercampagne.net\\\/?p=16059\",\"name\":\"La balade des lieux \u00e0 d\u00e9fendre (BLAD) \u00e0 Nantes - AlterTour\",\"isPartOf\":{\"@id\":\"https:\\\/\\\/www.altercampagne.net\\\/#website\"},\"primaryImageOfPage\":{\"@id\":\"https:\\\/\\\/www.altercampagne.net\\\/?p=16059#primaryimage\"},\"image\":{\"@id\":\"https:\\\/\\\/www.altercampagne.net\\\/?p=16059#primaryimage\"},\"thumbnailUrl\":\"https:\\\/\\\/www.altercampagne.net\\\/wp-content\\\/uploads\\\/2019\\\/09\\\/2019-07-19-DSC08439.jpg\",\"datePublished\":\"2019-07-19T15:05:59+00:00\",\"dateModified\":\"2019-12-17T18:13:57+00:00\",\"author\":{\"@id\":\"https:\\\/\\\/www.altercampagne.net\\\/#\\\/schema\\\/person\\\/0f261460c09e430caa0f9bcffa319109\"},\"breadcrumb\":{\"@id\":\"https:\\\/\\\/www.altercampagne.net\\\/?p=16059#breadcrumb\"},\"inLanguage\":\"fr-FR\",\"potentialAction\":[{\"@type\":\"ReadAction\",\"target\":[\"https:\\\/\\\/www.altercampagne.net\\\/?p=16059\"]}]},{\"@type\":\"ImageObject\",\"inLanguage\":\"fr-FR\",\"@id\":\"https:\\\/\\\/www.altercampagne.net\\\/?p=16059#primaryimage\",\"url\":\"https:\\\/\\\/www.altercampagne.net\\\/wp-content\\\/uploads\\\/2019\\\/09\\\/2019-07-19-DSC08439.jpg\",\"contentUrl\":\"https:\\\/\\\/www.altercampagne.net\\\/wp-content\\\/uploads\\\/2019\\\/09\\\/2019-07-19-DSC08439.jpg\",\"width\":900,\"height\":470},{\"@type\":\"BreadcrumbList\",\"@id\":\"https:\\\/\\\/www.altercampagne.net\\\/?p=16059#breadcrumb\",\"itemListElement\":[{\"@type\":\"ListItem\",\"position\":1,\"name\":\"Accueil\",\"item\":\"https:\\\/\\\/www.altercampagne.net\\\/\"},{\"@type\":\"ListItem\",\"position\":2,\"name\":\"La balade des lieux \u00e0 d\u00e9fendre (BLAD) \u00e0 Nantes\"}]},{\"@type\":\"WebSite\",\"@id\":\"https:\\\/\\\/www.altercampagne.net\\\/#website\",\"url\":\"https:\\\/\\\/www.altercampagne.net\\\/\",\"name\":\"AlterTour\",\"description\":\"Reliez les Alternatives \u00e0 v\u00e9lo\",\"potentialAction\":[{\"@type\":\"SearchAction\",\"target\":{\"@type\":\"EntryPoint\",\"urlTemplate\":\"https:\\\/\\\/www.altercampagne.net\\\/?s={search_term_string}\"},\"query-input\":{\"@type\":\"PropertyValueSpecification\",\"valueRequired\":true,\"valueName\":\"search_term_string\"}}],\"inLanguage\":\"fr-FR\"},{\"@type\":\"Person\",\"@id\":\"https:\\\/\\\/www.altercampagne.net\\\/#\\\/schema\\\/person\\\/0f261460c09e430caa0f9bcffa319109\",\"name\":\"Mathieu\",\"image\":{\"@type\":\"ImageObject\",\"inLanguage\":\"fr-FR\",\"@id\":\"https:\\\/\\\/secure.gravatar.com\\\/avatar\\\/aa9d3d24c83f2141e5e2709d0f63d09a99f6be6bb7a50abc4915838d9f54501a?s=96&d=mm&r=g\",\"url\":\"https:\\\/\\\/secure.gravatar.com\\\/avatar\\\/aa9d3d24c83f2141e5e2709d0f63d09a99f6be6bb7a50abc4915838d9f54501a?s=96&d=mm&r=g\",\"contentUrl\":\"https:\\\/\\\/secure.gravatar.com\\\/avatar\\\/aa9d3d24c83f2141e5e2709d0f63d09a99f6be6bb7a50abc4915838d9f54501a?s=96&d=mm&r=g\",\"caption\":\"Mathieu\"},\"url\":\"https:\\\/\\\/www.altercampagne.net\\\/?author=214\"}]}<\/script>\n<!-- \/ Yoast SEO plugin. -->","yoast_head_json":{"title":"La balade des lieux \u00e0 d\u00e9fendre (BLAD) \u00e0 Nantes - AlterTour","robots":{"index":"index","follow":"follow","max-snippet":"max-snippet:-1","max-image-preview":"max-image-preview:large","max-video-preview":"max-video-preview:-1"},"canonical":"https:\/\/www.altercampagne.net\/?p=16059","og_locale":"fr_FR","og_type":"article","og_title":"La balade des lieux \u00e0 d\u00e9fendre (BLAD) \u00e0 Nantes - AlterTour","og_description":"Ce fut une journ\u00e9e tr\u00e8s dense, la journ\u00e9e de \u00ab&nbsp;repos&nbsp;\u00bb \u00e0 Nantes. Nous avons fait une \u00ab&nbsp;balade des lieux \u00e0 d\u00e9fendre&nbsp;\u00bb (BLAD), en mode \u00ab&nbsp;V\u00c9LORUTION&nbsp;\u00bb (c\u2019est-\u00e0-dire group\u00e9s sur une voie de circulation comme si nous \u00e9tions un v\u00e9hicule lent et long). A chaque \u00e9tape, nous avons fait une action pr\u00e9par\u00e9e ... Read More","og_url":"https:\/\/www.altercampagne.net\/?p=16059","og_site_name":"AlterTour","article_published_time":"2019-07-19T15:05:59+00:00","article_modified_time":"2019-12-17T18:13:57+00:00","og_image":[{"width":900,"height":470,"url":"https:\/\/www.altercampagne.net\/wp-content\/uploads\/2019\/09\/2019-07-19-DSC08439.jpg","type":"image\/jpeg"}],"author":"Mathieu","twitter_card":"summary_large_image","twitter_misc":{"\u00c9crit par":"Mathieu","Dur\u00e9e de lecture estim\u00e9e":"4 minutes"},"schema":{"@context":"https:\/\/schema.org","@graph":[{"@type":"Article","@id":"https:\/\/www.altercampagne.net\/?p=16059#article","isPartOf":{"@id":"https:\/\/www.altercampagne.net\/?p=16059"},"author":{"name":"Mathieu","@id":"https:\/\/www.altercampagne.net\/#\/schema\/person\/0f261460c09e430caa0f9bcffa319109"},"headline":"La balade des lieux \u00e0 d\u00e9fendre (BLAD) \u00e0 Nantes","datePublished":"2019-07-19T15:05:59+00:00","dateModified":"2019-12-17T18:13:57+00:00","mainEntityOfPage":{"@id":"https:\/\/www.altercampagne.net\/?p=16059"},"wordCount":784,"image":{"@id":"https:\/\/www.altercampagne.net\/?p=16059#primaryimage"},"thumbnailUrl":"https:\/\/www.altercampagne.net\/wp-content\/uploads\/2019\/09\/2019-07-19-DSC08439.jpg","keywords":["loire atlantique","Pays de la Loire","Nantes","Jardin des Ronces","blade","extinction rebellion","d\u00e9croissance 44"],"articleSection":["Edition 2019","Lutte","Pays de la Loire"],"inLanguage":"fr-FR"},{"@type":"WebPage","@id":"https:\/\/www.altercampagne.net\/?p=16059","url":"https:\/\/www.altercampagne.net\/?p=16059","name":"La balade des lieux \u00e0 d\u00e9fendre (BLAD) \u00e0 Nantes - AlterTour","isPartOf":{"@id":"https:\/\/www.altercampagne.net\/#website"},"primaryImageOfPage":{"@id":"https:\/\/www.altercampagne.net\/?p=16059#primaryimage"},"image":{"@id":"https:\/\/www.altercampagne.net\/?p=16059#primaryimage"},"thumbnailUrl":"https:\/\/www.altercampagne.net\/wp-content\/uploads\/2019\/09\/2019-07-19-DSC08439.jpg","datePublished":"2019-07-19T15:05:59+00:00","dateModified":"2019-12-17T18:13:57+00:00","author":{"@id":"https:\/\/www.altercampagne.net\/#\/schema\/person\/0f261460c09e430caa0f9bcffa319109"},"breadcrumb":{"@id":"https:\/\/www.altercampagne.net\/?p=16059#breadcrumb"},"inLanguage":"fr-FR","potentialAction":[{"@type":"ReadAction","target":["https:\/\/www.altercampagne.net\/?p=16059"]}]},{"@type":"ImageObject","inLanguage":"fr-FR","@id":"https:\/\/www.altercampagne.net\/?p=16059#primaryimage","url":"https:\/\/www.altercampagne.net\/wp-content\/uploads\/2019\/09\/2019-07-19-DSC08439.jpg","contentUrl":"https:\/\/www.altercampagne.net\/wp-content\/uploads\/2019\/09\/2019-07-19-DSC08439.jpg","width":900,"height":470},{"@type":"BreadcrumbList","@id":"https:\/\/www.altercampagne.net\/?p=16059#breadcrumb","itemListElement":[{"@type":"ListItem","position":1,"name":"Accueil","item":"https:\/\/www.altercampagne.net\/"},{"@type":"ListItem","position":2,"name":"La balade des lieux \u00e0 d\u00e9fendre (BLAD) \u00e0 Nantes"}]},{"@type":"WebSite","@id":"https:\/\/www.altercampagne.net\/#website","url":"https:\/\/www.altercampagne.net\/","name":"AlterTour","description":"Reliez les Alternatives \u00e0 v\u00e9lo","potentialAction":[{"@type":"SearchAction","target":{"@type":"EntryPoint","urlTemplate":"https:\/\/www.altercampagne.net\/?s={search_term_string}"},"query-input":{"@type":"PropertyValueSpecification","valueRequired":true,"valueName":"search_term_string"}}],"inLanguage":"fr-FR"},{"@type":"Person","@id":"https:\/\/www.altercampagne.net\/#\/schema\/person\/0f261460c09e430caa0f9bcffa319109","name":"Mathieu","image":{"@type":"ImageObject","inLanguage":"fr-FR","@id":"https:\/\/secure.gravatar.com\/avatar\/aa9d3d24c83f2141e5e2709d0f63d09a99f6be6bb7a50abc4915838d9f54501a?s=96&d=mm&r=g","url":"https:\/\/secure.gravatar.com\/avatar\/aa9d3d24c83f2141e5e2709d0f63d09a99f6be6bb7a50abc4915838d9f54501a?s=96&d=mm&r=g","contentUrl":"https:\/\/secure.gravatar.com\/avatar\/aa9d3d24c83f2141e5e2709d0f63d09a99f6be6bb7a50abc4915838d9f54501a?s=96&d=mm&r=g","caption":"Mathieu"},"url":"https:\/\/www.altercampagne.net\/?author=214"}]}},"_links":{"self":[{"href":"https:\/\/www.altercampagne.net\/index.php?rest_route=\/wp\/v2\/posts\/16059","targetHints":{"allow":["GET"]}}],"collection":[{"href":"https:\/\/www.altercampagne.net\/index.php?rest_route=\/wp\/v2\/posts"}],"about":[{"href":"https:\/\/www.altercampagne.net\/index.php?rest_route=\/wp\/v2\/types\/post"}],"author":[{"embeddable":true,"href":"https:\/\/www.altercampagne.net\/index.php?rest_route=\/wp\/v2\/users\/214"}],"replies":[{"embeddable":true,"href":"https:\/\/www.altercampagne.net\/index.php?rest_route=%2Fwp%2Fv2%2Fcomments&post=16059"}],"version-history":[{"count":0,"href":"https:\/\/www.altercampagne.net\/index.php?rest_route=\/wp\/v2\/posts\/16059\/revisions"}],"wp:featuredmedia":[{"embeddable":true,"href":"https:\/\/www.altercampagne.net\/index.php?rest_route=\/wp\/v2\/media\/16060"}],"wp:attachment":[{"href":"https:\/\/www.altercampagne.net\/index.php?rest_route=%2Fwp%2Fv2%2Fmedia&parent=16059"}],"wp:term":[{"taxonomy":"category","embeddable":true,"href":"https:\/\/www.altercampagne.net\/index.php?rest_route=%2Fwp%2Fv2%2Fcategories&post=16059"},{"taxonomy":"post_tag","embeddable":true,"href":"https:\/\/www.altercampagne.net\/index.php?rest_route=%2Fwp%2Fv2%2Ftags&post=16059"}],"curies":[{"name":"wp","href":"https:\/\/api.w.org\/{rel}","templated":true}]}}