{"id":16065,"date":"2019-07-31T18:49:07","date_gmt":"2019-07-31T16:49:07","guid":{"rendered":"http:\/\/www.altercampagne.net\/?p=16065"},"modified":"2021-05-06T10:46:40","modified_gmt":"2021-05-06T08:46:40","slug":"les-jardins-respectueux-de-chateaubernard-et-la-cyclofficine-dangouleme","status":"publish","type":"post","link":"https:\/\/www.altercampagne.net\/?p=16065","title":{"rendered":"Les Jardins Respectueux de Ch\u00e2teaubernard et la Cyclofficine d&rsquo;Angoul\u00e8me !"},"content":{"rendered":"\n<p>D\u00e9part d\u2019Ecoyeux \u00e0 8h, objectif&nbsp;; 80km (\u00e9chauffement des mollet conseill\u00e9 !)<\/p>\n\n\n\n<p>Apr\u00e8s avoir roul\u00e9 au milieu des vignobles Charentais et malgr\u00e9 les al\u00e9as du parcours nous arrivons finalement au <strong><a href=\"http:\/\/lesjardinsrespectueux.fr\/\" target=\"_blank\" rel=\"noreferrer noopener\" aria-label=\"Jardins Respectueux (s\u2019ouvre dans un nouvel onglet)\">Jardins Respectueux<\/a><\/strong> proche de Cognac pour une pause d\u00e9jeuner bien m\u00e9rit\u00e9e \u00e0 l\u2019ombre des arbres. Nous sommes accueillis par Alexis et R\u00e9mi qui nous pr\u00e9sentent leur concept de jardins partag\u00e9s p\u00e9dagogiques. Dans le but de former \u00e0 la permaculture, \u00e0 l\u2019autonomie alimentaire, ainsi qu\u2019\u00e0 la pr\u00e9servation du patrimoine \u00e9cologique, ils ont su cr\u00e9er un lieu d\u2019accueil m\u00e9lant l\u2019agro-foresterie \u00e0 des projets artistiques et des ateliers p\u00e9dagogiques. Le cadre permet \u00e9galement l\u2019observation d\u2019une faune rare comme le martin p\u00e9cheur ou la rosalie alpine (col\u00e9opt\u00e8re xylophage). Derri\u00e8re le cadre se tient une association comportant 750 adh\u00e9rents qui participent \u00e9galement \u00e0 des projets de jardins partag\u00e9s dans les quartiers urbains ou des centre sociaux comme les EHPAD dans le but de reverdir des lieux bien souvent trop b\u00e9tonn\u00e9s. Vive les mauvaises herbes&nbsp;!<\/p>\n\n\n\n<p>Apr\u00e8s la pause nous continuons la route et le chemin le long du fleuve Charente (baignade obligatoire !) pour rejoindre Angoul\u00e8me et l\u2019association <strong><a href=\"http:\/\/www.cyclofficinedangouleme.org\/\" target=\"_blank\" rel=\"noreferrer noopener\" aria-label=\"La Cyclofficine (s\u2019ouvre dans un nouvel onglet)\">La Cyclofficine<\/a><\/strong> et son atelier solidaire d\u2019auto-r\u00e9paration de v\u00e9los. Nous arriverons malheureusement apr\u00e8s la fermeture des ateliers mais les membres de l\u2019association nous ont malgr\u00e9 tout rejoint sur notre lieu de bivouac pour un moment d\u2019\u00e9change autour d\u2019un verre. L\u2019association permet de redonner vie \u00e0 des v\u00e9los provenant de dons ou de la d\u00e9chetterie via le r\u00e9seau Emma\u00fcs tout en accompagnant les futurs acqu\u00e9reurs \u00e0 la r\u00e9paration et \u00e0 l\u2019entretien des bicyclettes.<\/p>\n\n\n\n<p>On sent bien\nd\u2019ailleurs dans le discours des b\u00e9n\u00e9voles la volont\u00e9 de\ntransmettre la passion du deux roues comme faisant partie int\u00e9grante\nd\u2019un mode de vie social, \u00e9cologique et bien s\u00fbr solidaire. Et\nc\u2019est bien l\u2019\u00e9tat d\u2019esprit qu\u2019on cherche sur l\u2019AlterTour&nbsp;!\n \n<\/p>\n\n\n\n<p class=\"has-text-align-right\"><strong>Jean  <\/strong><\/p>\n","protected":false},"excerpt":{"rendered":"<p>D\u00e9part d\u2019Ecoyeux \u00e0 8h, objectif&nbsp;; 80km (\u00e9chauffement des mollet conseill\u00e9 !) Apr\u00e8s avoir roul\u00e9 au milieu des vignobles Charentais et malgr\u00e9 les al\u00e9as du parcours nous arrivons finalement au Jardins Respectueux proche de Cognac pour une pause d\u00e9jeuner bien m\u00e9rit\u00e9e \u00e0 l\u2019ombre des arbres. Nous sommes accueillis par Alexis et &#8230; <\/p>\n<div><a href=\"https:\/\/www.altercampagne.net\/?p=16065\" class=\"more-link\">Read More<\/a><\/div>\n","protected":false},"author":214,"featured_media":16068,"comment_status":"closed","ping_status":"closed","sticky":false,"template":"","format":"standard","meta":{"footnotes":""},"categories":[3483,4313,3773,3479,3932],"tags":[294,295,1625,1971,2768,3933,4079,4080],"class_list":["post-16065","post","type-post","status-publish","format-standard","has-post-thumbnail","hentry","category-agriculture","category-altertour","category-edition-2019","category-nouvelle-aquitaine","category-velo","tag-permaculture","tag-agroforesterie","tag-auto-reparation-velo","tag-charente","tag-nouvelle-aquitaine","tag-angouleme","tag-jardins-respectueux","tag-cyclofficine-angouleme"],"yoast_head":"<!-- This site is optimized with the Yoast SEO plugin v27.3 - https:\/\/yoast.com\/product\/yoast-seo-wordpress\/ -->\n<title>Les Jardins Respectueux de Ch\u00e2teaubernard et la Cyclofficine d&#039;Angoul\u00e8me ! - AlterTour<\/title>\n<meta name=\"robots\" content=\"index, follow, max-snippet:-1, max-image-preview:large, max-video-preview:-1\" \/>\n<link rel=\"canonical\" href=\"https:\/\/www.altercampagne.net\/?p=16065\" \/>\n<meta property=\"og:locale\" content=\"fr_FR\" \/>\n<meta property=\"og:type\" content=\"article\" \/>\n<meta property=\"og:title\" content=\"Les Jardins Respectueux de Ch\u00e2teaubernard et la Cyclofficine d&#039;Angoul\u00e8me ! - AlterTour\" \/>\n<meta property=\"og:description\" content=\"D\u00e9part d\u2019Ecoyeux \u00e0 8h, objectif&nbsp;; 80km (\u00e9chauffement des mollet conseill\u00e9 !) Apr\u00e8s avoir roul\u00e9 au milieu des vignobles Charentais et malgr\u00e9 les al\u00e9as du parcours nous arrivons finalement au Jardins Respectueux proche de Cognac pour une pause d\u00e9jeuner bien m\u00e9rit\u00e9e \u00e0 l\u2019ombre des arbres. Nous sommes accueillis par Alexis et ... Read More\" \/>\n<meta property=\"og:url\" content=\"https:\/\/www.altercampagne.net\/?p=16065\" \/>\n<meta property=\"og:site_name\" content=\"AlterTour\" \/>\n<meta property=\"article:published_time\" content=\"2019-07-31T16:49:07+00:00\" \/>\n<meta property=\"article:modified_time\" content=\"2021-05-06T08:46:40+00:00\" \/>\n<meta property=\"og:image\" content=\"https:\/\/www.altercampagne.net\/wp-content\/uploads\/2019\/10\/2019-07-31_MG_4353.jpg\" \/>\n\t<meta property=\"og:image:width\" content=\"900\" \/>\n\t<meta property=\"og:image:height\" content=\"470\" \/>\n\t<meta property=\"og:image:type\" content=\"image\/jpeg\" \/>\n<meta name=\"author\" content=\"Mathieu\" \/>\n<meta name=\"twitter:card\" content=\"summary_large_image\" \/>\n<meta name=\"twitter:label1\" content=\"\u00c9crit par\" \/>\n\t<meta name=\"twitter:data1\" content=\"Mathieu\" \/>\n\t<meta name=\"twitter:label2\" content=\"Dur\u00e9e de lecture estim\u00e9e\" \/>\n\t<meta name=\"twitter:data2\" content=\"2 minutes\" \/>\n<script type=\"application\/ld+json\" class=\"yoast-schema-graph\">{\"@context\":\"https:\\\/\\\/schema.org\",\"@graph\":[{\"@type\":\"Article\",\"@id\":\"https:\\\/\\\/www.altercampagne.net\\\/?p=16065#article\",\"isPartOf\":{\"@id\":\"https:\\\/\\\/www.altercampagne.net\\\/?p=16065\"},\"author\":{\"name\":\"Mathieu\",\"@id\":\"https:\\\/\\\/www.altercampagne.net\\\/#\\\/schema\\\/person\\\/0f261460c09e430caa0f9bcffa319109\"},\"headline\":\"Les Jardins Respectueux de Ch\u00e2teaubernard et la Cyclofficine d&rsquo;Angoul\u00e8me !\",\"datePublished\":\"2019-07-31T16:49:07+00:00\",\"dateModified\":\"2021-05-06T08:46:40+00:00\",\"mainEntityOfPage\":{\"@id\":\"https:\\\/\\\/www.altercampagne.net\\\/?p=16065\"},\"wordCount\":356,\"image\":{\"@id\":\"https:\\\/\\\/www.altercampagne.net\\\/?p=16065#primaryimage\"},\"thumbnailUrl\":\"https:\\\/\\\/www.altercampagne.net\\\/wp-content\\\/uploads\\\/2019\\\/10\\\/2019-07-31_MG_4353.jpg\",\"keywords\":[\"permaculture\",\"agroforesterie\",\"auto-r\u00e9paration v\u00e9lo\",\"charente\",\"Nouvelle-Aquitaine\",\"Angoul\u00eame\",\"Jardins Respectueux\",\"cyclofficine angoul\u00e8me\"],\"articleSection\":[\"Agriculture\",\"AlterTour\",\"Edition 2019\",\"Nouvelle-Aquitaine\",\"V\u00e9lo\"],\"inLanguage\":\"fr-FR\"},{\"@type\":\"WebPage\",\"@id\":\"https:\\\/\\\/www.altercampagne.net\\\/?p=16065\",\"url\":\"https:\\\/\\\/www.altercampagne.net\\\/?p=16065\",\"name\":\"Les Jardins Respectueux de Ch\u00e2teaubernard et la Cyclofficine d'Angoul\u00e8me ! - AlterTour\",\"isPartOf\":{\"@id\":\"https:\\\/\\\/www.altercampagne.net\\\/#website\"},\"primaryImageOfPage\":{\"@id\":\"https:\\\/\\\/www.altercampagne.net\\\/?p=16065#primaryimage\"},\"image\":{\"@id\":\"https:\\\/\\\/www.altercampagne.net\\\/?p=16065#primaryimage\"},\"thumbnailUrl\":\"https:\\\/\\\/www.altercampagne.net\\\/wp-content\\\/uploads\\\/2019\\\/10\\\/2019-07-31_MG_4353.jpg\",\"datePublished\":\"2019-07-31T16:49:07+00:00\",\"dateModified\":\"2021-05-06T08:46:40+00:00\",\"author\":{\"@id\":\"https:\\\/\\\/www.altercampagne.net\\\/#\\\/schema\\\/person\\\/0f261460c09e430caa0f9bcffa319109\"},\"breadcrumb\":{\"@id\":\"https:\\\/\\\/www.altercampagne.net\\\/?p=16065#breadcrumb\"},\"inLanguage\":\"fr-FR\",\"potentialAction\":[{\"@type\":\"ReadAction\",\"target\":[\"https:\\\/\\\/www.altercampagne.net\\\/?p=16065\"]}]},{\"@type\":\"ImageObject\",\"inLanguage\":\"fr-FR\",\"@id\":\"https:\\\/\\\/www.altercampagne.net\\\/?p=16065#primaryimage\",\"url\":\"https:\\\/\\\/www.altercampagne.net\\\/wp-content\\\/uploads\\\/2019\\\/10\\\/2019-07-31_MG_4353.jpg\",\"contentUrl\":\"https:\\\/\\\/www.altercampagne.net\\\/wp-content\\\/uploads\\\/2019\\\/10\\\/2019-07-31_MG_4353.jpg\",\"width\":900,\"height\":470},{\"@type\":\"BreadcrumbList\",\"@id\":\"https:\\\/\\\/www.altercampagne.net\\\/?p=16065#breadcrumb\",\"itemListElement\":[{\"@type\":\"ListItem\",\"position\":1,\"name\":\"Accueil\",\"item\":\"https:\\\/\\\/www.altercampagne.net\\\/\"},{\"@type\":\"ListItem\",\"position\":2,\"name\":\"Les Jardins Respectueux de Ch\u00e2teaubernard et la Cyclofficine d&rsquo;Angoul\u00e8me !\"}]},{\"@type\":\"WebSite\",\"@id\":\"https:\\\/\\\/www.altercampagne.net\\\/#website\",\"url\":\"https:\\\/\\\/www.altercampagne.net\\\/\",\"name\":\"AlterTour\",\"description\":\"Reliez les Alternatives \u00e0 v\u00e9lo\",\"potentialAction\":[{\"@type\":\"SearchAction\",\"target\":{\"@type\":\"EntryPoint\",\"urlTemplate\":\"https:\\\/\\\/www.altercampagne.net\\\/?s={search_term_string}\"},\"query-input\":{\"@type\":\"PropertyValueSpecification\",\"valueRequired\":true,\"valueName\":\"search_term_string\"}}],\"inLanguage\":\"fr-FR\"},{\"@type\":\"Person\",\"@id\":\"https:\\\/\\\/www.altercampagne.net\\\/#\\\/schema\\\/person\\\/0f261460c09e430caa0f9bcffa319109\",\"name\":\"Mathieu\",\"image\":{\"@type\":\"ImageObject\",\"inLanguage\":\"fr-FR\",\"@id\":\"https:\\\/\\\/secure.gravatar.com\\\/avatar\\\/aa9d3d24c83f2141e5e2709d0f63d09a99f6be6bb7a50abc4915838d9f54501a?s=96&d=mm&r=g\",\"url\":\"https:\\\/\\\/secure.gravatar.com\\\/avatar\\\/aa9d3d24c83f2141e5e2709d0f63d09a99f6be6bb7a50abc4915838d9f54501a?s=96&d=mm&r=g\",\"contentUrl\":\"https:\\\/\\\/secure.gravatar.com\\\/avatar\\\/aa9d3d24c83f2141e5e2709d0f63d09a99f6be6bb7a50abc4915838d9f54501a?s=96&d=mm&r=g\",\"caption\":\"Mathieu\"},\"url\":\"https:\\\/\\\/www.altercampagne.net\\\/?author=214\"}]}<\/script>\n<!-- \/ Yoast SEO plugin. -->","yoast_head_json":{"title":"Les Jardins Respectueux de Ch\u00e2teaubernard et la Cyclofficine d'Angoul\u00e8me ! - AlterTour","robots":{"index":"index","follow":"follow","max-snippet":"max-snippet:-1","max-image-preview":"max-image-preview:large","max-video-preview":"max-video-preview:-1"},"canonical":"https:\/\/www.altercampagne.net\/?p=16065","og_locale":"fr_FR","og_type":"article","og_title":"Les Jardins Respectueux de Ch\u00e2teaubernard et la Cyclofficine d'Angoul\u00e8me ! - AlterTour","og_description":"D\u00e9part d\u2019Ecoyeux \u00e0 8h, objectif&nbsp;; 80km (\u00e9chauffement des mollet conseill\u00e9 !) Apr\u00e8s avoir roul\u00e9 au milieu des vignobles Charentais et malgr\u00e9 les al\u00e9as du parcours nous arrivons finalement au Jardins Respectueux proche de Cognac pour une pause d\u00e9jeuner bien m\u00e9rit\u00e9e \u00e0 l\u2019ombre des arbres. Nous sommes accueillis par Alexis et ... Read More","og_url":"https:\/\/www.altercampagne.net\/?p=16065","og_site_name":"AlterTour","article_published_time":"2019-07-31T16:49:07+00:00","article_modified_time":"2021-05-06T08:46:40+00:00","og_image":[{"width":900,"height":470,"url":"https:\/\/www.altercampagne.net\/wp-content\/uploads\/2019\/10\/2019-07-31_MG_4353.jpg","type":"image\/jpeg"}],"author":"Mathieu","twitter_card":"summary_large_image","twitter_misc":{"\u00c9crit par":"Mathieu","Dur\u00e9e de lecture estim\u00e9e":"2 minutes"},"schema":{"@context":"https:\/\/schema.org","@graph":[{"@type":"Article","@id":"https:\/\/www.altercampagne.net\/?p=16065#article","isPartOf":{"@id":"https:\/\/www.altercampagne.net\/?p=16065"},"author":{"name":"Mathieu","@id":"https:\/\/www.altercampagne.net\/#\/schema\/person\/0f261460c09e430caa0f9bcffa319109"},"headline":"Les Jardins Respectueux de Ch\u00e2teaubernard et la Cyclofficine d&rsquo;Angoul\u00e8me !","datePublished":"2019-07-31T16:49:07+00:00","dateModified":"2021-05-06T08:46:40+00:00","mainEntityOfPage":{"@id":"https:\/\/www.altercampagne.net\/?p=16065"},"wordCount":356,"image":{"@id":"https:\/\/www.altercampagne.net\/?p=16065#primaryimage"},"thumbnailUrl":"https:\/\/www.altercampagne.net\/wp-content\/uploads\/2019\/10\/2019-07-31_MG_4353.jpg","keywords":["permaculture","agroforesterie","auto-r\u00e9paration v\u00e9lo","charente","Nouvelle-Aquitaine","Angoul\u00eame","Jardins Respectueux","cyclofficine angoul\u00e8me"],"articleSection":["Agriculture","AlterTour","Edition 2019","Nouvelle-Aquitaine","V\u00e9lo"],"inLanguage":"fr-FR"},{"@type":"WebPage","@id":"https:\/\/www.altercampagne.net\/?p=16065","url":"https:\/\/www.altercampagne.net\/?p=16065","name":"Les Jardins Respectueux de Ch\u00e2teaubernard et la Cyclofficine d'Angoul\u00e8me ! - AlterTour","isPartOf":{"@id":"https:\/\/www.altercampagne.net\/#website"},"primaryImageOfPage":{"@id":"https:\/\/www.altercampagne.net\/?p=16065#primaryimage"},"image":{"@id":"https:\/\/www.altercampagne.net\/?p=16065#primaryimage"},"thumbnailUrl":"https:\/\/www.altercampagne.net\/wp-content\/uploads\/2019\/10\/2019-07-31_MG_4353.jpg","datePublished":"2019-07-31T16:49:07+00:00","dateModified":"2021-05-06T08:46:40+00:00","author":{"@id":"https:\/\/www.altercampagne.net\/#\/schema\/person\/0f261460c09e430caa0f9bcffa319109"},"breadcrumb":{"@id":"https:\/\/www.altercampagne.net\/?p=16065#breadcrumb"},"inLanguage":"fr-FR","potentialAction":[{"@type":"ReadAction","target":["https:\/\/www.altercampagne.net\/?p=16065"]}]},{"@type":"ImageObject","inLanguage":"fr-FR","@id":"https:\/\/www.altercampagne.net\/?p=16065#primaryimage","url":"https:\/\/www.altercampagne.net\/wp-content\/uploads\/2019\/10\/2019-07-31_MG_4353.jpg","contentUrl":"https:\/\/www.altercampagne.net\/wp-content\/uploads\/2019\/10\/2019-07-31_MG_4353.jpg","width":900,"height":470},{"@type":"BreadcrumbList","@id":"https:\/\/www.altercampagne.net\/?p=16065#breadcrumb","itemListElement":[{"@type":"ListItem","position":1,"name":"Accueil","item":"https:\/\/www.altercampagne.net\/"},{"@type":"ListItem","position":2,"name":"Les Jardins Respectueux de Ch\u00e2teaubernard et la Cyclofficine d&rsquo;Angoul\u00e8me !"}]},{"@type":"WebSite","@id":"https:\/\/www.altercampagne.net\/#website","url":"https:\/\/www.altercampagne.net\/","name":"AlterTour","description":"Reliez les Alternatives \u00e0 v\u00e9lo","potentialAction":[{"@type":"SearchAction","target":{"@type":"EntryPoint","urlTemplate":"https:\/\/www.altercampagne.net\/?s={search_term_string}"},"query-input":{"@type":"PropertyValueSpecification","valueRequired":true,"valueName":"search_term_string"}}],"inLanguage":"fr-FR"},{"@type":"Person","@id":"https:\/\/www.altercampagne.net\/#\/schema\/person\/0f261460c09e430caa0f9bcffa319109","name":"Mathieu","image":{"@type":"ImageObject","inLanguage":"fr-FR","@id":"https:\/\/secure.gravatar.com\/avatar\/aa9d3d24c83f2141e5e2709d0f63d09a99f6be6bb7a50abc4915838d9f54501a?s=96&d=mm&r=g","url":"https:\/\/secure.gravatar.com\/avatar\/aa9d3d24c83f2141e5e2709d0f63d09a99f6be6bb7a50abc4915838d9f54501a?s=96&d=mm&r=g","contentUrl":"https:\/\/secure.gravatar.com\/avatar\/aa9d3d24c83f2141e5e2709d0f63d09a99f6be6bb7a50abc4915838d9f54501a?s=96&d=mm&r=g","caption":"Mathieu"},"url":"https:\/\/www.altercampagne.net\/?author=214"}]}},"_links":{"self":[{"href":"https:\/\/www.altercampagne.net\/index.php?rest_route=\/wp\/v2\/posts\/16065","targetHints":{"allow":["GET"]}}],"collection":[{"href":"https:\/\/www.altercampagne.net\/index.php?rest_route=\/wp\/v2\/posts"}],"about":[{"href":"https:\/\/www.altercampagne.net\/index.php?rest_route=\/wp\/v2\/types\/post"}],"author":[{"embeddable":true,"href":"https:\/\/www.altercampagne.net\/index.php?rest_route=\/wp\/v2\/users\/214"}],"replies":[{"embeddable":true,"href":"https:\/\/www.altercampagne.net\/index.php?rest_route=%2Fwp%2Fv2%2Fcomments&post=16065"}],"version-history":[{"count":1,"href":"https:\/\/www.altercampagne.net\/index.php?rest_route=\/wp\/v2\/posts\/16065\/revisions"}],"predecessor-version":[{"id":21773,"href":"https:\/\/www.altercampagne.net\/index.php?rest_route=\/wp\/v2\/posts\/16065\/revisions\/21773"}],"wp:featuredmedia":[{"embeddable":true,"href":"https:\/\/www.altercampagne.net\/index.php?rest_route=\/wp\/v2\/media\/16068"}],"wp:attachment":[{"href":"https:\/\/www.altercampagne.net\/index.php?rest_route=%2Fwp%2Fv2%2Fmedia&parent=16065"}],"wp:term":[{"taxonomy":"category","embeddable":true,"href":"https:\/\/www.altercampagne.net\/index.php?rest_route=%2Fwp%2Fv2%2Fcategories&post=16065"},{"taxonomy":"post_tag","embeddable":true,"href":"https:\/\/www.altercampagne.net\/index.php?rest_route=%2Fwp%2Fv2%2Ftags&post=16065"}],"curies":[{"name":"wp","href":"https:\/\/api.w.org\/{rel}","templated":true}]}}