{"id":16077,"date":"2019-04-24T08:51:06","date_gmt":"2019-04-24T06:51:06","guid":{"rendered":"http:\/\/www.altercampagne.net\/?p=16077"},"modified":"2024-08-27T11:18:27","modified_gmt":"2024-08-27T09:18:27","slug":"bieretour-partez-a-la-rencontre-de-brasseurs-engages","status":"publish","type":"post","link":"https:\/\/www.altercampagne.net\/?p=16077","title":{"rendered":"Bi\u00e8reTour : partez \u00e0 la rencontre de brasseurs engag\u00e9s"},"content":{"rendered":"\n<p>Pour sa 2\u00e8me \u00e9dition, le <strong><a aria-label=\"Bi\u00e8reTour (s\u2019ouvre dans un nouvel onglet)\" href=\"http:\/\/bieretour.net\/\" target=\"_blank\" rel=\"noreferrer noopener\">Bi\u00e8reTour<\/a><\/strong> sillonne le Pays de la Loire \u00e0 la rencontre de brasseurs engag\u00e9s. \u00c7a vous dit ? Rendez-vous du 27 avril au 5 mai 2019.<\/p>\n\n\n\n<p><strong>Vous faites quoi ce week-end ? Pour sa deuxi\u00e8me \u00e9dition, le Bi\u00e8reTour vous propose une balade \u00e0 v\u00e9lo \u00e0 la rencontre de producteurs  de bi\u00e8res locales et bio, de Angers \u00e0 La Roche-sur-Yon. Du champ \u00e0 la  chope !<\/strong><\/p>\n\n\n\n<p>L\u2019an dernier, <a href=\"http:\/\/www.bieretour.net\/\" target=\"_blank\" rel=\"noreferrer noopener\">le Bi\u00e8reTour<\/a>\n avait sillonn\u00e9 les campagnes d\u2019Alsace et de Lorraine \u00e0 la rencontre de \npetits producteurs de bi\u00e8re. Pour cette deuxi\u00e8me \u00e9dition qui se \nd\u00e9roulera du 27 avril au 5 mai 2019, m\u00eame objectif, nouveau paysage, \ndirection le Pays de la Loire. Une vir\u00e9e qui allie savamment passion de \nla bi\u00e8re, amour du voyage \u00e0 v\u00e9lo et engagement militant.<\/p>\n\n\n\n<p>Pour Mathieu Fromont, Brasseur \u00e0 la <a href=\"https:\/\/www.facebook.com\/BrasseriePlumeJurassienne\">Brasserie Plume Jurassienn<\/a><a href=\"https:\/\/www.facebook.com\/BrasseriePlumeJurassienne\" target=\"_blank\" rel=\"noreferrer noopener\">e<\/a> et co-organisateur de l\u2019\u00e9v\u00e9nement :<\/p>\n\n\n\n<blockquote class=\"wp-block-quote is-layout-flow wp-block-quote-is-layout-flow\">\n<p>\u00ab\u00a0Il<br> est important de partir \u00e0 la d\u00e9couverte de ces brasseurs engag\u00e9s, <br>ind\u00e9pendants et bio. C\u2019est une fili\u00e8re qui se remet doucement en route. <br>En tant que brasseurs amateurs, \u00e7a nous tient \u00e0 c\u0153ur de soutenir cette <br>d\u00e9marche locale qui favorise en prime le retour \u00e0 une culture locale du <br>houblon en France. Plus globalement c\u2019est aussi l\u2019occasion de promouvoir<br> la r\u00e9appropriation de savoirs ancestraux.\u00a0\u00bb<\/p>\n<\/blockquote>\n\n\n\n<p>Au  programme, trois \u00e0 quatre heures de v\u00e9lo par jour, soit environ 35  kilom\u00e8tres, la rencontre de neuf acteurs de la bi\u00e8re (producteurs d\u2019orge  ou de houblon et brasseurs amateurs ou professionnels) et un atelier de  fabrication artisanale.<\/p>\n\n\n\n<p>Le Bi\u00e8reTour&nbsp;est n\u00e9 de l\u2019association AlterTour, qui organise chaque \u00e9t\u00e9 un&nbsp;tour&nbsp;\u00e0 v\u00e9lo \u00e0 la rencontre des initiatives \u00e9cologiques et solidaires.<\/p>\n\n\n\n<p><em>\u00c7a vous tente ? Il est encore temps de vous inscrire, pour la totalit\u00e9 du Bi\u00e8reTour ou une simple \u00e9tape, \u00e0 vous de choisir !<\/em><\/p>\n\n\n\n<p><em>* Petit rappel : m\u00eame si vous roulez \u00e0 v\u00e9lo et pas en voiture, n\u2019oubliez pas que l\u2019abus d\u2019alcool est dangereux pour la sant\u00e9.<\/em><\/p>\n\n\n\n<p class=\"has-text-align-right\"><strong><a href=\"https:\/\/positivr.fr\/des-ecolos-a-velo-dans-les-champs-de-houblon-cest-le-bieretour\/\" target=\"_blank\" rel=\"noreferrer noopener\" aria-label=\"Mathilde Sall\u00e9 de Chou, Positivr (s\u2019ouvre dans un nouvel onglet)\">Mathilde Sall\u00e9 de Chou, Positivr<\/a><\/strong><\/p>\n\n\n\n<p><span class=\"visually-hidden\">Mathieu Fromont <a href=\"https:\/\/www.facebook.com\/BrasseriePlumeJurassienne\">Brasserie Plume Jurassienne<\/a> (Cramans, Jura)<\/span><\/p>\n","protected":false},"excerpt":{"rendered":"<p>Pour sa 2\u00e8me \u00e9dition, le Bi\u00e8reTour sillonne le Pays de la Loire \u00e0 la rencontre de brasseurs engag\u00e9s. \u00c7a vous dit ? Rendez-vous du 27 avril au 5 mai 2019. Vous faites quoi ce week-end ? Pour sa deuxi\u00e8me \u00e9dition, le Bi\u00e8reTour vous propose une balade \u00e0 v\u00e9lo \u00e0 la &#8230; <\/p>\n<div><a href=\"https:\/\/www.altercampagne.net\/?p=16077\" class=\"more-link\">Read More<\/a><\/div>\n","protected":false},"author":214,"featured_media":16078,"comment_status":"closed","ping_status":"closed","sticky":false,"template":"","format":"standard","meta":{"footnotes":""},"categories":[3574,4037,3773,239,3481],"tags":[552,3567,4450,4454],"class_list":["post-16077","post","type-post","status-publish","format-standard","has-post-thumbnail","hentry","category-bieretour","category-biere","category-edition-2019","category-revue-de-presse","category-pays-de-la-loire","tag-mathieu-fromont","tag-bieretour","tag-brasserie-plume-jurassienne","tag-brasserie-plume"],"yoast_head":"<!-- This site is optimized with the Yoast SEO plugin v27.3 - https:\/\/yoast.com\/product\/yoast-seo-wordpress\/ -->\n<title>Bi\u00e8reTour : partez \u00e0 la rencontre de brasseurs engag\u00e9s - AlterTour<\/title>\n<meta name=\"robots\" content=\"index, follow, max-snippet:-1, max-image-preview:large, max-video-preview:-1\" \/>\n<link rel=\"canonical\" href=\"https:\/\/www.altercampagne.net\/?p=16077\" \/>\n<meta property=\"og:locale\" content=\"fr_FR\" \/>\n<meta property=\"og:type\" content=\"article\" \/>\n<meta property=\"og:title\" content=\"Bi\u00e8reTour : partez \u00e0 la rencontre de brasseurs engag\u00e9s - AlterTour\" \/>\n<meta property=\"og:description\" content=\"Pour sa 2\u00e8me \u00e9dition, le Bi\u00e8reTour sillonne le Pays de la Loire \u00e0 la rencontre de brasseurs engag\u00e9s. \u00c7a vous dit ? Rendez-vous du 27 avril au 5 mai 2019. Vous faites quoi ce week-end ? Pour sa deuxi\u00e8me \u00e9dition, le Bi\u00e8reTour vous propose une balade \u00e0 v\u00e9lo \u00e0 la ... Read More\" \/>\n<meta property=\"og:url\" content=\"https:\/\/www.altercampagne.net\/?p=16077\" \/>\n<meta property=\"og:site_name\" content=\"AlterTour\" \/>\n<meta property=\"article:published_time\" content=\"2019-04-24T06:51:06+00:00\" \/>\n<meta property=\"article:modified_time\" content=\"2024-08-27T09:18:27+00:00\" \/>\n<meta property=\"og:image\" content=\"https:\/\/www.altercampagne.net\/wp-content\/uploads\/2019\/10\/2019-05-10-IMG_7271.jpg\" \/>\n\t<meta property=\"og:image:width\" content=\"900\" \/>\n\t<meta property=\"og:image:height\" content=\"470\" \/>\n\t<meta property=\"og:image:type\" content=\"image\/jpeg\" \/>\n<meta name=\"author\" content=\"Mathieu\" \/>\n<meta name=\"twitter:card\" content=\"summary_large_image\" \/>\n<meta name=\"twitter:label1\" content=\"\u00c9crit par\" \/>\n\t<meta name=\"twitter:data1\" content=\"Mathieu\" \/>\n\t<meta name=\"twitter:label2\" content=\"Dur\u00e9e de lecture estim\u00e9e\" \/>\n\t<meta name=\"twitter:data2\" content=\"2 minutes\" \/>\n<script type=\"application\/ld+json\" class=\"yoast-schema-graph\">{\"@context\":\"https:\\\/\\\/schema.org\",\"@graph\":[{\"@type\":\"Article\",\"@id\":\"https:\\\/\\\/www.altercampagne.net\\\/?p=16077#article\",\"isPartOf\":{\"@id\":\"https:\\\/\\\/www.altercampagne.net\\\/?p=16077\"},\"author\":{\"name\":\"Mathieu\",\"@id\":\"https:\\\/\\\/www.altercampagne.net\\\/#\\\/schema\\\/person\\\/0f261460c09e430caa0f9bcffa319109\"},\"headline\":\"Bi\u00e8reTour : partez \u00e0 la rencontre de brasseurs engag\u00e9s\",\"datePublished\":\"2019-04-24T06:51:06+00:00\",\"dateModified\":\"2024-08-27T09:18:27+00:00\",\"mainEntityOfPage\":{\"@id\":\"https:\\\/\\\/www.altercampagne.net\\\/?p=16077\"},\"wordCount\":354,\"image\":{\"@id\":\"https:\\\/\\\/www.altercampagne.net\\\/?p=16077#primaryimage\"},\"thumbnailUrl\":\"https:\\\/\\\/www.altercampagne.net\\\/wp-content\\\/uploads\\\/2019\\\/10\\\/2019-05-10-IMG_7271.jpg\",\"keywords\":[\"Mathieu Fromont\",\"Bi\u00e8reTour\",\"Brasserie Plume Jurassienne\",\"brasserie plume\"],\"articleSection\":[\"Bi\u00e8reTour\",\"Bi\u00e8re\",\"Edition 2019\",\"Revue de presse\",\"Pays de la Loire\"],\"inLanguage\":\"fr-FR\"},{\"@type\":\"WebPage\",\"@id\":\"https:\\\/\\\/www.altercampagne.net\\\/?p=16077\",\"url\":\"https:\\\/\\\/www.altercampagne.net\\\/?p=16077\",\"name\":\"Bi\u00e8reTour : partez \u00e0 la rencontre de brasseurs engag\u00e9s - AlterTour\",\"isPartOf\":{\"@id\":\"https:\\\/\\\/www.altercampagne.net\\\/#website\"},\"primaryImageOfPage\":{\"@id\":\"https:\\\/\\\/www.altercampagne.net\\\/?p=16077#primaryimage\"},\"image\":{\"@id\":\"https:\\\/\\\/www.altercampagne.net\\\/?p=16077#primaryimage\"},\"thumbnailUrl\":\"https:\\\/\\\/www.altercampagne.net\\\/wp-content\\\/uploads\\\/2019\\\/10\\\/2019-05-10-IMG_7271.jpg\",\"datePublished\":\"2019-04-24T06:51:06+00:00\",\"dateModified\":\"2024-08-27T09:18:27+00:00\",\"author\":{\"@id\":\"https:\\\/\\\/www.altercampagne.net\\\/#\\\/schema\\\/person\\\/0f261460c09e430caa0f9bcffa319109\"},\"breadcrumb\":{\"@id\":\"https:\\\/\\\/www.altercampagne.net\\\/?p=16077#breadcrumb\"},\"inLanguage\":\"fr-FR\",\"potentialAction\":[{\"@type\":\"ReadAction\",\"target\":[\"https:\\\/\\\/www.altercampagne.net\\\/?p=16077\"]}]},{\"@type\":\"ImageObject\",\"inLanguage\":\"fr-FR\",\"@id\":\"https:\\\/\\\/www.altercampagne.net\\\/?p=16077#primaryimage\",\"url\":\"https:\\\/\\\/www.altercampagne.net\\\/wp-content\\\/uploads\\\/2019\\\/10\\\/2019-05-10-IMG_7271.jpg\",\"contentUrl\":\"https:\\\/\\\/www.altercampagne.net\\\/wp-content\\\/uploads\\\/2019\\\/10\\\/2019-05-10-IMG_7271.jpg\",\"width\":900,\"height\":470},{\"@type\":\"BreadcrumbList\",\"@id\":\"https:\\\/\\\/www.altercampagne.net\\\/?p=16077#breadcrumb\",\"itemListElement\":[{\"@type\":\"ListItem\",\"position\":1,\"name\":\"Accueil\",\"item\":\"https:\\\/\\\/www.altercampagne.net\\\/\"},{\"@type\":\"ListItem\",\"position\":2,\"name\":\"Bi\u00e8reTour : partez \u00e0 la rencontre de brasseurs engag\u00e9s\"}]},{\"@type\":\"WebSite\",\"@id\":\"https:\\\/\\\/www.altercampagne.net\\\/#website\",\"url\":\"https:\\\/\\\/www.altercampagne.net\\\/\",\"name\":\"AlterTour\",\"description\":\"Reliez les Alternatives \u00e0 v\u00e9lo\",\"potentialAction\":[{\"@type\":\"SearchAction\",\"target\":{\"@type\":\"EntryPoint\",\"urlTemplate\":\"https:\\\/\\\/www.altercampagne.net\\\/?s={search_term_string}\"},\"query-input\":{\"@type\":\"PropertyValueSpecification\",\"valueRequired\":true,\"valueName\":\"search_term_string\"}}],\"inLanguage\":\"fr-FR\"},{\"@type\":\"Person\",\"@id\":\"https:\\\/\\\/www.altercampagne.net\\\/#\\\/schema\\\/person\\\/0f261460c09e430caa0f9bcffa319109\",\"name\":\"Mathieu\",\"image\":{\"@type\":\"ImageObject\",\"inLanguage\":\"fr-FR\",\"@id\":\"https:\\\/\\\/secure.gravatar.com\\\/avatar\\\/aa9d3d24c83f2141e5e2709d0f63d09a99f6be6bb7a50abc4915838d9f54501a?s=96&d=mm&r=g\",\"url\":\"https:\\\/\\\/secure.gravatar.com\\\/avatar\\\/aa9d3d24c83f2141e5e2709d0f63d09a99f6be6bb7a50abc4915838d9f54501a?s=96&d=mm&r=g\",\"contentUrl\":\"https:\\\/\\\/secure.gravatar.com\\\/avatar\\\/aa9d3d24c83f2141e5e2709d0f63d09a99f6be6bb7a50abc4915838d9f54501a?s=96&d=mm&r=g\",\"caption\":\"Mathieu\"},\"url\":\"https:\\\/\\\/www.altercampagne.net\\\/?author=214\"}]}<\/script>\n<!-- \/ Yoast SEO plugin. -->","yoast_head_json":{"title":"Bi\u00e8reTour : partez \u00e0 la rencontre de brasseurs engag\u00e9s - AlterTour","robots":{"index":"index","follow":"follow","max-snippet":"max-snippet:-1","max-image-preview":"max-image-preview:large","max-video-preview":"max-video-preview:-1"},"canonical":"https:\/\/www.altercampagne.net\/?p=16077","og_locale":"fr_FR","og_type":"article","og_title":"Bi\u00e8reTour : partez \u00e0 la rencontre de brasseurs engag\u00e9s - AlterTour","og_description":"Pour sa 2\u00e8me \u00e9dition, le Bi\u00e8reTour sillonne le Pays de la Loire \u00e0 la rencontre de brasseurs engag\u00e9s. \u00c7a vous dit ? Rendez-vous du 27 avril au 5 mai 2019. Vous faites quoi ce week-end ? Pour sa deuxi\u00e8me \u00e9dition, le Bi\u00e8reTour vous propose une balade \u00e0 v\u00e9lo \u00e0 la ... Read More","og_url":"https:\/\/www.altercampagne.net\/?p=16077","og_site_name":"AlterTour","article_published_time":"2019-04-24T06:51:06+00:00","article_modified_time":"2024-08-27T09:18:27+00:00","og_image":[{"width":900,"height":470,"url":"https:\/\/www.altercampagne.net\/wp-content\/uploads\/2019\/10\/2019-05-10-IMG_7271.jpg","type":"image\/jpeg"}],"author":"Mathieu","twitter_card":"summary_large_image","twitter_misc":{"\u00c9crit par":"Mathieu","Dur\u00e9e de lecture estim\u00e9e":"2 minutes"},"schema":{"@context":"https:\/\/schema.org","@graph":[{"@type":"Article","@id":"https:\/\/www.altercampagne.net\/?p=16077#article","isPartOf":{"@id":"https:\/\/www.altercampagne.net\/?p=16077"},"author":{"name":"Mathieu","@id":"https:\/\/www.altercampagne.net\/#\/schema\/person\/0f261460c09e430caa0f9bcffa319109"},"headline":"Bi\u00e8reTour : partez \u00e0 la rencontre de brasseurs engag\u00e9s","datePublished":"2019-04-24T06:51:06+00:00","dateModified":"2024-08-27T09:18:27+00:00","mainEntityOfPage":{"@id":"https:\/\/www.altercampagne.net\/?p=16077"},"wordCount":354,"image":{"@id":"https:\/\/www.altercampagne.net\/?p=16077#primaryimage"},"thumbnailUrl":"https:\/\/www.altercampagne.net\/wp-content\/uploads\/2019\/10\/2019-05-10-IMG_7271.jpg","keywords":["Mathieu Fromont","Bi\u00e8reTour","Brasserie Plume Jurassienne","brasserie plume"],"articleSection":["Bi\u00e8reTour","Bi\u00e8re","Edition 2019","Revue de presse","Pays de la Loire"],"inLanguage":"fr-FR"},{"@type":"WebPage","@id":"https:\/\/www.altercampagne.net\/?p=16077","url":"https:\/\/www.altercampagne.net\/?p=16077","name":"Bi\u00e8reTour : partez \u00e0 la rencontre de brasseurs engag\u00e9s - AlterTour","isPartOf":{"@id":"https:\/\/www.altercampagne.net\/#website"},"primaryImageOfPage":{"@id":"https:\/\/www.altercampagne.net\/?p=16077#primaryimage"},"image":{"@id":"https:\/\/www.altercampagne.net\/?p=16077#primaryimage"},"thumbnailUrl":"https:\/\/www.altercampagne.net\/wp-content\/uploads\/2019\/10\/2019-05-10-IMG_7271.jpg","datePublished":"2019-04-24T06:51:06+00:00","dateModified":"2024-08-27T09:18:27+00:00","author":{"@id":"https:\/\/www.altercampagne.net\/#\/schema\/person\/0f261460c09e430caa0f9bcffa319109"},"breadcrumb":{"@id":"https:\/\/www.altercampagne.net\/?p=16077#breadcrumb"},"inLanguage":"fr-FR","potentialAction":[{"@type":"ReadAction","target":["https:\/\/www.altercampagne.net\/?p=16077"]}]},{"@type":"ImageObject","inLanguage":"fr-FR","@id":"https:\/\/www.altercampagne.net\/?p=16077#primaryimage","url":"https:\/\/www.altercampagne.net\/wp-content\/uploads\/2019\/10\/2019-05-10-IMG_7271.jpg","contentUrl":"https:\/\/www.altercampagne.net\/wp-content\/uploads\/2019\/10\/2019-05-10-IMG_7271.jpg","width":900,"height":470},{"@type":"BreadcrumbList","@id":"https:\/\/www.altercampagne.net\/?p=16077#breadcrumb","itemListElement":[{"@type":"ListItem","position":1,"name":"Accueil","item":"https:\/\/www.altercampagne.net\/"},{"@type":"ListItem","position":2,"name":"Bi\u00e8reTour : partez \u00e0 la rencontre de brasseurs engag\u00e9s"}]},{"@type":"WebSite","@id":"https:\/\/www.altercampagne.net\/#website","url":"https:\/\/www.altercampagne.net\/","name":"AlterTour","description":"Reliez les Alternatives \u00e0 v\u00e9lo","potentialAction":[{"@type":"SearchAction","target":{"@type":"EntryPoint","urlTemplate":"https:\/\/www.altercampagne.net\/?s={search_term_string}"},"query-input":{"@type":"PropertyValueSpecification","valueRequired":true,"valueName":"search_term_string"}}],"inLanguage":"fr-FR"},{"@type":"Person","@id":"https:\/\/www.altercampagne.net\/#\/schema\/person\/0f261460c09e430caa0f9bcffa319109","name":"Mathieu","image":{"@type":"ImageObject","inLanguage":"fr-FR","@id":"https:\/\/secure.gravatar.com\/avatar\/aa9d3d24c83f2141e5e2709d0f63d09a99f6be6bb7a50abc4915838d9f54501a?s=96&d=mm&r=g","url":"https:\/\/secure.gravatar.com\/avatar\/aa9d3d24c83f2141e5e2709d0f63d09a99f6be6bb7a50abc4915838d9f54501a?s=96&d=mm&r=g","contentUrl":"https:\/\/secure.gravatar.com\/avatar\/aa9d3d24c83f2141e5e2709d0f63d09a99f6be6bb7a50abc4915838d9f54501a?s=96&d=mm&r=g","caption":"Mathieu"},"url":"https:\/\/www.altercampagne.net\/?author=214"}]}},"_links":{"self":[{"href":"https:\/\/www.altercampagne.net\/index.php?rest_route=\/wp\/v2\/posts\/16077","targetHints":{"allow":["GET"]}}],"collection":[{"href":"https:\/\/www.altercampagne.net\/index.php?rest_route=\/wp\/v2\/posts"}],"about":[{"href":"https:\/\/www.altercampagne.net\/index.php?rest_route=\/wp\/v2\/types\/post"}],"author":[{"embeddable":true,"href":"https:\/\/www.altercampagne.net\/index.php?rest_route=\/wp\/v2\/users\/214"}],"replies":[{"embeddable":true,"href":"https:\/\/www.altercampagne.net\/index.php?rest_route=%2Fwp%2Fv2%2Fcomments&post=16077"}],"version-history":[{"count":3,"href":"https:\/\/www.altercampagne.net\/index.php?rest_route=\/wp\/v2\/posts\/16077\/revisions"}],"predecessor-version":[{"id":28570,"href":"https:\/\/www.altercampagne.net\/index.php?rest_route=\/wp\/v2\/posts\/16077\/revisions\/28570"}],"wp:featuredmedia":[{"embeddable":true,"href":"https:\/\/www.altercampagne.net\/index.php?rest_route=\/wp\/v2\/media\/16078"}],"wp:attachment":[{"href":"https:\/\/www.altercampagne.net\/index.php?rest_route=%2Fwp%2Fv2%2Fmedia&parent=16077"}],"wp:term":[{"taxonomy":"category","embeddable":true,"href":"https:\/\/www.altercampagne.net\/index.php?rest_route=%2Fwp%2Fv2%2Fcategories&post=16077"},{"taxonomy":"post_tag","embeddable":true,"href":"https:\/\/www.altercampagne.net\/index.php?rest_route=%2Fwp%2Fv2%2Ftags&post=16077"}],"curies":[{"name":"wp","href":"https:\/\/api.w.org\/{rel}","templated":true}]}}