{"id":16084,"date":"2019-08-23T09:34:41","date_gmt":"2019-08-23T07:34:41","guid":{"rendered":"http:\/\/www.altercampagne.net\/?p=16084"},"modified":"2021-05-06T10:44:39","modified_gmt":"2021-05-06T08:44:39","slug":"cyclisme-autogestion-et-transition-ecologique-dans-le-gers","status":"publish","type":"post","link":"https:\/\/www.altercampagne.net\/?p=16084","title":{"rendered":"Cyclisme, autogestion et transition \u00e9cologique dans le Gers"},"content":{"rendered":"\n<p>Autogestion et d\u00e9couverte de projets  \u00abinspirants\u00bb, tels sont les leitmotivs des \u00abaltercyclistes\u00bb qui sont  arriv\u00e9s \u00e0 Auch, hier. Ils avaient visit\u00e9 la veille la <strong><a href=\"http:\/\/lafermedesarbolets.fr\/\" target=\"_blank\" rel=\"noreferrer noopener\" aria-label=\"Ferme des Arbol\u00e8ts (s\u2019ouvre dans un nouvel onglet)\">Ferme des Arbol\u00e8ts<\/a><\/strong> \u00e0 Mont\u00e9gut. L&rsquo;AlterTour est un mini-tour de France au cours  duquel un groupe de 65 cyclistes maximum, qui se relaie, explore des  projets visant \u00e0 une transition \u00e9cologique et solidaire.<\/p>\n\n\n\n<p>Et \u00e0 leur arriv\u00e9e \u00e0 l&rsquo;<strong><a rel=\"noreferrer noopener\" aria-label=\"Abri des possibles (s\u2019ouvre dans un nouvel onglet)\" href=\"http:\/\/blog.abridespossibles.fr\/\" target=\"_blank\">Abri des possibles<\/a><\/strong>, les participants interrog\u00e9s \u00e9taient ravis de leur exp\u00e9rience. (&#8230;) Val\u00e9rie, 55 ans, conseill\u00e8re  principale d&rsquo;\u00e9ducation qui a rejoint le tour en Dordogne voil\u00e0 dix jours, en est \u00e0 son dixi\u00e8me AlterTour. \u00abJe suis comme Ob\u00e9lix, je suis tomb\u00e9 dedans il y a dix ans et je n&rsquo;en sors pas !\u00bb Elle a  particuli\u00e8rement appr\u00e9ci\u00e9 la visite du Jardin des Arbol\u00e8ts et notamment  son volet \u00abinterg\u00e9n\u00e9rationnel avec une femme seule sur sa ferme, en  production conventionnelle, qui accepte de faire sa transition avec tous  ces jeunes.\u00bb Plus g\u00e9n\u00e9ralement, elle loue \u00abl&rsquo;autonomie et l&rsquo;autogestion  du groupe, particuli\u00e8rement dans la gouvernance et afin que chacun  prenne sa place.\u00bb Mais aussi le fait que les porteurs et projets et  cyclistes \u00abs&rsquo;apportent mutuellement.\u00bb \u00abNotre venue leur redonne de  l&rsquo;\u00e9nergie et les cyclistes \u00e9voluent dans leurs pratiques.\u00bb<\/p>\n\n\n\n<p>Et parfois, plus qu&rsquo;une \u00e9volution de vie, c&rsquo;est un changement de vie  radical qui attend les voyageurs. Justine s&rsquo;est ainsi install\u00e9e \u00e0 Auch en 2012, \u00e0 la <strong><a rel=\"noreferrer noopener\" aria-label=\"ferme du Loriot (s\u2019ouvre dans un nouvel onglet)\" href=\"https:\/\/fr-fr.facebook.com\/ferme.duloriot.94\" target=\"_blank\">Ferme du Loriot<\/a><\/strong> en transformation fromag\u00e8re apr\u00e8s avoir  rencontr\u00e9 les agriculteurs du lieu lors de l&rsquo;AlterTour.<\/p>\n\n\n\n<p>L&rsquo;AlterTour est aujourd&rsquo;hui \u00abChez les voisins\u00bb \u00e0 Montesquiou.                                                                                                                                                                                                                                                                                                                                                                                                                                                                                                                                                                                                                                                                                                                                                                                                                                                                   <\/p>\n\n\n\n<p class=\"has-text-align-right\"><strong><a href=\"https:\/\/www.ladepeche.fr\/2019\/08\/21\/cyclisme-autogestion-et-transition-ecologique,8369471.php\" target=\"_blank\" rel=\"noreferrer noopener\" aria-label=\"Ga\u00ebtane Rohr, la D\u00e9p\u00eache (s\u2019ouvre dans un nouvel onglet)\">Ga\u00ebtane Rohr, la D\u00e9p\u00eache<\/a><\/strong><\/p>\n","protected":false},"excerpt":{"rendered":"<p>Autogestion et d\u00e9couverte de projets \u00abinspirants\u00bb, tels sont les leitmotivs des \u00abaltercyclistes\u00bb qui sont arriv\u00e9s \u00e0 Auch, hier. Ils avaient visit\u00e9 la veille la Ferme des Arbol\u00e8ts \u00e0 Mont\u00e9gut. L&rsquo;AlterTour est un mini-tour de France au cours duquel un groupe de 65 cyclistes maximum, qui se relaie, explore des projets &#8230; <\/p>\n<div><a href=\"https:\/\/www.altercampagne.net\/?p=16084\" class=\"more-link\">Read More<\/a><\/div>\n","protected":false},"author":214,"featured_media":16085,"comment_status":"closed","ping_status":"closed","sticky":false,"template":"","format":"standard","meta":{"footnotes":""},"categories":[3483,4313,3490,3773,239,3480],"tags":[1855,1967,2785,3966,4034,4058],"class_list":["post-16084","post","type-post","status-publish","format-standard","has-post-thumbnail","hentry","category-agriculture","category-altertour","category-culture","category-edition-2019","category-revue-de-presse","category-occitanie","tag-gers","tag-auch","tag-occitanie","tag-montegut","tag-ferme-des-arbolets","tag-abri-des-possibles"],"yoast_head":"<!-- This site is optimized with the Yoast SEO plugin v27.3 - https:\/\/yoast.com\/product\/yoast-seo-wordpress\/ -->\n<title>Cyclisme, autogestion et transition \u00e9cologique dans le Gers - AlterTour<\/title>\n<meta name=\"robots\" content=\"index, follow, max-snippet:-1, max-image-preview:large, max-video-preview:-1\" \/>\n<link rel=\"canonical\" href=\"https:\/\/www.altercampagne.net\/?p=16084\" \/>\n<meta property=\"og:locale\" content=\"fr_FR\" \/>\n<meta property=\"og:type\" content=\"article\" \/>\n<meta property=\"og:title\" content=\"Cyclisme, autogestion et transition \u00e9cologique dans le Gers - AlterTour\" \/>\n<meta property=\"og:description\" content=\"Autogestion et d\u00e9couverte de projets \u00abinspirants\u00bb, tels sont les leitmotivs des \u00abaltercyclistes\u00bb qui sont arriv\u00e9s \u00e0 Auch, hier. Ils avaient visit\u00e9 la veille la Ferme des Arbol\u00e8ts \u00e0 Mont\u00e9gut. L&rsquo;AlterTour est un mini-tour de France au cours duquel un groupe de 65 cyclistes maximum, qui se relaie, explore des projets ... Read More\" \/>\n<meta property=\"og:url\" content=\"https:\/\/www.altercampagne.net\/?p=16084\" \/>\n<meta property=\"og:site_name\" content=\"AlterTour\" \/>\n<meta property=\"article:published_time\" content=\"2019-08-23T07:34:41+00:00\" \/>\n<meta property=\"article:modified_time\" content=\"2021-05-06T08:44:39+00:00\" \/>\n<meta property=\"og:image\" content=\"https:\/\/www.altercampagne.net\/wp-content\/uploads\/2019\/10\/2019-08-23-La-Depeche.jpg\" \/>\n\t<meta property=\"og:image:width\" content=\"885\" \/>\n\t<meta property=\"og:image:height\" content=\"462\" \/>\n\t<meta property=\"og:image:type\" content=\"image\/jpeg\" \/>\n<meta name=\"author\" content=\"Mathieu\" \/>\n<meta name=\"twitter:card\" content=\"summary_large_image\" \/>\n<meta name=\"twitter:label1\" content=\"\u00c9crit par\" \/>\n\t<meta name=\"twitter:data1\" content=\"Mathieu\" \/>\n\t<meta name=\"twitter:label2\" content=\"Dur\u00e9e de lecture estim\u00e9e\" \/>\n\t<meta name=\"twitter:data2\" content=\"1 minute\" \/>\n<script type=\"application\/ld+json\" class=\"yoast-schema-graph\">{\"@context\":\"https:\\\/\\\/schema.org\",\"@graph\":[{\"@type\":\"Article\",\"@id\":\"https:\\\/\\\/www.altercampagne.net\\\/?p=16084#article\",\"isPartOf\":{\"@id\":\"https:\\\/\\\/www.altercampagne.net\\\/?p=16084\"},\"author\":{\"name\":\"Mathieu\",\"@id\":\"https:\\\/\\\/www.altercampagne.net\\\/#\\\/schema\\\/person\\\/0f261460c09e430caa0f9bcffa319109\"},\"headline\":\"Cyclisme, autogestion et transition \u00e9cologique dans le Gers\",\"datePublished\":\"2019-08-23T07:34:41+00:00\",\"dateModified\":\"2021-05-06T08:44:39+00:00\",\"mainEntityOfPage\":{\"@id\":\"https:\\\/\\\/www.altercampagne.net\\\/?p=16084\"},\"wordCount\":284,\"image\":{\"@id\":\"https:\\\/\\\/www.altercampagne.net\\\/?p=16084#primaryimage\"},\"thumbnailUrl\":\"https:\\\/\\\/www.altercampagne.net\\\/wp-content\\\/uploads\\\/2019\\\/10\\\/2019-08-23-La-Depeche.jpg\",\"keywords\":[\"Gers\",\"Auch\",\"Occitanie\",\"Montegut\",\"Ferme des Arbolets\",\"abri des possibles\"],\"articleSection\":[\"Agriculture\",\"AlterTour\",\"Culture\",\"Edition 2019\",\"Revue de presse\",\"Occitanie\"],\"inLanguage\":\"fr-FR\"},{\"@type\":\"WebPage\",\"@id\":\"https:\\\/\\\/www.altercampagne.net\\\/?p=16084\",\"url\":\"https:\\\/\\\/www.altercampagne.net\\\/?p=16084\",\"name\":\"Cyclisme, autogestion et transition \u00e9cologique dans le Gers - AlterTour\",\"isPartOf\":{\"@id\":\"https:\\\/\\\/www.altercampagne.net\\\/#website\"},\"primaryImageOfPage\":{\"@id\":\"https:\\\/\\\/www.altercampagne.net\\\/?p=16084#primaryimage\"},\"image\":{\"@id\":\"https:\\\/\\\/www.altercampagne.net\\\/?p=16084#primaryimage\"},\"thumbnailUrl\":\"https:\\\/\\\/www.altercampagne.net\\\/wp-content\\\/uploads\\\/2019\\\/10\\\/2019-08-23-La-Depeche.jpg\",\"datePublished\":\"2019-08-23T07:34:41+00:00\",\"dateModified\":\"2021-05-06T08:44:39+00:00\",\"author\":{\"@id\":\"https:\\\/\\\/www.altercampagne.net\\\/#\\\/schema\\\/person\\\/0f261460c09e430caa0f9bcffa319109\"},\"breadcrumb\":{\"@id\":\"https:\\\/\\\/www.altercampagne.net\\\/?p=16084#breadcrumb\"},\"inLanguage\":\"fr-FR\",\"potentialAction\":[{\"@type\":\"ReadAction\",\"target\":[\"https:\\\/\\\/www.altercampagne.net\\\/?p=16084\"]}]},{\"@type\":\"ImageObject\",\"inLanguage\":\"fr-FR\",\"@id\":\"https:\\\/\\\/www.altercampagne.net\\\/?p=16084#primaryimage\",\"url\":\"https:\\\/\\\/www.altercampagne.net\\\/wp-content\\\/uploads\\\/2019\\\/10\\\/2019-08-23-La-Depeche.jpg\",\"contentUrl\":\"https:\\\/\\\/www.altercampagne.net\\\/wp-content\\\/uploads\\\/2019\\\/10\\\/2019-08-23-La-Depeche.jpg\",\"width\":885,\"height\":462},{\"@type\":\"BreadcrumbList\",\"@id\":\"https:\\\/\\\/www.altercampagne.net\\\/?p=16084#breadcrumb\",\"itemListElement\":[{\"@type\":\"ListItem\",\"position\":1,\"name\":\"Accueil\",\"item\":\"https:\\\/\\\/www.altercampagne.net\\\/\"},{\"@type\":\"ListItem\",\"position\":2,\"name\":\"Cyclisme, autogestion et transition \u00e9cologique dans le Gers\"}]},{\"@type\":\"WebSite\",\"@id\":\"https:\\\/\\\/www.altercampagne.net\\\/#website\",\"url\":\"https:\\\/\\\/www.altercampagne.net\\\/\",\"name\":\"AlterTour\",\"description\":\"Reliez les Alternatives \u00e0 v\u00e9lo\",\"potentialAction\":[{\"@type\":\"SearchAction\",\"target\":{\"@type\":\"EntryPoint\",\"urlTemplate\":\"https:\\\/\\\/www.altercampagne.net\\\/?s={search_term_string}\"},\"query-input\":{\"@type\":\"PropertyValueSpecification\",\"valueRequired\":true,\"valueName\":\"search_term_string\"}}],\"inLanguage\":\"fr-FR\"},{\"@type\":\"Person\",\"@id\":\"https:\\\/\\\/www.altercampagne.net\\\/#\\\/schema\\\/person\\\/0f261460c09e430caa0f9bcffa319109\",\"name\":\"Mathieu\",\"image\":{\"@type\":\"ImageObject\",\"inLanguage\":\"fr-FR\",\"@id\":\"https:\\\/\\\/secure.gravatar.com\\\/avatar\\\/aa9d3d24c83f2141e5e2709d0f63d09a99f6be6bb7a50abc4915838d9f54501a?s=96&d=mm&r=g\",\"url\":\"https:\\\/\\\/secure.gravatar.com\\\/avatar\\\/aa9d3d24c83f2141e5e2709d0f63d09a99f6be6bb7a50abc4915838d9f54501a?s=96&d=mm&r=g\",\"contentUrl\":\"https:\\\/\\\/secure.gravatar.com\\\/avatar\\\/aa9d3d24c83f2141e5e2709d0f63d09a99f6be6bb7a50abc4915838d9f54501a?s=96&d=mm&r=g\",\"caption\":\"Mathieu\"},\"url\":\"https:\\\/\\\/www.altercampagne.net\\\/?author=214\"}]}<\/script>\n<!-- \/ Yoast SEO plugin. -->","yoast_head_json":{"title":"Cyclisme, autogestion et transition \u00e9cologique dans le Gers - AlterTour","robots":{"index":"index","follow":"follow","max-snippet":"max-snippet:-1","max-image-preview":"max-image-preview:large","max-video-preview":"max-video-preview:-1"},"canonical":"https:\/\/www.altercampagne.net\/?p=16084","og_locale":"fr_FR","og_type":"article","og_title":"Cyclisme, autogestion et transition \u00e9cologique dans le Gers - AlterTour","og_description":"Autogestion et d\u00e9couverte de projets \u00abinspirants\u00bb, tels sont les leitmotivs des \u00abaltercyclistes\u00bb qui sont arriv\u00e9s \u00e0 Auch, hier. Ils avaient visit\u00e9 la veille la Ferme des Arbol\u00e8ts \u00e0 Mont\u00e9gut. L&rsquo;AlterTour est un mini-tour de France au cours duquel un groupe de 65 cyclistes maximum, qui se relaie, explore des projets ... Read More","og_url":"https:\/\/www.altercampagne.net\/?p=16084","og_site_name":"AlterTour","article_published_time":"2019-08-23T07:34:41+00:00","article_modified_time":"2021-05-06T08:44:39+00:00","og_image":[{"width":885,"height":462,"url":"https:\/\/www.altercampagne.net\/wp-content\/uploads\/2019\/10\/2019-08-23-La-Depeche.jpg","type":"image\/jpeg"}],"author":"Mathieu","twitter_card":"summary_large_image","twitter_misc":{"\u00c9crit par":"Mathieu","Dur\u00e9e de lecture estim\u00e9e":"1 minute"},"schema":{"@context":"https:\/\/schema.org","@graph":[{"@type":"Article","@id":"https:\/\/www.altercampagne.net\/?p=16084#article","isPartOf":{"@id":"https:\/\/www.altercampagne.net\/?p=16084"},"author":{"name":"Mathieu","@id":"https:\/\/www.altercampagne.net\/#\/schema\/person\/0f261460c09e430caa0f9bcffa319109"},"headline":"Cyclisme, autogestion et transition \u00e9cologique dans le Gers","datePublished":"2019-08-23T07:34:41+00:00","dateModified":"2021-05-06T08:44:39+00:00","mainEntityOfPage":{"@id":"https:\/\/www.altercampagne.net\/?p=16084"},"wordCount":284,"image":{"@id":"https:\/\/www.altercampagne.net\/?p=16084#primaryimage"},"thumbnailUrl":"https:\/\/www.altercampagne.net\/wp-content\/uploads\/2019\/10\/2019-08-23-La-Depeche.jpg","keywords":["Gers","Auch","Occitanie","Montegut","Ferme des Arbolets","abri des possibles"],"articleSection":["Agriculture","AlterTour","Culture","Edition 2019","Revue de presse","Occitanie"],"inLanguage":"fr-FR"},{"@type":"WebPage","@id":"https:\/\/www.altercampagne.net\/?p=16084","url":"https:\/\/www.altercampagne.net\/?p=16084","name":"Cyclisme, autogestion et transition \u00e9cologique dans le Gers - AlterTour","isPartOf":{"@id":"https:\/\/www.altercampagne.net\/#website"},"primaryImageOfPage":{"@id":"https:\/\/www.altercampagne.net\/?p=16084#primaryimage"},"image":{"@id":"https:\/\/www.altercampagne.net\/?p=16084#primaryimage"},"thumbnailUrl":"https:\/\/www.altercampagne.net\/wp-content\/uploads\/2019\/10\/2019-08-23-La-Depeche.jpg","datePublished":"2019-08-23T07:34:41+00:00","dateModified":"2021-05-06T08:44:39+00:00","author":{"@id":"https:\/\/www.altercampagne.net\/#\/schema\/person\/0f261460c09e430caa0f9bcffa319109"},"breadcrumb":{"@id":"https:\/\/www.altercampagne.net\/?p=16084#breadcrumb"},"inLanguage":"fr-FR","potentialAction":[{"@type":"ReadAction","target":["https:\/\/www.altercampagne.net\/?p=16084"]}]},{"@type":"ImageObject","inLanguage":"fr-FR","@id":"https:\/\/www.altercampagne.net\/?p=16084#primaryimage","url":"https:\/\/www.altercampagne.net\/wp-content\/uploads\/2019\/10\/2019-08-23-La-Depeche.jpg","contentUrl":"https:\/\/www.altercampagne.net\/wp-content\/uploads\/2019\/10\/2019-08-23-La-Depeche.jpg","width":885,"height":462},{"@type":"BreadcrumbList","@id":"https:\/\/www.altercampagne.net\/?p=16084#breadcrumb","itemListElement":[{"@type":"ListItem","position":1,"name":"Accueil","item":"https:\/\/www.altercampagne.net\/"},{"@type":"ListItem","position":2,"name":"Cyclisme, autogestion et transition \u00e9cologique dans le Gers"}]},{"@type":"WebSite","@id":"https:\/\/www.altercampagne.net\/#website","url":"https:\/\/www.altercampagne.net\/","name":"AlterTour","description":"Reliez les Alternatives \u00e0 v\u00e9lo","potentialAction":[{"@type":"SearchAction","target":{"@type":"EntryPoint","urlTemplate":"https:\/\/www.altercampagne.net\/?s={search_term_string}"},"query-input":{"@type":"PropertyValueSpecification","valueRequired":true,"valueName":"search_term_string"}}],"inLanguage":"fr-FR"},{"@type":"Person","@id":"https:\/\/www.altercampagne.net\/#\/schema\/person\/0f261460c09e430caa0f9bcffa319109","name":"Mathieu","image":{"@type":"ImageObject","inLanguage":"fr-FR","@id":"https:\/\/secure.gravatar.com\/avatar\/aa9d3d24c83f2141e5e2709d0f63d09a99f6be6bb7a50abc4915838d9f54501a?s=96&d=mm&r=g","url":"https:\/\/secure.gravatar.com\/avatar\/aa9d3d24c83f2141e5e2709d0f63d09a99f6be6bb7a50abc4915838d9f54501a?s=96&d=mm&r=g","contentUrl":"https:\/\/secure.gravatar.com\/avatar\/aa9d3d24c83f2141e5e2709d0f63d09a99f6be6bb7a50abc4915838d9f54501a?s=96&d=mm&r=g","caption":"Mathieu"},"url":"https:\/\/www.altercampagne.net\/?author=214"}]}},"_links":{"self":[{"href":"https:\/\/www.altercampagne.net\/index.php?rest_route=\/wp\/v2\/posts\/16084","targetHints":{"allow":["GET"]}}],"collection":[{"href":"https:\/\/www.altercampagne.net\/index.php?rest_route=\/wp\/v2\/posts"}],"about":[{"href":"https:\/\/www.altercampagne.net\/index.php?rest_route=\/wp\/v2\/types\/post"}],"author":[{"embeddable":true,"href":"https:\/\/www.altercampagne.net\/index.php?rest_route=\/wp\/v2\/users\/214"}],"replies":[{"embeddable":true,"href":"https:\/\/www.altercampagne.net\/index.php?rest_route=%2Fwp%2Fv2%2Fcomments&post=16084"}],"version-history":[{"count":1,"href":"https:\/\/www.altercampagne.net\/index.php?rest_route=\/wp\/v2\/posts\/16084\/revisions"}],"predecessor-version":[{"id":21737,"href":"https:\/\/www.altercampagne.net\/index.php?rest_route=\/wp\/v2\/posts\/16084\/revisions\/21737"}],"wp:featuredmedia":[{"embeddable":true,"href":"https:\/\/www.altercampagne.net\/index.php?rest_route=\/wp\/v2\/media\/16085"}],"wp:attachment":[{"href":"https:\/\/www.altercampagne.net\/index.php?rest_route=%2Fwp%2Fv2%2Fmedia&parent=16084"}],"wp:term":[{"taxonomy":"category","embeddable":true,"href":"https:\/\/www.altercampagne.net\/index.php?rest_route=%2Fwp%2Fv2%2Fcategories&post=16084"},{"taxonomy":"post_tag","embeddable":true,"href":"https:\/\/www.altercampagne.net\/index.php?rest_route=%2Fwp%2Fv2%2Ftags&post=16084"}],"curies":[{"name":"wp","href":"https:\/\/api.w.org\/{rel}","templated":true}]}}