{"id":16087,"date":"2019-08-20T10:00:48","date_gmt":"2019-08-20T08:00:48","guid":{"rendered":"http:\/\/www.altercampagne.net\/?p=16087"},"modified":"2021-05-06T10:44:40","modified_gmt":"2021-05-06T08:44:40","slug":"les-alternatives-gersoises-a-velo","status":"publish","type":"post","link":"https:\/\/www.altercampagne.net\/?p=16087","title":{"rendered":"Les alternatives gersoises \u00e0 v\u00e9lo"},"content":{"rendered":"\n<p>L&rsquo;AlterTour est arriv\u00e9 dimanche dans le Gers. Au total, ce sont 420 cyclistes qui se relaient pour un parcours dans toute la France, d&rsquo;Angers \u00e0 Pau, \u00e0 la recherche des \u00abalternatives\u00bb et des \u00abprojets de transition\u00bb, notamment \u00e9cologique.<\/p>\n\n\n\n<p>L&rsquo;AlterTour a vu le jour pour la premi\u00e8re fois en 2008, n\u00e9 d&rsquo;un collectif informel d&rsquo;associations telles Attac, la Conf\u00e9d\u00e9ration paysanne, Greenpeace, Accueil paysan et d&rsquo;autres. Les associations souhaitaient alors f\u00eater leur victoire. Car le collectif se battait depuis 2005 pour l&rsquo;interdiction des OGM en France. Et en 2008, la France  d\u00e9cide d&rsquo;interdire la culture des organismes g\u00e9n\u00e9tiquement modifi\u00e9s en plein champ. \u00abOn a alors f\u00eat\u00e9 l&rsquo;\u00e9v\u00e9nement avec un tour de France \u00e0 v\u00e9lo, \u00e0 la rencontre de ceux qui s&rsquo;\u00e9taient mobilis\u00e9s pour cette  interdiction\u00bb, relate Mathieu Fromont, salari\u00e9 de l&rsquo;association. Ils rencontrent citoyens, paysans, hommes politiques et scientifiques. Un tel succ\u00e8s qu&rsquo;ils d\u00e9cident de renouveler l&rsquo;initiative, qui perdure.<\/p>\n\n\n\n<p>D\u00e9sormais, ils partent \u00e0 la rencontre des alternatives pour un monde  plus juste et plus durable. A la rencontre de ceux qui \u0153uvrent au quotidien contre une \u00abcivilisation dop\u00e9e\u00bb. \u00abLes \u00e9nergies nucl\u00e9aire et fossiles nous permettent d&rsquo;aller plus vite et plus loin mais elles ont des cons\u00e9quences n\u00e9gatives pour l&rsquo;environnement, comme c&rsquo;est le cas pour le dopage sportif. Tout comme l&rsquo;usage d&rsquo;intrants chimiques de synth\u00e8se pour l&rsquo;agriculture afin d&rsquo;augmenter les rendements, qui cause pollution  de l&rsquo;eau et des sols, les rendant moins fertiles.\u00bb<\/p>\n\n\n\n<p>Le groupe, compos\u00e9 de 65 cyclistes qui se relaient pour la dur\u00e9e qu&rsquo;ils souhaitent, fait donc escale dans le Gers. Dimanche, ils \u00e9taient au <strong><a rel=\"noreferrer noopener\" aria-label=\"camping du Mouton (s\u2019ouvre dans un nouvel onglet)\" href=\"http:\/\/www.camping-mouton-noir.fr\/\" target=\"_blank\">camping du Mouton<\/a><\/strong> noir \u00e0 Sainte-Anne pour y parler r\u00e9fugi\u00e9s climatiques. Hier, ils \u00e9taient \u00e0 Mont\u00e9gut \u00e0 la <strong><a rel=\"noreferrer noopener\" aria-label=\"Ferme des Arbolets (s\u2019ouvre dans un nouvel onglet)\" href=\"http:\/\/lafermedesarbolets.fr\/\" target=\"_blank\">Ferme des Arbolets<\/a><\/strong> pour y d\u00e9couvrir un projet agricole collectif fond\u00e9 sur l&rsquo;entraide. Et aujourd&rsquo;hui, l&rsquo;Herbe \u00e0 l&rsquo;aise de Castelnau-Barbarens viendra leur faire d\u00e9couvrir sa production de tisanes artisanales. Ils arriveront en d\u00e9but d&rsquo;apr\u00e8s-midi \u00e0 l&rsquo;<strong><a href=\"https:\/\/abridespossibles.fr\/\" target=\"_blank\" rel=\"noreferrer noopener\" aria-label=\"Abri des possibles (s\u2019ouvre dans un nouvel onglet)\">Abri des possibles<\/a><\/strong> \u00e0 Auch, o\u00f9 ils se scinderont en plusieurs groupes pour visiter le caf\u00e9 associatif, Valoris, l&rsquo;Atelier du V\u00e9lo et Cin\u00e9 32.<\/p>\n\n\n\n<p style=\"text-align:right\"><strong><a href=\"https:\/\/www.ladepeche.fr\/2019\/08\/20\/les-alternatives-gersoises-a-velo,8368000.php\" target=\"_blank\" rel=\"noreferrer noopener\" aria-label=\"Ga\u00ebtane Rohr, La D\u00e9p\u00eache (s\u2019ouvre dans un nouvel onglet)\">Ga\u00ebtane Rohr, La D\u00e9p\u00eache<\/a><\/strong> <\/p>\n","protected":false},"excerpt":{"rendered":"<p>L&rsquo;AlterTour est arriv\u00e9 dimanche dans le Gers. Au total, ce sont 420 cyclistes qui se relaient pour un parcours dans toute la France, d&rsquo;Angers \u00e0 Pau, \u00e0 la recherche des \u00abalternatives\u00bb et des \u00abprojets de transition\u00bb, notamment \u00e9cologique. L&rsquo;AlterTour a vu le jour pour la premi\u00e8re fois en 2008, n\u00e9 &#8230; <\/p>\n<div><a href=\"https:\/\/www.altercampagne.net\/?p=16087\" class=\"more-link\">Read More<\/a><\/div>\n","protected":false},"author":214,"featured_media":16088,"comment_status":"closed","ping_status":"closed","sticky":false,"template":"","format":"standard","meta":{"footnotes":""},"categories":[3483,4313,3490,3773,239,3480],"tags":[],"class_list":["post-16087","post","type-post","status-publish","format-standard","has-post-thumbnail","hentry","category-agriculture","category-altertour","category-culture","category-edition-2019","category-revue-de-presse","category-occitanie"],"yoast_head":"<!-- This site is optimized with the Yoast SEO plugin v27.3 - https:\/\/yoast.com\/product\/yoast-seo-wordpress\/ -->\n<title>Les alternatives gersoises \u00e0 v\u00e9lo - AlterTour<\/title>\n<meta name=\"robots\" content=\"index, follow, max-snippet:-1, max-image-preview:large, max-video-preview:-1\" \/>\n<link rel=\"canonical\" href=\"https:\/\/www.altercampagne.net\/?p=16087\" \/>\n<meta property=\"og:locale\" content=\"fr_FR\" \/>\n<meta property=\"og:type\" content=\"article\" \/>\n<meta property=\"og:title\" content=\"Les alternatives gersoises \u00e0 v\u00e9lo - AlterTour\" \/>\n<meta property=\"og:description\" content=\"L&rsquo;AlterTour est arriv\u00e9 dimanche dans le Gers. Au total, ce sont 420 cyclistes qui se relaient pour un parcours dans toute la France, d&rsquo;Angers \u00e0 Pau, \u00e0 la recherche des \u00abalternatives\u00bb et des \u00abprojets de transition\u00bb, notamment \u00e9cologique. L&rsquo;AlterTour a vu le jour pour la premi\u00e8re fois en 2008, n\u00e9 ... Read More\" \/>\n<meta property=\"og:url\" content=\"https:\/\/www.altercampagne.net\/?p=16087\" \/>\n<meta property=\"og:site_name\" content=\"AlterTour\" \/>\n<meta property=\"article:published_time\" content=\"2019-08-20T08:00:48+00:00\" \/>\n<meta property=\"article:modified_time\" content=\"2021-05-06T08:44:40+00:00\" \/>\n<meta property=\"og:image\" content=\"https:\/\/www.altercampagne.net\/wp-content\/uploads\/2019\/10\/2019-08-20-La-Depeche.jpg\" \/>\n\t<meta property=\"og:image:width\" content=\"885\" \/>\n\t<meta property=\"og:image:height\" content=\"462\" \/>\n\t<meta property=\"og:image:type\" content=\"image\/jpeg\" \/>\n<meta name=\"author\" content=\"Mathieu\" \/>\n<meta name=\"twitter:card\" content=\"summary_large_image\" \/>\n<meta name=\"twitter:label1\" content=\"\u00c9crit par\" \/>\n\t<meta name=\"twitter:data1\" content=\"Mathieu\" \/>\n\t<meta name=\"twitter:label2\" content=\"Dur\u00e9e de lecture estim\u00e9e\" \/>\n\t<meta name=\"twitter:data2\" content=\"2 minutes\" \/>\n<script type=\"application\/ld+json\" class=\"yoast-schema-graph\">{\"@context\":\"https:\\\/\\\/schema.org\",\"@graph\":[{\"@type\":\"Article\",\"@id\":\"https:\\\/\\\/www.altercampagne.net\\\/?p=16087#article\",\"isPartOf\":{\"@id\":\"https:\\\/\\\/www.altercampagne.net\\\/?p=16087\"},\"author\":{\"name\":\"Mathieu\",\"@id\":\"https:\\\/\\\/www.altercampagne.net\\\/#\\\/schema\\\/person\\\/0f261460c09e430caa0f9bcffa319109\"},\"headline\":\"Les alternatives gersoises \u00e0 v\u00e9lo\",\"datePublished\":\"2019-08-20T08:00:48+00:00\",\"dateModified\":\"2021-05-06T08:44:40+00:00\",\"mainEntityOfPage\":{\"@id\":\"https:\\\/\\\/www.altercampagne.net\\\/?p=16087\"},\"wordCount\":384,\"image\":{\"@id\":\"https:\\\/\\\/www.altercampagne.net\\\/?p=16087#primaryimage\"},\"thumbnailUrl\":\"https:\\\/\\\/www.altercampagne.net\\\/wp-content\\\/uploads\\\/2019\\\/10\\\/2019-08-20-La-Depeche.jpg\",\"articleSection\":[\"Agriculture\",\"AlterTour\",\"Culture\",\"Edition 2019\",\"Revue de presse\",\"Occitanie\"],\"inLanguage\":\"fr-FR\"},{\"@type\":\"WebPage\",\"@id\":\"https:\\\/\\\/www.altercampagne.net\\\/?p=16087\",\"url\":\"https:\\\/\\\/www.altercampagne.net\\\/?p=16087\",\"name\":\"Les alternatives gersoises \u00e0 v\u00e9lo - AlterTour\",\"isPartOf\":{\"@id\":\"https:\\\/\\\/www.altercampagne.net\\\/#website\"},\"primaryImageOfPage\":{\"@id\":\"https:\\\/\\\/www.altercampagne.net\\\/?p=16087#primaryimage\"},\"image\":{\"@id\":\"https:\\\/\\\/www.altercampagne.net\\\/?p=16087#primaryimage\"},\"thumbnailUrl\":\"https:\\\/\\\/www.altercampagne.net\\\/wp-content\\\/uploads\\\/2019\\\/10\\\/2019-08-20-La-Depeche.jpg\",\"datePublished\":\"2019-08-20T08:00:48+00:00\",\"dateModified\":\"2021-05-06T08:44:40+00:00\",\"author\":{\"@id\":\"https:\\\/\\\/www.altercampagne.net\\\/#\\\/schema\\\/person\\\/0f261460c09e430caa0f9bcffa319109\"},\"breadcrumb\":{\"@id\":\"https:\\\/\\\/www.altercampagne.net\\\/?p=16087#breadcrumb\"},\"inLanguage\":\"fr-FR\",\"potentialAction\":[{\"@type\":\"ReadAction\",\"target\":[\"https:\\\/\\\/www.altercampagne.net\\\/?p=16087\"]}]},{\"@type\":\"ImageObject\",\"inLanguage\":\"fr-FR\",\"@id\":\"https:\\\/\\\/www.altercampagne.net\\\/?p=16087#primaryimage\",\"url\":\"https:\\\/\\\/www.altercampagne.net\\\/wp-content\\\/uploads\\\/2019\\\/10\\\/2019-08-20-La-Depeche.jpg\",\"contentUrl\":\"https:\\\/\\\/www.altercampagne.net\\\/wp-content\\\/uploads\\\/2019\\\/10\\\/2019-08-20-La-Depeche.jpg\",\"width\":885,\"height\":462},{\"@type\":\"BreadcrumbList\",\"@id\":\"https:\\\/\\\/www.altercampagne.net\\\/?p=16087#breadcrumb\",\"itemListElement\":[{\"@type\":\"ListItem\",\"position\":1,\"name\":\"Accueil\",\"item\":\"https:\\\/\\\/www.altercampagne.net\\\/\"},{\"@type\":\"ListItem\",\"position\":2,\"name\":\"Les alternatives gersoises \u00e0 v\u00e9lo\"}]},{\"@type\":\"WebSite\",\"@id\":\"https:\\\/\\\/www.altercampagne.net\\\/#website\",\"url\":\"https:\\\/\\\/www.altercampagne.net\\\/\",\"name\":\"AlterTour\",\"description\":\"Reliez les Alternatives \u00e0 v\u00e9lo\",\"potentialAction\":[{\"@type\":\"SearchAction\",\"target\":{\"@type\":\"EntryPoint\",\"urlTemplate\":\"https:\\\/\\\/www.altercampagne.net\\\/?s={search_term_string}\"},\"query-input\":{\"@type\":\"PropertyValueSpecification\",\"valueRequired\":true,\"valueName\":\"search_term_string\"}}],\"inLanguage\":\"fr-FR\"},{\"@type\":\"Person\",\"@id\":\"https:\\\/\\\/www.altercampagne.net\\\/#\\\/schema\\\/person\\\/0f261460c09e430caa0f9bcffa319109\",\"name\":\"Mathieu\",\"image\":{\"@type\":\"ImageObject\",\"inLanguage\":\"fr-FR\",\"@id\":\"https:\\\/\\\/secure.gravatar.com\\\/avatar\\\/aa9d3d24c83f2141e5e2709d0f63d09a99f6be6bb7a50abc4915838d9f54501a?s=96&d=mm&r=g\",\"url\":\"https:\\\/\\\/secure.gravatar.com\\\/avatar\\\/aa9d3d24c83f2141e5e2709d0f63d09a99f6be6bb7a50abc4915838d9f54501a?s=96&d=mm&r=g\",\"contentUrl\":\"https:\\\/\\\/secure.gravatar.com\\\/avatar\\\/aa9d3d24c83f2141e5e2709d0f63d09a99f6be6bb7a50abc4915838d9f54501a?s=96&d=mm&r=g\",\"caption\":\"Mathieu\"},\"url\":\"https:\\\/\\\/www.altercampagne.net\\\/?author=214\"}]}<\/script>\n<!-- \/ Yoast SEO plugin. -->","yoast_head_json":{"title":"Les alternatives gersoises \u00e0 v\u00e9lo - AlterTour","robots":{"index":"index","follow":"follow","max-snippet":"max-snippet:-1","max-image-preview":"max-image-preview:large","max-video-preview":"max-video-preview:-1"},"canonical":"https:\/\/www.altercampagne.net\/?p=16087","og_locale":"fr_FR","og_type":"article","og_title":"Les alternatives gersoises \u00e0 v\u00e9lo - AlterTour","og_description":"L&rsquo;AlterTour est arriv\u00e9 dimanche dans le Gers. Au total, ce sont 420 cyclistes qui se relaient pour un parcours dans toute la France, d&rsquo;Angers \u00e0 Pau, \u00e0 la recherche des \u00abalternatives\u00bb et des \u00abprojets de transition\u00bb, notamment \u00e9cologique. L&rsquo;AlterTour a vu le jour pour la premi\u00e8re fois en 2008, n\u00e9 ... Read More","og_url":"https:\/\/www.altercampagne.net\/?p=16087","og_site_name":"AlterTour","article_published_time":"2019-08-20T08:00:48+00:00","article_modified_time":"2021-05-06T08:44:40+00:00","og_image":[{"width":885,"height":462,"url":"https:\/\/www.altercampagne.net\/wp-content\/uploads\/2019\/10\/2019-08-20-La-Depeche.jpg","type":"image\/jpeg"}],"author":"Mathieu","twitter_card":"summary_large_image","twitter_misc":{"\u00c9crit par":"Mathieu","Dur\u00e9e de lecture estim\u00e9e":"2 minutes"},"schema":{"@context":"https:\/\/schema.org","@graph":[{"@type":"Article","@id":"https:\/\/www.altercampagne.net\/?p=16087#article","isPartOf":{"@id":"https:\/\/www.altercampagne.net\/?p=16087"},"author":{"name":"Mathieu","@id":"https:\/\/www.altercampagne.net\/#\/schema\/person\/0f261460c09e430caa0f9bcffa319109"},"headline":"Les alternatives gersoises \u00e0 v\u00e9lo","datePublished":"2019-08-20T08:00:48+00:00","dateModified":"2021-05-06T08:44:40+00:00","mainEntityOfPage":{"@id":"https:\/\/www.altercampagne.net\/?p=16087"},"wordCount":384,"image":{"@id":"https:\/\/www.altercampagne.net\/?p=16087#primaryimage"},"thumbnailUrl":"https:\/\/www.altercampagne.net\/wp-content\/uploads\/2019\/10\/2019-08-20-La-Depeche.jpg","articleSection":["Agriculture","AlterTour","Culture","Edition 2019","Revue de presse","Occitanie"],"inLanguage":"fr-FR"},{"@type":"WebPage","@id":"https:\/\/www.altercampagne.net\/?p=16087","url":"https:\/\/www.altercampagne.net\/?p=16087","name":"Les alternatives gersoises \u00e0 v\u00e9lo - AlterTour","isPartOf":{"@id":"https:\/\/www.altercampagne.net\/#website"},"primaryImageOfPage":{"@id":"https:\/\/www.altercampagne.net\/?p=16087#primaryimage"},"image":{"@id":"https:\/\/www.altercampagne.net\/?p=16087#primaryimage"},"thumbnailUrl":"https:\/\/www.altercampagne.net\/wp-content\/uploads\/2019\/10\/2019-08-20-La-Depeche.jpg","datePublished":"2019-08-20T08:00:48+00:00","dateModified":"2021-05-06T08:44:40+00:00","author":{"@id":"https:\/\/www.altercampagne.net\/#\/schema\/person\/0f261460c09e430caa0f9bcffa319109"},"breadcrumb":{"@id":"https:\/\/www.altercampagne.net\/?p=16087#breadcrumb"},"inLanguage":"fr-FR","potentialAction":[{"@type":"ReadAction","target":["https:\/\/www.altercampagne.net\/?p=16087"]}]},{"@type":"ImageObject","inLanguage":"fr-FR","@id":"https:\/\/www.altercampagne.net\/?p=16087#primaryimage","url":"https:\/\/www.altercampagne.net\/wp-content\/uploads\/2019\/10\/2019-08-20-La-Depeche.jpg","contentUrl":"https:\/\/www.altercampagne.net\/wp-content\/uploads\/2019\/10\/2019-08-20-La-Depeche.jpg","width":885,"height":462},{"@type":"BreadcrumbList","@id":"https:\/\/www.altercampagne.net\/?p=16087#breadcrumb","itemListElement":[{"@type":"ListItem","position":1,"name":"Accueil","item":"https:\/\/www.altercampagne.net\/"},{"@type":"ListItem","position":2,"name":"Les alternatives gersoises \u00e0 v\u00e9lo"}]},{"@type":"WebSite","@id":"https:\/\/www.altercampagne.net\/#website","url":"https:\/\/www.altercampagne.net\/","name":"AlterTour","description":"Reliez les Alternatives \u00e0 v\u00e9lo","potentialAction":[{"@type":"SearchAction","target":{"@type":"EntryPoint","urlTemplate":"https:\/\/www.altercampagne.net\/?s={search_term_string}"},"query-input":{"@type":"PropertyValueSpecification","valueRequired":true,"valueName":"search_term_string"}}],"inLanguage":"fr-FR"},{"@type":"Person","@id":"https:\/\/www.altercampagne.net\/#\/schema\/person\/0f261460c09e430caa0f9bcffa319109","name":"Mathieu","image":{"@type":"ImageObject","inLanguage":"fr-FR","@id":"https:\/\/secure.gravatar.com\/avatar\/aa9d3d24c83f2141e5e2709d0f63d09a99f6be6bb7a50abc4915838d9f54501a?s=96&d=mm&r=g","url":"https:\/\/secure.gravatar.com\/avatar\/aa9d3d24c83f2141e5e2709d0f63d09a99f6be6bb7a50abc4915838d9f54501a?s=96&d=mm&r=g","contentUrl":"https:\/\/secure.gravatar.com\/avatar\/aa9d3d24c83f2141e5e2709d0f63d09a99f6be6bb7a50abc4915838d9f54501a?s=96&d=mm&r=g","caption":"Mathieu"},"url":"https:\/\/www.altercampagne.net\/?author=214"}]}},"_links":{"self":[{"href":"https:\/\/www.altercampagne.net\/index.php?rest_route=\/wp\/v2\/posts\/16087","targetHints":{"allow":["GET"]}}],"collection":[{"href":"https:\/\/www.altercampagne.net\/index.php?rest_route=\/wp\/v2\/posts"}],"about":[{"href":"https:\/\/www.altercampagne.net\/index.php?rest_route=\/wp\/v2\/types\/post"}],"author":[{"embeddable":true,"href":"https:\/\/www.altercampagne.net\/index.php?rest_route=\/wp\/v2\/users\/214"}],"replies":[{"embeddable":true,"href":"https:\/\/www.altercampagne.net\/index.php?rest_route=%2Fwp%2Fv2%2Fcomments&post=16087"}],"version-history":[{"count":1,"href":"https:\/\/www.altercampagne.net\/index.php?rest_route=\/wp\/v2\/posts\/16087\/revisions"}],"predecessor-version":[{"id":21743,"href":"https:\/\/www.altercampagne.net\/index.php?rest_route=\/wp\/v2\/posts\/16087\/revisions\/21743"}],"wp:featuredmedia":[{"embeddable":true,"href":"https:\/\/www.altercampagne.net\/index.php?rest_route=\/wp\/v2\/media\/16088"}],"wp:attachment":[{"href":"https:\/\/www.altercampagne.net\/index.php?rest_route=%2Fwp%2Fv2%2Fmedia&parent=16087"}],"wp:term":[{"taxonomy":"category","embeddable":true,"href":"https:\/\/www.altercampagne.net\/index.php?rest_route=%2Fwp%2Fv2%2Fcategories&post=16087"},{"taxonomy":"post_tag","embeddable":true,"href":"https:\/\/www.altercampagne.net\/index.php?rest_route=%2Fwp%2Fv2%2Ftags&post=16087"}],"curies":[{"name":"wp","href":"https:\/\/api.w.org\/{rel}","templated":true}]}}