{"id":16093,"date":"2019-08-15T10:25:40","date_gmt":"2019-08-15T08:25:40","guid":{"rendered":"http:\/\/www.altercampagne.net\/?p=16093"},"modified":"2021-05-06T10:45:41","modified_gmt":"2021-05-06T08:45:41","slug":"a-defaut-du-tour-de-france-laltertour-fait-etape-a-figeac","status":"publish","type":"post","link":"https:\/\/www.altercampagne.net\/?p=16093","title":{"rendered":"\u00c0 d\u00e9faut du Tour de France, l&rsquo;AlterTour fait \u00e9tape \u00e0 Figeac"},"content":{"rendered":"\n<p>Beaucoup moins polluante et bruyante que la caravane du vrai Tour de  France, celle de l&rsquo;AlterTour est arriv\u00e9e sans bruit, mardi matin au  rond-point des Carmes pour un premier arr\u00eat place du 12 mai 1944. Plus de 60 participants en provenance de Brengues, la plupart \u00e0 v\u00e9los, se sont offerts quelques moments de r\u00e9pit avant de rejoindre leurs deux points de ralliement, le caf\u00e9 associatif \u00ab<strong><a href=\"https:\/\/www.larrosoir.org\/\" target=\"_blank\" rel=\"noreferrer noopener\" aria-label=\"L'Arrosoir (s\u2019ouvre dans un nouvel onglet)\">L&rsquo;Arrosoir<\/a><\/strong>\u00bb et le restaurant associatif \u00abLa petite graine solidaire\u00bb.<\/p>\n\n\n\n<h4 class=\"wp-block-heading\">Le p\u00e9riple alternatif<\/h4>\n\n\n\n<p>\u00abC&rsquo;est \u00e0 partir d&rsquo;un collectif d&rsquo;associations anti-OGM, qu&rsquo;en 2008  s&rsquo;est cr\u00e9\u00e9 l&rsquo;AlterTour, tour de la coop\u00e9ration, par opposition au Tour de France, tour de la comp\u00e9tition, explique Julie Lefort de Paris, l&rsquo;une des membres du collectif. Depuis, chaque \u00e9t\u00e9, nous partons sur les  routes, pour un p\u00e9riple ponctu\u00e9 d&rsquo;actions militantes et de visites alternatives. Nous faisons des \u00e9tapes assez courtes, ce qui nous laisse plus de temps pour participer \u00e0 des chantiers solidaires, ou dialoguer avec les associations locales rencontr\u00e9es\u00bb. C&rsquo;est ainsi que dans  l&rsquo;apr\u00e8s-midi \u00e0 l&rsquo;Arrosoir, de nombreux \u00e9changes \u00e9taient pr\u00e9vus, comme avec l&rsquo;<strong><a rel=\"noreferrer noopener\" aria-label=\"Universit\u00e9 Rurale de Quercy Rouergue (s\u2019ouvre dans un nouvel onglet)\" href=\"https:\/\/urqr.org\/\" target=\"_blank\">Universit\u00e9 Rurale de Quercy Rouergue<\/a><\/strong> (URQR), qui milite afin que  chacun soit acteur de sa vie et de son territoire. Elle pr\u00e9sentait ses  trois activit\u00e9s : formation continue universitaire, l&rsquo;appui \u00e0 la vie associative et \u00e0 l&rsquo;\u00e9conomie sociale et solidaire (PAVA) et  l&rsquo;accompagnement des collectivit\u00e9s territoriales et institutions (DELTA). Ensuite, Claire B\u00e9gin pr\u00e9sentait la structure de <strong>l&rsquo;Arrosoir<\/strong>, ce bar associatif qui en quelques mois a conquis bon nombre de Figeacois,  alors que Thomas Goulpeau, pr\u00e9sident de \u00ab<strong><a rel=\"noreferrer noopener\" aria-label=\"La roue f\u00e9d\u00e8re (s\u2019ouvre dans un nouvel onglet)\" href=\"https:\/\/larouefedere.org\/\" target=\"_blank\">La roue f\u00e9d\u00e8re<\/a><\/strong>\u00bb et militant des  d\u00e9placements doux, parlait au nom de son association, de la place de la  voiture en ville.<\/p>\n\n\n\n<h4 class=\"wp-block-heading\">Encore 10 jours jusqu&rsquo;\u00e0 Pau<\/h4>\n\n\n\n<p>\u00abNous promouvons toutes les actions alternatives, insistait Sylvie Foliguet, autre militante de Cergy-Pontoise, tout en soutenant les  initiatives locales dans les domaines les plus vari\u00e9s : \u00e9ducation, agriculture, travaux, loisirs, etc.<\/p>\n\n\n\n<p>Partis d&rsquo;Angers le 13 juillet, les militants rejoindront Pau, terme de l&rsquo;AlterTour le 25 ao\u00fbt. Chacun peut \u00e0 loisir, enfourcher son v\u00e9lo et suivre la caravane.<\/p>\n\n\n\n<p style=\"text-align:right\"><strong><a href=\"https:\/\/www.ladepeche.fr\/2019\/08\/15\/a-defaut-du-tour-de-france-laltertour-fait-etape-a-figeac,8361511.php\" target=\"_blank\" rel=\"noreferrer noopener\" aria-label=\"M.C., La D\u00e9p\u00eache (s\u2019ouvre dans un nouvel onglet)\">M.C., La D\u00e9p\u00eache<\/a><\/strong><\/p>\n","protected":false},"excerpt":{"rendered":"<p>Beaucoup moins polluante et bruyante que la caravane du vrai Tour de France, celle de l&rsquo;AlterTour est arriv\u00e9e sans bruit, mardi matin au rond-point des Carmes pour un premier arr\u00eat place du 12 mai 1944. Plus de 60 participants en provenance de Brengues, la plupart \u00e0 v\u00e9los, se sont offerts &#8230; <\/p>\n<div><a href=\"https:\/\/www.altercampagne.net\/?p=16093\" class=\"more-link\">Read More<\/a><\/div>\n","protected":false},"author":214,"featured_media":16094,"comment_status":"closed","ping_status":"closed","sticky":false,"template":"","format":"standard","meta":{"footnotes":""},"categories":[4313,3490,3773,239,3480,3488,3932],"tags":[],"class_list":["post-16093","post","type-post","status-publish","format-standard","has-post-thumbnail","hentry","category-altertour","category-culture","category-edition-2019","category-revue-de-presse","category-occitanie","category-social","category-velo"],"yoast_head":"<!-- This site is optimized with the Yoast SEO plugin v27.3 - https:\/\/yoast.com\/product\/yoast-seo-wordpress\/ -->\n<title>\u00c0 d\u00e9faut du Tour de France, l&#039;AlterTour fait \u00e9tape \u00e0 Figeac - AlterTour<\/title>\n<meta name=\"robots\" content=\"index, follow, max-snippet:-1, max-image-preview:large, max-video-preview:-1\" \/>\n<link rel=\"canonical\" href=\"https:\/\/www.altercampagne.net\/?p=16093\" \/>\n<meta property=\"og:locale\" content=\"fr_FR\" \/>\n<meta property=\"og:type\" content=\"article\" \/>\n<meta property=\"og:title\" content=\"\u00c0 d\u00e9faut du Tour de France, l&#039;AlterTour fait \u00e9tape \u00e0 Figeac - AlterTour\" \/>\n<meta property=\"og:description\" content=\"Beaucoup moins polluante et bruyante que la caravane du vrai Tour de France, celle de l&rsquo;AlterTour est arriv\u00e9e sans bruit, mardi matin au rond-point des Carmes pour un premier arr\u00eat place du 12 mai 1944. Plus de 60 participants en provenance de Brengues, la plupart \u00e0 v\u00e9los, se sont offerts ... Read More\" \/>\n<meta property=\"og:url\" content=\"https:\/\/www.altercampagne.net\/?p=16093\" \/>\n<meta property=\"og:site_name\" content=\"AlterTour\" \/>\n<meta property=\"article:published_time\" content=\"2019-08-15T08:25:40+00:00\" \/>\n<meta property=\"article:modified_time\" content=\"2021-05-06T08:45:41+00:00\" \/>\n<meta property=\"og:image\" content=\"https:\/\/www.altercampagne.net\/wp-content\/uploads\/2019\/10\/2019-08-15-La-Depeche.jpg\" \/>\n\t<meta property=\"og:image:width\" content=\"885\" \/>\n\t<meta property=\"og:image:height\" content=\"462\" \/>\n\t<meta property=\"og:image:type\" content=\"image\/jpeg\" \/>\n<meta name=\"author\" content=\"Mathieu\" \/>\n<meta name=\"twitter:card\" content=\"summary_large_image\" \/>\n<meta name=\"twitter:label1\" content=\"\u00c9crit par\" \/>\n\t<meta name=\"twitter:data1\" content=\"Mathieu\" \/>\n\t<meta name=\"twitter:label2\" content=\"Dur\u00e9e de lecture estim\u00e9e\" \/>\n\t<meta name=\"twitter:data2\" content=\"2 minutes\" \/>\n<script type=\"application\/ld+json\" class=\"yoast-schema-graph\">{\"@context\":\"https:\\\/\\\/schema.org\",\"@graph\":[{\"@type\":\"Article\",\"@id\":\"https:\\\/\\\/www.altercampagne.net\\\/?p=16093#article\",\"isPartOf\":{\"@id\":\"https:\\\/\\\/www.altercampagne.net\\\/?p=16093\"},\"author\":{\"name\":\"Mathieu\",\"@id\":\"https:\\\/\\\/www.altercampagne.net\\\/#\\\/schema\\\/person\\\/0f261460c09e430caa0f9bcffa319109\"},\"headline\":\"\u00c0 d\u00e9faut du Tour de France, l&rsquo;AlterTour fait \u00e9tape \u00e0 Figeac\",\"datePublished\":\"2019-08-15T08:25:40+00:00\",\"dateModified\":\"2021-05-06T08:45:41+00:00\",\"mainEntityOfPage\":{\"@id\":\"https:\\\/\\\/www.altercampagne.net\\\/?p=16093\"},\"wordCount\":375,\"image\":{\"@id\":\"https:\\\/\\\/www.altercampagne.net\\\/?p=16093#primaryimage\"},\"thumbnailUrl\":\"https:\\\/\\\/www.altercampagne.net\\\/wp-content\\\/uploads\\\/2019\\\/10\\\/2019-08-15-La-Depeche.jpg\",\"articleSection\":[\"AlterTour\",\"Culture\",\"Edition 2019\",\"Revue de presse\",\"Occitanie\",\"Social\",\"V\u00e9lo\"],\"inLanguage\":\"fr-FR\"},{\"@type\":\"WebPage\",\"@id\":\"https:\\\/\\\/www.altercampagne.net\\\/?p=16093\",\"url\":\"https:\\\/\\\/www.altercampagne.net\\\/?p=16093\",\"name\":\"\u00c0 d\u00e9faut du Tour de France, l'AlterTour fait \u00e9tape \u00e0 Figeac - AlterTour\",\"isPartOf\":{\"@id\":\"https:\\\/\\\/www.altercampagne.net\\\/#website\"},\"primaryImageOfPage\":{\"@id\":\"https:\\\/\\\/www.altercampagne.net\\\/?p=16093#primaryimage\"},\"image\":{\"@id\":\"https:\\\/\\\/www.altercampagne.net\\\/?p=16093#primaryimage\"},\"thumbnailUrl\":\"https:\\\/\\\/www.altercampagne.net\\\/wp-content\\\/uploads\\\/2019\\\/10\\\/2019-08-15-La-Depeche.jpg\",\"datePublished\":\"2019-08-15T08:25:40+00:00\",\"dateModified\":\"2021-05-06T08:45:41+00:00\",\"author\":{\"@id\":\"https:\\\/\\\/www.altercampagne.net\\\/#\\\/schema\\\/person\\\/0f261460c09e430caa0f9bcffa319109\"},\"breadcrumb\":{\"@id\":\"https:\\\/\\\/www.altercampagne.net\\\/?p=16093#breadcrumb\"},\"inLanguage\":\"fr-FR\",\"potentialAction\":[{\"@type\":\"ReadAction\",\"target\":[\"https:\\\/\\\/www.altercampagne.net\\\/?p=16093\"]}]},{\"@type\":\"ImageObject\",\"inLanguage\":\"fr-FR\",\"@id\":\"https:\\\/\\\/www.altercampagne.net\\\/?p=16093#primaryimage\",\"url\":\"https:\\\/\\\/www.altercampagne.net\\\/wp-content\\\/uploads\\\/2019\\\/10\\\/2019-08-15-La-Depeche.jpg\",\"contentUrl\":\"https:\\\/\\\/www.altercampagne.net\\\/wp-content\\\/uploads\\\/2019\\\/10\\\/2019-08-15-La-Depeche.jpg\",\"width\":885,\"height\":462},{\"@type\":\"BreadcrumbList\",\"@id\":\"https:\\\/\\\/www.altercampagne.net\\\/?p=16093#breadcrumb\",\"itemListElement\":[{\"@type\":\"ListItem\",\"position\":1,\"name\":\"Accueil\",\"item\":\"https:\\\/\\\/www.altercampagne.net\\\/\"},{\"@type\":\"ListItem\",\"position\":2,\"name\":\"\u00c0 d\u00e9faut du Tour de France, l&rsquo;AlterTour fait \u00e9tape \u00e0 Figeac\"}]},{\"@type\":\"WebSite\",\"@id\":\"https:\\\/\\\/www.altercampagne.net\\\/#website\",\"url\":\"https:\\\/\\\/www.altercampagne.net\\\/\",\"name\":\"AlterTour\",\"description\":\"Reliez les Alternatives \u00e0 v\u00e9lo\",\"potentialAction\":[{\"@type\":\"SearchAction\",\"target\":{\"@type\":\"EntryPoint\",\"urlTemplate\":\"https:\\\/\\\/www.altercampagne.net\\\/?s={search_term_string}\"},\"query-input\":{\"@type\":\"PropertyValueSpecification\",\"valueRequired\":true,\"valueName\":\"search_term_string\"}}],\"inLanguage\":\"fr-FR\"},{\"@type\":\"Person\",\"@id\":\"https:\\\/\\\/www.altercampagne.net\\\/#\\\/schema\\\/person\\\/0f261460c09e430caa0f9bcffa319109\",\"name\":\"Mathieu\",\"image\":{\"@type\":\"ImageObject\",\"inLanguage\":\"fr-FR\",\"@id\":\"https:\\\/\\\/secure.gravatar.com\\\/avatar\\\/aa9d3d24c83f2141e5e2709d0f63d09a99f6be6bb7a50abc4915838d9f54501a?s=96&d=mm&r=g\",\"url\":\"https:\\\/\\\/secure.gravatar.com\\\/avatar\\\/aa9d3d24c83f2141e5e2709d0f63d09a99f6be6bb7a50abc4915838d9f54501a?s=96&d=mm&r=g\",\"contentUrl\":\"https:\\\/\\\/secure.gravatar.com\\\/avatar\\\/aa9d3d24c83f2141e5e2709d0f63d09a99f6be6bb7a50abc4915838d9f54501a?s=96&d=mm&r=g\",\"caption\":\"Mathieu\"},\"url\":\"https:\\\/\\\/www.altercampagne.net\\\/?author=214\"}]}<\/script>\n<!-- \/ Yoast SEO plugin. -->","yoast_head_json":{"title":"\u00c0 d\u00e9faut du Tour de France, l'AlterTour fait \u00e9tape \u00e0 Figeac - AlterTour","robots":{"index":"index","follow":"follow","max-snippet":"max-snippet:-1","max-image-preview":"max-image-preview:large","max-video-preview":"max-video-preview:-1"},"canonical":"https:\/\/www.altercampagne.net\/?p=16093","og_locale":"fr_FR","og_type":"article","og_title":"\u00c0 d\u00e9faut du Tour de France, l'AlterTour fait \u00e9tape \u00e0 Figeac - AlterTour","og_description":"Beaucoup moins polluante et bruyante que la caravane du vrai Tour de France, celle de l&rsquo;AlterTour est arriv\u00e9e sans bruit, mardi matin au rond-point des Carmes pour un premier arr\u00eat place du 12 mai 1944. Plus de 60 participants en provenance de Brengues, la plupart \u00e0 v\u00e9los, se sont offerts ... Read More","og_url":"https:\/\/www.altercampagne.net\/?p=16093","og_site_name":"AlterTour","article_published_time":"2019-08-15T08:25:40+00:00","article_modified_time":"2021-05-06T08:45:41+00:00","og_image":[{"width":885,"height":462,"url":"https:\/\/www.altercampagne.net\/wp-content\/uploads\/2019\/10\/2019-08-15-La-Depeche.jpg","type":"image\/jpeg"}],"author":"Mathieu","twitter_card":"summary_large_image","twitter_misc":{"\u00c9crit par":"Mathieu","Dur\u00e9e de lecture estim\u00e9e":"2 minutes"},"schema":{"@context":"https:\/\/schema.org","@graph":[{"@type":"Article","@id":"https:\/\/www.altercampagne.net\/?p=16093#article","isPartOf":{"@id":"https:\/\/www.altercampagne.net\/?p=16093"},"author":{"name":"Mathieu","@id":"https:\/\/www.altercampagne.net\/#\/schema\/person\/0f261460c09e430caa0f9bcffa319109"},"headline":"\u00c0 d\u00e9faut du Tour de France, l&rsquo;AlterTour fait \u00e9tape \u00e0 Figeac","datePublished":"2019-08-15T08:25:40+00:00","dateModified":"2021-05-06T08:45:41+00:00","mainEntityOfPage":{"@id":"https:\/\/www.altercampagne.net\/?p=16093"},"wordCount":375,"image":{"@id":"https:\/\/www.altercampagne.net\/?p=16093#primaryimage"},"thumbnailUrl":"https:\/\/www.altercampagne.net\/wp-content\/uploads\/2019\/10\/2019-08-15-La-Depeche.jpg","articleSection":["AlterTour","Culture","Edition 2019","Revue de presse","Occitanie","Social","V\u00e9lo"],"inLanguage":"fr-FR"},{"@type":"WebPage","@id":"https:\/\/www.altercampagne.net\/?p=16093","url":"https:\/\/www.altercampagne.net\/?p=16093","name":"\u00c0 d\u00e9faut du Tour de France, l'AlterTour fait \u00e9tape \u00e0 Figeac - AlterTour","isPartOf":{"@id":"https:\/\/www.altercampagne.net\/#website"},"primaryImageOfPage":{"@id":"https:\/\/www.altercampagne.net\/?p=16093#primaryimage"},"image":{"@id":"https:\/\/www.altercampagne.net\/?p=16093#primaryimage"},"thumbnailUrl":"https:\/\/www.altercampagne.net\/wp-content\/uploads\/2019\/10\/2019-08-15-La-Depeche.jpg","datePublished":"2019-08-15T08:25:40+00:00","dateModified":"2021-05-06T08:45:41+00:00","author":{"@id":"https:\/\/www.altercampagne.net\/#\/schema\/person\/0f261460c09e430caa0f9bcffa319109"},"breadcrumb":{"@id":"https:\/\/www.altercampagne.net\/?p=16093#breadcrumb"},"inLanguage":"fr-FR","potentialAction":[{"@type":"ReadAction","target":["https:\/\/www.altercampagne.net\/?p=16093"]}]},{"@type":"ImageObject","inLanguage":"fr-FR","@id":"https:\/\/www.altercampagne.net\/?p=16093#primaryimage","url":"https:\/\/www.altercampagne.net\/wp-content\/uploads\/2019\/10\/2019-08-15-La-Depeche.jpg","contentUrl":"https:\/\/www.altercampagne.net\/wp-content\/uploads\/2019\/10\/2019-08-15-La-Depeche.jpg","width":885,"height":462},{"@type":"BreadcrumbList","@id":"https:\/\/www.altercampagne.net\/?p=16093#breadcrumb","itemListElement":[{"@type":"ListItem","position":1,"name":"Accueil","item":"https:\/\/www.altercampagne.net\/"},{"@type":"ListItem","position":2,"name":"\u00c0 d\u00e9faut du Tour de France, l&rsquo;AlterTour fait \u00e9tape \u00e0 Figeac"}]},{"@type":"WebSite","@id":"https:\/\/www.altercampagne.net\/#website","url":"https:\/\/www.altercampagne.net\/","name":"AlterTour","description":"Reliez les Alternatives \u00e0 v\u00e9lo","potentialAction":[{"@type":"SearchAction","target":{"@type":"EntryPoint","urlTemplate":"https:\/\/www.altercampagne.net\/?s={search_term_string}"},"query-input":{"@type":"PropertyValueSpecification","valueRequired":true,"valueName":"search_term_string"}}],"inLanguage":"fr-FR"},{"@type":"Person","@id":"https:\/\/www.altercampagne.net\/#\/schema\/person\/0f261460c09e430caa0f9bcffa319109","name":"Mathieu","image":{"@type":"ImageObject","inLanguage":"fr-FR","@id":"https:\/\/secure.gravatar.com\/avatar\/aa9d3d24c83f2141e5e2709d0f63d09a99f6be6bb7a50abc4915838d9f54501a?s=96&d=mm&r=g","url":"https:\/\/secure.gravatar.com\/avatar\/aa9d3d24c83f2141e5e2709d0f63d09a99f6be6bb7a50abc4915838d9f54501a?s=96&d=mm&r=g","contentUrl":"https:\/\/secure.gravatar.com\/avatar\/aa9d3d24c83f2141e5e2709d0f63d09a99f6be6bb7a50abc4915838d9f54501a?s=96&d=mm&r=g","caption":"Mathieu"},"url":"https:\/\/www.altercampagne.net\/?author=214"}]}},"_links":{"self":[{"href":"https:\/\/www.altercampagne.net\/index.php?rest_route=\/wp\/v2\/posts\/16093","targetHints":{"allow":["GET"]}}],"collection":[{"href":"https:\/\/www.altercampagne.net\/index.php?rest_route=\/wp\/v2\/posts"}],"about":[{"href":"https:\/\/www.altercampagne.net\/index.php?rest_route=\/wp\/v2\/types\/post"}],"author":[{"embeddable":true,"href":"https:\/\/www.altercampagne.net\/index.php?rest_route=\/wp\/v2\/users\/214"}],"replies":[{"embeddable":true,"href":"https:\/\/www.altercampagne.net\/index.php?rest_route=%2Fwp%2Fv2%2Fcomments&post=16093"}],"version-history":[{"count":1,"href":"https:\/\/www.altercampagne.net\/index.php?rest_route=\/wp\/v2\/posts\/16093\/revisions"}],"predecessor-version":[{"id":21750,"href":"https:\/\/www.altercampagne.net\/index.php?rest_route=\/wp\/v2\/posts\/16093\/revisions\/21750"}],"wp:featuredmedia":[{"embeddable":true,"href":"https:\/\/www.altercampagne.net\/index.php?rest_route=\/wp\/v2\/media\/16094"}],"wp:attachment":[{"href":"https:\/\/www.altercampagne.net\/index.php?rest_route=%2Fwp%2Fv2%2Fmedia&parent=16093"}],"wp:term":[{"taxonomy":"category","embeddable":true,"href":"https:\/\/www.altercampagne.net\/index.php?rest_route=%2Fwp%2Fv2%2Fcategories&post=16093"},{"taxonomy":"post_tag","embeddable":true,"href":"https:\/\/www.altercampagne.net\/index.php?rest_route=%2Fwp%2Fv2%2Ftags&post=16093"}],"curies":[{"name":"wp","href":"https:\/\/api.w.org\/{rel}","templated":true}]}}