{"id":16116,"date":"2019-09-24T09:11:35","date_gmt":"2019-09-24T07:11:35","guid":{"rendered":"http:\/\/www.altercampagne.net\/?p=16116"},"modified":"2021-05-06T10:43:32","modified_gmt":"2021-05-06T08:43:32","slug":"1-2-3-laltertour-2020-est-lance","status":"publish","type":"post","link":"https:\/\/www.altercampagne.net\/?p=16116","title":{"rendered":"1-2-\u2026.3 L\u2019AlterTour 2020 est lanc\u00e9 !"},"content":{"rendered":"\n<p><strong>La chaleur estivale au c\u0153ur, les altercyclistes, nombreux et vaillants, se sont regroup\u00e9s dans un Paris bien loin des champs de tomates pour tracer les grandes courbes de ce nouvel itin\u00e9raire. <\/strong><\/p>\n\n\n\n<h4 class=\"wp-block-heading\">On ne ch\u00f4me pas \u00e0 l\u2019AlterTour. <\/h4>\n\n\n\n<p>C\u2019est <strong><a href=\"https:\/\/labase.paris\/\" target=\"_blank\" rel=\"noreferrer noopener\" aria-label=\"la Base (s\u2019ouvre dans un nouvel onglet)\">la Base<\/a><\/strong>, acc\u00e9l\u00e9rateur de mobilisation qui nous accueille ce week-end&nbsp;: le ton est donn\u00e9.<\/p>\n\n\n\n<p>A l\u2019ordre du week-end&nbsp;: bilan de l\u2019\u00e9dition pass\u00e9e,\nd\u00e9finition de la zone et constitution des groupes de d\u00e9frichage des\nd\u00e9partements envisag\u00e9s.<\/p>\n\n\n\n<p>48 h pour \u2026. D\u00e9cider du territoire \u00e0 p\u00e9daler durant l\u2019\u00e9t\u00e9\n2020\u2026 Trop facile&nbsp;!<\/p>\n\n\n\n<p>Humeur du samedi matin&nbsp;: \u00e9nergie, envie, quelques\nappr\u00e9hensions et interrogations mais plein d\u2019herbe sous la p\u00e9dale\u2026<\/p>\n\n\n\n<h4 class=\"wp-block-heading\">L\u2019ann\u00e9e derni\u00e8re s\u2019est&nbsp;??? Plut\u00f4t bien pass\u00e9e.<\/h4>\n\n\n\n<p><strong>Un bilan positif pour l\u2019AlterTour 2019<\/strong>&nbsp;: de nombreux inscrits, des \u00e9tapes bien remplies, des accueillants ravis. Il n\u2019y a qu\u2019\u00e0 regarder le nombre de motiv\u00e9s par l\u2019organisation pour se rendre compte que cette ann\u00e9e \u00e9tait <strong>un bon cru<\/strong>. Mais il y a toujours des am\u00e9liorations possibles et l\u2019on en parle&#8230; \u00c9videmment. Un point aussi est fait sur le <strong><a rel=\"noreferrer noopener\" aria-label=\"Bi\u00e8reTour (s\u2019ouvre dans un nouvel onglet)\" href=\"http:\/\/bieretour.net\/\" target=\"_blank\">Bi\u00e8reTour<\/a><\/strong>&nbsp;: tr\u00e8s bonne ambiance, de belles d\u00e9couvertes mais il ne faisait pas chaud\u2026 A peaufiner&nbsp;et \u00e0 refaire surtout&nbsp;!<\/p>\n\n\n\n<p>Bien s\u00fbr, toute cette belle \u00e9nergie portera cette nouvelle\n\u00e9dition sur les routes de\u2026 <em>CHUT&nbsp;!\npas encore<\/em>.<\/p>\n\n\n\n<p>Apr\u00e8s cette matin\u00e9e studieuse, fournie en chiffres, il\nfallait bien nourrir les c\u0153urs de magie&nbsp;: <strong>visionnage des films r\u00e9alis\u00e9s durant l\u2019\u00e9t\u00e9 2019<\/strong>. Chaque production\nest venue r\u00e9veiller tendrement les doux souvenirs de nos exp\u00e9riences estivales.\nSoleil, coups de p\u00e9dale, sourires, partages, rencontres, d\u00e9couvertes, savoirs\u2026\nTout \u00e9tait dit&nbsp;! Merci les cin\u00e9astes. La t\u00eate en campagne, l\u2019\u00e9quipe\nr\u00e9jouie s\u2019installe pour partager le d\u00e9jeuner.<\/p>\n\n\n\n<h4 class=\"wp-block-heading\">De confrontations en questionnements, l\u2019orga se cale&nbsp;! <\/h4>\n\n\n\n<p>\u00ab&nbsp;La r\u00e9paration des v\u00e9los \u00e7a se fait avant l\u2019achat des\nl\u00e9gumes\u2026 Evidemment&nbsp;! Mais le d\u00e9frichage (recherche des alternatives\npr\u00e9sentes sur un territoire donn\u00e9), se fait deux fois&nbsp;? Pourquoi&nbsp;?\nPeut-\u00eatre un premier d\u00e9frichage g\u00e9n\u00e9ral en octobre et un d\u00e9frichage plus pr\u00e9cis\nen janvier&nbsp;? Oui, mais du coup faudrait qu\u2019on fasse le point ensemble\nentre. En d\u00e9cembre&nbsp;?&nbsp;\u00bb&nbsp; Sans\nm\u00eame se rendre compte notre \u00e9quipe fra\u00eechement constitu\u00e9e \u00e9tablit <strong>un planning pour cette ann\u00e9e<\/strong>. Et c\u2019est\nainsi que, sans se connaitre, une trentaine d\u2019altercyclistes traverse tous les\nmois jusqu\u2019au top d\u00e9part en juillet 2020. L\u2019apr\u00e8s-midi se d\u00e9roule dans une\nambiance studieuse et amicale. Enfin\u2026 Quelques surprises viennent soulever\nnotre \u00e9quipe de franches rigolades\u2026 L\u2019AT ce n\u2019est pas que du s\u00e9rieux&nbsp;!<\/p>\n\n\n\n<h4 class=\"wp-block-heading\">Pr\u00eats pour l\u2019organisation, oui mais\u2026 o\u00f9 va-t-on&nbsp;?<\/h4>\n\n\n\n<p>En cette fin d\u2019apr\u00e8s-midi, les arguments fusent, l\u2019\u00e9mulsion\nest \u00e0 son comble\u2026. Chacun expose les avantages des zones g\u00e9ographiques\npropos\u00e9es&nbsp;: alternatives en sant\u00e9 mentale, territoires peu visit\u00e9s, soutien\naux engag\u00e9s isol\u00e9s, mer, montagne\u2026. A 17h30, juste avant l\u2019ap\u00e9ro, se dessine\ndans l\u2019assembl\u00e9e <strong>deux grandes zones\noppos\u00e9es&nbsp;: le centre et le sud est<\/strong>\u2026 Reste toute la soir\u00e9e pour pr\u00f4ner,\nconvaincre, argumenter, \u00e9changer, divaguer, \u00e9piloguer, user de son talent\nd\u2019orateur\u2026 et faire pencher la balance. Tout est encore possible.<\/p>\n\n\n\n<h4 class=\"wp-block-heading\">Dimanche matin, une journ\u00e9e pour d\u00e9cider\u2026<\/h4>\n\n\n\n<p>Ce matin, les visages, fatigu\u00e9s d\u2019avoir bien f\u00eat\u00e9 ces\nretrouvailles estivales, s\u2019installent en rond. Mathieu l\u00e9g\u00e8rement inquiet fait\n\u00e9tat du sc\u00e9nario. Deux zones distinctes ont \u00e9merg\u00e9 hier, le groupe devra\ntrouver un accord. Chiche&nbsp;! Craintes et points positifs de chaque\nd\u00e9partement sont expos\u00e9s. Mais pour ne pas en rester aux craintes un temps est\nouvert pour rassurer chacun. La vie s\u2019exprime, certains se tortillent\nd\u2019impatience sur leurs chaises pendant que d\u2019autres envisagent diff\u00e9remment tel\nou tel territoire. La concentration est palpable et soudain \u00e9merge, comme par\nmagie, un troisi\u00e8me itin\u00e9raire&nbsp;: <strong>la\nvoie du milieu liant sud et centre<\/strong>. Tranquillement, avant midi, cette\nnouvelle zone est adopt\u00e9e par quasiment tout le groupe sans que les quelques\noppos\u00e9s se sentent frustr\u00e9s. Bon app\u00e9tit&nbsp;!<\/p>\n\n\n\n<h4 class=\"wp-block-heading\">Apr\u00e8s le caf\u00e9, le d\u00e9frichage&nbsp;!<\/h4>\n\n\n\n<p>Houes, machettes, haches en main les \u00e9quipes se forment dans\nla bonne humeur pour pr\u00e9parer leurs travaux de d\u00e9frichage. Malheureusement ce\nd\u00e9frichage manuel, lent et couteux convient peu aux emplois du temps charg\u00e9s de\nnos altercylcistes \u00e9parpill\u00e9s \u00e0 travers la France. Heureusement les\n\u00ab&nbsp;exp\u00e9riment\u00e9s&nbsp;\u00bb ayant d\u00e9j\u00e0 \u00e9t\u00e9 confront\u00e9s \u00e0 cette probl\u00e9matique\nproposent de <strong>former les non-initi\u00e9s aux\noutils num\u00e9riques libres et gratuits<\/strong>. C\u2019est donc autour d\u2019ordinateurs\nportables que les \u00e9quipes d\u00e9couvrent les communications OVH, framalistes,\ntableaux Excel et onglets du blog utiles pour leurs futures aventures de\nd\u00e9frichage. Le week-end s\u2019ach\u00e8ve dans cette belle \u00e9nergie de retrouvaille. Le\nchemin du retour semble moins lourd car nous savons tous d\u00e9sormais que l\u2019on se\nrevoit, non seulement bient\u00f4t, mais aussi <strong>toute\nl\u2019ann\u00e9e lors des pl\u00e9ni\u00e8res maintenant fix\u00e9es<\/strong>.<\/p>\n\n\n\n<p>A vos marques\u2026 C\u2019est parti pour l\u2019AlterTour 2020&nbsp;!<\/p>\n\n\n\n<p class=\"has-text-align-right\"><strong>C\u00e9lia<\/strong><\/p>\n\n\n\n<p><\/p>\n\n\n\n<p>Retrouvez ici toutes les <strong><a href=\"https:\/\/photos.app.goo.gl\/xLFFEEzfzyjwPmMe8\" target=\"_blank\" rel=\"noreferrer noopener\">photos du weekend<\/a><\/strong> !<\/p>\n\n\n\n<p><\/p>\n\n\n\n<h4 class=\"wp-block-heading\">J\u2019en profite pour ajouter les prochaines dates de l&rsquo;ann\u00e9e<\/h4>\n\n\n\n<ul class=\"wp-block-list\"><li>1-8 d\u00e9cembre \u00e0 Paris \u2013 choix du parcours<\/li><li>25-26 janvier \u00e0 Paris \u2013 formation pr\u00e9paration d\u2019\u00e9tape, recueil des alternatives<\/li><li>14-15 mars dans la zone de l\u2019AlterTour \u2013 rencontre des accueillants de l\u2019AlterTour<\/li><li>11-12-13 avril WE de r\u00e9paration des v\u00e9los \u2013 dans l\u2019est de la France&nbsp;<\/li><li>13-14 juin \u00e0 Paris \u2013 derniers pr\u00e9paratifs<\/li><\/ul>\n\n\n\n<p>Notez les dates, et rejoignez-nous !<\/p>\n\n\n\n<p><\/p>\n\n\n\n<p>Cr\u00e9dit photo : Samy Archim\u00e8de<\/p>\n","protected":false},"excerpt":{"rendered":"<p>La chaleur estivale au c\u0153ur, les altercyclistes, nombreux et vaillants, se sont regroup\u00e9s dans un Paris bien loin des champs de tomates pour tracer les grandes courbes de ce nouvel itin\u00e9raire. On ne ch\u00f4me pas \u00e0 l\u2019AlterTour. C\u2019est la Base, acc\u00e9l\u00e9rateur de mobilisation qui nous accueille ce week-end&nbsp;: le ton &#8230; <\/p>\n<div><a href=\"https:\/\/www.altercampagne.net\/?p=16116\" class=\"more-link\">Read More<\/a><\/div>\n","protected":false},"author":274,"featured_media":16117,"comment_status":"closed","ping_status":"closed","sticky":false,"template":"","format":"standard","meta":{"footnotes":""},"categories":[4313,3967,3539],"tags":[3968],"class_list":["post-16116","post","type-post","status-publish","format-standard","has-post-thumbnail","hentry","category-altertour","category-edition-2020","category-we-de-preparation","tag-la-base"],"yoast_head":"<!-- This site is optimized with the Yoast SEO plugin v27.3 - https:\/\/yoast.com\/product\/yoast-seo-wordpress\/ -->\n<title>1-2-\u2026.3 L\u2019AlterTour 2020 est lanc\u00e9 ! - AlterTour<\/title>\n<meta name=\"robots\" content=\"index, follow, max-snippet:-1, max-image-preview:large, max-video-preview:-1\" \/>\n<link rel=\"canonical\" href=\"https:\/\/www.altercampagne.net\/?p=16116\" \/>\n<meta property=\"og:locale\" content=\"fr_FR\" \/>\n<meta property=\"og:type\" content=\"article\" \/>\n<meta property=\"og:title\" content=\"1-2-\u2026.3 L\u2019AlterTour 2020 est lanc\u00e9 ! - AlterTour\" \/>\n<meta property=\"og:description\" content=\"La chaleur estivale au c\u0153ur, les altercyclistes, nombreux et vaillants, se sont regroup\u00e9s dans un Paris bien loin des champs de tomates pour tracer les grandes courbes de ce nouvel itin\u00e9raire. On ne ch\u00f4me pas \u00e0 l\u2019AlterTour. C\u2019est la Base, acc\u00e9l\u00e9rateur de mobilisation qui nous accueille ce week-end&nbsp;: le ton ... Read More\" \/>\n<meta property=\"og:url\" content=\"https:\/\/www.altercampagne.net\/?p=16116\" \/>\n<meta property=\"og:site_name\" content=\"AlterTour\" \/>\n<meta property=\"article:published_time\" content=\"2019-09-24T07:11:35+00:00\" \/>\n<meta property=\"article:modified_time\" content=\"2021-05-06T08:43:32+00:00\" \/>\n<meta property=\"og:image\" content=\"https:\/\/www.altercampagne.net\/wp-content\/uploads\/2019\/10\/2019-09-21-P1060319.jpg\" \/>\n\t<meta property=\"og:image:width\" content=\"900\" \/>\n\t<meta property=\"og:image:height\" content=\"470\" \/>\n\t<meta property=\"og:image:type\" content=\"image\/jpeg\" \/>\n<meta name=\"author\" content=\"C\u00e9lia\" \/>\n<meta name=\"twitter:card\" content=\"summary_large_image\" \/>\n<meta name=\"twitter:label1\" content=\"\u00c9crit par\" \/>\n\t<meta name=\"twitter:data1\" content=\"C\u00e9lia\" \/>\n\t<meta name=\"twitter:label2\" content=\"Dur\u00e9e de lecture estim\u00e9e\" \/>\n\t<meta name=\"twitter:data2\" content=\"5 minutes\" \/>\n<script type=\"application\/ld+json\" class=\"yoast-schema-graph\">{\"@context\":\"https:\\\/\\\/schema.org\",\"@graph\":[{\"@type\":\"Article\",\"@id\":\"https:\\\/\\\/www.altercampagne.net\\\/?p=16116#article\",\"isPartOf\":{\"@id\":\"https:\\\/\\\/www.altercampagne.net\\\/?p=16116\"},\"author\":{\"name\":\"C\u00e9lia\",\"@id\":\"https:\\\/\\\/www.altercampagne.net\\\/#\\\/schema\\\/person\\\/a2dcb84ad7130b2bb7cd40eea7aec97e\"},\"headline\":\"1-2-\u2026.3 L\u2019AlterTour 2020 est lanc\u00e9 !\",\"datePublished\":\"2019-09-24T07:11:35+00:00\",\"dateModified\":\"2021-05-06T08:43:32+00:00\",\"mainEntityOfPage\":{\"@id\":\"https:\\\/\\\/www.altercampagne.net\\\/?p=16116\"},\"wordCount\":1000,\"image\":{\"@id\":\"https:\\\/\\\/www.altercampagne.net\\\/?p=16116#primaryimage\"},\"thumbnailUrl\":\"https:\\\/\\\/www.altercampagne.net\\\/wp-content\\\/uploads\\\/2019\\\/10\\\/2019-09-21-P1060319.jpg\",\"keywords\":[\"la base\"],\"articleSection\":[\"AlterTour\",\"Edition 2020\",\"WE de pr\u00e9paration\"],\"inLanguage\":\"fr-FR\"},{\"@type\":\"WebPage\",\"@id\":\"https:\\\/\\\/www.altercampagne.net\\\/?p=16116\",\"url\":\"https:\\\/\\\/www.altercampagne.net\\\/?p=16116\",\"name\":\"1-2-\u2026.3 L\u2019AlterTour 2020 est lanc\u00e9 ! - AlterTour\",\"isPartOf\":{\"@id\":\"https:\\\/\\\/www.altercampagne.net\\\/#website\"},\"primaryImageOfPage\":{\"@id\":\"https:\\\/\\\/www.altercampagne.net\\\/?p=16116#primaryimage\"},\"image\":{\"@id\":\"https:\\\/\\\/www.altercampagne.net\\\/?p=16116#primaryimage\"},\"thumbnailUrl\":\"https:\\\/\\\/www.altercampagne.net\\\/wp-content\\\/uploads\\\/2019\\\/10\\\/2019-09-21-P1060319.jpg\",\"datePublished\":\"2019-09-24T07:11:35+00:00\",\"dateModified\":\"2021-05-06T08:43:32+00:00\",\"author\":{\"@id\":\"https:\\\/\\\/www.altercampagne.net\\\/#\\\/schema\\\/person\\\/a2dcb84ad7130b2bb7cd40eea7aec97e\"},\"breadcrumb\":{\"@id\":\"https:\\\/\\\/www.altercampagne.net\\\/?p=16116#breadcrumb\"},\"inLanguage\":\"fr-FR\",\"potentialAction\":[{\"@type\":\"ReadAction\",\"target\":[\"https:\\\/\\\/www.altercampagne.net\\\/?p=16116\"]}]},{\"@type\":\"ImageObject\",\"inLanguage\":\"fr-FR\",\"@id\":\"https:\\\/\\\/www.altercampagne.net\\\/?p=16116#primaryimage\",\"url\":\"https:\\\/\\\/www.altercampagne.net\\\/wp-content\\\/uploads\\\/2019\\\/10\\\/2019-09-21-P1060319.jpg\",\"contentUrl\":\"https:\\\/\\\/www.altercampagne.net\\\/wp-content\\\/uploads\\\/2019\\\/10\\\/2019-09-21-P1060319.jpg\",\"width\":900,\"height\":470},{\"@type\":\"BreadcrumbList\",\"@id\":\"https:\\\/\\\/www.altercampagne.net\\\/?p=16116#breadcrumb\",\"itemListElement\":[{\"@type\":\"ListItem\",\"position\":1,\"name\":\"Accueil\",\"item\":\"https:\\\/\\\/www.altercampagne.net\\\/\"},{\"@type\":\"ListItem\",\"position\":2,\"name\":\"1-2-\u2026.3 L\u2019AlterTour 2020 est lanc\u00e9 !\"}]},{\"@type\":\"WebSite\",\"@id\":\"https:\\\/\\\/www.altercampagne.net\\\/#website\",\"url\":\"https:\\\/\\\/www.altercampagne.net\\\/\",\"name\":\"AlterTour\",\"description\":\"Reliez les Alternatives \u00e0 v\u00e9lo\",\"potentialAction\":[{\"@type\":\"SearchAction\",\"target\":{\"@type\":\"EntryPoint\",\"urlTemplate\":\"https:\\\/\\\/www.altercampagne.net\\\/?s={search_term_string}\"},\"query-input\":{\"@type\":\"PropertyValueSpecification\",\"valueRequired\":true,\"valueName\":\"search_term_string\"}}],\"inLanguage\":\"fr-FR\"},{\"@type\":\"Person\",\"@id\":\"https:\\\/\\\/www.altercampagne.net\\\/#\\\/schema\\\/person\\\/a2dcb84ad7130b2bb7cd40eea7aec97e\",\"name\":\"C\u00e9lia\",\"image\":{\"@type\":\"ImageObject\",\"inLanguage\":\"fr-FR\",\"@id\":\"https:\\\/\\\/secure.gravatar.com\\\/avatar\\\/691d6553c0c3882821b1eb556f816f0abf8da49a0feedd694e17f0ddd600c715?s=96&d=mm&r=g\",\"url\":\"https:\\\/\\\/secure.gravatar.com\\\/avatar\\\/691d6553c0c3882821b1eb556f816f0abf8da49a0feedd694e17f0ddd600c715?s=96&d=mm&r=g\",\"contentUrl\":\"https:\\\/\\\/secure.gravatar.com\\\/avatar\\\/691d6553c0c3882821b1eb556f816f0abf8da49a0feedd694e17f0ddd600c715?s=96&d=mm&r=g\",\"caption\":\"C\u00e9lia\"},\"url\":\"https:\\\/\\\/www.altercampagne.net\\\/?author=274\"}]}<\/script>\n<!-- \/ Yoast SEO plugin. -->","yoast_head_json":{"title":"1-2-\u2026.3 L\u2019AlterTour 2020 est lanc\u00e9 ! - AlterTour","robots":{"index":"index","follow":"follow","max-snippet":"max-snippet:-1","max-image-preview":"max-image-preview:large","max-video-preview":"max-video-preview:-1"},"canonical":"https:\/\/www.altercampagne.net\/?p=16116","og_locale":"fr_FR","og_type":"article","og_title":"1-2-\u2026.3 L\u2019AlterTour 2020 est lanc\u00e9 ! - AlterTour","og_description":"La chaleur estivale au c\u0153ur, les altercyclistes, nombreux et vaillants, se sont regroup\u00e9s dans un Paris bien loin des champs de tomates pour tracer les grandes courbes de ce nouvel itin\u00e9raire. On ne ch\u00f4me pas \u00e0 l\u2019AlterTour. C\u2019est la Base, acc\u00e9l\u00e9rateur de mobilisation qui nous accueille ce week-end&nbsp;: le ton ... Read More","og_url":"https:\/\/www.altercampagne.net\/?p=16116","og_site_name":"AlterTour","article_published_time":"2019-09-24T07:11:35+00:00","article_modified_time":"2021-05-06T08:43:32+00:00","og_image":[{"width":900,"height":470,"url":"https:\/\/www.altercampagne.net\/wp-content\/uploads\/2019\/10\/2019-09-21-P1060319.jpg","type":"image\/jpeg"}],"author":"C\u00e9lia","twitter_card":"summary_large_image","twitter_misc":{"\u00c9crit par":"C\u00e9lia","Dur\u00e9e de lecture estim\u00e9e":"5 minutes"},"schema":{"@context":"https:\/\/schema.org","@graph":[{"@type":"Article","@id":"https:\/\/www.altercampagne.net\/?p=16116#article","isPartOf":{"@id":"https:\/\/www.altercampagne.net\/?p=16116"},"author":{"name":"C\u00e9lia","@id":"https:\/\/www.altercampagne.net\/#\/schema\/person\/a2dcb84ad7130b2bb7cd40eea7aec97e"},"headline":"1-2-\u2026.3 L\u2019AlterTour 2020 est lanc\u00e9 !","datePublished":"2019-09-24T07:11:35+00:00","dateModified":"2021-05-06T08:43:32+00:00","mainEntityOfPage":{"@id":"https:\/\/www.altercampagne.net\/?p=16116"},"wordCount":1000,"image":{"@id":"https:\/\/www.altercampagne.net\/?p=16116#primaryimage"},"thumbnailUrl":"https:\/\/www.altercampagne.net\/wp-content\/uploads\/2019\/10\/2019-09-21-P1060319.jpg","keywords":["la base"],"articleSection":["AlterTour","Edition 2020","WE de pr\u00e9paration"],"inLanguage":"fr-FR"},{"@type":"WebPage","@id":"https:\/\/www.altercampagne.net\/?p=16116","url":"https:\/\/www.altercampagne.net\/?p=16116","name":"1-2-\u2026.3 L\u2019AlterTour 2020 est lanc\u00e9 ! - AlterTour","isPartOf":{"@id":"https:\/\/www.altercampagne.net\/#website"},"primaryImageOfPage":{"@id":"https:\/\/www.altercampagne.net\/?p=16116#primaryimage"},"image":{"@id":"https:\/\/www.altercampagne.net\/?p=16116#primaryimage"},"thumbnailUrl":"https:\/\/www.altercampagne.net\/wp-content\/uploads\/2019\/10\/2019-09-21-P1060319.jpg","datePublished":"2019-09-24T07:11:35+00:00","dateModified":"2021-05-06T08:43:32+00:00","author":{"@id":"https:\/\/www.altercampagne.net\/#\/schema\/person\/a2dcb84ad7130b2bb7cd40eea7aec97e"},"breadcrumb":{"@id":"https:\/\/www.altercampagne.net\/?p=16116#breadcrumb"},"inLanguage":"fr-FR","potentialAction":[{"@type":"ReadAction","target":["https:\/\/www.altercampagne.net\/?p=16116"]}]},{"@type":"ImageObject","inLanguage":"fr-FR","@id":"https:\/\/www.altercampagne.net\/?p=16116#primaryimage","url":"https:\/\/www.altercampagne.net\/wp-content\/uploads\/2019\/10\/2019-09-21-P1060319.jpg","contentUrl":"https:\/\/www.altercampagne.net\/wp-content\/uploads\/2019\/10\/2019-09-21-P1060319.jpg","width":900,"height":470},{"@type":"BreadcrumbList","@id":"https:\/\/www.altercampagne.net\/?p=16116#breadcrumb","itemListElement":[{"@type":"ListItem","position":1,"name":"Accueil","item":"https:\/\/www.altercampagne.net\/"},{"@type":"ListItem","position":2,"name":"1-2-\u2026.3 L\u2019AlterTour 2020 est lanc\u00e9 !"}]},{"@type":"WebSite","@id":"https:\/\/www.altercampagne.net\/#website","url":"https:\/\/www.altercampagne.net\/","name":"AlterTour","description":"Reliez les Alternatives \u00e0 v\u00e9lo","potentialAction":[{"@type":"SearchAction","target":{"@type":"EntryPoint","urlTemplate":"https:\/\/www.altercampagne.net\/?s={search_term_string}"},"query-input":{"@type":"PropertyValueSpecification","valueRequired":true,"valueName":"search_term_string"}}],"inLanguage":"fr-FR"},{"@type":"Person","@id":"https:\/\/www.altercampagne.net\/#\/schema\/person\/a2dcb84ad7130b2bb7cd40eea7aec97e","name":"C\u00e9lia","image":{"@type":"ImageObject","inLanguage":"fr-FR","@id":"https:\/\/secure.gravatar.com\/avatar\/691d6553c0c3882821b1eb556f816f0abf8da49a0feedd694e17f0ddd600c715?s=96&d=mm&r=g","url":"https:\/\/secure.gravatar.com\/avatar\/691d6553c0c3882821b1eb556f816f0abf8da49a0feedd694e17f0ddd600c715?s=96&d=mm&r=g","contentUrl":"https:\/\/secure.gravatar.com\/avatar\/691d6553c0c3882821b1eb556f816f0abf8da49a0feedd694e17f0ddd600c715?s=96&d=mm&r=g","caption":"C\u00e9lia"},"url":"https:\/\/www.altercampagne.net\/?author=274"}]}},"_links":{"self":[{"href":"https:\/\/www.altercampagne.net\/index.php?rest_route=\/wp\/v2\/posts\/16116","targetHints":{"allow":["GET"]}}],"collection":[{"href":"https:\/\/www.altercampagne.net\/index.php?rest_route=\/wp\/v2\/posts"}],"about":[{"href":"https:\/\/www.altercampagne.net\/index.php?rest_route=\/wp\/v2\/types\/post"}],"author":[{"embeddable":true,"href":"https:\/\/www.altercampagne.net\/index.php?rest_route=\/wp\/v2\/users\/274"}],"replies":[{"embeddable":true,"href":"https:\/\/www.altercampagne.net\/index.php?rest_route=%2Fwp%2Fv2%2Fcomments&post=16116"}],"version-history":[{"count":1,"href":"https:\/\/www.altercampagne.net\/index.php?rest_route=\/wp\/v2\/posts\/16116\/revisions"}],"predecessor-version":[{"id":21733,"href":"https:\/\/www.altercampagne.net\/index.php?rest_route=\/wp\/v2\/posts\/16116\/revisions\/21733"}],"wp:featuredmedia":[{"embeddable":true,"href":"https:\/\/www.altercampagne.net\/index.php?rest_route=\/wp\/v2\/media\/16117"}],"wp:attachment":[{"href":"https:\/\/www.altercampagne.net\/index.php?rest_route=%2Fwp%2Fv2%2Fmedia&parent=16116"}],"wp:term":[{"taxonomy":"category","embeddable":true,"href":"https:\/\/www.altercampagne.net\/index.php?rest_route=%2Fwp%2Fv2%2Fcategories&post=16116"},{"taxonomy":"post_tag","embeddable":true,"href":"https:\/\/www.altercampagne.net\/index.php?rest_route=%2Fwp%2Fv2%2Ftags&post=16116"}],"curies":[{"name":"wp","href":"https:\/\/api.w.org\/{rel}","templated":true}]}}